{"id":37622,"date":"2017-12-20T15:49:07","date_gmt":"2017-12-20T15:49:07","guid":{"rendered":"http:\/\/copealcoi.es\/new\/?p=37622"},"modified":"2017-12-20T15:53:29","modified_gmt":"2017-12-20T15:53:29","slug":"la-mancomunitat-hace-publico-el-nombre-de-los-ganadores-de-sus-premios-de-emprendedores","status":"publish","type":"post","link":"https:\/\/www.copealcoy.es\/es\/la-mancomunitat-hace-publico-el-nombre-de-los-ganadores-de-sus-premios-de-emprendedores\/","title":{"rendered":"La Mancomunitat hace p\u00fablico el nombre de los ganadores de sus Premios de Emprendedores"},"content":{"rendered":"<p style=\"text-align: justify;\">La <strong>Mancomunitat de l\u00b4Alcoi\u00e0-Comtat<\/strong> ha dado a conocer las empresas que <strong>recibir\u00e1n los Premios del Concurso de Emprendedores<\/strong> que convoca el ente desde hace <strong>seis ediciones<\/strong> y al que en esta ocasi\u00f3n han concurrido un total de 13 proyectos.<\/p>\n<p style=\"text-align: justify;\">El galard\u00f3n de <strong>mejor<\/strong> <strong>empresa emprendedora<\/strong>, dotado con 2.000 euros, lo percibir\u00e1 <strong>la firma Smartable<\/strong> dedicada a la distribuci\u00f3n de productos tecnol\u00f3gicos de \u00faltima generaci\u00f3n conectados a Internet. Por su parte <strong>Coba Complements<\/strong>, productora de bolsos con productos textiles reciclados, recibir\u00e1 <strong>el premio de mejor empresa sostenible<\/strong> que dispone de una cuant\u00eda econ\u00f3mica de 1500 euros. Tambi\u00e9n parte <strong>Carlos Dom\u00e9nech<\/strong>, con su iniciativa para implantar la tecnolog\u00eda de la impresi\u00f3n en 3D en la ortopedia, ha ganado el premio a <strong>mejor proyecto emprendedor<\/strong> con una dotaci\u00f3n econ\u00f3mica de 1.000 euros.<\/p>\n<p style=\"text-align: justify;\">Mariona Carbonell, <strong>Gerente de la Mancomunitat<\/strong>, asegura que &#8220;<em>el objetivo de esta iniciativa es reconocer la aportaci\u00f3n y el esfuerzo realizado por las empresas de reciente creaci\u00f3n en nuestro territorio, as\u00ed como fomentar la puesta en marcha de nuevas iniciativas empresariales que generen empleo en las comarcas de l\u2019Alcoi\u00e0 y el Comtat<\/em>&#8220;, destaca.<\/p>\n<p style=\"text-align: justify;\">El Concurso de Emprendedores de la Mancomunitat<strong> ha contado con la colaboraci\u00f3n<\/strong> del CEEI Alcoy &#8211; Valencia, la C\u00e1mara de Comercio, el Campus de Alcoy de la Universidad Polit\u00e9cnica de Valencia y Jovempa. Mariona Carbonell es Gerente de la Manco<\/p>\n","protected":false},"excerpt":{"rendered":"<p>La Mancomunitat de l\u00b4Alcoi\u00e0-Comtat ha dado a conocer las empresas que recibir\u00e1n los Premios del Concurso de Emprendedores que convoca&#8230;<\/p>\n","protected":false},"author":1,"featured_media":29628,"comment_status":"open","ping_status":"open","sticky":false,"template":"","format":"standard","meta":{"footnotes":""},"categories":[98,75],"tags":[482,1494,237,585,539,2828,451],"class_list":["post-37622","post","type-post","status-publish","format-standard","has-post-thumbnail","hentry","category-comarcas","category-noticias","tag-alcoia","tag-alcoy","tag-comtat","tag-emprendedores","tag-mancomunidad","tag-mariona-carbonell","tag-premios"],"yoast_head":"<!-- This site is optimized with the Yoast SEO plugin v27.3 - https:\/\/yoast.com\/product\/yoast-seo-wordpress\/ -->\n<title>La Mancomunitat hace p\u00fablico el nombre de los ganadores de sus Premios de Emprendedores - COPE Alcoy<\/title>\n<meta name=\"robots\" content=\"index, follow, max-snippet:-1, max-image-preview:large, max-video-preview:-1\" \/>\n<link rel=\"canonical\" href=\"https:\/\/www.copealcoy.es\/es\/la-mancomunitat-hace-publico-el-nombre-de-los-ganadores-de-sus-premios-de-emprendedores\/\" \/>\n<meta property=\"og:locale\" content=\"es_ES\" \/>\n<meta property=\"og:type\" content=\"article\" \/>\n<meta property=\"og:title\" content=\"La Mancomunitat hace p\u00fablico el nombre de los ganadores de sus Premios de Emprendedores - COPE Alcoy\" \/>\n<meta property=\"og:description\" content=\"La Mancomunitat de l\u00b4Alcoi\u00e0-Comtat ha dado a conocer las empresas que recibir\u00e1n los Premios del Concurso de Emprendedores que convoca...\" \/>\n<meta property=\"og:url\" content=\"https:\/\/www.copealcoy.es\/es\/la-mancomunitat-hace-publico-el-nombre-de-los-ganadores-de-sus-premios-de-emprendedores\/\" \/>\n<meta property=\"og:site_name\" content=\"COPE Alcoy\" \/>\n<meta property=\"article:published_time\" content=\"2017-12-20T15:49:07+00:00\" \/>\n<meta property=\"article:modified_time\" content=\"2017-12-20T15:53:29+00:00\" \/>\n<meta property=\"og:image\" content=\"https:\/\/www.copealcoy.es\/wp-content\/uploads\/2017\/03\/C6lP0UMWwAgV7ng.jpg\" \/>\n\t<meta property=\"og:image:width\" content=\"1200\" \/>\n\t<meta property=\"og:image:height\" content=\"900\" \/>\n\t<meta property=\"og:image:type\" content=\"image\/jpeg\" \/>\n<meta name=\"author\" content=\"Cope Alcoy\" \/>\n<meta name=\"twitter:label1\" content=\"Escrito por\" \/>\n\t<meta name=\"twitter:data1\" content=\"Cope Alcoy\" \/>\n\t<meta name=\"twitter:label2\" content=\"Tiempo de lectura\" \/>\n\t<meta name=\"twitter:data2\" content=\"1 minuto\" \/>\n<script type=\"application\/ld+json\" class=\"yoast-schema-graph\">{\"@context\":\"https:\\\/\\\/schema.org\",\"@graph\":[{\"@type\":\"Article\",\"@id\":\"https:\\\/\\\/www.copealcoy.es\\\/es\\\/la-mancomunitat-hace-publico-el-nombre-de-los-ganadores-de-sus-premios-de-emprendedores\\\/#article\",\"isPartOf\":{\"@id\":\"https:\\\/\\\/www.copealcoy.es\\\/es\\\/la-mancomunitat-hace-publico-el-nombre-de-los-ganadores-de-sus-premios-de-emprendedores\\\/\"},\"author\":{\"name\":\"Cope Alcoy\",\"@id\":\"https:\\\/\\\/www.copealcoy.es\\\/es\\\/#\\\/schema\\\/person\\\/e777c87fa024e57d40170af9df39882c\"},\"headline\":\"La Mancomunitat hace p\u00fablico el nombre de los ganadores de sus Premios de Emprendedores\",\"datePublished\":\"2017-12-20T15:49:07+00:00\",\"dateModified\":\"2017-12-20T15:53:29+00:00\",\"mainEntityOfPage\":{\"@id\":\"https:\\\/\\\/www.copealcoy.es\\\/es\\\/la-mancomunitat-hace-publico-el-nombre-de-los-ganadores-de-sus-premios-de-emprendedores\\\/\"},\"wordCount\":255,\"commentCount\":0,\"image\":{\"@id\":\"https:\\\/\\\/www.copealcoy.es\\\/es\\\/la-mancomunitat-hace-publico-el-nombre-de-los-ganadores-de-sus-premios-de-emprendedores\\\/#primaryimage\"},\"thumbnailUrl\":\"https:\\\/\\\/www.copealcoy.es\\\/wp-content\\\/uploads\\\/2017\\\/03\\\/C6lP0UMWwAgV7ng.jpg\",\"keywords\":[\"Alcoi\u00e0\",\"Alcoy\",\"Comtat\",\"Emprendedores\",\"Mancomunidad\",\"Mariona Carbonell\",\"Premios\"],\"articleSection\":[\"Comarcas\",\"Noticias\"],\"inLanguage\":\"es\"},{\"@type\":\"WebPage\",\"@id\":\"https:\\\/\\\/www.copealcoy.es\\\/es\\\/la-mancomunitat-hace-publico-el-nombre-de-los-ganadores-de-sus-premios-de-emprendedores\\\/\",\"url\":\"https:\\\/\\\/www.copealcoy.es\\\/es\\\/la-mancomunitat-hace-publico-el-nombre-de-los-ganadores-de-sus-premios-de-emprendedores\\\/\",\"name\":\"La Mancomunitat hace p\u00fablico el nombre de los ganadores de sus Premios de Emprendedores - COPE Alcoy\",\"isPartOf\":{\"@id\":\"https:\\\/\\\/www.copealcoy.es\\\/es\\\/#website\"},\"primaryImageOfPage\":{\"@id\":\"https:\\\/\\\/www.copealcoy.es\\\/es\\\/la-mancomunitat-hace-publico-el-nombre-de-los-ganadores-de-sus-premios-de-emprendedores\\\/#primaryimage\"},\"image\":{\"@id\":\"https:\\\/\\\/www.copealcoy.es\\\/es\\\/la-mancomunitat-hace-publico-el-nombre-de-los-ganadores-de-sus-premios-de-emprendedores\\\/#primaryimage\"},\"thumbnailUrl\":\"https:\\\/\\\/www.copealcoy.es\\\/wp-content\\\/uploads\\\/2017\\\/03\\\/C6lP0UMWwAgV7ng.jpg\",\"datePublished\":\"2017-12-20T15:49:07+00:00\",\"dateModified\":\"2017-12-20T15:53:29+00:00\",\"author\":{\"@id\":\"https:\\\/\\\/www.copealcoy.es\\\/es\\\/#\\\/schema\\\/person\\\/e777c87fa024e57d40170af9df39882c\"},\"breadcrumb\":{\"@id\":\"https:\\\/\\\/www.copealcoy.es\\\/es\\\/la-mancomunitat-hace-publico-el-nombre-de-los-ganadores-de-sus-premios-de-emprendedores\\\/#breadcrumb\"},\"inLanguage\":\"es\",\"potentialAction\":[{\"@type\":\"ReadAction\",\"target\":[\"https:\\\/\\\/www.copealcoy.es\\\/es\\\/la-mancomunitat-hace-publico-el-nombre-de-los-ganadores-de-sus-premios-de-emprendedores\\\/\"]}]},{\"@type\":\"ImageObject\",\"inLanguage\":\"es\",\"@id\":\"https:\\\/\\\/www.copealcoy.es\\\/es\\\/la-mancomunitat-hace-publico-el-nombre-de-los-ganadores-de-sus-premios-de-emprendedores\\\/#primaryimage\",\"url\":\"https:\\\/\\\/www.copealcoy.es\\\/wp-content\\\/uploads\\\/2017\\\/03\\\/C6lP0UMWwAgV7ng.jpg\",\"contentUrl\":\"https:\\\/\\\/www.copealcoy.es\\\/wp-content\\\/uploads\\\/2017\\\/03\\\/C6lP0UMWwAgV7ng.jpg\",\"width\":1200,\"height\":900},{\"@type\":\"BreadcrumbList\",\"@id\":\"https:\\\/\\\/www.copealcoy.es\\\/es\\\/la-mancomunitat-hace-publico-el-nombre-de-los-ganadores-de-sus-premios-de-emprendedores\\\/#breadcrumb\",\"itemListElement\":[{\"@type\":\"ListItem\",\"position\":1,\"name\":\"Portada\",\"item\":\"https:\\\/\\\/www.copealcoy.es\\\/es\\\/\"},{\"@type\":\"ListItem\",\"position\":2,\"name\":\"La Mancomunitat hace p\u00fablico el nombre de los ganadores de sus Premios de Emprendedores\"}]},{\"@type\":\"WebSite\",\"@id\":\"https:\\\/\\\/www.copealcoy.es\\\/es\\\/#website\",\"url\":\"https:\\\/\\\/www.copealcoy.es\\\/es\\\/\",\"name\":\"COPE Alcoy\",\"description\":\"Emisora COPE de radio local con emisi\u00f3n online. Pont de Sant Jordi 8-10 03803 Alcoy\",\"potentialAction\":[{\"@type\":\"SearchAction\",\"target\":{\"@type\":\"EntryPoint\",\"urlTemplate\":\"https:\\\/\\\/www.copealcoy.es\\\/es\\\/?s={search_term_string}\"},\"query-input\":{\"@type\":\"PropertyValueSpecification\",\"valueRequired\":true,\"valueName\":\"search_term_string\"}}],\"inLanguage\":\"es\"},{\"@type\":\"Person\",\"@id\":\"https:\\\/\\\/www.copealcoy.es\\\/es\\\/#\\\/schema\\\/person\\\/e777c87fa024e57d40170af9df39882c\",\"name\":\"Cope Alcoy\",\"image\":{\"@type\":\"ImageObject\",\"inLanguage\":\"es\",\"@id\":\"https:\\\/\\\/secure.gravatar.com\\\/avatar\\\/bb65d0283347e303893ba14f0692005417c1e0e690a325a4c5d8bb2b3943ee14?s=96&d=mm&r=g\",\"url\":\"https:\\\/\\\/secure.gravatar.com\\\/avatar\\\/bb65d0283347e303893ba14f0692005417c1e0e690a325a4c5d8bb2b3943ee14?s=96&d=mm&r=g\",\"contentUrl\":\"https:\\\/\\\/secure.gravatar.com\\\/avatar\\\/bb65d0283347e303893ba14f0692005417c1e0e690a325a4c5d8bb2b3943ee14?s=96&d=mm&r=g\",\"caption\":\"Cope Alcoy\"}}]}<\/script>\n<!-- \/ Yoast SEO plugin. -->","yoast_head_json":{"title":"La Mancomunitat hace p\u00fablico el nombre de los ganadores de sus Premios de Emprendedores - COPE Alcoy","robots":{"index":"index","follow":"follow","max-snippet":"max-snippet:-1","max-image-preview":"max-image-preview:large","max-video-preview":"max-video-preview:-1"},"canonical":"https:\/\/www.copealcoy.es\/es\/la-mancomunitat-hace-publico-el-nombre-de-los-ganadores-de-sus-premios-de-emprendedores\/","og_locale":"es_ES","og_type":"article","og_title":"La Mancomunitat hace p\u00fablico el nombre de los ganadores de sus Premios de Emprendedores - COPE Alcoy","og_description":"La Mancomunitat de l\u00b4Alcoi\u00e0-Comtat ha dado a conocer las empresas que recibir\u00e1n los Premios del Concurso de Emprendedores que convoca...","og_url":"https:\/\/www.copealcoy.es\/es\/la-mancomunitat-hace-publico-el-nombre-de-los-ganadores-de-sus-premios-de-emprendedores\/","og_site_name":"COPE Alcoy","article_published_time":"2017-12-20T15:49:07+00:00","article_modified_time":"2017-12-20T15:53:29+00:00","og_image":[{"width":1200,"height":900,"url":"https:\/\/www.copealcoy.es\/wp-content\/uploads\/2017\/03\/C6lP0UMWwAgV7ng.jpg","type":"image\/jpeg"}],"author":"Cope Alcoy","twitter_misc":{"Escrito por":"Cope Alcoy","Tiempo de lectura":"1 minuto"},"schema":{"@context":"https:\/\/schema.org","@graph":[{"@type":"Article","@id":"https:\/\/www.copealcoy.es\/es\/la-mancomunitat-hace-publico-el-nombre-de-los-ganadores-de-sus-premios-de-emprendedores\/#article","isPartOf":{"@id":"https:\/\/www.copealcoy.es\/es\/la-mancomunitat-hace-publico-el-nombre-de-los-ganadores-de-sus-premios-de-emprendedores\/"},"author":{"name":"Cope Alcoy","@id":"https:\/\/www.copealcoy.es\/es\/#\/schema\/person\/e777c87fa024e57d40170af9df39882c"},"headline":"La Mancomunitat hace p\u00fablico el nombre de los ganadores de sus Premios de Emprendedores","datePublished":"2017-12-20T15:49:07+00:00","dateModified":"2017-12-20T15:53:29+00:00","mainEntityOfPage":{"@id":"https:\/\/www.copealcoy.es\/es\/la-mancomunitat-hace-publico-el-nombre-de-los-ganadores-de-sus-premios-de-emprendedores\/"},"wordCount":255,"commentCount":0,"image":{"@id":"https:\/\/www.copealcoy.es\/es\/la-mancomunitat-hace-publico-el-nombre-de-los-ganadores-de-sus-premios-de-emprendedores\/#primaryimage"},"thumbnailUrl":"https:\/\/www.copealcoy.es\/wp-content\/uploads\/2017\/03\/C6lP0UMWwAgV7ng.jpg","keywords":["Alcoi\u00e0","Alcoy","Comtat","Emprendedores","Mancomunidad","Mariona Carbonell","Premios"],"articleSection":["Comarcas","Noticias"],"inLanguage":"es"},{"@type":"WebPage","@id":"https:\/\/www.copealcoy.es\/es\/la-mancomunitat-hace-publico-el-nombre-de-los-ganadores-de-sus-premios-de-emprendedores\/","url":"https:\/\/www.copealcoy.es\/es\/la-mancomunitat-hace-publico-el-nombre-de-los-ganadores-de-sus-premios-de-emprendedores\/","name":"La Mancomunitat hace p\u00fablico el nombre de los ganadores de sus Premios de Emprendedores - COPE Alcoy","isPartOf":{"@id":"https:\/\/www.copealcoy.es\/es\/#website"},"primaryImageOfPage":{"@id":"https:\/\/www.copealcoy.es\/es\/la-mancomunitat-hace-publico-el-nombre-de-los-ganadores-de-sus-premios-de-emprendedores\/#primaryimage"},"image":{"@id":"https:\/\/www.copealcoy.es\/es\/la-mancomunitat-hace-publico-el-nombre-de-los-ganadores-de-sus-premios-de-emprendedores\/#primaryimage"},"thumbnailUrl":"https:\/\/www.copealcoy.es\/wp-content\/uploads\/2017\/03\/C6lP0UMWwAgV7ng.jpg","datePublished":"2017-12-20T15:49:07+00:00","dateModified":"2017-12-20T15:53:29+00:00","author":{"@id":"https:\/\/www.copealcoy.es\/es\/#\/schema\/person\/e777c87fa024e57d40170af9df39882c"},"breadcrumb":{"@id":"https:\/\/www.copealcoy.es\/es\/la-mancomunitat-hace-publico-el-nombre-de-los-ganadores-de-sus-premios-de-emprendedores\/#breadcrumb"},"inLanguage":"es","potentialAction":[{"@type":"ReadAction","target":["https:\/\/www.copealcoy.es\/es\/la-mancomunitat-hace-publico-el-nombre-de-los-ganadores-de-sus-premios-de-emprendedores\/"]}]},{"@type":"ImageObject","inLanguage":"es","@id":"https:\/\/www.copealcoy.es\/es\/la-mancomunitat-hace-publico-el-nombre-de-los-ganadores-de-sus-premios-de-emprendedores\/#primaryimage","url":"https:\/\/www.copealcoy.es\/wp-content\/uploads\/2017\/03\/C6lP0UMWwAgV7ng.jpg","contentUrl":"https:\/\/www.copealcoy.es\/wp-content\/uploads\/2017\/03\/C6lP0UMWwAgV7ng.jpg","width":1200,"height":900},{"@type":"BreadcrumbList","@id":"https:\/\/www.copealcoy.es\/es\/la-mancomunitat-hace-publico-el-nombre-de-los-ganadores-de-sus-premios-de-emprendedores\/#breadcrumb","itemListElement":[{"@type":"ListItem","position":1,"name":"Portada","item":"https:\/\/www.copealcoy.es\/es\/"},{"@type":"ListItem","position":2,"name":"La Mancomunitat hace p\u00fablico el nombre de los ganadores de sus Premios de Emprendedores"}]},{"@type":"WebSite","@id":"https:\/\/www.copealcoy.es\/es\/#website","url":"https:\/\/www.copealcoy.es\/es\/","name":"COPE Alcoy","description":"Emisora COPE de radio local con emisi\u00f3n online. Pont de Sant Jordi 8-10 03803 Alcoy","potentialAction":[{"@type":"SearchAction","target":{"@type":"EntryPoint","urlTemplate":"https:\/\/www.copealcoy.es\/es\/?s={search_term_string}"},"query-input":{"@type":"PropertyValueSpecification","valueRequired":true,"valueName":"search_term_string"}}],"inLanguage":"es"},{"@type":"Person","@id":"https:\/\/www.copealcoy.es\/es\/#\/schema\/person\/e777c87fa024e57d40170af9df39882c","name":"Cope Alcoy","image":{"@type":"ImageObject","inLanguage":"es","@id":"https:\/\/secure.gravatar.com\/avatar\/bb65d0283347e303893ba14f0692005417c1e0e690a325a4c5d8bb2b3943ee14?s=96&d=mm&r=g","url":"https:\/\/secure.gravatar.com\/avatar\/bb65d0283347e303893ba14f0692005417c1e0e690a325a4c5d8bb2b3943ee14?s=96&d=mm&r=g","contentUrl":"https:\/\/secure.gravatar.com\/avatar\/bb65d0283347e303893ba14f0692005417c1e0e690a325a4c5d8bb2b3943ee14?s=96&d=mm&r=g","caption":"Cope Alcoy"}}]}},"_links":{"self":[{"href":"https:\/\/www.copealcoy.es\/es\/wp-json\/wp\/v2\/posts\/37622","targetHints":{"allow":["GET"]}}],"collection":[{"href":"https:\/\/www.copealcoy.es\/es\/wp-json\/wp\/v2\/posts"}],"about":[{"href":"https:\/\/www.copealcoy.es\/es\/wp-json\/wp\/v2\/types\/post"}],"author":[{"embeddable":true,"href":"https:\/\/www.copealcoy.es\/es\/wp-json\/wp\/v2\/users\/1"}],"replies":[{"embeddable":true,"href":"https:\/\/www.copealcoy.es\/es\/wp-json\/wp\/v2\/comments?post=37622"}],"version-history":[{"count":0,"href":"https:\/\/www.copealcoy.es\/es\/wp-json\/wp\/v2\/posts\/37622\/revisions"}],"wp:featuredmedia":[{"embeddable":true,"href":"https:\/\/www.copealcoy.es\/es\/wp-json\/wp\/v2\/media\/29628"}],"wp:attachment":[{"href":"https:\/\/www.copealcoy.es\/es\/wp-json\/wp\/v2\/media?parent=37622"}],"wp:term":[{"taxonomy":"category","embeddable":true,"href":"https:\/\/www.copealcoy.es\/es\/wp-json\/wp\/v2\/categories?post=37622"},{"taxonomy":"post_tag","embeddable":true,"href":"https:\/\/www.copealcoy.es\/es\/wp-json\/wp\/v2\/tags?post=37622"}],"curies":[{"name":"wp","href":"https:\/\/api.w.org\/{rel}","templated":true}]}}