{"id":37598,"date":"2017-12-19T15:52:49","date_gmt":"2017-12-19T15:52:49","guid":{"rendered":"http:\/\/copealcoi.es\/new\/?p=37598"},"modified":"2017-12-19T15:57:03","modified_gmt":"2017-12-19T15:57:03","slug":"alcoy-no-da-marcha-atras-y-mantendra-la-prueba-del-adn-canino","status":"publish","type":"post","link":"https:\/\/www.copealcoy.es\/es\/alcoy-no-da-marcha-atras-y-mantendra-la-prueba-del-adn-canino\/","title":{"rendered":"Alcoy no da marcha atr\u00e1s y mantendr\u00e1 la prueba del ADN canino"},"content":{"rendered":"<p style=\"text-align: justify;\">El <strong>pleno del Ayuntamiento de Alcoy<\/strong> celebrado ayer por la tarde, con una asistencia masiva de alcoyanos, acord\u00f3 mantener las pruebas del ADN canino y rechaz\u00f3 \u00a0la propuesta presentada por la Plataforma contraria a esta iniciativa. Este colectivo, tras recoger m\u00e1s de 3.000 firmas,<strong> defend\u00eda que esta medida no es eficaz<\/strong> para hacer frente a los excrementos en la v\u00eda p\u00fablica al mismo tiempo que <strong>destacaban el elevado coste<\/strong> que supone para los propietarios llevar adelante las mencionadas pruebas. El <strong>Partido Socialista y Ciudadanos<\/strong> rechazaron la propuesta mientras que <strong>Guanyar Alcoi, el Partido Popular y Comprom\u00eds<\/strong> votaron en contra de mantener estas pruebas de ADN argumentando que <strong>se deb\u00eda de haber escuchado m\u00e1s a la ciudadan\u00eda<\/strong> al mismo tiempo que denunciaron la <strong>ausencia de campa\u00f1as informativas<\/strong> sobre la nueva ordenanza de tenencia de animales as\u00ed como que <strong>la misma presentaba muchas carencias<\/strong>.<\/p>\n<p style=\"text-align: justify;\">En el pleno de ayer <strong>la Polic\u00eda Local tambi\u00e9n reivindic\u00f3 m\u00e1s efectivos en la plantilla<\/strong> y equipos protecci\u00f3n. Adem\u00e1s se respald\u00f3 por unanimidad una moci\u00f3n del PSOE, que acab\u00f3 siendo una declaraci\u00f3n institucional, en la que <strong>todos los grupos pol\u00edticos de la ciudad\u00a0<\/strong>mostraron<strong> su respaldo a las singularidades de la Navidad alcoyana<\/strong> y de nuestra Cabalgata despu\u00e9s de la pol\u00e9mica surgida en los \u00faltimos d\u00edas sobre la figura de los pajes y las cr\u00edticas de racismo aparecidas en las redes social. Finalmente se\u00f1alar que <strong>Bego\u00f1a Dom\u00e9nech<\/strong> tom\u00f3 posesi\u00f3n de su cargo como nueva concejala de Comprom\u00eds Alcoi.<\/p>\n","protected":false},"excerpt":{"rendered":"<p>El pleno del Ayuntamiento de Alcoy celebrado ayer por la tarde, con una asistencia masiva de alcoyanos, acord\u00f3 mantener las&#8230;<\/p>\n","protected":false},"author":1,"featured_media":37599,"comment_status":"open","ping_status":"open","sticky":false,"template":"","format":"standard","meta":{"footnotes":""},"categories":[97,75,79],"tags":[4949,1494,1284,152,192,3771,1125],"class_list":["post-37598","post","type-post","status-publish","format-standard","has-post-thumbnail","hentry","category-alcoy","category-noticias","category-politicayeconomia","tag-adn","tag-alcoy","tag-ciudadano","tag-compromis","tag-perros","tag-plataforma","tag-pruebas"],"yoast_head":"<!-- This site is optimized with the Yoast SEO plugin v27.3 - https:\/\/yoast.com\/product\/yoast-seo-wordpress\/ -->\n<title>Alcoy no da marcha atr\u00e1s y mantendr\u00e1 la prueba del ADN canino - COPE Alcoy<\/title>\n<meta name=\"robots\" content=\"index, follow, max-snippet:-1, max-image-preview:large, max-video-preview:-1\" \/>\n<link rel=\"canonical\" href=\"https:\/\/www.copealcoy.es\/es\/alcoy-no-da-marcha-atras-y-mantendra-la-prueba-del-adn-canino\/\" \/>\n<meta property=\"og:locale\" content=\"es_ES\" \/>\n<meta property=\"og:type\" content=\"article\" \/>\n<meta property=\"og:title\" content=\"Alcoy no da marcha atr\u00e1s y mantendr\u00e1 la prueba del ADN canino - COPE Alcoy\" \/>\n<meta property=\"og:description\" content=\"El pleno del Ayuntamiento de Alcoy celebrado ayer por la tarde, con una asistencia masiva de alcoyanos, acord\u00f3 mantener las...\" \/>\n<meta property=\"og:url\" content=\"https:\/\/www.copealcoy.es\/es\/alcoy-no-da-marcha-atras-y-mantendra-la-prueba-del-adn-canino\/\" \/>\n<meta property=\"og:site_name\" content=\"COPE Alcoy\" \/>\n<meta property=\"article:published_time\" content=\"2017-12-19T15:52:49+00:00\" \/>\n<meta property=\"article:modified_time\" content=\"2017-12-19T15:57:03+00:00\" \/>\n<meta property=\"og:image\" content=\"https:\/\/www.copealcoy.es\/wp-content\/uploads\/2017\/12\/DRWQSeqWAAEQsHa.jpg\" \/>\n\t<meta property=\"og:image:width\" content=\"1200\" \/>\n\t<meta property=\"og:image:height\" content=\"675\" \/>\n\t<meta property=\"og:image:type\" content=\"image\/jpeg\" \/>\n<meta name=\"author\" content=\"Cope Alcoy\" \/>\n<meta name=\"twitter:label1\" content=\"Escrito por\" \/>\n\t<meta name=\"twitter:data1\" content=\"Cope Alcoy\" \/>\n\t<meta name=\"twitter:label2\" content=\"Tiempo de lectura\" \/>\n\t<meta name=\"twitter:data2\" content=\"1 minuto\" \/>\n<script type=\"application\/ld+json\" class=\"yoast-schema-graph\">{\"@context\":\"https:\\\/\\\/schema.org\",\"@graph\":[{\"@type\":\"Article\",\"@id\":\"https:\\\/\\\/www.copealcoy.es\\\/es\\\/alcoy-no-da-marcha-atras-y-mantendra-la-prueba-del-adn-canino\\\/#article\",\"isPartOf\":{\"@id\":\"https:\\\/\\\/www.copealcoy.es\\\/es\\\/alcoy-no-da-marcha-atras-y-mantendra-la-prueba-del-adn-canino\\\/\"},\"author\":{\"name\":\"Cope Alcoy\",\"@id\":\"https:\\\/\\\/www.copealcoy.es\\\/es\\\/#\\\/schema\\\/person\\\/e777c87fa024e57d40170af9df39882c\"},\"headline\":\"Alcoy no da marcha atr\u00e1s y mantendr\u00e1 la prueba del ADN canino\",\"datePublished\":\"2017-12-19T15:52:49+00:00\",\"dateModified\":\"2017-12-19T15:57:03+00:00\",\"mainEntityOfPage\":{\"@id\":\"https:\\\/\\\/www.copealcoy.es\\\/es\\\/alcoy-no-da-marcha-atras-y-mantendra-la-prueba-del-adn-canino\\\/\"},\"wordCount\":278,\"commentCount\":0,\"image\":{\"@id\":\"https:\\\/\\\/www.copealcoy.es\\\/es\\\/alcoy-no-da-marcha-atras-y-mantendra-la-prueba-del-adn-canino\\\/#primaryimage\"},\"thumbnailUrl\":\"https:\\\/\\\/www.copealcoy.es\\\/wp-content\\\/uploads\\\/2017\\\/12\\\/DRWQSeqWAAEQsHa.jpg\",\"keywords\":[\"ADN\",\"Alcoy\",\"Ciudadano\",\"Comprom\u00eds\",\"Perros\",\"Plataforma\",\"pruebas\"],\"articleSection\":[\"Alcoy\",\"Noticias\",\"Pol\u00edtica y Econom\u00eda\"],\"inLanguage\":\"es\"},{\"@type\":\"WebPage\",\"@id\":\"https:\\\/\\\/www.copealcoy.es\\\/es\\\/alcoy-no-da-marcha-atras-y-mantendra-la-prueba-del-adn-canino\\\/\",\"url\":\"https:\\\/\\\/www.copealcoy.es\\\/es\\\/alcoy-no-da-marcha-atras-y-mantendra-la-prueba-del-adn-canino\\\/\",\"name\":\"Alcoy no da marcha atr\u00e1s y mantendr\u00e1 la prueba del ADN canino - COPE Alcoy\",\"isPartOf\":{\"@id\":\"https:\\\/\\\/www.copealcoy.es\\\/es\\\/#website\"},\"primaryImageOfPage\":{\"@id\":\"https:\\\/\\\/www.copealcoy.es\\\/es\\\/alcoy-no-da-marcha-atras-y-mantendra-la-prueba-del-adn-canino\\\/#primaryimage\"},\"image\":{\"@id\":\"https:\\\/\\\/www.copealcoy.es\\\/es\\\/alcoy-no-da-marcha-atras-y-mantendra-la-prueba-del-adn-canino\\\/#primaryimage\"},\"thumbnailUrl\":\"https:\\\/\\\/www.copealcoy.es\\\/wp-content\\\/uploads\\\/2017\\\/12\\\/DRWQSeqWAAEQsHa.jpg\",\"datePublished\":\"2017-12-19T15:52:49+00:00\",\"dateModified\":\"2017-12-19T15:57:03+00:00\",\"author\":{\"@id\":\"https:\\\/\\\/www.copealcoy.es\\\/es\\\/#\\\/schema\\\/person\\\/e777c87fa024e57d40170af9df39882c\"},\"breadcrumb\":{\"@id\":\"https:\\\/\\\/www.copealcoy.es\\\/es\\\/alcoy-no-da-marcha-atras-y-mantendra-la-prueba-del-adn-canino\\\/#breadcrumb\"},\"inLanguage\":\"es\",\"potentialAction\":[{\"@type\":\"ReadAction\",\"target\":[\"https:\\\/\\\/www.copealcoy.es\\\/es\\\/alcoy-no-da-marcha-atras-y-mantendra-la-prueba-del-adn-canino\\\/\"]}]},{\"@type\":\"ImageObject\",\"inLanguage\":\"es\",\"@id\":\"https:\\\/\\\/www.copealcoy.es\\\/es\\\/alcoy-no-da-marcha-atras-y-mantendra-la-prueba-del-adn-canino\\\/#primaryimage\",\"url\":\"https:\\\/\\\/www.copealcoy.es\\\/wp-content\\\/uploads\\\/2017\\\/12\\\/DRWQSeqWAAEQsHa.jpg\",\"contentUrl\":\"https:\\\/\\\/www.copealcoy.es\\\/wp-content\\\/uploads\\\/2017\\\/12\\\/DRWQSeqWAAEQsHa.jpg\",\"width\":1200,\"height\":675,\"caption\":\"En la sesi\u00f3n plenaria Bego\u00f1a Dom\u00e9nech tom\u00f3 posesi\u00f3n del cargo de concejala de Comprom\u00eds \\\/ Foto: Ajuntament d\u00b4Alcoi\"},{\"@type\":\"BreadcrumbList\",\"@id\":\"https:\\\/\\\/www.copealcoy.es\\\/es\\\/alcoy-no-da-marcha-atras-y-mantendra-la-prueba-del-adn-canino\\\/#breadcrumb\",\"itemListElement\":[{\"@type\":\"ListItem\",\"position\":1,\"name\":\"Portada\",\"item\":\"https:\\\/\\\/www.copealcoy.es\\\/es\\\/\"},{\"@type\":\"ListItem\",\"position\":2,\"name\":\"Alcoy no da marcha atr\u00e1s y mantendr\u00e1 la prueba del ADN canino\"}]},{\"@type\":\"WebSite\",\"@id\":\"https:\\\/\\\/www.copealcoy.es\\\/es\\\/#website\",\"url\":\"https:\\\/\\\/www.copealcoy.es\\\/es\\\/\",\"name\":\"COPE Alcoy\",\"description\":\"Emisora COPE de radio local con emisi\u00f3n online. Pont de Sant Jordi 8-10 03803 Alcoy\",\"potentialAction\":[{\"@type\":\"SearchAction\",\"target\":{\"@type\":\"EntryPoint\",\"urlTemplate\":\"https:\\\/\\\/www.copealcoy.es\\\/es\\\/?s={search_term_string}\"},\"query-input\":{\"@type\":\"PropertyValueSpecification\",\"valueRequired\":true,\"valueName\":\"search_term_string\"}}],\"inLanguage\":\"es\"},{\"@type\":\"Person\",\"@id\":\"https:\\\/\\\/www.copealcoy.es\\\/es\\\/#\\\/schema\\\/person\\\/e777c87fa024e57d40170af9df39882c\",\"name\":\"Cope Alcoy\",\"image\":{\"@type\":\"ImageObject\",\"inLanguage\":\"es\",\"@id\":\"https:\\\/\\\/secure.gravatar.com\\\/avatar\\\/bb65d0283347e303893ba14f0692005417c1e0e690a325a4c5d8bb2b3943ee14?s=96&d=mm&r=g\",\"url\":\"https:\\\/\\\/secure.gravatar.com\\\/avatar\\\/bb65d0283347e303893ba14f0692005417c1e0e690a325a4c5d8bb2b3943ee14?s=96&d=mm&r=g\",\"contentUrl\":\"https:\\\/\\\/secure.gravatar.com\\\/avatar\\\/bb65d0283347e303893ba14f0692005417c1e0e690a325a4c5d8bb2b3943ee14?s=96&d=mm&r=g\",\"caption\":\"Cope Alcoy\"}}]}<\/script>\n<!-- \/ Yoast SEO plugin. -->","yoast_head_json":{"title":"Alcoy no da marcha atr\u00e1s y mantendr\u00e1 la prueba del ADN canino - COPE Alcoy","robots":{"index":"index","follow":"follow","max-snippet":"max-snippet:-1","max-image-preview":"max-image-preview:large","max-video-preview":"max-video-preview:-1"},"canonical":"https:\/\/www.copealcoy.es\/es\/alcoy-no-da-marcha-atras-y-mantendra-la-prueba-del-adn-canino\/","og_locale":"es_ES","og_type":"article","og_title":"Alcoy no da marcha atr\u00e1s y mantendr\u00e1 la prueba del ADN canino - COPE Alcoy","og_description":"El pleno del Ayuntamiento de Alcoy celebrado ayer por la tarde, con una asistencia masiva de alcoyanos, acord\u00f3 mantener las...","og_url":"https:\/\/www.copealcoy.es\/es\/alcoy-no-da-marcha-atras-y-mantendra-la-prueba-del-adn-canino\/","og_site_name":"COPE Alcoy","article_published_time":"2017-12-19T15:52:49+00:00","article_modified_time":"2017-12-19T15:57:03+00:00","og_image":[{"width":1200,"height":675,"url":"https:\/\/www.copealcoy.es\/wp-content\/uploads\/2017\/12\/DRWQSeqWAAEQsHa.jpg","type":"image\/jpeg"}],"author":"Cope Alcoy","twitter_misc":{"Escrito por":"Cope Alcoy","Tiempo de lectura":"1 minuto"},"schema":{"@context":"https:\/\/schema.org","@graph":[{"@type":"Article","@id":"https:\/\/www.copealcoy.es\/es\/alcoy-no-da-marcha-atras-y-mantendra-la-prueba-del-adn-canino\/#article","isPartOf":{"@id":"https:\/\/www.copealcoy.es\/es\/alcoy-no-da-marcha-atras-y-mantendra-la-prueba-del-adn-canino\/"},"author":{"name":"Cope Alcoy","@id":"https:\/\/www.copealcoy.es\/es\/#\/schema\/person\/e777c87fa024e57d40170af9df39882c"},"headline":"Alcoy no da marcha atr\u00e1s y mantendr\u00e1 la prueba del ADN canino","datePublished":"2017-12-19T15:52:49+00:00","dateModified":"2017-12-19T15:57:03+00:00","mainEntityOfPage":{"@id":"https:\/\/www.copealcoy.es\/es\/alcoy-no-da-marcha-atras-y-mantendra-la-prueba-del-adn-canino\/"},"wordCount":278,"commentCount":0,"image":{"@id":"https:\/\/www.copealcoy.es\/es\/alcoy-no-da-marcha-atras-y-mantendra-la-prueba-del-adn-canino\/#primaryimage"},"thumbnailUrl":"https:\/\/www.copealcoy.es\/wp-content\/uploads\/2017\/12\/DRWQSeqWAAEQsHa.jpg","keywords":["ADN","Alcoy","Ciudadano","Comprom\u00eds","Perros","Plataforma","pruebas"],"articleSection":["Alcoy","Noticias","Pol\u00edtica y Econom\u00eda"],"inLanguage":"es"},{"@type":"WebPage","@id":"https:\/\/www.copealcoy.es\/es\/alcoy-no-da-marcha-atras-y-mantendra-la-prueba-del-adn-canino\/","url":"https:\/\/www.copealcoy.es\/es\/alcoy-no-da-marcha-atras-y-mantendra-la-prueba-del-adn-canino\/","name":"Alcoy no da marcha atr\u00e1s y mantendr\u00e1 la prueba del ADN canino - COPE Alcoy","isPartOf":{"@id":"https:\/\/www.copealcoy.es\/es\/#website"},"primaryImageOfPage":{"@id":"https:\/\/www.copealcoy.es\/es\/alcoy-no-da-marcha-atras-y-mantendra-la-prueba-del-adn-canino\/#primaryimage"},"image":{"@id":"https:\/\/www.copealcoy.es\/es\/alcoy-no-da-marcha-atras-y-mantendra-la-prueba-del-adn-canino\/#primaryimage"},"thumbnailUrl":"https:\/\/www.copealcoy.es\/wp-content\/uploads\/2017\/12\/DRWQSeqWAAEQsHa.jpg","datePublished":"2017-12-19T15:52:49+00:00","dateModified":"2017-12-19T15:57:03+00:00","author":{"@id":"https:\/\/www.copealcoy.es\/es\/#\/schema\/person\/e777c87fa024e57d40170af9df39882c"},"breadcrumb":{"@id":"https:\/\/www.copealcoy.es\/es\/alcoy-no-da-marcha-atras-y-mantendra-la-prueba-del-adn-canino\/#breadcrumb"},"inLanguage":"es","potentialAction":[{"@type":"ReadAction","target":["https:\/\/www.copealcoy.es\/es\/alcoy-no-da-marcha-atras-y-mantendra-la-prueba-del-adn-canino\/"]}]},{"@type":"ImageObject","inLanguage":"es","@id":"https:\/\/www.copealcoy.es\/es\/alcoy-no-da-marcha-atras-y-mantendra-la-prueba-del-adn-canino\/#primaryimage","url":"https:\/\/www.copealcoy.es\/wp-content\/uploads\/2017\/12\/DRWQSeqWAAEQsHa.jpg","contentUrl":"https:\/\/www.copealcoy.es\/wp-content\/uploads\/2017\/12\/DRWQSeqWAAEQsHa.jpg","width":1200,"height":675,"caption":"En la sesi\u00f3n plenaria Bego\u00f1a Dom\u00e9nech tom\u00f3 posesi\u00f3n del cargo de concejala de Comprom\u00eds \/ Foto: Ajuntament d\u00b4Alcoi"},{"@type":"BreadcrumbList","@id":"https:\/\/www.copealcoy.es\/es\/alcoy-no-da-marcha-atras-y-mantendra-la-prueba-del-adn-canino\/#breadcrumb","itemListElement":[{"@type":"ListItem","position":1,"name":"Portada","item":"https:\/\/www.copealcoy.es\/es\/"},{"@type":"ListItem","position":2,"name":"Alcoy no da marcha atr\u00e1s y mantendr\u00e1 la prueba del ADN canino"}]},{"@type":"WebSite","@id":"https:\/\/www.copealcoy.es\/es\/#website","url":"https:\/\/www.copealcoy.es\/es\/","name":"COPE Alcoy","description":"Emisora COPE de radio local con emisi\u00f3n online. Pont de Sant Jordi 8-10 03803 Alcoy","potentialAction":[{"@type":"SearchAction","target":{"@type":"EntryPoint","urlTemplate":"https:\/\/www.copealcoy.es\/es\/?s={search_term_string}"},"query-input":{"@type":"PropertyValueSpecification","valueRequired":true,"valueName":"search_term_string"}}],"inLanguage":"es"},{"@type":"Person","@id":"https:\/\/www.copealcoy.es\/es\/#\/schema\/person\/e777c87fa024e57d40170af9df39882c","name":"Cope Alcoy","image":{"@type":"ImageObject","inLanguage":"es","@id":"https:\/\/secure.gravatar.com\/avatar\/bb65d0283347e303893ba14f0692005417c1e0e690a325a4c5d8bb2b3943ee14?s=96&d=mm&r=g","url":"https:\/\/secure.gravatar.com\/avatar\/bb65d0283347e303893ba14f0692005417c1e0e690a325a4c5d8bb2b3943ee14?s=96&d=mm&r=g","contentUrl":"https:\/\/secure.gravatar.com\/avatar\/bb65d0283347e303893ba14f0692005417c1e0e690a325a4c5d8bb2b3943ee14?s=96&d=mm&r=g","caption":"Cope Alcoy"}}]}},"_links":{"self":[{"href":"https:\/\/www.copealcoy.es\/es\/wp-json\/wp\/v2\/posts\/37598","targetHints":{"allow":["GET"]}}],"collection":[{"href":"https:\/\/www.copealcoy.es\/es\/wp-json\/wp\/v2\/posts"}],"about":[{"href":"https:\/\/www.copealcoy.es\/es\/wp-json\/wp\/v2\/types\/post"}],"author":[{"embeddable":true,"href":"https:\/\/www.copealcoy.es\/es\/wp-json\/wp\/v2\/users\/1"}],"replies":[{"embeddable":true,"href":"https:\/\/www.copealcoy.es\/es\/wp-json\/wp\/v2\/comments?post=37598"}],"version-history":[{"count":0,"href":"https:\/\/www.copealcoy.es\/es\/wp-json\/wp\/v2\/posts\/37598\/revisions"}],"wp:featuredmedia":[{"embeddable":true,"href":"https:\/\/www.copealcoy.es\/es\/wp-json\/wp\/v2\/media\/37599"}],"wp:attachment":[{"href":"https:\/\/www.copealcoy.es\/es\/wp-json\/wp\/v2\/media?parent=37598"}],"wp:term":[{"taxonomy":"category","embeddable":true,"href":"https:\/\/www.copealcoy.es\/es\/wp-json\/wp\/v2\/categories?post=37598"},{"taxonomy":"post_tag","embeddable":true,"href":"https:\/\/www.copealcoy.es\/es\/wp-json\/wp\/v2\/tags?post=37598"}],"curies":[{"name":"wp","href":"https:\/\/api.w.org\/{rel}","templated":true}]}}