{"id":37498,"date":"2017-12-15T22:02:13","date_gmt":"2017-12-15T22:02:13","guid":{"rendered":"http:\/\/copealcoi.es\/new\/?p=37498"},"modified":"2017-12-15T22:05:11","modified_gmt":"2017-12-15T22:05:11","slug":"penaguila-vive-la-tradicion-ancestral-de-la-alineacion-solar-de-santa-lucia","status":"publish","type":"post","link":"https:\/\/www.copealcoy.es\/es\/penaguila-vive-la-tradicion-ancestral-de-la-alineacion-solar-de-santa-lucia\/","title":{"rendered":"Pen\u00e1guila vive la tradici\u00f3n ancestral de la alineaci\u00f3n solar de Santa Luc\u00eda"},"content":{"rendered":"<p style=\"text-align: justify;\">Pen\u00e0guila celebra este fin de semana <strong>la VII Fira de Santa Ll\u00facia<\/strong> con much\u00edsimas actividades en las que no faltar\u00e1n <strong>los puestos de artesan\u00eda y de productos t\u00edpicos<\/strong>, teatro infantil, conferencias, <strong>bailes tradicionales<\/strong>, la Muixeranga d\u00b4Alacant o actuaciones musicales. Adem\u00e1s a las 15:30h de la tarde, tanto el s\u00e1bado como el domingo, se podr\u00e1 disfrutar de <strong>la Alineaci\u00f3n Solar de Santa Luc\u00eda<\/strong> desde la Avinguda del Pa\u00eds Valenci\u00e0 &#8220;<em>un fen\u00f3meno astron\u00f3mico relacionado con el solsticio de invierno y que es fruto del paso del sol por l\u00b4Arc de Santa Ll\u00facia proyect\u00e1ndose los rayos en el pueblo. La tradici\u00f3n oral cuenta que las mujeres que reciben el sol de Santa Luc\u00eda tienen m\u00e1s probabilidades de quedarse embarazadas<\/em>&#8220;, ha explicado en COPE ALCOY el concejal de Fiestas y Turismo en Pen\u00e1guila, <strong>Enrique Brot\u00f3ns<\/strong>.<\/p>\n<p style=\"text-align: justify;\">La inauguraci\u00f3n de la VII edici\u00f3n de la Fira de Santa Ll\u00facia <strong>tendr\u00e1 lugar este s\u00e1bado 16 de diciembre<\/strong> en la Plaza de la Iglesia a cargo del Grup de Danses Punta i Tal\u00f3 de Pen\u00e1guila con una muestra de bailes tradicionales<\/p>\n","protected":false},"excerpt":{"rendered":"<p>Pen\u00e0guila celebra este fin de semana la VII Fira de Santa Ll\u00facia con much\u00edsimas actividades en las que no faltar\u00e1n&#8230;<\/p>\n","protected":false},"author":1,"featured_media":37499,"comment_status":"open","ping_status":"open","sticky":false,"template":"","format":"standard","meta":{"footnotes":""},"categories":[98,75],"tags":[5011,5012,1120,660,5010],"class_list":["post-37498","post","type-post","status-publish","format-standard","has-post-thumbnail","hentry","category-comarcas","category-noticias","tag-alineacion-solar","tag-enrique-brotons","tag-feria","tag-penaguila","tag-santa-lucia"],"yoast_head":"<!-- This site is optimized with the Yoast SEO plugin v27.3 - https:\/\/yoast.com\/product\/yoast-seo-wordpress\/ -->\n<title>Pen\u00e1guila vive la tradici\u00f3n ancestral de la alineaci\u00f3n solar de Santa Luc\u00eda - COPE Alcoy<\/title>\n<meta name=\"robots\" content=\"index, follow, max-snippet:-1, max-image-preview:large, max-video-preview:-1\" \/>\n<link rel=\"canonical\" href=\"https:\/\/www.copealcoy.es\/es\/penaguila-vive-la-tradicion-ancestral-de-la-alineacion-solar-de-santa-lucia\/\" \/>\n<meta property=\"og:locale\" content=\"es_ES\" \/>\n<meta property=\"og:type\" content=\"article\" \/>\n<meta property=\"og:title\" content=\"Pen\u00e1guila vive la tradici\u00f3n ancestral de la alineaci\u00f3n solar de Santa Luc\u00eda - COPE Alcoy\" \/>\n<meta property=\"og:description\" content=\"Pen\u00e0guila celebra este fin de semana la VII Fira de Santa Ll\u00facia con much\u00edsimas actividades en las que no faltar\u00e1n...\" \/>\n<meta property=\"og:url\" content=\"https:\/\/www.copealcoy.es\/es\/penaguila-vive-la-tradicion-ancestral-de-la-alineacion-solar-de-santa-lucia\/\" \/>\n<meta property=\"og:site_name\" content=\"COPE Alcoy\" \/>\n<meta property=\"article:published_time\" content=\"2017-12-15T22:02:13+00:00\" \/>\n<meta property=\"article:modified_time\" content=\"2017-12-15T22:05:11+00:00\" \/>\n<meta property=\"og:image\" content=\"https:\/\/www.copealcoy.es\/wp-content\/uploads\/2017\/12\/PC240027_600x450.jpg\" \/>\n\t<meta property=\"og:image:width\" content=\"600\" \/>\n\t<meta property=\"og:image:height\" content=\"450\" \/>\n\t<meta property=\"og:image:type\" content=\"image\/jpeg\" \/>\n<meta name=\"author\" content=\"Cope Alcoy\" \/>\n<meta name=\"twitter:label1\" content=\"Escrito por\" \/>\n\t<meta name=\"twitter:data1\" content=\"Cope Alcoy\" \/>\n\t<meta name=\"twitter:label2\" content=\"Tiempo de lectura\" \/>\n\t<meta name=\"twitter:data2\" content=\"1 minuto\" \/>\n<script type=\"application\/ld+json\" class=\"yoast-schema-graph\">{\"@context\":\"https:\\\/\\\/schema.org\",\"@graph\":[{\"@type\":\"Article\",\"@id\":\"https:\\\/\\\/www.copealcoy.es\\\/es\\\/penaguila-vive-la-tradicion-ancestral-de-la-alineacion-solar-de-santa-lucia\\\/#article\",\"isPartOf\":{\"@id\":\"https:\\\/\\\/www.copealcoy.es\\\/es\\\/penaguila-vive-la-tradicion-ancestral-de-la-alineacion-solar-de-santa-lucia\\\/\"},\"author\":{\"name\":\"Cope Alcoy\",\"@id\":\"https:\\\/\\\/www.copealcoy.es\\\/es\\\/#\\\/schema\\\/person\\\/e777c87fa024e57d40170af9df39882c\"},\"headline\":\"Pen\u00e1guila vive la tradici\u00f3n ancestral de la alineaci\u00f3n solar de Santa Luc\u00eda\",\"datePublished\":\"2017-12-15T22:02:13+00:00\",\"dateModified\":\"2017-12-15T22:05:11+00:00\",\"mainEntityOfPage\":{\"@id\":\"https:\\\/\\\/www.copealcoy.es\\\/es\\\/penaguila-vive-la-tradicion-ancestral-de-la-alineacion-solar-de-santa-lucia\\\/\"},\"wordCount\":215,\"commentCount\":0,\"image\":{\"@id\":\"https:\\\/\\\/www.copealcoy.es\\\/es\\\/penaguila-vive-la-tradicion-ancestral-de-la-alineacion-solar-de-santa-lucia\\\/#primaryimage\"},\"thumbnailUrl\":\"https:\\\/\\\/www.copealcoy.es\\\/wp-content\\\/uploads\\\/2017\\\/12\\\/PC240027_600x450.jpg\",\"keywords\":[\"alineaci\u00f3n solar\",\"Enrique Brot\u00f3ns\",\"Feria\",\"Penaguila\",\"Santa Luc\u00eda\"],\"articleSection\":[\"Comarcas\",\"Noticias\"],\"inLanguage\":\"es\"},{\"@type\":\"WebPage\",\"@id\":\"https:\\\/\\\/www.copealcoy.es\\\/es\\\/penaguila-vive-la-tradicion-ancestral-de-la-alineacion-solar-de-santa-lucia\\\/\",\"url\":\"https:\\\/\\\/www.copealcoy.es\\\/es\\\/penaguila-vive-la-tradicion-ancestral-de-la-alineacion-solar-de-santa-lucia\\\/\",\"name\":\"Pen\u00e1guila vive la tradici\u00f3n ancestral de la alineaci\u00f3n solar de Santa Luc\u00eda - COPE Alcoy\",\"isPartOf\":{\"@id\":\"https:\\\/\\\/www.copealcoy.es\\\/es\\\/#website\"},\"primaryImageOfPage\":{\"@id\":\"https:\\\/\\\/www.copealcoy.es\\\/es\\\/penaguila-vive-la-tradicion-ancestral-de-la-alineacion-solar-de-santa-lucia\\\/#primaryimage\"},\"image\":{\"@id\":\"https:\\\/\\\/www.copealcoy.es\\\/es\\\/penaguila-vive-la-tradicion-ancestral-de-la-alineacion-solar-de-santa-lucia\\\/#primaryimage\"},\"thumbnailUrl\":\"https:\\\/\\\/www.copealcoy.es\\\/wp-content\\\/uploads\\\/2017\\\/12\\\/PC240027_600x450.jpg\",\"datePublished\":\"2017-12-15T22:02:13+00:00\",\"dateModified\":\"2017-12-15T22:05:11+00:00\",\"author\":{\"@id\":\"https:\\\/\\\/www.copealcoy.es\\\/es\\\/#\\\/schema\\\/person\\\/e777c87fa024e57d40170af9df39882c\"},\"breadcrumb\":{\"@id\":\"https:\\\/\\\/www.copealcoy.es\\\/es\\\/penaguila-vive-la-tradicion-ancestral-de-la-alineacion-solar-de-santa-lucia\\\/#breadcrumb\"},\"inLanguage\":\"es\",\"potentialAction\":[{\"@type\":\"ReadAction\",\"target\":[\"https:\\\/\\\/www.copealcoy.es\\\/es\\\/penaguila-vive-la-tradicion-ancestral-de-la-alineacion-solar-de-santa-lucia\\\/\"]}]},{\"@type\":\"ImageObject\",\"inLanguage\":\"es\",\"@id\":\"https:\\\/\\\/www.copealcoy.es\\\/es\\\/penaguila-vive-la-tradicion-ancestral-de-la-alineacion-solar-de-santa-lucia\\\/#primaryimage\",\"url\":\"https:\\\/\\\/www.copealcoy.es\\\/wp-content\\\/uploads\\\/2017\\\/12\\\/PC240027_600x450.jpg\",\"contentUrl\":\"https:\\\/\\\/www.copealcoy.es\\\/wp-content\\\/uploads\\\/2017\\\/12\\\/PC240027_600x450.jpg\",\"width\":600,\"height\":450,\"caption\":\"La alineaci\u00f3n solar tiene lugar cada a\u00f1o a mediados de diciembre\"},{\"@type\":\"BreadcrumbList\",\"@id\":\"https:\\\/\\\/www.copealcoy.es\\\/es\\\/penaguila-vive-la-tradicion-ancestral-de-la-alineacion-solar-de-santa-lucia\\\/#breadcrumb\",\"itemListElement\":[{\"@type\":\"ListItem\",\"position\":1,\"name\":\"Portada\",\"item\":\"https:\\\/\\\/www.copealcoy.es\\\/es\\\/\"},{\"@type\":\"ListItem\",\"position\":2,\"name\":\"Pen\u00e1guila vive la tradici\u00f3n ancestral de la alineaci\u00f3n solar de Santa Luc\u00eda\"}]},{\"@type\":\"WebSite\",\"@id\":\"https:\\\/\\\/www.copealcoy.es\\\/es\\\/#website\",\"url\":\"https:\\\/\\\/www.copealcoy.es\\\/es\\\/\",\"name\":\"COPE Alcoy\",\"description\":\"Emisora COPE de radio local con emisi\u00f3n online. Pont de Sant Jordi 8-10 03803 Alcoy\",\"potentialAction\":[{\"@type\":\"SearchAction\",\"target\":{\"@type\":\"EntryPoint\",\"urlTemplate\":\"https:\\\/\\\/www.copealcoy.es\\\/es\\\/?s={search_term_string}\"},\"query-input\":{\"@type\":\"PropertyValueSpecification\",\"valueRequired\":true,\"valueName\":\"search_term_string\"}}],\"inLanguage\":\"es\"},{\"@type\":\"Person\",\"@id\":\"https:\\\/\\\/www.copealcoy.es\\\/es\\\/#\\\/schema\\\/person\\\/e777c87fa024e57d40170af9df39882c\",\"name\":\"Cope Alcoy\",\"image\":{\"@type\":\"ImageObject\",\"inLanguage\":\"es\",\"@id\":\"https:\\\/\\\/secure.gravatar.com\\\/avatar\\\/bb65d0283347e303893ba14f0692005417c1e0e690a325a4c5d8bb2b3943ee14?s=96&d=mm&r=g\",\"url\":\"https:\\\/\\\/secure.gravatar.com\\\/avatar\\\/bb65d0283347e303893ba14f0692005417c1e0e690a325a4c5d8bb2b3943ee14?s=96&d=mm&r=g\",\"contentUrl\":\"https:\\\/\\\/secure.gravatar.com\\\/avatar\\\/bb65d0283347e303893ba14f0692005417c1e0e690a325a4c5d8bb2b3943ee14?s=96&d=mm&r=g\",\"caption\":\"Cope Alcoy\"}}]}<\/script>\n<!-- \/ Yoast SEO plugin. -->","yoast_head_json":{"title":"Pen\u00e1guila vive la tradici\u00f3n ancestral de la alineaci\u00f3n solar de Santa Luc\u00eda - COPE Alcoy","robots":{"index":"index","follow":"follow","max-snippet":"max-snippet:-1","max-image-preview":"max-image-preview:large","max-video-preview":"max-video-preview:-1"},"canonical":"https:\/\/www.copealcoy.es\/es\/penaguila-vive-la-tradicion-ancestral-de-la-alineacion-solar-de-santa-lucia\/","og_locale":"es_ES","og_type":"article","og_title":"Pen\u00e1guila vive la tradici\u00f3n ancestral de la alineaci\u00f3n solar de Santa Luc\u00eda - COPE Alcoy","og_description":"Pen\u00e0guila celebra este fin de semana la VII Fira de Santa Ll\u00facia con much\u00edsimas actividades en las que no faltar\u00e1n...","og_url":"https:\/\/www.copealcoy.es\/es\/penaguila-vive-la-tradicion-ancestral-de-la-alineacion-solar-de-santa-lucia\/","og_site_name":"COPE Alcoy","article_published_time":"2017-12-15T22:02:13+00:00","article_modified_time":"2017-12-15T22:05:11+00:00","og_image":[{"width":600,"height":450,"url":"https:\/\/www.copealcoy.es\/wp-content\/uploads\/2017\/12\/PC240027_600x450.jpg","type":"image\/jpeg"}],"author":"Cope Alcoy","twitter_misc":{"Escrito por":"Cope Alcoy","Tiempo de lectura":"1 minuto"},"schema":{"@context":"https:\/\/schema.org","@graph":[{"@type":"Article","@id":"https:\/\/www.copealcoy.es\/es\/penaguila-vive-la-tradicion-ancestral-de-la-alineacion-solar-de-santa-lucia\/#article","isPartOf":{"@id":"https:\/\/www.copealcoy.es\/es\/penaguila-vive-la-tradicion-ancestral-de-la-alineacion-solar-de-santa-lucia\/"},"author":{"name":"Cope Alcoy","@id":"https:\/\/www.copealcoy.es\/es\/#\/schema\/person\/e777c87fa024e57d40170af9df39882c"},"headline":"Pen\u00e1guila vive la tradici\u00f3n ancestral de la alineaci\u00f3n solar de Santa Luc\u00eda","datePublished":"2017-12-15T22:02:13+00:00","dateModified":"2017-12-15T22:05:11+00:00","mainEntityOfPage":{"@id":"https:\/\/www.copealcoy.es\/es\/penaguila-vive-la-tradicion-ancestral-de-la-alineacion-solar-de-santa-lucia\/"},"wordCount":215,"commentCount":0,"image":{"@id":"https:\/\/www.copealcoy.es\/es\/penaguila-vive-la-tradicion-ancestral-de-la-alineacion-solar-de-santa-lucia\/#primaryimage"},"thumbnailUrl":"https:\/\/www.copealcoy.es\/wp-content\/uploads\/2017\/12\/PC240027_600x450.jpg","keywords":["alineaci\u00f3n solar","Enrique Brot\u00f3ns","Feria","Penaguila","Santa Luc\u00eda"],"articleSection":["Comarcas","Noticias"],"inLanguage":"es"},{"@type":"WebPage","@id":"https:\/\/www.copealcoy.es\/es\/penaguila-vive-la-tradicion-ancestral-de-la-alineacion-solar-de-santa-lucia\/","url":"https:\/\/www.copealcoy.es\/es\/penaguila-vive-la-tradicion-ancestral-de-la-alineacion-solar-de-santa-lucia\/","name":"Pen\u00e1guila vive la tradici\u00f3n ancestral de la alineaci\u00f3n solar de Santa Luc\u00eda - COPE Alcoy","isPartOf":{"@id":"https:\/\/www.copealcoy.es\/es\/#website"},"primaryImageOfPage":{"@id":"https:\/\/www.copealcoy.es\/es\/penaguila-vive-la-tradicion-ancestral-de-la-alineacion-solar-de-santa-lucia\/#primaryimage"},"image":{"@id":"https:\/\/www.copealcoy.es\/es\/penaguila-vive-la-tradicion-ancestral-de-la-alineacion-solar-de-santa-lucia\/#primaryimage"},"thumbnailUrl":"https:\/\/www.copealcoy.es\/wp-content\/uploads\/2017\/12\/PC240027_600x450.jpg","datePublished":"2017-12-15T22:02:13+00:00","dateModified":"2017-12-15T22:05:11+00:00","author":{"@id":"https:\/\/www.copealcoy.es\/es\/#\/schema\/person\/e777c87fa024e57d40170af9df39882c"},"breadcrumb":{"@id":"https:\/\/www.copealcoy.es\/es\/penaguila-vive-la-tradicion-ancestral-de-la-alineacion-solar-de-santa-lucia\/#breadcrumb"},"inLanguage":"es","potentialAction":[{"@type":"ReadAction","target":["https:\/\/www.copealcoy.es\/es\/penaguila-vive-la-tradicion-ancestral-de-la-alineacion-solar-de-santa-lucia\/"]}]},{"@type":"ImageObject","inLanguage":"es","@id":"https:\/\/www.copealcoy.es\/es\/penaguila-vive-la-tradicion-ancestral-de-la-alineacion-solar-de-santa-lucia\/#primaryimage","url":"https:\/\/www.copealcoy.es\/wp-content\/uploads\/2017\/12\/PC240027_600x450.jpg","contentUrl":"https:\/\/www.copealcoy.es\/wp-content\/uploads\/2017\/12\/PC240027_600x450.jpg","width":600,"height":450,"caption":"La alineaci\u00f3n solar tiene lugar cada a\u00f1o a mediados de diciembre"},{"@type":"BreadcrumbList","@id":"https:\/\/www.copealcoy.es\/es\/penaguila-vive-la-tradicion-ancestral-de-la-alineacion-solar-de-santa-lucia\/#breadcrumb","itemListElement":[{"@type":"ListItem","position":1,"name":"Portada","item":"https:\/\/www.copealcoy.es\/es\/"},{"@type":"ListItem","position":2,"name":"Pen\u00e1guila vive la tradici\u00f3n ancestral de la alineaci\u00f3n solar de Santa Luc\u00eda"}]},{"@type":"WebSite","@id":"https:\/\/www.copealcoy.es\/es\/#website","url":"https:\/\/www.copealcoy.es\/es\/","name":"COPE Alcoy","description":"Emisora COPE de radio local con emisi\u00f3n online. Pont de Sant Jordi 8-10 03803 Alcoy","potentialAction":[{"@type":"SearchAction","target":{"@type":"EntryPoint","urlTemplate":"https:\/\/www.copealcoy.es\/es\/?s={search_term_string}"},"query-input":{"@type":"PropertyValueSpecification","valueRequired":true,"valueName":"search_term_string"}}],"inLanguage":"es"},{"@type":"Person","@id":"https:\/\/www.copealcoy.es\/es\/#\/schema\/person\/e777c87fa024e57d40170af9df39882c","name":"Cope Alcoy","image":{"@type":"ImageObject","inLanguage":"es","@id":"https:\/\/secure.gravatar.com\/avatar\/bb65d0283347e303893ba14f0692005417c1e0e690a325a4c5d8bb2b3943ee14?s=96&d=mm&r=g","url":"https:\/\/secure.gravatar.com\/avatar\/bb65d0283347e303893ba14f0692005417c1e0e690a325a4c5d8bb2b3943ee14?s=96&d=mm&r=g","contentUrl":"https:\/\/secure.gravatar.com\/avatar\/bb65d0283347e303893ba14f0692005417c1e0e690a325a4c5d8bb2b3943ee14?s=96&d=mm&r=g","caption":"Cope Alcoy"}}]}},"_links":{"self":[{"href":"https:\/\/www.copealcoy.es\/es\/wp-json\/wp\/v2\/posts\/37498","targetHints":{"allow":["GET"]}}],"collection":[{"href":"https:\/\/www.copealcoy.es\/es\/wp-json\/wp\/v2\/posts"}],"about":[{"href":"https:\/\/www.copealcoy.es\/es\/wp-json\/wp\/v2\/types\/post"}],"author":[{"embeddable":true,"href":"https:\/\/www.copealcoy.es\/es\/wp-json\/wp\/v2\/users\/1"}],"replies":[{"embeddable":true,"href":"https:\/\/www.copealcoy.es\/es\/wp-json\/wp\/v2\/comments?post=37498"}],"version-history":[{"count":0,"href":"https:\/\/www.copealcoy.es\/es\/wp-json\/wp\/v2\/posts\/37498\/revisions"}],"wp:featuredmedia":[{"embeddable":true,"href":"https:\/\/www.copealcoy.es\/es\/wp-json\/wp\/v2\/media\/37499"}],"wp:attachment":[{"href":"https:\/\/www.copealcoy.es\/es\/wp-json\/wp\/v2\/media?parent=37498"}],"wp:term":[{"taxonomy":"category","embeddable":true,"href":"https:\/\/www.copealcoy.es\/es\/wp-json\/wp\/v2\/categories?post=37498"},{"taxonomy":"post_tag","embeddable":true,"href":"https:\/\/www.copealcoy.es\/es\/wp-json\/wp\/v2\/tags?post=37498"}],"curies":[{"name":"wp","href":"https:\/\/api.w.org\/{rel}","templated":true}]}}