{"id":37458,"date":"2017-12-14T17:16:51","date_gmt":"2017-12-14T17:16:51","guid":{"rendered":"http:\/\/copealcoi.es\/new\/?p=37458"},"modified":"2017-12-14T17:24:36","modified_gmt":"2017-12-14T17:24:36","slug":"tirisiti-dinamiza-el-comercio-local-de-alcoy-durante-la-navidad","status":"publish","type":"post","link":"https:\/\/www.copealcoy.es\/es\/tirisiti-dinamiza-el-comercio-local-de-alcoy-durante-la-navidad\/","title":{"rendered":"Tirisiti dinamiza el comercio local de Alcoy durante la Navidad"},"content":{"rendered":"<p style=\"text-align: justify;\">El <strong>comercio local de Alcoy<\/strong> ha confiado un a\u00f1o m\u00e1s en<strong> los personajes del Bel\u00e9n del Tirisiti<\/strong> para llevar a cabo su <strong>campa\u00f1a de dinamizaci\u00f3n comercial<\/strong> de cara a las fiestas navide\u00f1as.<\/p>\n<p style=\"text-align: justify;\">Los establecimientos asociados a <strong>Aceca y la Federaci\u00f3n de Comercio<\/strong> repartir\u00e1n boletos a sus clientes durante estos d\u00edas que se <strong>podr\u00e1n canjear por premios directos<\/strong>. Estos vales\u00a0son del Tirisiti, del Paje, del Rey, de les Burretes, del Abuelo, del Globo de Tereseta, del Sereno y de carb\u00f3n. Los mismos <strong>se pueden canjear en compras<\/strong> de la siguiente manera: Por 1 boleto del Rey, premio canjeable de 100\u20ac en compras, por 1 del Tirisiti, premio directo de 5\u20ac, por 1 del Paje, premio directo de 3\u20ac, por 1 boleto de la Burreta, del Abuelo, de Tereseta, del Globo y del Sereno, premio directo de 2\u20ac, y por el carb\u00f3n, \u201cCastanyes al carrer\u201d.<\/p>\n<p style=\"text-align: justify;\">La <strong>animaci\u00f3n de calle<\/strong> volver\u00e1 a ser otro de los platos fuertes y este a\u00f1o esta actividad consistir\u00e1 en <strong>maquillar a los ni\u00f1os<\/strong> para convertirlos en aut\u00e9nticos pajes al mismo tiempo que se llevar\u00e1 a cabo <strong>la funci\u00f3n del cuentacuentos itinerante \u201cEl Patge perdut&#8221;<\/strong>. Estas actividades tendr\u00e1n lugar el <strong>16 de diciembre<\/strong> por la ma\u00f1ana en la Zona Nord, el<strong> 22 de diciembre<\/strong> por la tarde en Santa Rosa-Eixample y el<strong> 23 de diciembre<\/strong> por la tarde en el Centro.<\/p>\n<p style=\"text-align: justify;\"><strong>Pases VIP para ver el Tirisiti<\/strong><\/p>\n<p style=\"text-align: justify;\">La campa\u00f1a comercial de Navidad <strong>tambi\u00e9n se vive en Internet<\/strong> y a trav\u00e9s del perfil de Facebook de &#8216;Alcoi Ciutat del Nadal&#8217;. Gracias a esta plataforma, y a trav\u00e9s de un concurso en el que <strong>se registraron m\u00e1s de 600 participantes<\/strong>,\u00a0<strong>Juan Jos\u00e9 Zapata, Nuria Espl\u00e1, Juan Javier Gisbert y Jordi Juli\u00e0<\/strong> pudieron disfrutar el pasado de un<strong> pase VIP<\/strong> para ver el Tirisiti desde dentro con los actores y desde fuera en el patio de butacas. Seg\u00fan los propios premiados, <strong>fue una experiencia muy enriquecedora<\/strong> porque les dio la oportunidad de conocer el Tirisiti desde diferentes puntos de vista.<\/p>\n<p><a href=\"https:\/\/www.copealcoy.es\/wp-content\/uploads\/2017\/12\/Ganadores-concurso-Tirisiti.jpg\"><img loading=\"lazy\" decoding=\"async\" class=\"wp-image-37462 size-large aligncenter\" src=\"https:\/\/www.copealcoy.es\/wp-content\/uploads\/2017\/12\/Ganadores-concurso-Tirisiti-1024x768.jpg\" alt=\"\" width=\"618\" height=\"464\" srcset=\"https:\/\/www.copealcoy.es\/wp-content\/uploads\/2017\/12\/Ganadores-concurso-Tirisiti-1024x768.jpg 1024w, https:\/\/www.copealcoy.es\/wp-content\/uploads\/2017\/12\/Ganadores-concurso-Tirisiti-300x225.jpg 300w, https:\/\/www.copealcoy.es\/wp-content\/uploads\/2017\/12\/Ganadores-concurso-Tirisiti-768x576.jpg 768w\" sizes=\"auto, (max-width: 618px) 100vw, 618px\" \/><\/a><\/p>\n<p><strong>Campa\u00f1a en marcha hasta el 5 de enero<\/strong><\/p>\n<div class=\"page\" title=\"Page 2\">\n<div class=\"layoutArea\">\n<div class=\"column\">\n<p>La campa\u00f1a <strong>terminar\u00e1 el 5 de enero<\/strong> y se podr\u00e1n canjear los premios en cualquiera de los comercios asociados hasta el 31 de enero.<\/p>\n<\/div>\n<\/div>\n<\/div>\n","protected":false},"excerpt":{"rendered":"<p>El comercio local de Alcoy ha confiado un a\u00f1o m\u00e1s en los personajes del Bel\u00e9n del Tirisiti para llevar a&#8230;<\/p>\n","protected":false},"author":1,"featured_media":37459,"comment_status":"open","ping_status":"open","sticky":false,"template":"","format":"standard","meta":{"footnotes":""},"categories":[97,75,79],"tags":[1198,1494,321,3473,174,4306,3529,209,2034],"class_list":["post-37458","post","type-post","status-publish","format-standard","has-post-thumbnail","hentry","category-alcoy","category-noticias","category-politicayeconomia","tag-aceca","tag-alcoy","tag-comercio-local","tag-federacion-de-comercio","tag-navidad","tag-paco-molto","tag-rafael-perez","tag-tirisiti","tag-vanessa-molto"],"yoast_head":"<!-- This site is optimized with the Yoast SEO plugin v27.3 - https:\/\/yoast.com\/product\/yoast-seo-wordpress\/ -->\n<title>Tirisiti dinamiza el comercio local de Alcoy durante la Navidad - COPE Alcoy<\/title>\n<meta name=\"robots\" content=\"index, follow, max-snippet:-1, max-image-preview:large, max-video-preview:-1\" \/>\n<link rel=\"canonical\" href=\"https:\/\/www.copealcoy.es\/es\/tirisiti-dinamiza-el-comercio-local-de-alcoy-durante-la-navidad\/\" \/>\n<meta property=\"og:locale\" content=\"es_ES\" \/>\n<meta property=\"og:type\" content=\"article\" \/>\n<meta property=\"og:title\" content=\"Tirisiti dinamiza el comercio local de Alcoy durante la Navidad - COPE Alcoy\" \/>\n<meta property=\"og:description\" content=\"El comercio local de Alcoy ha confiado un a\u00f1o m\u00e1s en los personajes del Bel\u00e9n del Tirisiti para llevar a...\" \/>\n<meta property=\"og:url\" content=\"https:\/\/www.copealcoy.es\/es\/tirisiti-dinamiza-el-comercio-local-de-alcoy-durante-la-navidad\/\" \/>\n<meta property=\"og:site_name\" content=\"COPE Alcoy\" \/>\n<meta property=\"article:published_time\" content=\"2017-12-14T17:16:51+00:00\" \/>\n<meta property=\"article:modified_time\" content=\"2017-12-14T17:24:36+00:00\" \/>\n<meta property=\"og:image\" content=\"https:\/\/www.copealcoy.es\/wp-content\/uploads\/2017\/12\/campanya_comer_nadal_3_20171129030024-e1513271883441.jpg\" \/>\n\t<meta property=\"og:image:width\" content=\"1021\" \/>\n\t<meta property=\"og:image:height\" content=\"578\" \/>\n\t<meta property=\"og:image:type\" content=\"image\/jpeg\" \/>\n<meta name=\"author\" content=\"Cope Alcoy\" \/>\n<meta name=\"twitter:label1\" content=\"Escrito por\" \/>\n\t<meta name=\"twitter:data1\" content=\"Cope Alcoy\" \/>\n\t<meta name=\"twitter:label2\" content=\"Tiempo de lectura\" \/>\n\t<meta name=\"twitter:data2\" content=\"2 minutos\" \/>\n<script type=\"application\/ld+json\" class=\"yoast-schema-graph\">{\"@context\":\"https:\\\/\\\/schema.org\",\"@graph\":[{\"@type\":\"Article\",\"@id\":\"https:\\\/\\\/www.copealcoy.es\\\/es\\\/tirisiti-dinamiza-el-comercio-local-de-alcoy-durante-la-navidad\\\/#article\",\"isPartOf\":{\"@id\":\"https:\\\/\\\/www.copealcoy.es\\\/es\\\/tirisiti-dinamiza-el-comercio-local-de-alcoy-durante-la-navidad\\\/\"},\"author\":{\"name\":\"Cope Alcoy\",\"@id\":\"https:\\\/\\\/www.copealcoy.es\\\/es\\\/#\\\/schema\\\/person\\\/e777c87fa024e57d40170af9df39882c\"},\"headline\":\"Tirisiti dinamiza el comercio local de Alcoy durante la Navidad\",\"datePublished\":\"2017-12-14T17:16:51+00:00\",\"dateModified\":\"2017-12-14T17:24:36+00:00\",\"mainEntityOfPage\":{\"@id\":\"https:\\\/\\\/www.copealcoy.es\\\/es\\\/tirisiti-dinamiza-el-comercio-local-de-alcoy-durante-la-navidad\\\/\"},\"wordCount\":385,\"commentCount\":0,\"image\":{\"@id\":\"https:\\\/\\\/www.copealcoy.es\\\/es\\\/tirisiti-dinamiza-el-comercio-local-de-alcoy-durante-la-navidad\\\/#primaryimage\"},\"thumbnailUrl\":\"https:\\\/\\\/www.copealcoy.es\\\/wp-content\\\/uploads\\\/2017\\\/12\\\/campanya_comer_nadal_3_20171129030024-e1513271883441.jpg\",\"keywords\":[\"ACECA\",\"Alcoy\",\"Comercio Local\",\"Federaci\u00f3n de Comercio\",\"Navidad\",\"Paco Molt\u00f3\",\"Rafael P\u00e9rez\",\"Tirisiti\",\"Vanessa Molt\u00f3\"],\"articleSection\":[\"Alcoy\",\"Noticias\",\"Pol\u00edtica y Econom\u00eda\"],\"inLanguage\":\"es\"},{\"@type\":\"WebPage\",\"@id\":\"https:\\\/\\\/www.copealcoy.es\\\/es\\\/tirisiti-dinamiza-el-comercio-local-de-alcoy-durante-la-navidad\\\/\",\"url\":\"https:\\\/\\\/www.copealcoy.es\\\/es\\\/tirisiti-dinamiza-el-comercio-local-de-alcoy-durante-la-navidad\\\/\",\"name\":\"Tirisiti dinamiza el comercio local de Alcoy durante la Navidad - COPE Alcoy\",\"isPartOf\":{\"@id\":\"https:\\\/\\\/www.copealcoy.es\\\/es\\\/#website\"},\"primaryImageOfPage\":{\"@id\":\"https:\\\/\\\/www.copealcoy.es\\\/es\\\/tirisiti-dinamiza-el-comercio-local-de-alcoy-durante-la-navidad\\\/#primaryimage\"},\"image\":{\"@id\":\"https:\\\/\\\/www.copealcoy.es\\\/es\\\/tirisiti-dinamiza-el-comercio-local-de-alcoy-durante-la-navidad\\\/#primaryimage\"},\"thumbnailUrl\":\"https:\\\/\\\/www.copealcoy.es\\\/wp-content\\\/uploads\\\/2017\\\/12\\\/campanya_comer_nadal_3_20171129030024-e1513271883441.jpg\",\"datePublished\":\"2017-12-14T17:16:51+00:00\",\"dateModified\":\"2017-12-14T17:24:36+00:00\",\"author\":{\"@id\":\"https:\\\/\\\/www.copealcoy.es\\\/es\\\/#\\\/schema\\\/person\\\/e777c87fa024e57d40170af9df39882c\"},\"breadcrumb\":{\"@id\":\"https:\\\/\\\/www.copealcoy.es\\\/es\\\/tirisiti-dinamiza-el-comercio-local-de-alcoy-durante-la-navidad\\\/#breadcrumb\"},\"inLanguage\":\"es\",\"potentialAction\":[{\"@type\":\"ReadAction\",\"target\":[\"https:\\\/\\\/www.copealcoy.es\\\/es\\\/tirisiti-dinamiza-el-comercio-local-de-alcoy-durante-la-navidad\\\/\"]}]},{\"@type\":\"ImageObject\",\"inLanguage\":\"es\",\"@id\":\"https:\\\/\\\/www.copealcoy.es\\\/es\\\/tirisiti-dinamiza-el-comercio-local-de-alcoy-durante-la-navidad\\\/#primaryimage\",\"url\":\"https:\\\/\\\/www.copealcoy.es\\\/wp-content\\\/uploads\\\/2017\\\/12\\\/campanya_comer_nadal_3_20171129030024-e1513271883441.jpg\",\"contentUrl\":\"https:\\\/\\\/www.copealcoy.es\\\/wp-content\\\/uploads\\\/2017\\\/12\\\/campanya_comer_nadal_3_20171129030024-e1513271883441.jpg\",\"width\":1021,\"height\":578},{\"@type\":\"BreadcrumbList\",\"@id\":\"https:\\\/\\\/www.copealcoy.es\\\/es\\\/tirisiti-dinamiza-el-comercio-local-de-alcoy-durante-la-navidad\\\/#breadcrumb\",\"itemListElement\":[{\"@type\":\"ListItem\",\"position\":1,\"name\":\"Portada\",\"item\":\"https:\\\/\\\/www.copealcoy.es\\\/es\\\/\"},{\"@type\":\"ListItem\",\"position\":2,\"name\":\"Tirisiti dinamiza el comercio local de Alcoy durante la Navidad\"}]},{\"@type\":\"WebSite\",\"@id\":\"https:\\\/\\\/www.copealcoy.es\\\/es\\\/#website\",\"url\":\"https:\\\/\\\/www.copealcoy.es\\\/es\\\/\",\"name\":\"COPE Alcoy\",\"description\":\"Emisora COPE de radio local con emisi\u00f3n online. Pont de Sant Jordi 8-10 03803 Alcoy\",\"potentialAction\":[{\"@type\":\"SearchAction\",\"target\":{\"@type\":\"EntryPoint\",\"urlTemplate\":\"https:\\\/\\\/www.copealcoy.es\\\/es\\\/?s={search_term_string}\"},\"query-input\":{\"@type\":\"PropertyValueSpecification\",\"valueRequired\":true,\"valueName\":\"search_term_string\"}}],\"inLanguage\":\"es\"},{\"@type\":\"Person\",\"@id\":\"https:\\\/\\\/www.copealcoy.es\\\/es\\\/#\\\/schema\\\/person\\\/e777c87fa024e57d40170af9df39882c\",\"name\":\"Cope Alcoy\",\"image\":{\"@type\":\"ImageObject\",\"inLanguage\":\"es\",\"@id\":\"https:\\\/\\\/secure.gravatar.com\\\/avatar\\\/bb65d0283347e303893ba14f0692005417c1e0e690a325a4c5d8bb2b3943ee14?s=96&d=mm&r=g\",\"url\":\"https:\\\/\\\/secure.gravatar.com\\\/avatar\\\/bb65d0283347e303893ba14f0692005417c1e0e690a325a4c5d8bb2b3943ee14?s=96&d=mm&r=g\",\"contentUrl\":\"https:\\\/\\\/secure.gravatar.com\\\/avatar\\\/bb65d0283347e303893ba14f0692005417c1e0e690a325a4c5d8bb2b3943ee14?s=96&d=mm&r=g\",\"caption\":\"Cope Alcoy\"}}]}<\/script>\n<!-- \/ Yoast SEO plugin. -->","yoast_head_json":{"title":"Tirisiti dinamiza el comercio local de Alcoy durante la Navidad - COPE Alcoy","robots":{"index":"index","follow":"follow","max-snippet":"max-snippet:-1","max-image-preview":"max-image-preview:large","max-video-preview":"max-video-preview:-1"},"canonical":"https:\/\/www.copealcoy.es\/es\/tirisiti-dinamiza-el-comercio-local-de-alcoy-durante-la-navidad\/","og_locale":"es_ES","og_type":"article","og_title":"Tirisiti dinamiza el comercio local de Alcoy durante la Navidad - COPE Alcoy","og_description":"El comercio local de Alcoy ha confiado un a\u00f1o m\u00e1s en los personajes del Bel\u00e9n del Tirisiti para llevar a...","og_url":"https:\/\/www.copealcoy.es\/es\/tirisiti-dinamiza-el-comercio-local-de-alcoy-durante-la-navidad\/","og_site_name":"COPE Alcoy","article_published_time":"2017-12-14T17:16:51+00:00","article_modified_time":"2017-12-14T17:24:36+00:00","og_image":[{"width":1021,"height":578,"url":"https:\/\/www.copealcoy.es\/wp-content\/uploads\/2017\/12\/campanya_comer_nadal_3_20171129030024-e1513271883441.jpg","type":"image\/jpeg"}],"author":"Cope Alcoy","twitter_misc":{"Escrito por":"Cope Alcoy","Tiempo de lectura":"2 minutos"},"schema":{"@context":"https:\/\/schema.org","@graph":[{"@type":"Article","@id":"https:\/\/www.copealcoy.es\/es\/tirisiti-dinamiza-el-comercio-local-de-alcoy-durante-la-navidad\/#article","isPartOf":{"@id":"https:\/\/www.copealcoy.es\/es\/tirisiti-dinamiza-el-comercio-local-de-alcoy-durante-la-navidad\/"},"author":{"name":"Cope Alcoy","@id":"https:\/\/www.copealcoy.es\/es\/#\/schema\/person\/e777c87fa024e57d40170af9df39882c"},"headline":"Tirisiti dinamiza el comercio local de Alcoy durante la Navidad","datePublished":"2017-12-14T17:16:51+00:00","dateModified":"2017-12-14T17:24:36+00:00","mainEntityOfPage":{"@id":"https:\/\/www.copealcoy.es\/es\/tirisiti-dinamiza-el-comercio-local-de-alcoy-durante-la-navidad\/"},"wordCount":385,"commentCount":0,"image":{"@id":"https:\/\/www.copealcoy.es\/es\/tirisiti-dinamiza-el-comercio-local-de-alcoy-durante-la-navidad\/#primaryimage"},"thumbnailUrl":"https:\/\/www.copealcoy.es\/wp-content\/uploads\/2017\/12\/campanya_comer_nadal_3_20171129030024-e1513271883441.jpg","keywords":["ACECA","Alcoy","Comercio Local","Federaci\u00f3n de Comercio","Navidad","Paco Molt\u00f3","Rafael P\u00e9rez","Tirisiti","Vanessa Molt\u00f3"],"articleSection":["Alcoy","Noticias","Pol\u00edtica y Econom\u00eda"],"inLanguage":"es"},{"@type":"WebPage","@id":"https:\/\/www.copealcoy.es\/es\/tirisiti-dinamiza-el-comercio-local-de-alcoy-durante-la-navidad\/","url":"https:\/\/www.copealcoy.es\/es\/tirisiti-dinamiza-el-comercio-local-de-alcoy-durante-la-navidad\/","name":"Tirisiti dinamiza el comercio local de Alcoy durante la Navidad - COPE Alcoy","isPartOf":{"@id":"https:\/\/www.copealcoy.es\/es\/#website"},"primaryImageOfPage":{"@id":"https:\/\/www.copealcoy.es\/es\/tirisiti-dinamiza-el-comercio-local-de-alcoy-durante-la-navidad\/#primaryimage"},"image":{"@id":"https:\/\/www.copealcoy.es\/es\/tirisiti-dinamiza-el-comercio-local-de-alcoy-durante-la-navidad\/#primaryimage"},"thumbnailUrl":"https:\/\/www.copealcoy.es\/wp-content\/uploads\/2017\/12\/campanya_comer_nadal_3_20171129030024-e1513271883441.jpg","datePublished":"2017-12-14T17:16:51+00:00","dateModified":"2017-12-14T17:24:36+00:00","author":{"@id":"https:\/\/www.copealcoy.es\/es\/#\/schema\/person\/e777c87fa024e57d40170af9df39882c"},"breadcrumb":{"@id":"https:\/\/www.copealcoy.es\/es\/tirisiti-dinamiza-el-comercio-local-de-alcoy-durante-la-navidad\/#breadcrumb"},"inLanguage":"es","potentialAction":[{"@type":"ReadAction","target":["https:\/\/www.copealcoy.es\/es\/tirisiti-dinamiza-el-comercio-local-de-alcoy-durante-la-navidad\/"]}]},{"@type":"ImageObject","inLanguage":"es","@id":"https:\/\/www.copealcoy.es\/es\/tirisiti-dinamiza-el-comercio-local-de-alcoy-durante-la-navidad\/#primaryimage","url":"https:\/\/www.copealcoy.es\/wp-content\/uploads\/2017\/12\/campanya_comer_nadal_3_20171129030024-e1513271883441.jpg","contentUrl":"https:\/\/www.copealcoy.es\/wp-content\/uploads\/2017\/12\/campanya_comer_nadal_3_20171129030024-e1513271883441.jpg","width":1021,"height":578},{"@type":"BreadcrumbList","@id":"https:\/\/www.copealcoy.es\/es\/tirisiti-dinamiza-el-comercio-local-de-alcoy-durante-la-navidad\/#breadcrumb","itemListElement":[{"@type":"ListItem","position":1,"name":"Portada","item":"https:\/\/www.copealcoy.es\/es\/"},{"@type":"ListItem","position":2,"name":"Tirisiti dinamiza el comercio local de Alcoy durante la Navidad"}]},{"@type":"WebSite","@id":"https:\/\/www.copealcoy.es\/es\/#website","url":"https:\/\/www.copealcoy.es\/es\/","name":"COPE Alcoy","description":"Emisora COPE de radio local con emisi\u00f3n online. Pont de Sant Jordi 8-10 03803 Alcoy","potentialAction":[{"@type":"SearchAction","target":{"@type":"EntryPoint","urlTemplate":"https:\/\/www.copealcoy.es\/es\/?s={search_term_string}"},"query-input":{"@type":"PropertyValueSpecification","valueRequired":true,"valueName":"search_term_string"}}],"inLanguage":"es"},{"@type":"Person","@id":"https:\/\/www.copealcoy.es\/es\/#\/schema\/person\/e777c87fa024e57d40170af9df39882c","name":"Cope Alcoy","image":{"@type":"ImageObject","inLanguage":"es","@id":"https:\/\/secure.gravatar.com\/avatar\/bb65d0283347e303893ba14f0692005417c1e0e690a325a4c5d8bb2b3943ee14?s=96&d=mm&r=g","url":"https:\/\/secure.gravatar.com\/avatar\/bb65d0283347e303893ba14f0692005417c1e0e690a325a4c5d8bb2b3943ee14?s=96&d=mm&r=g","contentUrl":"https:\/\/secure.gravatar.com\/avatar\/bb65d0283347e303893ba14f0692005417c1e0e690a325a4c5d8bb2b3943ee14?s=96&d=mm&r=g","caption":"Cope Alcoy"}}]}},"_links":{"self":[{"href":"https:\/\/www.copealcoy.es\/es\/wp-json\/wp\/v2\/posts\/37458","targetHints":{"allow":["GET"]}}],"collection":[{"href":"https:\/\/www.copealcoy.es\/es\/wp-json\/wp\/v2\/posts"}],"about":[{"href":"https:\/\/www.copealcoy.es\/es\/wp-json\/wp\/v2\/types\/post"}],"author":[{"embeddable":true,"href":"https:\/\/www.copealcoy.es\/es\/wp-json\/wp\/v2\/users\/1"}],"replies":[{"embeddable":true,"href":"https:\/\/www.copealcoy.es\/es\/wp-json\/wp\/v2\/comments?post=37458"}],"version-history":[{"count":0,"href":"https:\/\/www.copealcoy.es\/es\/wp-json\/wp\/v2\/posts\/37458\/revisions"}],"wp:featuredmedia":[{"embeddable":true,"href":"https:\/\/www.copealcoy.es\/es\/wp-json\/wp\/v2\/media\/37459"}],"wp:attachment":[{"href":"https:\/\/www.copealcoy.es\/es\/wp-json\/wp\/v2\/media?parent=37458"}],"wp:term":[{"taxonomy":"category","embeddable":true,"href":"https:\/\/www.copealcoy.es\/es\/wp-json\/wp\/v2\/categories?post=37458"},{"taxonomy":"post_tag","embeddable":true,"href":"https:\/\/www.copealcoy.es\/es\/wp-json\/wp\/v2\/tags?post=37458"}],"curies":[{"name":"wp","href":"https:\/\/api.w.org\/{rel}","templated":true}]}}