{"id":37447,"date":"2017-12-14T16:28:03","date_gmt":"2017-12-14T16:28:03","guid":{"rendered":"http:\/\/copealcoi.es\/new\/?p=37447"},"modified":"2017-12-14T16:36:30","modified_gmt":"2017-12-14T16:36:30","slug":"col%c2%b7lectiu-compromis-lanza-sus-propuestas-para-los-presupuestos-municipales-del-proximo-ano","status":"publish","type":"post","link":"https:\/\/www.copealcoy.es\/es\/col%c2%b7lectiu-compromis-lanza-sus-propuestas-para-los-presupuestos-municipales-del-proximo-ano\/","title":{"rendered":"Col\u00b7lectiu-Comprom\u00eds lanza sus propuestas para los Presupuestos Municipales del pr\u00f3ximo a\u00f1o"},"content":{"rendered":"<p style=\"text-align: justify;\">La coalici\u00f3n\u00a0<strong>Col\u00b7lectiu 03820-Comprom\u00eds de Cocentaina<\/strong> ha lanzado un total de 30 propuestas para que puedan ser incluidas en los Presupuestos Municipales de la Villa Condal del pr\u00f3ximo a\u00f1o 2018.<\/p>\n<p style=\"text-align: justify;\">La formaci\u00f3n pol\u00edtica ha propuesto <strong>la adecuaci\u00f3n de las viviendas de propiedad municipal<\/strong> para ubicar el Juzgado de Paz, Radio Cocentaina u otras dependencias municipales. Tambi\u00e9n plantean <strong>la reforma de la calle Mayor<\/strong> y de las calles de la Vila, un Plan de Contador de Aguas de lectura autom\u00e1tica, un <strong>Plan Estrat\u00e9gico para el n\u00facleo antiguo<\/strong>, la rehabilitaci\u00f3n del torre\u00f3n del castillo y la creaci\u00f3n de una Programaci\u00f3n Cultural Municipal propia. Adem\u00e1s destacan otras iniciativas como <strong>el acondicionamiento de la parte final de la Avenida de Benilloba<\/strong>, cursos orales de castellano y valenciano para los que lleguen a residir a Cocentaina por primera vez, la adecuaci\u00f3n de la Caseta Molina, <strong>el proyecto &#8216;Cocentaina porta de la Mariola&#8217;<\/strong>, la adecuaci\u00f3n del solar de las casas demolidas recientemente en la calle Dolores, <strong>un proceso de participaci\u00f3n para el nuevo pliego de condiciones del servicio de limpieza y basura<\/strong>, una nueva web municipal y un portal de transparencia o la restauraci\u00f3n de los archivos del Juzgado de Paz.<\/p>\n<p style=\"text-align: justify;\">Desde Col\u00b7lectiu 03820-Comprom\u00eds defienden que el a\u00f1o que viene las cuentas locales cuenten con <strong>mayor dotaci\u00f3n econ\u00f3mica<\/strong> en partidas de promoci\u00f3n tur\u00edstica y econ\u00f3mica, actividades juveniles e infantiles, o las aportaciones que se dan a las entidades que forman parte del Consejo de Bienestar Social. De igual forma proponen <strong>la compra de veh\u00edculos el\u00e9ctricos<\/strong> y un sistema de carga para los mismos, dotar de personal a los edificios hist\u00f3ricos en fin de semana de cara a facilitar las visitas, llevar a cabo <strong>el Plan Director de la Muralla<\/strong>, la supresi\u00f3n de las barreras arquitect\u00f3nicas de la Avenida del Ferrocarril, la esterilizaci\u00f3n de colonias de gatos, la creaci\u00f3n de un roc\u00f3dromo municipal o<strong> mejorar los pol\u00edgonos industriales<\/strong>; especialmente el acceso al \u00e1rea industrial de Els Algars.<\/p>\n<p style=\"text-align: justify;\">El portavoz de esta formaci\u00f3n pol\u00edtica, <strong>Xavi Anduix<\/strong>, asegura que todas estas propuestas son positivas y afirma que <strong>las mismas tienen como principal objetivo la mejora de Cocentaina<\/strong> &#8220;<em>son propuestas concretas y que se pueden llevar adelante siempre que haya voluntad pol\u00edtica de hacerlas. Algunas ya las hemos ido reivindicando y propuesto durante toda la legislatura y a\u00fan no se han hecho realidad. Pedimos al PSOE voluntad pol\u00edtica para hacerlas realidad y ganas de mejorar Cocentaina de verdad<\/em>&#8220;, asevera.<\/p>\n<p style=\"text-align: justify;\">A\u00f1adir que\u00a0Col\u00b7lectiu 03820-Comprom\u00eds tambi\u00e9n ha propuesto un estudio sobre <strong>la construcci\u00f3n del Trinquete Municipal<\/strong> y de un parque de perros junto a la dotaci\u00f3n de sanitarios p\u00fablicos en los parques p\u00fablicos de Paquito El Chocolatero y la zona 4.4.<\/p>\n<p>&nbsp;<\/p>\n","protected":false},"excerpt":{"rendered":"<p>La coalici\u00f3n\u00a0Col\u00b7lectiu 03820-Comprom\u00eds de Cocentaina ha lanzado un total de 30 propuestas para que puedan ser incluidas en los Presupuestos&#8230;<\/p>\n","protected":false},"author":1,"featured_media":35047,"comment_status":"open","ping_status":"open","sticky":false,"template":"","format":"standard","meta":{"footnotes":""},"categories":[98,75],"tags":[132,5005,237,1572,2465,1790],"class_list":["post-37447","post","type-post","status-publish","format-standard","has-post-thumbnail","hentry","category-comarcas","category-noticias","tag-cocentaina","tag-col-lectiu-03820-compromis","tag-comtat","tag-presupuestos-municipales","tag-propuestas","tag-xavi-anduix"],"yoast_head":"<!-- This site is optimized with the Yoast SEO plugin v27.3 - https:\/\/yoast.com\/product\/yoast-seo-wordpress\/ -->\n<title>Col\u00b7lectiu-Comprom\u00eds lanza sus propuestas para los Presupuestos Municipales del pr\u00f3ximo a\u00f1o - COPE Alcoy<\/title>\n<meta name=\"robots\" content=\"index, follow, max-snippet:-1, max-image-preview:large, max-video-preview:-1\" \/>\n<link rel=\"canonical\" href=\"https:\/\/www.copealcoy.es\/es\/col%c2%b7lectiu-compromis-lanza-sus-propuestas-para-los-presupuestos-municipales-del-proximo-ano\/\" \/>\n<meta property=\"og:locale\" content=\"es_ES\" \/>\n<meta property=\"og:type\" content=\"article\" \/>\n<meta property=\"og:title\" content=\"Col\u00b7lectiu-Comprom\u00eds lanza sus propuestas para los Presupuestos Municipales del pr\u00f3ximo a\u00f1o - COPE Alcoy\" \/>\n<meta property=\"og:description\" content=\"La coalici\u00f3n\u00a0Col\u00b7lectiu 03820-Comprom\u00eds de Cocentaina ha lanzado un total de 30 propuestas para que puedan ser incluidas en los Presupuestos...\" \/>\n<meta property=\"og:url\" content=\"https:\/\/www.copealcoy.es\/es\/col%c2%b7lectiu-compromis-lanza-sus-propuestas-para-los-presupuestos-municipales-del-proximo-ano\/\" \/>\n<meta property=\"og:site_name\" content=\"COPE Alcoy\" \/>\n<meta property=\"article:published_time\" content=\"2017-12-14T16:28:03+00:00\" \/>\n<meta property=\"article:modified_time\" content=\"2017-12-14T16:36:30+00:00\" \/>\n<meta property=\"og:image\" content=\"https:\/\/www.copealcoy.es\/wp-content\/uploads\/2017\/09\/GRUP_MUNICIPAL_20170918030206.jpg\" \/>\n\t<meta property=\"og:image:width\" content=\"960\" \/>\n\t<meta property=\"og:image:height\" content=\"585\" \/>\n\t<meta property=\"og:image:type\" content=\"image\/jpeg\" \/>\n<meta name=\"author\" content=\"Cope Alcoy\" \/>\n<meta name=\"twitter:label1\" content=\"Escrito por\" \/>\n\t<meta name=\"twitter:data1\" content=\"Cope Alcoy\" \/>\n\t<meta name=\"twitter:label2\" content=\"Tiempo de lectura\" \/>\n\t<meta name=\"twitter:data2\" content=\"2 minutos\" \/>\n<script type=\"application\/ld+json\" class=\"yoast-schema-graph\">{\"@context\":\"https:\\\/\\\/schema.org\",\"@graph\":[{\"@type\":\"Article\",\"@id\":\"https:\\\/\\\/www.copealcoy.es\\\/es\\\/col%c2%b7lectiu-compromis-lanza-sus-propuestas-para-los-presupuestos-municipales-del-proximo-ano\\\/#article\",\"isPartOf\":{\"@id\":\"https:\\\/\\\/www.copealcoy.es\\\/es\\\/col%c2%b7lectiu-compromis-lanza-sus-propuestas-para-los-presupuestos-municipales-del-proximo-ano\\\/\"},\"author\":{\"name\":\"Cope Alcoy\",\"@id\":\"https:\\\/\\\/www.copealcoy.es\\\/es\\\/#\\\/schema\\\/person\\\/e777c87fa024e57d40170af9df39882c\"},\"headline\":\"Col\u00b7lectiu-Comprom\u00eds lanza sus propuestas para los Presupuestos Municipales del pr\u00f3ximo a\u00f1o\",\"datePublished\":\"2017-12-14T16:28:03+00:00\",\"dateModified\":\"2017-12-14T16:36:30+00:00\",\"mainEntityOfPage\":{\"@id\":\"https:\\\/\\\/www.copealcoy.es\\\/es\\\/col%c2%b7lectiu-compromis-lanza-sus-propuestas-para-los-presupuestos-municipales-del-proximo-ano\\\/\"},\"wordCount\":503,\"commentCount\":0,\"image\":{\"@id\":\"https:\\\/\\\/www.copealcoy.es\\\/es\\\/col%c2%b7lectiu-compromis-lanza-sus-propuestas-para-los-presupuestos-municipales-del-proximo-ano\\\/#primaryimage\"},\"thumbnailUrl\":\"https:\\\/\\\/www.copealcoy.es\\\/wp-content\\\/uploads\\\/2017\\\/09\\\/GRUP_MUNICIPAL_20170918030206.jpg\",\"keywords\":[\"Cocentaina\",\"Col.lectiu 03820-Comprom\u00eds\",\"Comtat\",\"Presupuestos Municipales\",\"Propuestas\",\"Xavi Anduix\"],\"articleSection\":[\"Comarcas\",\"Noticias\"],\"inLanguage\":\"es\"},{\"@type\":\"WebPage\",\"@id\":\"https:\\\/\\\/www.copealcoy.es\\\/es\\\/col%c2%b7lectiu-compromis-lanza-sus-propuestas-para-los-presupuestos-municipales-del-proximo-ano\\\/\",\"url\":\"https:\\\/\\\/www.copealcoy.es\\\/es\\\/col%c2%b7lectiu-compromis-lanza-sus-propuestas-para-los-presupuestos-municipales-del-proximo-ano\\\/\",\"name\":\"Col\u00b7lectiu-Comprom\u00eds lanza sus propuestas para los Presupuestos Municipales del pr\u00f3ximo a\u00f1o - COPE Alcoy\",\"isPartOf\":{\"@id\":\"https:\\\/\\\/www.copealcoy.es\\\/es\\\/#website\"},\"primaryImageOfPage\":{\"@id\":\"https:\\\/\\\/www.copealcoy.es\\\/es\\\/col%c2%b7lectiu-compromis-lanza-sus-propuestas-para-los-presupuestos-municipales-del-proximo-ano\\\/#primaryimage\"},\"image\":{\"@id\":\"https:\\\/\\\/www.copealcoy.es\\\/es\\\/col%c2%b7lectiu-compromis-lanza-sus-propuestas-para-los-presupuestos-municipales-del-proximo-ano\\\/#primaryimage\"},\"thumbnailUrl\":\"https:\\\/\\\/www.copealcoy.es\\\/wp-content\\\/uploads\\\/2017\\\/09\\\/GRUP_MUNICIPAL_20170918030206.jpg\",\"datePublished\":\"2017-12-14T16:28:03+00:00\",\"dateModified\":\"2017-12-14T16:36:30+00:00\",\"author\":{\"@id\":\"https:\\\/\\\/www.copealcoy.es\\\/es\\\/#\\\/schema\\\/person\\\/e777c87fa024e57d40170af9df39882c\"},\"breadcrumb\":{\"@id\":\"https:\\\/\\\/www.copealcoy.es\\\/es\\\/col%c2%b7lectiu-compromis-lanza-sus-propuestas-para-los-presupuestos-municipales-del-proximo-ano\\\/#breadcrumb\"},\"inLanguage\":\"es\",\"potentialAction\":[{\"@type\":\"ReadAction\",\"target\":[\"https:\\\/\\\/www.copealcoy.es\\\/es\\\/col%c2%b7lectiu-compromis-lanza-sus-propuestas-para-los-presupuestos-municipales-del-proximo-ano\\\/\"]}]},{\"@type\":\"ImageObject\",\"inLanguage\":\"es\",\"@id\":\"https:\\\/\\\/www.copealcoy.es\\\/es\\\/col%c2%b7lectiu-compromis-lanza-sus-propuestas-para-los-presupuestos-municipales-del-proximo-ano\\\/#primaryimage\",\"url\":\"https:\\\/\\\/www.copealcoy.es\\\/wp-content\\\/uploads\\\/2017\\\/09\\\/GRUP_MUNICIPAL_20170918030206.jpg\",\"contentUrl\":\"https:\\\/\\\/www.copealcoy.es\\\/wp-content\\\/uploads\\\/2017\\\/09\\\/GRUP_MUNICIPAL_20170918030206.jpg\",\"width\":960,\"height\":585,\"caption\":\"El Grupo Municipal de Col\u00b7lectiu 03820 - Comprom\u00eds en una sesi\u00f3n plenaria\"},{\"@type\":\"BreadcrumbList\",\"@id\":\"https:\\\/\\\/www.copealcoy.es\\\/es\\\/col%c2%b7lectiu-compromis-lanza-sus-propuestas-para-los-presupuestos-municipales-del-proximo-ano\\\/#breadcrumb\",\"itemListElement\":[{\"@type\":\"ListItem\",\"position\":1,\"name\":\"Portada\",\"item\":\"https:\\\/\\\/www.copealcoy.es\\\/es\\\/\"},{\"@type\":\"ListItem\",\"position\":2,\"name\":\"Col\u00b7lectiu-Comprom\u00eds lanza sus propuestas para los Presupuestos Municipales del pr\u00f3ximo a\u00f1o\"}]},{\"@type\":\"WebSite\",\"@id\":\"https:\\\/\\\/www.copealcoy.es\\\/es\\\/#website\",\"url\":\"https:\\\/\\\/www.copealcoy.es\\\/es\\\/\",\"name\":\"COPE Alcoy\",\"description\":\"Emisora COPE de radio local con emisi\u00f3n online. Pont de Sant Jordi 8-10 03803 Alcoy\",\"potentialAction\":[{\"@type\":\"SearchAction\",\"target\":{\"@type\":\"EntryPoint\",\"urlTemplate\":\"https:\\\/\\\/www.copealcoy.es\\\/es\\\/?s={search_term_string}\"},\"query-input\":{\"@type\":\"PropertyValueSpecification\",\"valueRequired\":true,\"valueName\":\"search_term_string\"}}],\"inLanguage\":\"es\"},{\"@type\":\"Person\",\"@id\":\"https:\\\/\\\/www.copealcoy.es\\\/es\\\/#\\\/schema\\\/person\\\/e777c87fa024e57d40170af9df39882c\",\"name\":\"Cope Alcoy\",\"image\":{\"@type\":\"ImageObject\",\"inLanguage\":\"es\",\"@id\":\"https:\\\/\\\/secure.gravatar.com\\\/avatar\\\/bb65d0283347e303893ba14f0692005417c1e0e690a325a4c5d8bb2b3943ee14?s=96&d=mm&r=g\",\"url\":\"https:\\\/\\\/secure.gravatar.com\\\/avatar\\\/bb65d0283347e303893ba14f0692005417c1e0e690a325a4c5d8bb2b3943ee14?s=96&d=mm&r=g\",\"contentUrl\":\"https:\\\/\\\/secure.gravatar.com\\\/avatar\\\/bb65d0283347e303893ba14f0692005417c1e0e690a325a4c5d8bb2b3943ee14?s=96&d=mm&r=g\",\"caption\":\"Cope Alcoy\"}}]}<\/script>\n<!-- \/ Yoast SEO plugin. -->","yoast_head_json":{"title":"Col\u00b7lectiu-Comprom\u00eds lanza sus propuestas para los Presupuestos Municipales del pr\u00f3ximo a\u00f1o - COPE Alcoy","robots":{"index":"index","follow":"follow","max-snippet":"max-snippet:-1","max-image-preview":"max-image-preview:large","max-video-preview":"max-video-preview:-1"},"canonical":"https:\/\/www.copealcoy.es\/es\/col%c2%b7lectiu-compromis-lanza-sus-propuestas-para-los-presupuestos-municipales-del-proximo-ano\/","og_locale":"es_ES","og_type":"article","og_title":"Col\u00b7lectiu-Comprom\u00eds lanza sus propuestas para los Presupuestos Municipales del pr\u00f3ximo a\u00f1o - COPE Alcoy","og_description":"La coalici\u00f3n\u00a0Col\u00b7lectiu 03820-Comprom\u00eds de Cocentaina ha lanzado un total de 30 propuestas para que puedan ser incluidas en los Presupuestos...","og_url":"https:\/\/www.copealcoy.es\/es\/col%c2%b7lectiu-compromis-lanza-sus-propuestas-para-los-presupuestos-municipales-del-proximo-ano\/","og_site_name":"COPE Alcoy","article_published_time":"2017-12-14T16:28:03+00:00","article_modified_time":"2017-12-14T16:36:30+00:00","og_image":[{"width":960,"height":585,"url":"https:\/\/www.copealcoy.es\/wp-content\/uploads\/2017\/09\/GRUP_MUNICIPAL_20170918030206.jpg","type":"image\/jpeg"}],"author":"Cope Alcoy","twitter_misc":{"Escrito por":"Cope Alcoy","Tiempo de lectura":"2 minutos"},"schema":{"@context":"https:\/\/schema.org","@graph":[{"@type":"Article","@id":"https:\/\/www.copealcoy.es\/es\/col%c2%b7lectiu-compromis-lanza-sus-propuestas-para-los-presupuestos-municipales-del-proximo-ano\/#article","isPartOf":{"@id":"https:\/\/www.copealcoy.es\/es\/col%c2%b7lectiu-compromis-lanza-sus-propuestas-para-los-presupuestos-municipales-del-proximo-ano\/"},"author":{"name":"Cope Alcoy","@id":"https:\/\/www.copealcoy.es\/es\/#\/schema\/person\/e777c87fa024e57d40170af9df39882c"},"headline":"Col\u00b7lectiu-Comprom\u00eds lanza sus propuestas para los Presupuestos Municipales del pr\u00f3ximo a\u00f1o","datePublished":"2017-12-14T16:28:03+00:00","dateModified":"2017-12-14T16:36:30+00:00","mainEntityOfPage":{"@id":"https:\/\/www.copealcoy.es\/es\/col%c2%b7lectiu-compromis-lanza-sus-propuestas-para-los-presupuestos-municipales-del-proximo-ano\/"},"wordCount":503,"commentCount":0,"image":{"@id":"https:\/\/www.copealcoy.es\/es\/col%c2%b7lectiu-compromis-lanza-sus-propuestas-para-los-presupuestos-municipales-del-proximo-ano\/#primaryimage"},"thumbnailUrl":"https:\/\/www.copealcoy.es\/wp-content\/uploads\/2017\/09\/GRUP_MUNICIPAL_20170918030206.jpg","keywords":["Cocentaina","Col.lectiu 03820-Comprom\u00eds","Comtat","Presupuestos Municipales","Propuestas","Xavi Anduix"],"articleSection":["Comarcas","Noticias"],"inLanguage":"es"},{"@type":"WebPage","@id":"https:\/\/www.copealcoy.es\/es\/col%c2%b7lectiu-compromis-lanza-sus-propuestas-para-los-presupuestos-municipales-del-proximo-ano\/","url":"https:\/\/www.copealcoy.es\/es\/col%c2%b7lectiu-compromis-lanza-sus-propuestas-para-los-presupuestos-municipales-del-proximo-ano\/","name":"Col\u00b7lectiu-Comprom\u00eds lanza sus propuestas para los Presupuestos Municipales del pr\u00f3ximo a\u00f1o - COPE Alcoy","isPartOf":{"@id":"https:\/\/www.copealcoy.es\/es\/#website"},"primaryImageOfPage":{"@id":"https:\/\/www.copealcoy.es\/es\/col%c2%b7lectiu-compromis-lanza-sus-propuestas-para-los-presupuestos-municipales-del-proximo-ano\/#primaryimage"},"image":{"@id":"https:\/\/www.copealcoy.es\/es\/col%c2%b7lectiu-compromis-lanza-sus-propuestas-para-los-presupuestos-municipales-del-proximo-ano\/#primaryimage"},"thumbnailUrl":"https:\/\/www.copealcoy.es\/wp-content\/uploads\/2017\/09\/GRUP_MUNICIPAL_20170918030206.jpg","datePublished":"2017-12-14T16:28:03+00:00","dateModified":"2017-12-14T16:36:30+00:00","author":{"@id":"https:\/\/www.copealcoy.es\/es\/#\/schema\/person\/e777c87fa024e57d40170af9df39882c"},"breadcrumb":{"@id":"https:\/\/www.copealcoy.es\/es\/col%c2%b7lectiu-compromis-lanza-sus-propuestas-para-los-presupuestos-municipales-del-proximo-ano\/#breadcrumb"},"inLanguage":"es","potentialAction":[{"@type":"ReadAction","target":["https:\/\/www.copealcoy.es\/es\/col%c2%b7lectiu-compromis-lanza-sus-propuestas-para-los-presupuestos-municipales-del-proximo-ano\/"]}]},{"@type":"ImageObject","inLanguage":"es","@id":"https:\/\/www.copealcoy.es\/es\/col%c2%b7lectiu-compromis-lanza-sus-propuestas-para-los-presupuestos-municipales-del-proximo-ano\/#primaryimage","url":"https:\/\/www.copealcoy.es\/wp-content\/uploads\/2017\/09\/GRUP_MUNICIPAL_20170918030206.jpg","contentUrl":"https:\/\/www.copealcoy.es\/wp-content\/uploads\/2017\/09\/GRUP_MUNICIPAL_20170918030206.jpg","width":960,"height":585,"caption":"El Grupo Municipal de Col\u00b7lectiu 03820 - Comprom\u00eds en una sesi\u00f3n plenaria"},{"@type":"BreadcrumbList","@id":"https:\/\/www.copealcoy.es\/es\/col%c2%b7lectiu-compromis-lanza-sus-propuestas-para-los-presupuestos-municipales-del-proximo-ano\/#breadcrumb","itemListElement":[{"@type":"ListItem","position":1,"name":"Portada","item":"https:\/\/www.copealcoy.es\/es\/"},{"@type":"ListItem","position":2,"name":"Col\u00b7lectiu-Comprom\u00eds lanza sus propuestas para los Presupuestos Municipales del pr\u00f3ximo a\u00f1o"}]},{"@type":"WebSite","@id":"https:\/\/www.copealcoy.es\/es\/#website","url":"https:\/\/www.copealcoy.es\/es\/","name":"COPE Alcoy","description":"Emisora COPE de radio local con emisi\u00f3n online. Pont de Sant Jordi 8-10 03803 Alcoy","potentialAction":[{"@type":"SearchAction","target":{"@type":"EntryPoint","urlTemplate":"https:\/\/www.copealcoy.es\/es\/?s={search_term_string}"},"query-input":{"@type":"PropertyValueSpecification","valueRequired":true,"valueName":"search_term_string"}}],"inLanguage":"es"},{"@type":"Person","@id":"https:\/\/www.copealcoy.es\/es\/#\/schema\/person\/e777c87fa024e57d40170af9df39882c","name":"Cope Alcoy","image":{"@type":"ImageObject","inLanguage":"es","@id":"https:\/\/secure.gravatar.com\/avatar\/bb65d0283347e303893ba14f0692005417c1e0e690a325a4c5d8bb2b3943ee14?s=96&d=mm&r=g","url":"https:\/\/secure.gravatar.com\/avatar\/bb65d0283347e303893ba14f0692005417c1e0e690a325a4c5d8bb2b3943ee14?s=96&d=mm&r=g","contentUrl":"https:\/\/secure.gravatar.com\/avatar\/bb65d0283347e303893ba14f0692005417c1e0e690a325a4c5d8bb2b3943ee14?s=96&d=mm&r=g","caption":"Cope Alcoy"}}]}},"_links":{"self":[{"href":"https:\/\/www.copealcoy.es\/es\/wp-json\/wp\/v2\/posts\/37447","targetHints":{"allow":["GET"]}}],"collection":[{"href":"https:\/\/www.copealcoy.es\/es\/wp-json\/wp\/v2\/posts"}],"about":[{"href":"https:\/\/www.copealcoy.es\/es\/wp-json\/wp\/v2\/types\/post"}],"author":[{"embeddable":true,"href":"https:\/\/www.copealcoy.es\/es\/wp-json\/wp\/v2\/users\/1"}],"replies":[{"embeddable":true,"href":"https:\/\/www.copealcoy.es\/es\/wp-json\/wp\/v2\/comments?post=37447"}],"version-history":[{"count":0,"href":"https:\/\/www.copealcoy.es\/es\/wp-json\/wp\/v2\/posts\/37447\/revisions"}],"wp:featuredmedia":[{"embeddable":true,"href":"https:\/\/www.copealcoy.es\/es\/wp-json\/wp\/v2\/media\/35047"}],"wp:attachment":[{"href":"https:\/\/www.copealcoy.es\/es\/wp-json\/wp\/v2\/media?parent=37447"}],"wp:term":[{"taxonomy":"category","embeddable":true,"href":"https:\/\/www.copealcoy.es\/es\/wp-json\/wp\/v2\/categories?post=37447"},{"taxonomy":"post_tag","embeddable":true,"href":"https:\/\/www.copealcoy.es\/es\/wp-json\/wp\/v2\/tags?post=37447"}],"curies":[{"name":"wp","href":"https:\/\/api.w.org\/{rel}","templated":true}]}}