{"id":37389,"date":"2017-12-12T15:37:56","date_gmt":"2017-12-12T15:37:56","guid":{"rendered":"http:\/\/copealcoi.es\/new\/?p=37389"},"modified":"2017-12-12T15:40:04","modified_gmt":"2017-12-12T15:40:04","slug":"ciudadanos-reclama-la-reparacion-de-las-aceras-de-la-calle-san-mateo","status":"publish","type":"post","link":"https:\/\/www.copealcoy.es\/es\/ciudadanos-reclama-la-reparacion-de-las-aceras-de-la-calle-san-mateo\/","title":{"rendered":"Ciudadanos reclama la reparaci\u00f3n de las aceras de la calle San Mateo"},"content":{"rendered":"<p style=\"text-align: justify;\">Ciudadanos Alcoy ha reclamado <strong>la reparaci\u00f3n urgente de la acera de la calle San Mateo<\/strong>. Desde la formaci\u00f3n naranja manifiestan <strong>la necesidad de que se cuide la est\u00e9tica del Centro<\/strong> de nuestra ciudad e indican que la mencionada calles San Mateo <strong>es una zona <\/strong>que adquiere especial relevancia al tratarse de <strong>una de las puertas de acceso a la Glorieta<\/strong> &#8220;<em>est\u00e1 muy cerca y adquiere especial relevancia al tratarse de una de las puertas de acceso a la <strong>Glorieta<\/strong>, un parque que es uno de los puntos claves de los diferentes eventos que se realizan en Alcoy como la Fira de Nadal, las Fiestas de San Jorge, la Fira Modernista, la del 9 d&#8217;Octubre o el Mig Any<\/em>&#8220;, apunta la concejala, <strong>Maribel S\u00e1nchez<\/strong>.<\/p>\n<p style=\"text-align: justify;\">Por \u00faltimo S\u00e1nchez ha recordado que <strong>la acera de la izquierda, en sentido de bajada<\/strong>, &#8220;<em>si que est\u00e1 muy bien urbanizada y con los pilones restaurados lo que contrasta a\u00fan m\u00e1s con el mal estado del lado contrario de la calle<\/em>&#8220;, concluye la mun\u00edcipe.<\/p>\n","protected":false},"excerpt":{"rendered":"<p>Ciudadanos Alcoy ha reclamado la reparaci\u00f3n urgente de la acera de la calle San Mateo. Desde la formaci\u00f3n naranja manifiestan&#8230;<\/p>\n","protected":false},"author":1,"featured_media":37390,"comment_status":"open","ping_status":"open","sticky":false,"template":"","format":"standard","meta":{"footnotes":""},"categories":[97,75,79],"tags":[1034,1494,4995,349,2078,2537,222],"class_list":["post-37389","post","type-post","status-publish","format-standard","has-post-thumbnail","hentry","category-alcoy","category-noticias","category-politicayeconomia","tag-aceras","tag-alcoy","tag-calle-san-mateo","tag-ciudadanos","tag-maribel-sanchez","tag-reclama","tag-reparacion"],"yoast_head":"<!-- This site is optimized with the Yoast SEO plugin v27.3 - https:\/\/yoast.com\/product\/yoast-seo-wordpress\/ -->\n<title>Ciudadanos reclama la reparaci\u00f3n de las aceras de la calle San Mateo - COPE Alcoy<\/title>\n<meta name=\"robots\" content=\"index, follow, max-snippet:-1, max-image-preview:large, max-video-preview:-1\" \/>\n<link rel=\"canonical\" href=\"https:\/\/www.copealcoy.es\/es\/ciudadanos-reclama-la-reparacion-de-las-aceras-de-la-calle-san-mateo\/\" \/>\n<meta property=\"og:locale\" content=\"es_ES\" \/>\n<meta property=\"og:type\" content=\"article\" \/>\n<meta property=\"og:title\" content=\"Ciudadanos reclama la reparaci\u00f3n de las aceras de la calle San Mateo - COPE Alcoy\" \/>\n<meta property=\"og:description\" content=\"Ciudadanos Alcoy ha reclamado la reparaci\u00f3n urgente de la acera de la calle San Mateo. Desde la formaci\u00f3n naranja manifiestan...\" \/>\n<meta property=\"og:url\" content=\"https:\/\/www.copealcoy.es\/es\/ciudadanos-reclama-la-reparacion-de-las-aceras-de-la-calle-san-mateo\/\" \/>\n<meta property=\"og:site_name\" content=\"COPE Alcoy\" \/>\n<meta property=\"article:published_time\" content=\"2017-12-12T15:37:56+00:00\" \/>\n<meta property=\"article:modified_time\" content=\"2017-12-12T15:40:04+00:00\" \/>\n<meta property=\"og:image\" content=\"https:\/\/www.copealcoy.es\/wp-content\/uploads\/2017\/12\/20171121_093225-1024x576.jpg\" \/>\n\t<meta property=\"og:image:width\" content=\"1024\" \/>\n\t<meta property=\"og:image:height\" content=\"576\" \/>\n\t<meta property=\"og:image:type\" content=\"image\/jpeg\" \/>\n<meta name=\"author\" content=\"Cope Alcoy\" \/>\n<meta name=\"twitter:label1\" content=\"Escrito por\" \/>\n\t<meta name=\"twitter:data1\" content=\"Cope Alcoy\" \/>\n\t<meta name=\"twitter:label2\" content=\"Tiempo de lectura\" \/>\n\t<meta name=\"twitter:data2\" content=\"1 minuto\" \/>\n<script type=\"application\/ld+json\" class=\"yoast-schema-graph\">{\"@context\":\"https:\\\/\\\/schema.org\",\"@graph\":[{\"@type\":\"Article\",\"@id\":\"https:\\\/\\\/www.copealcoy.es\\\/es\\\/ciudadanos-reclama-la-reparacion-de-las-aceras-de-la-calle-san-mateo\\\/#article\",\"isPartOf\":{\"@id\":\"https:\\\/\\\/www.copealcoy.es\\\/es\\\/ciudadanos-reclama-la-reparacion-de-las-aceras-de-la-calle-san-mateo\\\/\"},\"author\":{\"name\":\"Cope Alcoy\",\"@id\":\"https:\\\/\\\/www.copealcoy.es\\\/es\\\/#\\\/schema\\\/person\\\/e777c87fa024e57d40170af9df39882c\"},\"headline\":\"Ciudadanos reclama la reparaci\u00f3n de las aceras de la calle San Mateo\",\"datePublished\":\"2017-12-12T15:37:56+00:00\",\"dateModified\":\"2017-12-12T15:40:04+00:00\",\"mainEntityOfPage\":{\"@id\":\"https:\\\/\\\/www.copealcoy.es\\\/es\\\/ciudadanos-reclama-la-reparacion-de-las-aceras-de-la-calle-san-mateo\\\/\"},\"wordCount\":188,\"commentCount\":0,\"image\":{\"@id\":\"https:\\\/\\\/www.copealcoy.es\\\/es\\\/ciudadanos-reclama-la-reparacion-de-las-aceras-de-la-calle-san-mateo\\\/#primaryimage\"},\"thumbnailUrl\":\"https:\\\/\\\/www.copealcoy.es\\\/wp-content\\\/uploads\\\/2017\\\/12\\\/20171121_093225.jpg\",\"keywords\":[\"Aceras\",\"Alcoy\",\"calle San Mateo\",\"Ciudadanos\",\"Maribel S\u00e1nchez\",\"reclama\",\"Reparaci\u00f3n\"],\"articleSection\":[\"Alcoy\",\"Noticias\",\"Pol\u00edtica y Econom\u00eda\"],\"inLanguage\":\"es\"},{\"@type\":\"WebPage\",\"@id\":\"https:\\\/\\\/www.copealcoy.es\\\/es\\\/ciudadanos-reclama-la-reparacion-de-las-aceras-de-la-calle-san-mateo\\\/\",\"url\":\"https:\\\/\\\/www.copealcoy.es\\\/es\\\/ciudadanos-reclama-la-reparacion-de-las-aceras-de-la-calle-san-mateo\\\/\",\"name\":\"Ciudadanos reclama la reparaci\u00f3n de las aceras de la calle San Mateo - COPE Alcoy\",\"isPartOf\":{\"@id\":\"https:\\\/\\\/www.copealcoy.es\\\/es\\\/#website\"},\"primaryImageOfPage\":{\"@id\":\"https:\\\/\\\/www.copealcoy.es\\\/es\\\/ciudadanos-reclama-la-reparacion-de-las-aceras-de-la-calle-san-mateo\\\/#primaryimage\"},\"image\":{\"@id\":\"https:\\\/\\\/www.copealcoy.es\\\/es\\\/ciudadanos-reclama-la-reparacion-de-las-aceras-de-la-calle-san-mateo\\\/#primaryimage\"},\"thumbnailUrl\":\"https:\\\/\\\/www.copealcoy.es\\\/wp-content\\\/uploads\\\/2017\\\/12\\\/20171121_093225.jpg\",\"datePublished\":\"2017-12-12T15:37:56+00:00\",\"dateModified\":\"2017-12-12T15:40:04+00:00\",\"author\":{\"@id\":\"https:\\\/\\\/www.copealcoy.es\\\/es\\\/#\\\/schema\\\/person\\\/e777c87fa024e57d40170af9df39882c\"},\"breadcrumb\":{\"@id\":\"https:\\\/\\\/www.copealcoy.es\\\/es\\\/ciudadanos-reclama-la-reparacion-de-las-aceras-de-la-calle-san-mateo\\\/#breadcrumb\"},\"inLanguage\":\"es\",\"potentialAction\":[{\"@type\":\"ReadAction\",\"target\":[\"https:\\\/\\\/www.copealcoy.es\\\/es\\\/ciudadanos-reclama-la-reparacion-de-las-aceras-de-la-calle-san-mateo\\\/\"]}]},{\"@type\":\"ImageObject\",\"inLanguage\":\"es\",\"@id\":\"https:\\\/\\\/www.copealcoy.es\\\/es\\\/ciudadanos-reclama-la-reparacion-de-las-aceras-de-la-calle-san-mateo\\\/#primaryimage\",\"url\":\"https:\\\/\\\/www.copealcoy.es\\\/wp-content\\\/uploads\\\/2017\\\/12\\\/20171121_093225.jpg\",\"contentUrl\":\"https:\\\/\\\/www.copealcoy.es\\\/wp-content\\\/uploads\\\/2017\\\/12\\\/20171121_093225.jpg\",\"width\":4128,\"height\":2322,\"caption\":\"Aspecto que presentan las aceras de la calle San Mateo\"},{\"@type\":\"BreadcrumbList\",\"@id\":\"https:\\\/\\\/www.copealcoy.es\\\/es\\\/ciudadanos-reclama-la-reparacion-de-las-aceras-de-la-calle-san-mateo\\\/#breadcrumb\",\"itemListElement\":[{\"@type\":\"ListItem\",\"position\":1,\"name\":\"Portada\",\"item\":\"https:\\\/\\\/www.copealcoy.es\\\/es\\\/\"},{\"@type\":\"ListItem\",\"position\":2,\"name\":\"Ciudadanos reclama la reparaci\u00f3n de las aceras de la calle San Mateo\"}]},{\"@type\":\"WebSite\",\"@id\":\"https:\\\/\\\/www.copealcoy.es\\\/es\\\/#website\",\"url\":\"https:\\\/\\\/www.copealcoy.es\\\/es\\\/\",\"name\":\"COPE Alcoy\",\"description\":\"Emisora COPE de radio local con emisi\u00f3n online. Pont de Sant Jordi 8-10 03803 Alcoy\",\"potentialAction\":[{\"@type\":\"SearchAction\",\"target\":{\"@type\":\"EntryPoint\",\"urlTemplate\":\"https:\\\/\\\/www.copealcoy.es\\\/es\\\/?s={search_term_string}\"},\"query-input\":{\"@type\":\"PropertyValueSpecification\",\"valueRequired\":true,\"valueName\":\"search_term_string\"}}],\"inLanguage\":\"es\"},{\"@type\":\"Person\",\"@id\":\"https:\\\/\\\/www.copealcoy.es\\\/es\\\/#\\\/schema\\\/person\\\/e777c87fa024e57d40170af9df39882c\",\"name\":\"Cope Alcoy\",\"image\":{\"@type\":\"ImageObject\",\"inLanguage\":\"es\",\"@id\":\"https:\\\/\\\/secure.gravatar.com\\\/avatar\\\/bb65d0283347e303893ba14f0692005417c1e0e690a325a4c5d8bb2b3943ee14?s=96&d=mm&r=g\",\"url\":\"https:\\\/\\\/secure.gravatar.com\\\/avatar\\\/bb65d0283347e303893ba14f0692005417c1e0e690a325a4c5d8bb2b3943ee14?s=96&d=mm&r=g\",\"contentUrl\":\"https:\\\/\\\/secure.gravatar.com\\\/avatar\\\/bb65d0283347e303893ba14f0692005417c1e0e690a325a4c5d8bb2b3943ee14?s=96&d=mm&r=g\",\"caption\":\"Cope Alcoy\"}}]}<\/script>\n<!-- \/ Yoast SEO plugin. -->","yoast_head_json":{"title":"Ciudadanos reclama la reparaci\u00f3n de las aceras de la calle San Mateo - COPE Alcoy","robots":{"index":"index","follow":"follow","max-snippet":"max-snippet:-1","max-image-preview":"max-image-preview:large","max-video-preview":"max-video-preview:-1"},"canonical":"https:\/\/www.copealcoy.es\/es\/ciudadanos-reclama-la-reparacion-de-las-aceras-de-la-calle-san-mateo\/","og_locale":"es_ES","og_type":"article","og_title":"Ciudadanos reclama la reparaci\u00f3n de las aceras de la calle San Mateo - COPE Alcoy","og_description":"Ciudadanos Alcoy ha reclamado la reparaci\u00f3n urgente de la acera de la calle San Mateo. Desde la formaci\u00f3n naranja manifiestan...","og_url":"https:\/\/www.copealcoy.es\/es\/ciudadanos-reclama-la-reparacion-de-las-aceras-de-la-calle-san-mateo\/","og_site_name":"COPE Alcoy","article_published_time":"2017-12-12T15:37:56+00:00","article_modified_time":"2017-12-12T15:40:04+00:00","og_image":[{"width":1024,"height":576,"url":"https:\/\/www.copealcoy.es\/wp-content\/uploads\/2017\/12\/20171121_093225-1024x576.jpg","type":"image\/jpeg"}],"author":"Cope Alcoy","twitter_misc":{"Escrito por":"Cope Alcoy","Tiempo de lectura":"1 minuto"},"schema":{"@context":"https:\/\/schema.org","@graph":[{"@type":"Article","@id":"https:\/\/www.copealcoy.es\/es\/ciudadanos-reclama-la-reparacion-de-las-aceras-de-la-calle-san-mateo\/#article","isPartOf":{"@id":"https:\/\/www.copealcoy.es\/es\/ciudadanos-reclama-la-reparacion-de-las-aceras-de-la-calle-san-mateo\/"},"author":{"name":"Cope Alcoy","@id":"https:\/\/www.copealcoy.es\/es\/#\/schema\/person\/e777c87fa024e57d40170af9df39882c"},"headline":"Ciudadanos reclama la reparaci\u00f3n de las aceras de la calle San Mateo","datePublished":"2017-12-12T15:37:56+00:00","dateModified":"2017-12-12T15:40:04+00:00","mainEntityOfPage":{"@id":"https:\/\/www.copealcoy.es\/es\/ciudadanos-reclama-la-reparacion-de-las-aceras-de-la-calle-san-mateo\/"},"wordCount":188,"commentCount":0,"image":{"@id":"https:\/\/www.copealcoy.es\/es\/ciudadanos-reclama-la-reparacion-de-las-aceras-de-la-calle-san-mateo\/#primaryimage"},"thumbnailUrl":"https:\/\/www.copealcoy.es\/wp-content\/uploads\/2017\/12\/20171121_093225.jpg","keywords":["Aceras","Alcoy","calle San Mateo","Ciudadanos","Maribel S\u00e1nchez","reclama","Reparaci\u00f3n"],"articleSection":["Alcoy","Noticias","Pol\u00edtica y Econom\u00eda"],"inLanguage":"es"},{"@type":"WebPage","@id":"https:\/\/www.copealcoy.es\/es\/ciudadanos-reclama-la-reparacion-de-las-aceras-de-la-calle-san-mateo\/","url":"https:\/\/www.copealcoy.es\/es\/ciudadanos-reclama-la-reparacion-de-las-aceras-de-la-calle-san-mateo\/","name":"Ciudadanos reclama la reparaci\u00f3n de las aceras de la calle San Mateo - COPE Alcoy","isPartOf":{"@id":"https:\/\/www.copealcoy.es\/es\/#website"},"primaryImageOfPage":{"@id":"https:\/\/www.copealcoy.es\/es\/ciudadanos-reclama-la-reparacion-de-las-aceras-de-la-calle-san-mateo\/#primaryimage"},"image":{"@id":"https:\/\/www.copealcoy.es\/es\/ciudadanos-reclama-la-reparacion-de-las-aceras-de-la-calle-san-mateo\/#primaryimage"},"thumbnailUrl":"https:\/\/www.copealcoy.es\/wp-content\/uploads\/2017\/12\/20171121_093225.jpg","datePublished":"2017-12-12T15:37:56+00:00","dateModified":"2017-12-12T15:40:04+00:00","author":{"@id":"https:\/\/www.copealcoy.es\/es\/#\/schema\/person\/e777c87fa024e57d40170af9df39882c"},"breadcrumb":{"@id":"https:\/\/www.copealcoy.es\/es\/ciudadanos-reclama-la-reparacion-de-las-aceras-de-la-calle-san-mateo\/#breadcrumb"},"inLanguage":"es","potentialAction":[{"@type":"ReadAction","target":["https:\/\/www.copealcoy.es\/es\/ciudadanos-reclama-la-reparacion-de-las-aceras-de-la-calle-san-mateo\/"]}]},{"@type":"ImageObject","inLanguage":"es","@id":"https:\/\/www.copealcoy.es\/es\/ciudadanos-reclama-la-reparacion-de-las-aceras-de-la-calle-san-mateo\/#primaryimage","url":"https:\/\/www.copealcoy.es\/wp-content\/uploads\/2017\/12\/20171121_093225.jpg","contentUrl":"https:\/\/www.copealcoy.es\/wp-content\/uploads\/2017\/12\/20171121_093225.jpg","width":4128,"height":2322,"caption":"Aspecto que presentan las aceras de la calle San Mateo"},{"@type":"BreadcrumbList","@id":"https:\/\/www.copealcoy.es\/es\/ciudadanos-reclama-la-reparacion-de-las-aceras-de-la-calle-san-mateo\/#breadcrumb","itemListElement":[{"@type":"ListItem","position":1,"name":"Portada","item":"https:\/\/www.copealcoy.es\/es\/"},{"@type":"ListItem","position":2,"name":"Ciudadanos reclama la reparaci\u00f3n de las aceras de la calle San Mateo"}]},{"@type":"WebSite","@id":"https:\/\/www.copealcoy.es\/es\/#website","url":"https:\/\/www.copealcoy.es\/es\/","name":"COPE Alcoy","description":"Emisora COPE de radio local con emisi\u00f3n online. Pont de Sant Jordi 8-10 03803 Alcoy","potentialAction":[{"@type":"SearchAction","target":{"@type":"EntryPoint","urlTemplate":"https:\/\/www.copealcoy.es\/es\/?s={search_term_string}"},"query-input":{"@type":"PropertyValueSpecification","valueRequired":true,"valueName":"search_term_string"}}],"inLanguage":"es"},{"@type":"Person","@id":"https:\/\/www.copealcoy.es\/es\/#\/schema\/person\/e777c87fa024e57d40170af9df39882c","name":"Cope Alcoy","image":{"@type":"ImageObject","inLanguage":"es","@id":"https:\/\/secure.gravatar.com\/avatar\/bb65d0283347e303893ba14f0692005417c1e0e690a325a4c5d8bb2b3943ee14?s=96&d=mm&r=g","url":"https:\/\/secure.gravatar.com\/avatar\/bb65d0283347e303893ba14f0692005417c1e0e690a325a4c5d8bb2b3943ee14?s=96&d=mm&r=g","contentUrl":"https:\/\/secure.gravatar.com\/avatar\/bb65d0283347e303893ba14f0692005417c1e0e690a325a4c5d8bb2b3943ee14?s=96&d=mm&r=g","caption":"Cope Alcoy"}}]}},"_links":{"self":[{"href":"https:\/\/www.copealcoy.es\/es\/wp-json\/wp\/v2\/posts\/37389","targetHints":{"allow":["GET"]}}],"collection":[{"href":"https:\/\/www.copealcoy.es\/es\/wp-json\/wp\/v2\/posts"}],"about":[{"href":"https:\/\/www.copealcoy.es\/es\/wp-json\/wp\/v2\/types\/post"}],"author":[{"embeddable":true,"href":"https:\/\/www.copealcoy.es\/es\/wp-json\/wp\/v2\/users\/1"}],"replies":[{"embeddable":true,"href":"https:\/\/www.copealcoy.es\/es\/wp-json\/wp\/v2\/comments?post=37389"}],"version-history":[{"count":0,"href":"https:\/\/www.copealcoy.es\/es\/wp-json\/wp\/v2\/posts\/37389\/revisions"}],"wp:featuredmedia":[{"embeddable":true,"href":"https:\/\/www.copealcoy.es\/es\/wp-json\/wp\/v2\/media\/37390"}],"wp:attachment":[{"href":"https:\/\/www.copealcoy.es\/es\/wp-json\/wp\/v2\/media?parent=37389"}],"wp:term":[{"taxonomy":"category","embeddable":true,"href":"https:\/\/www.copealcoy.es\/es\/wp-json\/wp\/v2\/categories?post=37389"},{"taxonomy":"post_tag","embeddable":true,"href":"https:\/\/www.copealcoy.es\/es\/wp-json\/wp\/v2\/tags?post=37389"}],"curies":[{"name":"wp","href":"https:\/\/api.w.org\/{rel}","templated":true}]}}