{"id":37368,"date":"2017-12-11T16:42:58","date_gmt":"2017-12-11T16:42:58","guid":{"rendered":"http:\/\/copealcoi.es\/new\/?p=37368"},"modified":"2017-12-11T16:44:21","modified_gmt":"2017-12-11T16:44:21","slug":"compromis-denuncia-que-alcoy-ha-perdido-una-subvencion-para-las-pinturas-de-la-sarga","status":"publish","type":"post","link":"https:\/\/www.copealcoy.es\/es\/compromis-denuncia-que-alcoy-ha-perdido-una-subvencion-para-las-pinturas-de-la-sarga\/","title":{"rendered":"Comprom\u00eds denuncia que Alcoy ha perdido una subvenci\u00f3n para las pinturas de La Sarga"},"content":{"rendered":"<p style=\"text-align: justify;\">El <strong>Grupo Municipal de Comprom\u00eds<\/strong> en el Ayuntamiento de Alcoy ha denunciado que <strong>la ciudad ha perdido una subvenci\u00f3n de la Conselleria de Cultura<\/strong> para la puesta en valor de las pinturas rupestres de La Sarga.\u00a0La formaci\u00f3n nacionalista asegura <strong>estas ayudas se corresponden a los bienes que son declarados patrimonio por parte de la UNESCO<\/strong> e indica que Alcoy <strong>ser\u00eda el \u00fanico municipio<\/strong> que ha visto su solicitud denegada por presentar la documentaci\u00f3n fuera de plazo.<\/p>\n<p style=\"text-align: justify;\">El portavoz de Comprom\u00eds, <strong>M\u00e0rius Ivorra<\/strong>, critica la actitud del Gobierno Local del PSOE <strong>al dejar perder estas ayudas<\/strong> y destaca que<strong> la ciudad ya ha dejado de lado por defectos de gesti\u00f3n otras subvenciones<\/strong> como la de los talleres ocupacionales\u00a0o\u00a0para la contrataci\u00f3n &#8220;<em>todo queda en grandes titulares y noticias de cara a la galer\u00eda, pero despu\u00e9s el trabajo m\u00e1s importante, el de despacho, no se hace<\/em>&#8220;, apunta.<\/p>\n<p style=\"text-align: justify;\">Por \u00faltimo Ivorra lamenta que Alcoy ya <strong>acumula la p\u00e9rdida de varias subvenciones por presentarlas fuera de plazo<\/strong> &#8220;<em>el presupuesto municipal limita muchas acciones, pero estas limitaciones se pueden suplir trabajando en buscar dinero de otras instituciones a trav\u00e9s de subvenciones p\u00fablicas, que son una buena forma de poder llegar a donde el Ayuntamiento no puede<\/em>&#8220;, concluye.<\/p>\n<p style=\"text-align: justify;\">\n","protected":false},"excerpt":{"rendered":"<p>El Grupo Municipal de Comprom\u00eds en el Ayuntamiento de Alcoy ha denunciado que la ciudad ha perdido una subvenci\u00f3n de&#8230;<\/p>\n","protected":false},"author":1,"featured_media":21340,"comment_status":"open","ping_status":"open","sticky":false,"template":"","format":"standard","meta":{"footnotes":""},"categories":[97,75,79],"tags":[482,1494,152,1461,4992,4991,3835,1033],"class_list":["post-37368","post","type-post","status-publish","format-standard","has-post-thumbnail","hentry","category-alcoy","category-noticias","category-politicayeconomia","tag-alcoia","tag-alcoy","tag-compromis","tag-denuncia","tag-la-sarga","tag-perdida","tag-pinturas","tag-subvencion"],"yoast_head":"<!-- This site is optimized with the Yoast SEO plugin v27.3 - https:\/\/yoast.com\/product\/yoast-seo-wordpress\/ -->\n<title>Comprom\u00eds denuncia que Alcoy ha perdido una subvenci\u00f3n para las pinturas de La Sarga - COPE Alcoy<\/title>\n<meta name=\"robots\" content=\"index, follow, max-snippet:-1, max-image-preview:large, max-video-preview:-1\" \/>\n<link rel=\"canonical\" href=\"https:\/\/www.copealcoy.es\/es\/compromis-denuncia-que-alcoy-ha-perdido-una-subvencion-para-las-pinturas-de-la-sarga\/\" \/>\n<meta property=\"og:locale\" content=\"es_ES\" \/>\n<meta property=\"og:type\" content=\"article\" \/>\n<meta property=\"og:title\" content=\"Comprom\u00eds denuncia que Alcoy ha perdido una subvenci\u00f3n para las pinturas de La Sarga - COPE Alcoy\" \/>\n<meta property=\"og:description\" content=\"El Grupo Municipal de Comprom\u00eds en el Ayuntamiento de Alcoy ha denunciado que la ciudad ha perdido una subvenci\u00f3n de...\" \/>\n<meta property=\"og:url\" content=\"https:\/\/www.copealcoy.es\/es\/compromis-denuncia-que-alcoy-ha-perdido-una-subvencion-para-las-pinturas-de-la-sarga\/\" \/>\n<meta property=\"og:site_name\" content=\"COPE Alcoy\" \/>\n<meta property=\"article:published_time\" content=\"2017-12-11T16:42:58+00:00\" \/>\n<meta property=\"article:modified_time\" content=\"2017-12-11T16:44:21+00:00\" \/>\n<meta property=\"og:image\" content=\"https:\/\/www.copealcoy.es\/wp-content\/uploads\/2016\/05\/cd4fff15c2768dd158dda31b73f37921.jpg\" \/>\n\t<meta property=\"og:image:width\" content=\"640\" \/>\n\t<meta property=\"og:image:height\" content=\"357\" \/>\n\t<meta property=\"og:image:type\" content=\"image\/jpeg\" \/>\n<meta name=\"author\" content=\"Cope Alcoy\" \/>\n<meta name=\"twitter:label1\" content=\"Escrito por\" \/>\n\t<meta name=\"twitter:data1\" content=\"Cope Alcoy\" \/>\n\t<meta name=\"twitter:label2\" content=\"Tiempo de lectura\" \/>\n\t<meta name=\"twitter:data2\" content=\"1 minuto\" \/>\n<script type=\"application\/ld+json\" class=\"yoast-schema-graph\">{\"@context\":\"https:\\\/\\\/schema.org\",\"@graph\":[{\"@type\":\"Article\",\"@id\":\"https:\\\/\\\/www.copealcoy.es\\\/es\\\/compromis-denuncia-que-alcoy-ha-perdido-una-subvencion-para-las-pinturas-de-la-sarga\\\/#article\",\"isPartOf\":{\"@id\":\"https:\\\/\\\/www.copealcoy.es\\\/es\\\/compromis-denuncia-que-alcoy-ha-perdido-una-subvencion-para-las-pinturas-de-la-sarga\\\/\"},\"author\":{\"name\":\"Cope Alcoy\",\"@id\":\"https:\\\/\\\/www.copealcoy.es\\\/es\\\/#\\\/schema\\\/person\\\/e777c87fa024e57d40170af9df39882c\"},\"headline\":\"Comprom\u00eds denuncia que Alcoy ha perdido una subvenci\u00f3n para las pinturas de La Sarga\",\"datePublished\":\"2017-12-11T16:42:58+00:00\",\"dateModified\":\"2017-12-11T16:44:21+00:00\",\"mainEntityOfPage\":{\"@id\":\"https:\\\/\\\/www.copealcoy.es\\\/es\\\/compromis-denuncia-que-alcoy-ha-perdido-una-subvencion-para-las-pinturas-de-la-sarga\\\/\"},\"wordCount\":235,\"commentCount\":0,\"image\":{\"@id\":\"https:\\\/\\\/www.copealcoy.es\\\/es\\\/compromis-denuncia-que-alcoy-ha-perdido-una-subvencion-para-las-pinturas-de-la-sarga\\\/#primaryimage\"},\"thumbnailUrl\":\"https:\\\/\\\/www.copealcoy.es\\\/wp-content\\\/uploads\\\/2016\\\/05\\\/cd4fff15c2768dd158dda31b73f37921.jpg\",\"keywords\":[\"Alcoi\u00e0\",\"Alcoy\",\"Comprom\u00eds\",\"Denuncia\",\"La Sarga\",\"p\u00e9rdida\",\"pinturas\",\"Subvenci\u00f3n\"],\"articleSection\":[\"Alcoy\",\"Noticias\",\"Pol\u00edtica y Econom\u00eda\"],\"inLanguage\":\"es\"},{\"@type\":\"WebPage\",\"@id\":\"https:\\\/\\\/www.copealcoy.es\\\/es\\\/compromis-denuncia-que-alcoy-ha-perdido-una-subvencion-para-las-pinturas-de-la-sarga\\\/\",\"url\":\"https:\\\/\\\/www.copealcoy.es\\\/es\\\/compromis-denuncia-que-alcoy-ha-perdido-una-subvencion-para-las-pinturas-de-la-sarga\\\/\",\"name\":\"Comprom\u00eds denuncia que Alcoy ha perdido una subvenci\u00f3n para las pinturas de La Sarga - COPE Alcoy\",\"isPartOf\":{\"@id\":\"https:\\\/\\\/www.copealcoy.es\\\/es\\\/#website\"},\"primaryImageOfPage\":{\"@id\":\"https:\\\/\\\/www.copealcoy.es\\\/es\\\/compromis-denuncia-que-alcoy-ha-perdido-una-subvencion-para-las-pinturas-de-la-sarga\\\/#primaryimage\"},\"image\":{\"@id\":\"https:\\\/\\\/www.copealcoy.es\\\/es\\\/compromis-denuncia-que-alcoy-ha-perdido-una-subvencion-para-las-pinturas-de-la-sarga\\\/#primaryimage\"},\"thumbnailUrl\":\"https:\\\/\\\/www.copealcoy.es\\\/wp-content\\\/uploads\\\/2016\\\/05\\\/cd4fff15c2768dd158dda31b73f37921.jpg\",\"datePublished\":\"2017-12-11T16:42:58+00:00\",\"dateModified\":\"2017-12-11T16:44:21+00:00\",\"author\":{\"@id\":\"https:\\\/\\\/www.copealcoy.es\\\/es\\\/#\\\/schema\\\/person\\\/e777c87fa024e57d40170af9df39882c\"},\"breadcrumb\":{\"@id\":\"https:\\\/\\\/www.copealcoy.es\\\/es\\\/compromis-denuncia-que-alcoy-ha-perdido-una-subvencion-para-las-pinturas-de-la-sarga\\\/#breadcrumb\"},\"inLanguage\":\"es\",\"potentialAction\":[{\"@type\":\"ReadAction\",\"target\":[\"https:\\\/\\\/www.copealcoy.es\\\/es\\\/compromis-denuncia-que-alcoy-ha-perdido-una-subvencion-para-las-pinturas-de-la-sarga\\\/\"]}]},{\"@type\":\"ImageObject\",\"inLanguage\":\"es\",\"@id\":\"https:\\\/\\\/www.copealcoy.es\\\/es\\\/compromis-denuncia-que-alcoy-ha-perdido-una-subvencion-para-las-pinturas-de-la-sarga\\\/#primaryimage\",\"url\":\"https:\\\/\\\/www.copealcoy.es\\\/wp-content\\\/uploads\\\/2016\\\/05\\\/cd4fff15c2768dd158dda31b73f37921.jpg\",\"contentUrl\":\"https:\\\/\\\/www.copealcoy.es\\\/wp-content\\\/uploads\\\/2016\\\/05\\\/cd4fff15c2768dd158dda31b73f37921.jpg\",\"width\":640,\"height\":357,\"caption\":\"Visita del Secretario Auton\u00f3mico de Cultura a La Sarga\"},{\"@type\":\"BreadcrumbList\",\"@id\":\"https:\\\/\\\/www.copealcoy.es\\\/es\\\/compromis-denuncia-que-alcoy-ha-perdido-una-subvencion-para-las-pinturas-de-la-sarga\\\/#breadcrumb\",\"itemListElement\":[{\"@type\":\"ListItem\",\"position\":1,\"name\":\"Portada\",\"item\":\"https:\\\/\\\/www.copealcoy.es\\\/es\\\/\"},{\"@type\":\"ListItem\",\"position\":2,\"name\":\"Comprom\u00eds denuncia que Alcoy ha perdido una subvenci\u00f3n para las pinturas de La Sarga\"}]},{\"@type\":\"WebSite\",\"@id\":\"https:\\\/\\\/www.copealcoy.es\\\/es\\\/#website\",\"url\":\"https:\\\/\\\/www.copealcoy.es\\\/es\\\/\",\"name\":\"COPE Alcoy\",\"description\":\"Emisora COPE de radio local con emisi\u00f3n online. Pont de Sant Jordi 8-10 03803 Alcoy\",\"potentialAction\":[{\"@type\":\"SearchAction\",\"target\":{\"@type\":\"EntryPoint\",\"urlTemplate\":\"https:\\\/\\\/www.copealcoy.es\\\/es\\\/?s={search_term_string}\"},\"query-input\":{\"@type\":\"PropertyValueSpecification\",\"valueRequired\":true,\"valueName\":\"search_term_string\"}}],\"inLanguage\":\"es\"},{\"@type\":\"Person\",\"@id\":\"https:\\\/\\\/www.copealcoy.es\\\/es\\\/#\\\/schema\\\/person\\\/e777c87fa024e57d40170af9df39882c\",\"name\":\"Cope Alcoy\",\"image\":{\"@type\":\"ImageObject\",\"inLanguage\":\"es\",\"@id\":\"https:\\\/\\\/secure.gravatar.com\\\/avatar\\\/bb65d0283347e303893ba14f0692005417c1e0e690a325a4c5d8bb2b3943ee14?s=96&d=mm&r=g\",\"url\":\"https:\\\/\\\/secure.gravatar.com\\\/avatar\\\/bb65d0283347e303893ba14f0692005417c1e0e690a325a4c5d8bb2b3943ee14?s=96&d=mm&r=g\",\"contentUrl\":\"https:\\\/\\\/secure.gravatar.com\\\/avatar\\\/bb65d0283347e303893ba14f0692005417c1e0e690a325a4c5d8bb2b3943ee14?s=96&d=mm&r=g\",\"caption\":\"Cope Alcoy\"}}]}<\/script>\n<!-- \/ Yoast SEO plugin. -->","yoast_head_json":{"title":"Comprom\u00eds denuncia que Alcoy ha perdido una subvenci\u00f3n para las pinturas de La Sarga - COPE Alcoy","robots":{"index":"index","follow":"follow","max-snippet":"max-snippet:-1","max-image-preview":"max-image-preview:large","max-video-preview":"max-video-preview:-1"},"canonical":"https:\/\/www.copealcoy.es\/es\/compromis-denuncia-que-alcoy-ha-perdido-una-subvencion-para-las-pinturas-de-la-sarga\/","og_locale":"es_ES","og_type":"article","og_title":"Comprom\u00eds denuncia que Alcoy ha perdido una subvenci\u00f3n para las pinturas de La Sarga - COPE Alcoy","og_description":"El Grupo Municipal de Comprom\u00eds en el Ayuntamiento de Alcoy ha denunciado que la ciudad ha perdido una subvenci\u00f3n de...","og_url":"https:\/\/www.copealcoy.es\/es\/compromis-denuncia-que-alcoy-ha-perdido-una-subvencion-para-las-pinturas-de-la-sarga\/","og_site_name":"COPE Alcoy","article_published_time":"2017-12-11T16:42:58+00:00","article_modified_time":"2017-12-11T16:44:21+00:00","og_image":[{"width":640,"height":357,"url":"https:\/\/www.copealcoy.es\/wp-content\/uploads\/2016\/05\/cd4fff15c2768dd158dda31b73f37921.jpg","type":"image\/jpeg"}],"author":"Cope Alcoy","twitter_misc":{"Escrito por":"Cope Alcoy","Tiempo de lectura":"1 minuto"},"schema":{"@context":"https:\/\/schema.org","@graph":[{"@type":"Article","@id":"https:\/\/www.copealcoy.es\/es\/compromis-denuncia-que-alcoy-ha-perdido-una-subvencion-para-las-pinturas-de-la-sarga\/#article","isPartOf":{"@id":"https:\/\/www.copealcoy.es\/es\/compromis-denuncia-que-alcoy-ha-perdido-una-subvencion-para-las-pinturas-de-la-sarga\/"},"author":{"name":"Cope Alcoy","@id":"https:\/\/www.copealcoy.es\/es\/#\/schema\/person\/e777c87fa024e57d40170af9df39882c"},"headline":"Comprom\u00eds denuncia que Alcoy ha perdido una subvenci\u00f3n para las pinturas de La Sarga","datePublished":"2017-12-11T16:42:58+00:00","dateModified":"2017-12-11T16:44:21+00:00","mainEntityOfPage":{"@id":"https:\/\/www.copealcoy.es\/es\/compromis-denuncia-que-alcoy-ha-perdido-una-subvencion-para-las-pinturas-de-la-sarga\/"},"wordCount":235,"commentCount":0,"image":{"@id":"https:\/\/www.copealcoy.es\/es\/compromis-denuncia-que-alcoy-ha-perdido-una-subvencion-para-las-pinturas-de-la-sarga\/#primaryimage"},"thumbnailUrl":"https:\/\/www.copealcoy.es\/wp-content\/uploads\/2016\/05\/cd4fff15c2768dd158dda31b73f37921.jpg","keywords":["Alcoi\u00e0","Alcoy","Comprom\u00eds","Denuncia","La Sarga","p\u00e9rdida","pinturas","Subvenci\u00f3n"],"articleSection":["Alcoy","Noticias","Pol\u00edtica y Econom\u00eda"],"inLanguage":"es"},{"@type":"WebPage","@id":"https:\/\/www.copealcoy.es\/es\/compromis-denuncia-que-alcoy-ha-perdido-una-subvencion-para-las-pinturas-de-la-sarga\/","url":"https:\/\/www.copealcoy.es\/es\/compromis-denuncia-que-alcoy-ha-perdido-una-subvencion-para-las-pinturas-de-la-sarga\/","name":"Comprom\u00eds denuncia que Alcoy ha perdido una subvenci\u00f3n para las pinturas de La Sarga - COPE Alcoy","isPartOf":{"@id":"https:\/\/www.copealcoy.es\/es\/#website"},"primaryImageOfPage":{"@id":"https:\/\/www.copealcoy.es\/es\/compromis-denuncia-que-alcoy-ha-perdido-una-subvencion-para-las-pinturas-de-la-sarga\/#primaryimage"},"image":{"@id":"https:\/\/www.copealcoy.es\/es\/compromis-denuncia-que-alcoy-ha-perdido-una-subvencion-para-las-pinturas-de-la-sarga\/#primaryimage"},"thumbnailUrl":"https:\/\/www.copealcoy.es\/wp-content\/uploads\/2016\/05\/cd4fff15c2768dd158dda31b73f37921.jpg","datePublished":"2017-12-11T16:42:58+00:00","dateModified":"2017-12-11T16:44:21+00:00","author":{"@id":"https:\/\/www.copealcoy.es\/es\/#\/schema\/person\/e777c87fa024e57d40170af9df39882c"},"breadcrumb":{"@id":"https:\/\/www.copealcoy.es\/es\/compromis-denuncia-que-alcoy-ha-perdido-una-subvencion-para-las-pinturas-de-la-sarga\/#breadcrumb"},"inLanguage":"es","potentialAction":[{"@type":"ReadAction","target":["https:\/\/www.copealcoy.es\/es\/compromis-denuncia-que-alcoy-ha-perdido-una-subvencion-para-las-pinturas-de-la-sarga\/"]}]},{"@type":"ImageObject","inLanguage":"es","@id":"https:\/\/www.copealcoy.es\/es\/compromis-denuncia-que-alcoy-ha-perdido-una-subvencion-para-las-pinturas-de-la-sarga\/#primaryimage","url":"https:\/\/www.copealcoy.es\/wp-content\/uploads\/2016\/05\/cd4fff15c2768dd158dda31b73f37921.jpg","contentUrl":"https:\/\/www.copealcoy.es\/wp-content\/uploads\/2016\/05\/cd4fff15c2768dd158dda31b73f37921.jpg","width":640,"height":357,"caption":"Visita del Secretario Auton\u00f3mico de Cultura a La Sarga"},{"@type":"BreadcrumbList","@id":"https:\/\/www.copealcoy.es\/es\/compromis-denuncia-que-alcoy-ha-perdido-una-subvencion-para-las-pinturas-de-la-sarga\/#breadcrumb","itemListElement":[{"@type":"ListItem","position":1,"name":"Portada","item":"https:\/\/www.copealcoy.es\/es\/"},{"@type":"ListItem","position":2,"name":"Comprom\u00eds denuncia que Alcoy ha perdido una subvenci\u00f3n para las pinturas de La Sarga"}]},{"@type":"WebSite","@id":"https:\/\/www.copealcoy.es\/es\/#website","url":"https:\/\/www.copealcoy.es\/es\/","name":"COPE Alcoy","description":"Emisora COPE de radio local con emisi\u00f3n online. Pont de Sant Jordi 8-10 03803 Alcoy","potentialAction":[{"@type":"SearchAction","target":{"@type":"EntryPoint","urlTemplate":"https:\/\/www.copealcoy.es\/es\/?s={search_term_string}"},"query-input":{"@type":"PropertyValueSpecification","valueRequired":true,"valueName":"search_term_string"}}],"inLanguage":"es"},{"@type":"Person","@id":"https:\/\/www.copealcoy.es\/es\/#\/schema\/person\/e777c87fa024e57d40170af9df39882c","name":"Cope Alcoy","image":{"@type":"ImageObject","inLanguage":"es","@id":"https:\/\/secure.gravatar.com\/avatar\/bb65d0283347e303893ba14f0692005417c1e0e690a325a4c5d8bb2b3943ee14?s=96&d=mm&r=g","url":"https:\/\/secure.gravatar.com\/avatar\/bb65d0283347e303893ba14f0692005417c1e0e690a325a4c5d8bb2b3943ee14?s=96&d=mm&r=g","contentUrl":"https:\/\/secure.gravatar.com\/avatar\/bb65d0283347e303893ba14f0692005417c1e0e690a325a4c5d8bb2b3943ee14?s=96&d=mm&r=g","caption":"Cope Alcoy"}}]}},"_links":{"self":[{"href":"https:\/\/www.copealcoy.es\/es\/wp-json\/wp\/v2\/posts\/37368","targetHints":{"allow":["GET"]}}],"collection":[{"href":"https:\/\/www.copealcoy.es\/es\/wp-json\/wp\/v2\/posts"}],"about":[{"href":"https:\/\/www.copealcoy.es\/es\/wp-json\/wp\/v2\/types\/post"}],"author":[{"embeddable":true,"href":"https:\/\/www.copealcoy.es\/es\/wp-json\/wp\/v2\/users\/1"}],"replies":[{"embeddable":true,"href":"https:\/\/www.copealcoy.es\/es\/wp-json\/wp\/v2\/comments?post=37368"}],"version-history":[{"count":0,"href":"https:\/\/www.copealcoy.es\/es\/wp-json\/wp\/v2\/posts\/37368\/revisions"}],"wp:featuredmedia":[{"embeddable":true,"href":"https:\/\/www.copealcoy.es\/es\/wp-json\/wp\/v2\/media\/21340"}],"wp:attachment":[{"href":"https:\/\/www.copealcoy.es\/es\/wp-json\/wp\/v2\/media?parent=37368"}],"wp:term":[{"taxonomy":"category","embeddable":true,"href":"https:\/\/www.copealcoy.es\/es\/wp-json\/wp\/v2\/categories?post=37368"},{"taxonomy":"post_tag","embeddable":true,"href":"https:\/\/www.copealcoy.es\/es\/wp-json\/wp\/v2\/tags?post=37368"}],"curies":[{"name":"wp","href":"https:\/\/api.w.org\/{rel}","templated":true}]}}