{"id":37309,"date":"2017-12-10T09:31:21","date_gmt":"2017-12-10T09:31:21","guid":{"rendered":"http:\/\/copealcoi.es\/new\/?p=37309"},"modified":"2017-12-10T09:49:17","modified_gmt":"2017-12-10T09:49:17","slug":"montcabrer-ya-tiene-su-propio-belen","status":"publish","type":"post","link":"https:\/\/www.copealcoy.es\/es\/montcabrer-ya-tiene-su-propio-belen\/","title":{"rendered":"Montcabrer ya tiene su propio Bel\u00e9n"},"content":{"rendered":"<p style=\"text-align: justify;\">Numerosos <strong>excursionistas<\/strong> de las comarcas del Comtat y de l\u00b4Alcoi\u00e0, as\u00ed como de la zona de la Vall d\u00b4Albaida, acudieron ayer s\u00e1bado <strong>a lo alto del Montcabrer<\/strong> para cumplir con la tradici\u00f3n de<strong> montar el Bel\u00e9n<\/strong>. El acto, que en este 2017 <strong>cumpli\u00f3 su d\u00e9cimo aniversario<\/strong>, cont\u00f3 con la presencia de <strong>vecinos de Cocentaina, Banyeres, Agres o Bocairent<\/strong> y en el mismo destac\u00f3 <strong>la colocaci\u00f3n de varias cuevas de madera<\/strong> con las representaciones del nacimiento de Jes\u00fas <strong>junto al pil\u00f3n \u00a0geod\u00e9sico<\/strong> que marca los 1.390 metros de altura que tiene el emblem\u00e1tico pico del Montcabrer.<\/p>\n<p style=\"text-align: justify;\">Junto al montaje del Bel\u00e9n tambi\u00e9n <strong>se ofici\u00f3 una misa<\/strong> a cargo del p\u00e1rroco de la iglesia del Salvador de Cocentaina, <strong>Don Ram\u00f3n Mic\u00f3<\/strong>, que fue seguida por todos los asistentes que cumplieron con esta singular tradici\u00f3n &#8220;<em>cuando yo vine a Cocentaina ya me comentaron la propuesta y desde entonces que subo todos los a\u00f1os a acompa\u00f1ar a los excursionistas y a montar el Bel\u00e9n. Es un d\u00eda tambi\u00e9n muy emotivo porque en la eucarist\u00eda, en lo alto del Montcabrer y casi cerca del cielo, rezamos por todos los que nos han dejado en los \u00faltimos meses<\/em>&#8220;, explicaba <strong>Don Ram\u00f3n<\/strong> el pasado jueves en Cope Alcoy.<\/p>\n<p style=\"text-align: justify;\">La jornada del montaje del Bel\u00e9n en la cima del Montcabrer <strong>finaliz\u00f3 con un buen almuerzo<\/strong> antes de que los participantes emprendiesen el camino de bajada.<\/p>\n","protected":false},"excerpt":{"rendered":"<p>Numerosos excursionistas de las comarcas del Comtat y de l\u00b4Alcoi\u00e0, as\u00ed como de la zona de la Vall d\u00b4Albaida, acudieron&#8230;<\/p>\n","protected":false},"author":1,"featured_media":37310,"comment_status":"open","ping_status":"open","sticky":false,"template":"","format":"standard","meta":{"footnotes":""},"categories":[98,75],"tags":[210,132,237,2803,373],"class_list":["post-37309","post","type-post","status-publish","format-standard","has-post-thumbnail","hentry","category-comarcas","category-noticias","tag-belen","tag-cocentaina","tag-comtat","tag-don-ramon-mico","tag-montcabrer"],"yoast_head":"<!-- This site is optimized with the Yoast SEO plugin v27.3 - https:\/\/yoast.com\/product\/yoast-seo-wordpress\/ -->\n<title>Montcabrer ya tiene su propio Bel\u00e9n - COPE Alcoy<\/title>\n<meta name=\"robots\" content=\"index, follow, max-snippet:-1, max-image-preview:large, max-video-preview:-1\" \/>\n<link rel=\"canonical\" href=\"https:\/\/www.copealcoy.es\/es\/montcabrer-ya-tiene-su-propio-belen\/\" \/>\n<meta property=\"og:locale\" content=\"es_ES\" \/>\n<meta property=\"og:type\" content=\"article\" \/>\n<meta property=\"og:title\" content=\"Montcabrer ya tiene su propio Bel\u00e9n - COPE Alcoy\" \/>\n<meta property=\"og:description\" content=\"Numerosos excursionistas de las comarcas del Comtat y de l\u00b4Alcoi\u00e0, as\u00ed como de la zona de la Vall d\u00b4Albaida, acudieron...\" \/>\n<meta property=\"og:url\" content=\"https:\/\/www.copealcoy.es\/es\/montcabrer-ya-tiene-su-propio-belen\/\" \/>\n<meta property=\"og:site_name\" content=\"COPE Alcoy\" \/>\n<meta property=\"article:published_time\" content=\"2017-12-10T09:31:21+00:00\" \/>\n<meta property=\"article:modified_time\" content=\"2017-12-10T09:49:17+00:00\" \/>\n<meta property=\"og:image\" content=\"https:\/\/www.copealcoy.es\/wp-content\/uploads\/2017\/12\/24993625_10204194667502417_6469199534938550259_n.jpg\" \/>\n\t<meta property=\"og:image:width\" content=\"960\" \/>\n\t<meta property=\"og:image:height\" content=\"540\" \/>\n\t<meta property=\"og:image:type\" content=\"image\/jpeg\" \/>\n<meta name=\"author\" content=\"Cope Alcoy\" \/>\n<meta name=\"twitter:label1\" content=\"Escrito por\" \/>\n\t<meta name=\"twitter:data1\" content=\"Cope Alcoy\" \/>\n\t<meta name=\"twitter:label2\" content=\"Tiempo de lectura\" \/>\n\t<meta name=\"twitter:data2\" content=\"1 minuto\" \/>\n<script type=\"application\/ld+json\" class=\"yoast-schema-graph\">{\"@context\":\"https:\\\/\\\/schema.org\",\"@graph\":[{\"@type\":\"Article\",\"@id\":\"https:\\\/\\\/www.copealcoy.es\\\/es\\\/montcabrer-ya-tiene-su-propio-belen\\\/#article\",\"isPartOf\":{\"@id\":\"https:\\\/\\\/www.copealcoy.es\\\/es\\\/montcabrer-ya-tiene-su-propio-belen\\\/\"},\"author\":{\"name\":\"Cope Alcoy\",\"@id\":\"https:\\\/\\\/www.copealcoy.es\\\/es\\\/#\\\/schema\\\/person\\\/e777c87fa024e57d40170af9df39882c\"},\"headline\":\"Montcabrer ya tiene su propio Bel\u00e9n\",\"datePublished\":\"2017-12-10T09:31:21+00:00\",\"dateModified\":\"2017-12-10T09:49:17+00:00\",\"mainEntityOfPage\":{\"@id\":\"https:\\\/\\\/www.copealcoy.es\\\/es\\\/montcabrer-ya-tiene-su-propio-belen\\\/\"},\"wordCount\":256,\"commentCount\":0,\"image\":{\"@id\":\"https:\\\/\\\/www.copealcoy.es\\\/es\\\/montcabrer-ya-tiene-su-propio-belen\\\/#primaryimage\"},\"thumbnailUrl\":\"https:\\\/\\\/www.copealcoy.es\\\/wp-content\\\/uploads\\\/2017\\\/12\\\/24993625_10204194667502417_6469199534938550259_n.jpg\",\"keywords\":[\"Bel\u00e9n\",\"Cocentaina\",\"Comtat\",\"Don Ram\u00f3n Mic\u00f3\",\"Montcabrer\"],\"articleSection\":[\"Comarcas\",\"Noticias\"],\"inLanguage\":\"es\"},{\"@type\":\"WebPage\",\"@id\":\"https:\\\/\\\/www.copealcoy.es\\\/es\\\/montcabrer-ya-tiene-su-propio-belen\\\/\",\"url\":\"https:\\\/\\\/www.copealcoy.es\\\/es\\\/montcabrer-ya-tiene-su-propio-belen\\\/\",\"name\":\"Montcabrer ya tiene su propio Bel\u00e9n - COPE Alcoy\",\"isPartOf\":{\"@id\":\"https:\\\/\\\/www.copealcoy.es\\\/es\\\/#website\"},\"primaryImageOfPage\":{\"@id\":\"https:\\\/\\\/www.copealcoy.es\\\/es\\\/montcabrer-ya-tiene-su-propio-belen\\\/#primaryimage\"},\"image\":{\"@id\":\"https:\\\/\\\/www.copealcoy.es\\\/es\\\/montcabrer-ya-tiene-su-propio-belen\\\/#primaryimage\"},\"thumbnailUrl\":\"https:\\\/\\\/www.copealcoy.es\\\/wp-content\\\/uploads\\\/2017\\\/12\\\/24993625_10204194667502417_6469199534938550259_n.jpg\",\"datePublished\":\"2017-12-10T09:31:21+00:00\",\"dateModified\":\"2017-12-10T09:49:17+00:00\",\"author\":{\"@id\":\"https:\\\/\\\/www.copealcoy.es\\\/es\\\/#\\\/schema\\\/person\\\/e777c87fa024e57d40170af9df39882c\"},\"breadcrumb\":{\"@id\":\"https:\\\/\\\/www.copealcoy.es\\\/es\\\/montcabrer-ya-tiene-su-propio-belen\\\/#breadcrumb\"},\"inLanguage\":\"es\",\"potentialAction\":[{\"@type\":\"ReadAction\",\"target\":[\"https:\\\/\\\/www.copealcoy.es\\\/es\\\/montcabrer-ya-tiene-su-propio-belen\\\/\"]}]},{\"@type\":\"ImageObject\",\"inLanguage\":\"es\",\"@id\":\"https:\\\/\\\/www.copealcoy.es\\\/es\\\/montcabrer-ya-tiene-su-propio-belen\\\/#primaryimage\",\"url\":\"https:\\\/\\\/www.copealcoy.es\\\/wp-content\\\/uploads\\\/2017\\\/12\\\/24993625_10204194667502417_6469199534938550259_n.jpg\",\"contentUrl\":\"https:\\\/\\\/www.copealcoy.es\\\/wp-content\\\/uploads\\\/2017\\\/12\\\/24993625_10204194667502417_6469199534938550259_n.jpg\",\"width\":960,\"height\":540,\"caption\":\"El acto cont\u00f3 con la celebraci\u00f3n de una misa en lo alto de la monta\u00f1a \\\/ Foto: Paco Sempere\"},{\"@type\":\"BreadcrumbList\",\"@id\":\"https:\\\/\\\/www.copealcoy.es\\\/es\\\/montcabrer-ya-tiene-su-propio-belen\\\/#breadcrumb\",\"itemListElement\":[{\"@type\":\"ListItem\",\"position\":1,\"name\":\"Portada\",\"item\":\"https:\\\/\\\/www.copealcoy.es\\\/es\\\/\"},{\"@type\":\"ListItem\",\"position\":2,\"name\":\"Montcabrer ya tiene su propio Bel\u00e9n\"}]},{\"@type\":\"WebSite\",\"@id\":\"https:\\\/\\\/www.copealcoy.es\\\/es\\\/#website\",\"url\":\"https:\\\/\\\/www.copealcoy.es\\\/es\\\/\",\"name\":\"COPE Alcoy\",\"description\":\"Emisora COPE de radio local con emisi\u00f3n online. Pont de Sant Jordi 8-10 03803 Alcoy\",\"potentialAction\":[{\"@type\":\"SearchAction\",\"target\":{\"@type\":\"EntryPoint\",\"urlTemplate\":\"https:\\\/\\\/www.copealcoy.es\\\/es\\\/?s={search_term_string}\"},\"query-input\":{\"@type\":\"PropertyValueSpecification\",\"valueRequired\":true,\"valueName\":\"search_term_string\"}}],\"inLanguage\":\"es\"},{\"@type\":\"Person\",\"@id\":\"https:\\\/\\\/www.copealcoy.es\\\/es\\\/#\\\/schema\\\/person\\\/e777c87fa024e57d40170af9df39882c\",\"name\":\"Cope Alcoy\",\"image\":{\"@type\":\"ImageObject\",\"inLanguage\":\"es\",\"@id\":\"https:\\\/\\\/secure.gravatar.com\\\/avatar\\\/bb65d0283347e303893ba14f0692005417c1e0e690a325a4c5d8bb2b3943ee14?s=96&d=mm&r=g\",\"url\":\"https:\\\/\\\/secure.gravatar.com\\\/avatar\\\/bb65d0283347e303893ba14f0692005417c1e0e690a325a4c5d8bb2b3943ee14?s=96&d=mm&r=g\",\"contentUrl\":\"https:\\\/\\\/secure.gravatar.com\\\/avatar\\\/bb65d0283347e303893ba14f0692005417c1e0e690a325a4c5d8bb2b3943ee14?s=96&d=mm&r=g\",\"caption\":\"Cope Alcoy\"}}]}<\/script>\n<!-- \/ Yoast SEO plugin. -->","yoast_head_json":{"title":"Montcabrer ya tiene su propio Bel\u00e9n - COPE Alcoy","robots":{"index":"index","follow":"follow","max-snippet":"max-snippet:-1","max-image-preview":"max-image-preview:large","max-video-preview":"max-video-preview:-1"},"canonical":"https:\/\/www.copealcoy.es\/es\/montcabrer-ya-tiene-su-propio-belen\/","og_locale":"es_ES","og_type":"article","og_title":"Montcabrer ya tiene su propio Bel\u00e9n - COPE Alcoy","og_description":"Numerosos excursionistas de las comarcas del Comtat y de l\u00b4Alcoi\u00e0, as\u00ed como de la zona de la Vall d\u00b4Albaida, acudieron...","og_url":"https:\/\/www.copealcoy.es\/es\/montcabrer-ya-tiene-su-propio-belen\/","og_site_name":"COPE Alcoy","article_published_time":"2017-12-10T09:31:21+00:00","article_modified_time":"2017-12-10T09:49:17+00:00","og_image":[{"width":960,"height":540,"url":"https:\/\/www.copealcoy.es\/wp-content\/uploads\/2017\/12\/24993625_10204194667502417_6469199534938550259_n.jpg","type":"image\/jpeg"}],"author":"Cope Alcoy","twitter_misc":{"Escrito por":"Cope Alcoy","Tiempo de lectura":"1 minuto"},"schema":{"@context":"https:\/\/schema.org","@graph":[{"@type":"Article","@id":"https:\/\/www.copealcoy.es\/es\/montcabrer-ya-tiene-su-propio-belen\/#article","isPartOf":{"@id":"https:\/\/www.copealcoy.es\/es\/montcabrer-ya-tiene-su-propio-belen\/"},"author":{"name":"Cope Alcoy","@id":"https:\/\/www.copealcoy.es\/es\/#\/schema\/person\/e777c87fa024e57d40170af9df39882c"},"headline":"Montcabrer ya tiene su propio Bel\u00e9n","datePublished":"2017-12-10T09:31:21+00:00","dateModified":"2017-12-10T09:49:17+00:00","mainEntityOfPage":{"@id":"https:\/\/www.copealcoy.es\/es\/montcabrer-ya-tiene-su-propio-belen\/"},"wordCount":256,"commentCount":0,"image":{"@id":"https:\/\/www.copealcoy.es\/es\/montcabrer-ya-tiene-su-propio-belen\/#primaryimage"},"thumbnailUrl":"https:\/\/www.copealcoy.es\/wp-content\/uploads\/2017\/12\/24993625_10204194667502417_6469199534938550259_n.jpg","keywords":["Bel\u00e9n","Cocentaina","Comtat","Don Ram\u00f3n Mic\u00f3","Montcabrer"],"articleSection":["Comarcas","Noticias"],"inLanguage":"es"},{"@type":"WebPage","@id":"https:\/\/www.copealcoy.es\/es\/montcabrer-ya-tiene-su-propio-belen\/","url":"https:\/\/www.copealcoy.es\/es\/montcabrer-ya-tiene-su-propio-belen\/","name":"Montcabrer ya tiene su propio Bel\u00e9n - COPE Alcoy","isPartOf":{"@id":"https:\/\/www.copealcoy.es\/es\/#website"},"primaryImageOfPage":{"@id":"https:\/\/www.copealcoy.es\/es\/montcabrer-ya-tiene-su-propio-belen\/#primaryimage"},"image":{"@id":"https:\/\/www.copealcoy.es\/es\/montcabrer-ya-tiene-su-propio-belen\/#primaryimage"},"thumbnailUrl":"https:\/\/www.copealcoy.es\/wp-content\/uploads\/2017\/12\/24993625_10204194667502417_6469199534938550259_n.jpg","datePublished":"2017-12-10T09:31:21+00:00","dateModified":"2017-12-10T09:49:17+00:00","author":{"@id":"https:\/\/www.copealcoy.es\/es\/#\/schema\/person\/e777c87fa024e57d40170af9df39882c"},"breadcrumb":{"@id":"https:\/\/www.copealcoy.es\/es\/montcabrer-ya-tiene-su-propio-belen\/#breadcrumb"},"inLanguage":"es","potentialAction":[{"@type":"ReadAction","target":["https:\/\/www.copealcoy.es\/es\/montcabrer-ya-tiene-su-propio-belen\/"]}]},{"@type":"ImageObject","inLanguage":"es","@id":"https:\/\/www.copealcoy.es\/es\/montcabrer-ya-tiene-su-propio-belen\/#primaryimage","url":"https:\/\/www.copealcoy.es\/wp-content\/uploads\/2017\/12\/24993625_10204194667502417_6469199534938550259_n.jpg","contentUrl":"https:\/\/www.copealcoy.es\/wp-content\/uploads\/2017\/12\/24993625_10204194667502417_6469199534938550259_n.jpg","width":960,"height":540,"caption":"El acto cont\u00f3 con la celebraci\u00f3n de una misa en lo alto de la monta\u00f1a \/ Foto: Paco Sempere"},{"@type":"BreadcrumbList","@id":"https:\/\/www.copealcoy.es\/es\/montcabrer-ya-tiene-su-propio-belen\/#breadcrumb","itemListElement":[{"@type":"ListItem","position":1,"name":"Portada","item":"https:\/\/www.copealcoy.es\/es\/"},{"@type":"ListItem","position":2,"name":"Montcabrer ya tiene su propio Bel\u00e9n"}]},{"@type":"WebSite","@id":"https:\/\/www.copealcoy.es\/es\/#website","url":"https:\/\/www.copealcoy.es\/es\/","name":"COPE Alcoy","description":"Emisora COPE de radio local con emisi\u00f3n online. Pont de Sant Jordi 8-10 03803 Alcoy","potentialAction":[{"@type":"SearchAction","target":{"@type":"EntryPoint","urlTemplate":"https:\/\/www.copealcoy.es\/es\/?s={search_term_string}"},"query-input":{"@type":"PropertyValueSpecification","valueRequired":true,"valueName":"search_term_string"}}],"inLanguage":"es"},{"@type":"Person","@id":"https:\/\/www.copealcoy.es\/es\/#\/schema\/person\/e777c87fa024e57d40170af9df39882c","name":"Cope Alcoy","image":{"@type":"ImageObject","inLanguage":"es","@id":"https:\/\/secure.gravatar.com\/avatar\/bb65d0283347e303893ba14f0692005417c1e0e690a325a4c5d8bb2b3943ee14?s=96&d=mm&r=g","url":"https:\/\/secure.gravatar.com\/avatar\/bb65d0283347e303893ba14f0692005417c1e0e690a325a4c5d8bb2b3943ee14?s=96&d=mm&r=g","contentUrl":"https:\/\/secure.gravatar.com\/avatar\/bb65d0283347e303893ba14f0692005417c1e0e690a325a4c5d8bb2b3943ee14?s=96&d=mm&r=g","caption":"Cope Alcoy"}}]}},"_links":{"self":[{"href":"https:\/\/www.copealcoy.es\/es\/wp-json\/wp\/v2\/posts\/37309","targetHints":{"allow":["GET"]}}],"collection":[{"href":"https:\/\/www.copealcoy.es\/es\/wp-json\/wp\/v2\/posts"}],"about":[{"href":"https:\/\/www.copealcoy.es\/es\/wp-json\/wp\/v2\/types\/post"}],"author":[{"embeddable":true,"href":"https:\/\/www.copealcoy.es\/es\/wp-json\/wp\/v2\/users\/1"}],"replies":[{"embeddable":true,"href":"https:\/\/www.copealcoy.es\/es\/wp-json\/wp\/v2\/comments?post=37309"}],"version-history":[{"count":0,"href":"https:\/\/www.copealcoy.es\/es\/wp-json\/wp\/v2\/posts\/37309\/revisions"}],"wp:featuredmedia":[{"embeddable":true,"href":"https:\/\/www.copealcoy.es\/es\/wp-json\/wp\/v2\/media\/37310"}],"wp:attachment":[{"href":"https:\/\/www.copealcoy.es\/es\/wp-json\/wp\/v2\/media?parent=37309"}],"wp:term":[{"taxonomy":"category","embeddable":true,"href":"https:\/\/www.copealcoy.es\/es\/wp-json\/wp\/v2\/categories?post=37309"},{"taxonomy":"post_tag","embeddable":true,"href":"https:\/\/www.copealcoy.es\/es\/wp-json\/wp\/v2\/tags?post=37309"}],"curies":[{"name":"wp","href":"https:\/\/api.w.org\/{rel}","templated":true}]}}