{"id":37300,"date":"2017-12-08T09:00:18","date_gmt":"2017-12-08T09:00:18","guid":{"rendered":"http:\/\/copealcoi.es\/new\/?p=37300"},"modified":"2017-12-08T13:44:46","modified_gmt":"2017-12-08T13:44:46","slug":"condenan-a-dos-anos-de-prision-a-un-funcionario-de-cocentaina","status":"publish","type":"post","link":"https:\/\/www.copealcoy.es\/es\/condenan-a-dos-anos-de-prision-a-un-funcionario-de-cocentaina\/","title":{"rendered":"Condenan a dos a\u00f1os de prisi\u00f3n a un funcionario de Cocentaina"},"content":{"rendered":"<p style=\"text-align: justify;\">La <strong>Audiencia de Alicante<\/strong> ha condenado a dos a\u00f1os de prisi\u00f3n a un funcionario del Ayuntamiento de Cocentaina <strong>que sustrajo 60.500 euros<\/strong> de las arcas municipales entre 2009 y 2015. Adem\u00e1s, cumplir\u00e1 tres a\u00f1os y nueve meses de inhabilitaci\u00f3n absoluta <strong>seg\u00fan establece la sentencia\u00a0<\/strong>en <strong>aplicaci\u00f3n del veredicto de un jurado popular<\/strong> que le encontr\u00f3 culpable de un delito de malversaci\u00f3n.<\/p>\n<p style=\"text-align: justify;\">El <strong>Tribunal Superior de Justicia de la Comunidad Valenciana (TSJCV)<\/strong> daba a conocer ayer jueves <strong>la resoluci\u00f3n<\/strong>, que es firme, dado que <strong>las partes han renunciado que van a interponer recurso<\/strong>. En el fallo se aplican las atenuantes de <strong>reparaci\u00f3n del da\u00f1o y confesi\u00f3n<\/strong>. Seg\u00fan los hechos probados, el hombre era <strong>auxiliar de Tesorer\u00eda del Ayuntamiento de Cocentaina entre 2009 y 2015<\/strong> y &#8220;<em>guiado de un \u00e1nimo de enriquecimiento injusto<\/em>&#8221; se apoder\u00f3 de <strong>60.500,68 euros<\/strong> de las arcas municipales. El <strong>procedimiento<\/strong> consisti\u00f3 en &#8220;<em>manipular la contabilidad<\/em>&#8221; mediante l<strong>a simulaci\u00f3n de ingresos<\/strong> desde la caja a la cuenta del banco y &#8220;<em>simult\u00e1neamente<\/em>&#8221; registrar &#8220;<em>ficticiamente devoluciones<\/em>&#8221; de garant\u00edas depositadas &#8220;<em>en met\u00e1lico<\/em>&#8221; por concesi\u00f3n de licencias de obras. A ra\u00edz de un expediente disciplinario incoado en octubre de 2015, <strong>el funcionario reconoci\u00f3 los hechos<\/strong> y devolvi\u00f3 al consistorio <strong>la totalidad de la cantidad sustra\u00edda y los intereses devengados<\/strong> (5.095,09 euros).<\/p>\n<p style=\"text-align: justify;\">Ante la confesi\u00f3n, el tribunal del jurado dict\u00f3 sin m\u00e1s tr\u00e1mite una sentencia <strong>conforme a las calificaciones aceptadas<\/strong> por un delito de malversaci\u00f3n.<\/p>\n","protected":false},"excerpt":{"rendered":"<p>La Audiencia de Alicante ha condenado a dos a\u00f1os de prisi\u00f3n a un funcionario del Ayuntamiento de Cocentaina que sustrajo&#8230;<\/p>\n","protected":false},"author":1,"featured_media":18561,"comment_status":"open","ping_status":"open","sticky":false,"template":"","format":"standard","meta":{"footnotes":""},"categories":[98,75,125],"tags":[229,132,237,4976,4977,4978],"class_list":["post-37300","post","type-post","status-publish","format-standard","has-post-thumbnail","hentry","category-comarcas","category-noticias","category-portada","tag-ayuntamiento","tag-cocentaina","tag-comtat","tag-condenado","tag-dos-anos-de-prision","tag-funcionario"],"yoast_head":"<!-- This site is optimized with the Yoast SEO plugin v27.3 - https:\/\/yoast.com\/product\/yoast-seo-wordpress\/ -->\n<title>Condenan a dos a\u00f1os de prisi\u00f3n a un funcionario de Cocentaina - COPE Alcoy<\/title>\n<meta name=\"robots\" content=\"index, follow, max-snippet:-1, max-image-preview:large, max-video-preview:-1\" \/>\n<link rel=\"canonical\" href=\"https:\/\/www.copealcoy.es\/es\/condenan-a-dos-anos-de-prision-a-un-funcionario-de-cocentaina\/\" \/>\n<meta property=\"og:locale\" content=\"es_ES\" \/>\n<meta property=\"og:type\" content=\"article\" \/>\n<meta property=\"og:title\" content=\"Condenan a dos a\u00f1os de prisi\u00f3n a un funcionario de Cocentaina - COPE Alcoy\" \/>\n<meta property=\"og:description\" content=\"La Audiencia de Alicante ha condenado a dos a\u00f1os de prisi\u00f3n a un funcionario del Ayuntamiento de Cocentaina que sustrajo...\" \/>\n<meta property=\"og:url\" content=\"https:\/\/www.copealcoy.es\/es\/condenan-a-dos-anos-de-prision-a-un-funcionario-de-cocentaina\/\" \/>\n<meta property=\"og:site_name\" content=\"COPE Alcoy\" \/>\n<meta property=\"article:published_time\" content=\"2017-12-08T09:00:18+00:00\" \/>\n<meta property=\"article:modified_time\" content=\"2017-12-08T13:44:46+00:00\" \/>\n<meta property=\"og:image\" content=\"https:\/\/www.copealcoy.es\/wp-content\/uploads\/2016\/02\/Ajuntament-Cocentaina-2.jpg\" \/>\n\t<meta property=\"og:image:width\" content=\"2400\" \/>\n\t<meta property=\"og:image:height\" content=\"1679\" \/>\n\t<meta property=\"og:image:type\" content=\"image\/jpeg\" \/>\n<meta name=\"author\" content=\"Cope Alcoy\" \/>\n<meta name=\"twitter:label1\" content=\"Escrito por\" \/>\n\t<meta name=\"twitter:data1\" content=\"Cope Alcoy\" \/>\n\t<meta name=\"twitter:label2\" content=\"Tiempo de lectura\" \/>\n\t<meta name=\"twitter:data2\" content=\"1 minuto\" \/>\n<script type=\"application\/ld+json\" class=\"yoast-schema-graph\">{\"@context\":\"https:\\\/\\\/schema.org\",\"@graph\":[{\"@type\":\"Article\",\"@id\":\"https:\\\/\\\/www.copealcoy.es\\\/es\\\/condenan-a-dos-anos-de-prision-a-un-funcionario-de-cocentaina\\\/#article\",\"isPartOf\":{\"@id\":\"https:\\\/\\\/www.copealcoy.es\\\/es\\\/condenan-a-dos-anos-de-prision-a-un-funcionario-de-cocentaina\\\/\"},\"author\":{\"name\":\"Cope Alcoy\",\"@id\":\"https:\\\/\\\/www.copealcoy.es\\\/es\\\/#\\\/schema\\\/person\\\/e777c87fa024e57d40170af9df39882c\"},\"headline\":\"Condenan a dos a\u00f1os de prisi\u00f3n a un funcionario de Cocentaina\",\"datePublished\":\"2017-12-08T09:00:18+00:00\",\"dateModified\":\"2017-12-08T13:44:46+00:00\",\"mainEntityOfPage\":{\"@id\":\"https:\\\/\\\/www.copealcoy.es\\\/es\\\/condenan-a-dos-anos-de-prision-a-un-funcionario-de-cocentaina\\\/\"},\"wordCount\":261,\"commentCount\":0,\"image\":{\"@id\":\"https:\\\/\\\/www.copealcoy.es\\\/es\\\/condenan-a-dos-anos-de-prision-a-un-funcionario-de-cocentaina\\\/#primaryimage\"},\"thumbnailUrl\":\"https:\\\/\\\/www.copealcoy.es\\\/wp-content\\\/uploads\\\/2016\\\/02\\\/Ajuntament-Cocentaina-2.jpg\",\"keywords\":[\"Ayuntamiento\",\"Cocentaina\",\"Comtat\",\"condenado\",\"dos a\u00f1os de prisi\u00f3n\",\"funcionario\"],\"articleSection\":[\"Comarcas\",\"Noticias\",\"Portada\"],\"inLanguage\":\"es\"},{\"@type\":\"WebPage\",\"@id\":\"https:\\\/\\\/www.copealcoy.es\\\/es\\\/condenan-a-dos-anos-de-prision-a-un-funcionario-de-cocentaina\\\/\",\"url\":\"https:\\\/\\\/www.copealcoy.es\\\/es\\\/condenan-a-dos-anos-de-prision-a-un-funcionario-de-cocentaina\\\/\",\"name\":\"Condenan a dos a\u00f1os de prisi\u00f3n a un funcionario de Cocentaina - COPE Alcoy\",\"isPartOf\":{\"@id\":\"https:\\\/\\\/www.copealcoy.es\\\/es\\\/#website\"},\"primaryImageOfPage\":{\"@id\":\"https:\\\/\\\/www.copealcoy.es\\\/es\\\/condenan-a-dos-anos-de-prision-a-un-funcionario-de-cocentaina\\\/#primaryimage\"},\"image\":{\"@id\":\"https:\\\/\\\/www.copealcoy.es\\\/es\\\/condenan-a-dos-anos-de-prision-a-un-funcionario-de-cocentaina\\\/#primaryimage\"},\"thumbnailUrl\":\"https:\\\/\\\/www.copealcoy.es\\\/wp-content\\\/uploads\\\/2016\\\/02\\\/Ajuntament-Cocentaina-2.jpg\",\"datePublished\":\"2017-12-08T09:00:18+00:00\",\"dateModified\":\"2017-12-08T13:44:46+00:00\",\"author\":{\"@id\":\"https:\\\/\\\/www.copealcoy.es\\\/es\\\/#\\\/schema\\\/person\\\/e777c87fa024e57d40170af9df39882c\"},\"breadcrumb\":{\"@id\":\"https:\\\/\\\/www.copealcoy.es\\\/es\\\/condenan-a-dos-anos-de-prision-a-un-funcionario-de-cocentaina\\\/#breadcrumb\"},\"inLanguage\":\"es\",\"potentialAction\":[{\"@type\":\"ReadAction\",\"target\":[\"https:\\\/\\\/www.copealcoy.es\\\/es\\\/condenan-a-dos-anos-de-prision-a-un-funcionario-de-cocentaina\\\/\"]}]},{\"@type\":\"ImageObject\",\"inLanguage\":\"es\",\"@id\":\"https:\\\/\\\/www.copealcoy.es\\\/es\\\/condenan-a-dos-anos-de-prision-a-un-funcionario-de-cocentaina\\\/#primaryimage\",\"url\":\"https:\\\/\\\/www.copealcoy.es\\\/wp-content\\\/uploads\\\/2016\\\/02\\\/Ajuntament-Cocentaina-2.jpg\",\"contentUrl\":\"https:\\\/\\\/www.copealcoy.es\\\/wp-content\\\/uploads\\\/2016\\\/02\\\/Ajuntament-Cocentaina-2.jpg\",\"width\":2400,\"height\":1679,\"caption\":\"Ayuntamiento de Cocentaina \\\/ Foto: G. Pascual\"},{\"@type\":\"BreadcrumbList\",\"@id\":\"https:\\\/\\\/www.copealcoy.es\\\/es\\\/condenan-a-dos-anos-de-prision-a-un-funcionario-de-cocentaina\\\/#breadcrumb\",\"itemListElement\":[{\"@type\":\"ListItem\",\"position\":1,\"name\":\"Portada\",\"item\":\"https:\\\/\\\/www.copealcoy.es\\\/es\\\/\"},{\"@type\":\"ListItem\",\"position\":2,\"name\":\"Condenan a dos a\u00f1os de prisi\u00f3n a un funcionario de Cocentaina\"}]},{\"@type\":\"WebSite\",\"@id\":\"https:\\\/\\\/www.copealcoy.es\\\/es\\\/#website\",\"url\":\"https:\\\/\\\/www.copealcoy.es\\\/es\\\/\",\"name\":\"COPE Alcoy\",\"description\":\"Emisora COPE de radio local con emisi\u00f3n online. Pont de Sant Jordi 8-10 03803 Alcoy\",\"potentialAction\":[{\"@type\":\"SearchAction\",\"target\":{\"@type\":\"EntryPoint\",\"urlTemplate\":\"https:\\\/\\\/www.copealcoy.es\\\/es\\\/?s={search_term_string}\"},\"query-input\":{\"@type\":\"PropertyValueSpecification\",\"valueRequired\":true,\"valueName\":\"search_term_string\"}}],\"inLanguage\":\"es\"},{\"@type\":\"Person\",\"@id\":\"https:\\\/\\\/www.copealcoy.es\\\/es\\\/#\\\/schema\\\/person\\\/e777c87fa024e57d40170af9df39882c\",\"name\":\"Cope Alcoy\",\"image\":{\"@type\":\"ImageObject\",\"inLanguage\":\"es\",\"@id\":\"https:\\\/\\\/secure.gravatar.com\\\/avatar\\\/bb65d0283347e303893ba14f0692005417c1e0e690a325a4c5d8bb2b3943ee14?s=96&d=mm&r=g\",\"url\":\"https:\\\/\\\/secure.gravatar.com\\\/avatar\\\/bb65d0283347e303893ba14f0692005417c1e0e690a325a4c5d8bb2b3943ee14?s=96&d=mm&r=g\",\"contentUrl\":\"https:\\\/\\\/secure.gravatar.com\\\/avatar\\\/bb65d0283347e303893ba14f0692005417c1e0e690a325a4c5d8bb2b3943ee14?s=96&d=mm&r=g\",\"caption\":\"Cope Alcoy\"}}]}<\/script>\n<!-- \/ Yoast SEO plugin. -->","yoast_head_json":{"title":"Condenan a dos a\u00f1os de prisi\u00f3n a un funcionario de Cocentaina - COPE Alcoy","robots":{"index":"index","follow":"follow","max-snippet":"max-snippet:-1","max-image-preview":"max-image-preview:large","max-video-preview":"max-video-preview:-1"},"canonical":"https:\/\/www.copealcoy.es\/es\/condenan-a-dos-anos-de-prision-a-un-funcionario-de-cocentaina\/","og_locale":"es_ES","og_type":"article","og_title":"Condenan a dos a\u00f1os de prisi\u00f3n a un funcionario de Cocentaina - COPE Alcoy","og_description":"La Audiencia de Alicante ha condenado a dos a\u00f1os de prisi\u00f3n a un funcionario del Ayuntamiento de Cocentaina que sustrajo...","og_url":"https:\/\/www.copealcoy.es\/es\/condenan-a-dos-anos-de-prision-a-un-funcionario-de-cocentaina\/","og_site_name":"COPE Alcoy","article_published_time":"2017-12-08T09:00:18+00:00","article_modified_time":"2017-12-08T13:44:46+00:00","og_image":[{"width":2400,"height":1679,"url":"https:\/\/www.copealcoy.es\/wp-content\/uploads\/2016\/02\/Ajuntament-Cocentaina-2.jpg","type":"image\/jpeg"}],"author":"Cope Alcoy","twitter_misc":{"Escrito por":"Cope Alcoy","Tiempo de lectura":"1 minuto"},"schema":{"@context":"https:\/\/schema.org","@graph":[{"@type":"Article","@id":"https:\/\/www.copealcoy.es\/es\/condenan-a-dos-anos-de-prision-a-un-funcionario-de-cocentaina\/#article","isPartOf":{"@id":"https:\/\/www.copealcoy.es\/es\/condenan-a-dos-anos-de-prision-a-un-funcionario-de-cocentaina\/"},"author":{"name":"Cope Alcoy","@id":"https:\/\/www.copealcoy.es\/es\/#\/schema\/person\/e777c87fa024e57d40170af9df39882c"},"headline":"Condenan a dos a\u00f1os de prisi\u00f3n a un funcionario de Cocentaina","datePublished":"2017-12-08T09:00:18+00:00","dateModified":"2017-12-08T13:44:46+00:00","mainEntityOfPage":{"@id":"https:\/\/www.copealcoy.es\/es\/condenan-a-dos-anos-de-prision-a-un-funcionario-de-cocentaina\/"},"wordCount":261,"commentCount":0,"image":{"@id":"https:\/\/www.copealcoy.es\/es\/condenan-a-dos-anos-de-prision-a-un-funcionario-de-cocentaina\/#primaryimage"},"thumbnailUrl":"https:\/\/www.copealcoy.es\/wp-content\/uploads\/2016\/02\/Ajuntament-Cocentaina-2.jpg","keywords":["Ayuntamiento","Cocentaina","Comtat","condenado","dos a\u00f1os de prisi\u00f3n","funcionario"],"articleSection":["Comarcas","Noticias","Portada"],"inLanguage":"es"},{"@type":"WebPage","@id":"https:\/\/www.copealcoy.es\/es\/condenan-a-dos-anos-de-prision-a-un-funcionario-de-cocentaina\/","url":"https:\/\/www.copealcoy.es\/es\/condenan-a-dos-anos-de-prision-a-un-funcionario-de-cocentaina\/","name":"Condenan a dos a\u00f1os de prisi\u00f3n a un funcionario de Cocentaina - COPE Alcoy","isPartOf":{"@id":"https:\/\/www.copealcoy.es\/es\/#website"},"primaryImageOfPage":{"@id":"https:\/\/www.copealcoy.es\/es\/condenan-a-dos-anos-de-prision-a-un-funcionario-de-cocentaina\/#primaryimage"},"image":{"@id":"https:\/\/www.copealcoy.es\/es\/condenan-a-dos-anos-de-prision-a-un-funcionario-de-cocentaina\/#primaryimage"},"thumbnailUrl":"https:\/\/www.copealcoy.es\/wp-content\/uploads\/2016\/02\/Ajuntament-Cocentaina-2.jpg","datePublished":"2017-12-08T09:00:18+00:00","dateModified":"2017-12-08T13:44:46+00:00","author":{"@id":"https:\/\/www.copealcoy.es\/es\/#\/schema\/person\/e777c87fa024e57d40170af9df39882c"},"breadcrumb":{"@id":"https:\/\/www.copealcoy.es\/es\/condenan-a-dos-anos-de-prision-a-un-funcionario-de-cocentaina\/#breadcrumb"},"inLanguage":"es","potentialAction":[{"@type":"ReadAction","target":["https:\/\/www.copealcoy.es\/es\/condenan-a-dos-anos-de-prision-a-un-funcionario-de-cocentaina\/"]}]},{"@type":"ImageObject","inLanguage":"es","@id":"https:\/\/www.copealcoy.es\/es\/condenan-a-dos-anos-de-prision-a-un-funcionario-de-cocentaina\/#primaryimage","url":"https:\/\/www.copealcoy.es\/wp-content\/uploads\/2016\/02\/Ajuntament-Cocentaina-2.jpg","contentUrl":"https:\/\/www.copealcoy.es\/wp-content\/uploads\/2016\/02\/Ajuntament-Cocentaina-2.jpg","width":2400,"height":1679,"caption":"Ayuntamiento de Cocentaina \/ Foto: G. Pascual"},{"@type":"BreadcrumbList","@id":"https:\/\/www.copealcoy.es\/es\/condenan-a-dos-anos-de-prision-a-un-funcionario-de-cocentaina\/#breadcrumb","itemListElement":[{"@type":"ListItem","position":1,"name":"Portada","item":"https:\/\/www.copealcoy.es\/es\/"},{"@type":"ListItem","position":2,"name":"Condenan a dos a\u00f1os de prisi\u00f3n a un funcionario de Cocentaina"}]},{"@type":"WebSite","@id":"https:\/\/www.copealcoy.es\/es\/#website","url":"https:\/\/www.copealcoy.es\/es\/","name":"COPE Alcoy","description":"Emisora COPE de radio local con emisi\u00f3n online. Pont de Sant Jordi 8-10 03803 Alcoy","potentialAction":[{"@type":"SearchAction","target":{"@type":"EntryPoint","urlTemplate":"https:\/\/www.copealcoy.es\/es\/?s={search_term_string}"},"query-input":{"@type":"PropertyValueSpecification","valueRequired":true,"valueName":"search_term_string"}}],"inLanguage":"es"},{"@type":"Person","@id":"https:\/\/www.copealcoy.es\/es\/#\/schema\/person\/e777c87fa024e57d40170af9df39882c","name":"Cope Alcoy","image":{"@type":"ImageObject","inLanguage":"es","@id":"https:\/\/secure.gravatar.com\/avatar\/bb65d0283347e303893ba14f0692005417c1e0e690a325a4c5d8bb2b3943ee14?s=96&d=mm&r=g","url":"https:\/\/secure.gravatar.com\/avatar\/bb65d0283347e303893ba14f0692005417c1e0e690a325a4c5d8bb2b3943ee14?s=96&d=mm&r=g","contentUrl":"https:\/\/secure.gravatar.com\/avatar\/bb65d0283347e303893ba14f0692005417c1e0e690a325a4c5d8bb2b3943ee14?s=96&d=mm&r=g","caption":"Cope Alcoy"}}]}},"_links":{"self":[{"href":"https:\/\/www.copealcoy.es\/es\/wp-json\/wp\/v2\/posts\/37300","targetHints":{"allow":["GET"]}}],"collection":[{"href":"https:\/\/www.copealcoy.es\/es\/wp-json\/wp\/v2\/posts"}],"about":[{"href":"https:\/\/www.copealcoy.es\/es\/wp-json\/wp\/v2\/types\/post"}],"author":[{"embeddable":true,"href":"https:\/\/www.copealcoy.es\/es\/wp-json\/wp\/v2\/users\/1"}],"replies":[{"embeddable":true,"href":"https:\/\/www.copealcoy.es\/es\/wp-json\/wp\/v2\/comments?post=37300"}],"version-history":[{"count":0,"href":"https:\/\/www.copealcoy.es\/es\/wp-json\/wp\/v2\/posts\/37300\/revisions"}],"wp:featuredmedia":[{"embeddable":true,"href":"https:\/\/www.copealcoy.es\/es\/wp-json\/wp\/v2\/media\/18561"}],"wp:attachment":[{"href":"https:\/\/www.copealcoy.es\/es\/wp-json\/wp\/v2\/media?parent=37300"}],"wp:term":[{"taxonomy":"category","embeddable":true,"href":"https:\/\/www.copealcoy.es\/es\/wp-json\/wp\/v2\/categories?post=37300"},{"taxonomy":"post_tag","embeddable":true,"href":"https:\/\/www.copealcoy.es\/es\/wp-json\/wp\/v2\/tags?post=37300"}],"curies":[{"name":"wp","href":"https:\/\/api.w.org\/{rel}","templated":true}]}}