{"id":37090,"date":"2017-11-29T17:52:34","date_gmt":"2017-11-29T17:52:34","guid":{"rendered":"http:\/\/copealcoi.es\/new\/?p=37090"},"modified":"2017-11-30T08:14:05","modified_gmt":"2017-11-30T08:14:05","slug":"las-obras-obligan-a-cortar-de-nuevo-la-circulacion-en-el-viaducto","status":"publish","type":"post","link":"https:\/\/www.copealcoy.es\/es\/las-obras-obligan-a-cortar-de-nuevo-la-circulacion-en-el-viaducto\/","title":{"rendered":"Las obras obligan a cortar de nuevo la circulaci\u00f3n en El Viaducto"},"content":{"rendered":"<p style=\"text-align: justify;\">Las obras del puente del Viaducto de Alcoy han comenzado una nueva fase esta misma semana. Los\u00a0<strong>trabajos,<\/strong>\u00a0que\u00a0<strong>se est\u00e1n realizando de manera urgente,<\/strong><strong>\u00a0<\/strong>permitir\u00e1n<strong>\u00a0<\/strong><strong>reparar los problemas en la estructura<\/strong>\u00a0sobre la que se asientan\u00a0<strong>las aceras <\/strong>de este emblem\u00e1tico vial de la ciudad. En esta ocasi\u00f3n la\u00a0actuaci\u00f3n se est\u00e1 centrando en <strong>colocar y soldar las vigas<\/strong> que conformar\u00e1n la nueva estructura que sustenta las mencionadas\u00a0aceras del puente. Recordar que las obras\u00a0han sido adjudicadas a la empresa\u00a0<strong>Doble Cubierta por 88.000 euros<\/strong>, y tienen una duraci\u00f3n aproximada de dos meses. Indicar que <strong>desde el lunes est\u00e1 cortada la circulaci\u00f3n para los veh\u00edculos<\/strong> en esta zona de la ciudad, excepto la l\u00ednea de autob\u00fas urbano, en direcci\u00f3n al Centro. Apuntar que si que se circula con normalidad desde el Centro hasta el Viaducto.<\/p>\n<p style=\"text-align: justify;\">Desde el \u00e1rea de Obras y Servicios del Ayuntamiento de Alcoy conf\u00edan en que <strong>las obras del Viaducto puedan finalizar<\/strong> antes de que acabe el a\u00f1o.<\/p>\n","protected":false},"excerpt":{"rendered":"<p>Las obras del puente del Viaducto de Alcoy han comenzado una nueva fase esta misma semana. Los\u00a0trabajos,\u00a0que\u00a0se est\u00e1n realizando de&#8230;<\/p>\n","protected":false},"author":1,"featured_media":37091,"comment_status":"open","ping_status":"open","sticky":false,"template":"","format":"standard","meta":{"footnotes":""},"categories":[97,75,125],"tags":[1494,3097,145,401,2277],"class_list":["post-37090","post","type-post","status-publish","format-standard","has-post-thumbnail","hentry","category-alcoy","category-noticias","category-portada","tag-alcoy","tag-circulacion","tag-obras","tag-trafico","tag-viaducto"],"yoast_head":"<!-- This site is optimized with the Yoast SEO plugin v27.3 - https:\/\/yoast.com\/product\/yoast-seo-wordpress\/ -->\n<title>Las obras obligan a cortar de nuevo la circulaci\u00f3n en El Viaducto - COPE Alcoy<\/title>\n<meta name=\"robots\" content=\"index, follow, max-snippet:-1, max-image-preview:large, max-video-preview:-1\" \/>\n<link rel=\"canonical\" href=\"https:\/\/www.copealcoy.es\/es\/las-obras-obligan-a-cortar-de-nuevo-la-circulacion-en-el-viaducto\/\" \/>\n<meta property=\"og:locale\" content=\"es_ES\" \/>\n<meta property=\"og:type\" content=\"article\" \/>\n<meta property=\"og:title\" content=\"Las obras obligan a cortar de nuevo la circulaci\u00f3n en El Viaducto - COPE Alcoy\" \/>\n<meta property=\"og:description\" content=\"Las obras del puente del Viaducto de Alcoy han comenzado una nueva fase esta misma semana. Los\u00a0trabajos,\u00a0que\u00a0se est\u00e1n realizando de...\" \/>\n<meta property=\"og:url\" content=\"https:\/\/www.copealcoy.es\/es\/las-obras-obligan-a-cortar-de-nuevo-la-circulacion-en-el-viaducto\/\" \/>\n<meta property=\"og:site_name\" content=\"COPE Alcoy\" \/>\n<meta property=\"article:published_time\" content=\"2017-11-29T17:52:34+00:00\" \/>\n<meta property=\"article:modified_time\" content=\"2017-11-30T08:14:05+00:00\" \/>\n<meta property=\"og:image\" content=\"https:\/\/www.copealcoy.es\/wp-content\/uploads\/2017\/11\/23915794_2175437825815723_130748017219157455_n.jpg\" \/>\n\t<meta property=\"og:image:width\" content=\"960\" \/>\n\t<meta property=\"og:image:height\" content=\"639\" \/>\n\t<meta property=\"og:image:type\" content=\"image\/jpeg\" \/>\n<meta name=\"author\" content=\"Cope Alcoy\" \/>\n<meta name=\"twitter:label1\" content=\"Escrito por\" \/>\n\t<meta name=\"twitter:data1\" content=\"Cope Alcoy\" \/>\n\t<meta name=\"twitter:label2\" content=\"Tiempo de lectura\" \/>\n\t<meta name=\"twitter:data2\" content=\"1 minuto\" \/>\n<script type=\"application\/ld+json\" class=\"yoast-schema-graph\">{\"@context\":\"https:\\\/\\\/schema.org\",\"@graph\":[{\"@type\":\"Article\",\"@id\":\"https:\\\/\\\/www.copealcoy.es\\\/es\\\/las-obras-obligan-a-cortar-de-nuevo-la-circulacion-en-el-viaducto\\\/#article\",\"isPartOf\":{\"@id\":\"https:\\\/\\\/www.copealcoy.es\\\/es\\\/las-obras-obligan-a-cortar-de-nuevo-la-circulacion-en-el-viaducto\\\/\"},\"author\":{\"name\":\"Cope Alcoy\",\"@id\":\"https:\\\/\\\/www.copealcoy.es\\\/es\\\/#\\\/schema\\\/person\\\/e777c87fa024e57d40170af9df39882c\"},\"headline\":\"Las obras obligan a cortar de nuevo la circulaci\u00f3n en El Viaducto\",\"datePublished\":\"2017-11-29T17:52:34+00:00\",\"dateModified\":\"2017-11-30T08:14:05+00:00\",\"mainEntityOfPage\":{\"@id\":\"https:\\\/\\\/www.copealcoy.es\\\/es\\\/las-obras-obligan-a-cortar-de-nuevo-la-circulacion-en-el-viaducto\\\/\"},\"wordCount\":189,\"commentCount\":0,\"image\":{\"@id\":\"https:\\\/\\\/www.copealcoy.es\\\/es\\\/las-obras-obligan-a-cortar-de-nuevo-la-circulacion-en-el-viaducto\\\/#primaryimage\"},\"thumbnailUrl\":\"https:\\\/\\\/www.copealcoy.es\\\/wp-content\\\/uploads\\\/2017\\\/11\\\/23915794_2175437825815723_130748017219157455_n.jpg\",\"keywords\":[\"Alcoy\",\"Circulaci\u00f3n\",\"Obras\",\"Tr\u00e1fico\",\"viaducto\"],\"articleSection\":[\"Alcoy\",\"Noticias\",\"Portada\"],\"inLanguage\":\"es\"},{\"@type\":\"WebPage\",\"@id\":\"https:\\\/\\\/www.copealcoy.es\\\/es\\\/las-obras-obligan-a-cortar-de-nuevo-la-circulacion-en-el-viaducto\\\/\",\"url\":\"https:\\\/\\\/www.copealcoy.es\\\/es\\\/las-obras-obligan-a-cortar-de-nuevo-la-circulacion-en-el-viaducto\\\/\",\"name\":\"Las obras obligan a cortar de nuevo la circulaci\u00f3n en El Viaducto - COPE Alcoy\",\"isPartOf\":{\"@id\":\"https:\\\/\\\/www.copealcoy.es\\\/es\\\/#website\"},\"primaryImageOfPage\":{\"@id\":\"https:\\\/\\\/www.copealcoy.es\\\/es\\\/las-obras-obligan-a-cortar-de-nuevo-la-circulacion-en-el-viaducto\\\/#primaryimage\"},\"image\":{\"@id\":\"https:\\\/\\\/www.copealcoy.es\\\/es\\\/las-obras-obligan-a-cortar-de-nuevo-la-circulacion-en-el-viaducto\\\/#primaryimage\"},\"thumbnailUrl\":\"https:\\\/\\\/www.copealcoy.es\\\/wp-content\\\/uploads\\\/2017\\\/11\\\/23915794_2175437825815723_130748017219157455_n.jpg\",\"datePublished\":\"2017-11-29T17:52:34+00:00\",\"dateModified\":\"2017-11-30T08:14:05+00:00\",\"author\":{\"@id\":\"https:\\\/\\\/www.copealcoy.es\\\/es\\\/#\\\/schema\\\/person\\\/e777c87fa024e57d40170af9df39882c\"},\"breadcrumb\":{\"@id\":\"https:\\\/\\\/www.copealcoy.es\\\/es\\\/las-obras-obligan-a-cortar-de-nuevo-la-circulacion-en-el-viaducto\\\/#breadcrumb\"},\"inLanguage\":\"es\",\"potentialAction\":[{\"@type\":\"ReadAction\",\"target\":[\"https:\\\/\\\/www.copealcoy.es\\\/es\\\/las-obras-obligan-a-cortar-de-nuevo-la-circulacion-en-el-viaducto\\\/\"]}]},{\"@type\":\"ImageObject\",\"inLanguage\":\"es\",\"@id\":\"https:\\\/\\\/www.copealcoy.es\\\/es\\\/las-obras-obligan-a-cortar-de-nuevo-la-circulacion-en-el-viaducto\\\/#primaryimage\",\"url\":\"https:\\\/\\\/www.copealcoy.es\\\/wp-content\\\/uploads\\\/2017\\\/11\\\/23915794_2175437825815723_130748017219157455_n.jpg\",\"contentUrl\":\"https:\\\/\\\/www.copealcoy.es\\\/wp-content\\\/uploads\\\/2017\\\/11\\\/23915794_2175437825815723_130748017219157455_n.jpg\",\"width\":960,\"height\":639},{\"@type\":\"BreadcrumbList\",\"@id\":\"https:\\\/\\\/www.copealcoy.es\\\/es\\\/las-obras-obligan-a-cortar-de-nuevo-la-circulacion-en-el-viaducto\\\/#breadcrumb\",\"itemListElement\":[{\"@type\":\"ListItem\",\"position\":1,\"name\":\"Portada\",\"item\":\"https:\\\/\\\/www.copealcoy.es\\\/es\\\/\"},{\"@type\":\"ListItem\",\"position\":2,\"name\":\"Las obras obligan a cortar de nuevo la circulaci\u00f3n en El Viaducto\"}]},{\"@type\":\"WebSite\",\"@id\":\"https:\\\/\\\/www.copealcoy.es\\\/es\\\/#website\",\"url\":\"https:\\\/\\\/www.copealcoy.es\\\/es\\\/\",\"name\":\"COPE Alcoy\",\"description\":\"Emisora COPE de radio local con emisi\u00f3n online. Pont de Sant Jordi 8-10 03803 Alcoy\",\"potentialAction\":[{\"@type\":\"SearchAction\",\"target\":{\"@type\":\"EntryPoint\",\"urlTemplate\":\"https:\\\/\\\/www.copealcoy.es\\\/es\\\/?s={search_term_string}\"},\"query-input\":{\"@type\":\"PropertyValueSpecification\",\"valueRequired\":true,\"valueName\":\"search_term_string\"}}],\"inLanguage\":\"es\"},{\"@type\":\"Person\",\"@id\":\"https:\\\/\\\/www.copealcoy.es\\\/es\\\/#\\\/schema\\\/person\\\/e777c87fa024e57d40170af9df39882c\",\"name\":\"Cope Alcoy\",\"image\":{\"@type\":\"ImageObject\",\"inLanguage\":\"es\",\"@id\":\"https:\\\/\\\/secure.gravatar.com\\\/avatar\\\/bb65d0283347e303893ba14f0692005417c1e0e690a325a4c5d8bb2b3943ee14?s=96&d=mm&r=g\",\"url\":\"https:\\\/\\\/secure.gravatar.com\\\/avatar\\\/bb65d0283347e303893ba14f0692005417c1e0e690a325a4c5d8bb2b3943ee14?s=96&d=mm&r=g\",\"contentUrl\":\"https:\\\/\\\/secure.gravatar.com\\\/avatar\\\/bb65d0283347e303893ba14f0692005417c1e0e690a325a4c5d8bb2b3943ee14?s=96&d=mm&r=g\",\"caption\":\"Cope Alcoy\"}}]}<\/script>\n<!-- \/ Yoast SEO plugin. -->","yoast_head_json":{"title":"Las obras obligan a cortar de nuevo la circulaci\u00f3n en El Viaducto - COPE Alcoy","robots":{"index":"index","follow":"follow","max-snippet":"max-snippet:-1","max-image-preview":"max-image-preview:large","max-video-preview":"max-video-preview:-1"},"canonical":"https:\/\/www.copealcoy.es\/es\/las-obras-obligan-a-cortar-de-nuevo-la-circulacion-en-el-viaducto\/","og_locale":"es_ES","og_type":"article","og_title":"Las obras obligan a cortar de nuevo la circulaci\u00f3n en El Viaducto - COPE Alcoy","og_description":"Las obras del puente del Viaducto de Alcoy han comenzado una nueva fase esta misma semana. Los\u00a0trabajos,\u00a0que\u00a0se est\u00e1n realizando de...","og_url":"https:\/\/www.copealcoy.es\/es\/las-obras-obligan-a-cortar-de-nuevo-la-circulacion-en-el-viaducto\/","og_site_name":"COPE Alcoy","article_published_time":"2017-11-29T17:52:34+00:00","article_modified_time":"2017-11-30T08:14:05+00:00","og_image":[{"width":960,"height":639,"url":"https:\/\/www.copealcoy.es\/wp-content\/uploads\/2017\/11\/23915794_2175437825815723_130748017219157455_n.jpg","type":"image\/jpeg"}],"author":"Cope Alcoy","twitter_misc":{"Escrito por":"Cope Alcoy","Tiempo de lectura":"1 minuto"},"schema":{"@context":"https:\/\/schema.org","@graph":[{"@type":"Article","@id":"https:\/\/www.copealcoy.es\/es\/las-obras-obligan-a-cortar-de-nuevo-la-circulacion-en-el-viaducto\/#article","isPartOf":{"@id":"https:\/\/www.copealcoy.es\/es\/las-obras-obligan-a-cortar-de-nuevo-la-circulacion-en-el-viaducto\/"},"author":{"name":"Cope Alcoy","@id":"https:\/\/www.copealcoy.es\/es\/#\/schema\/person\/e777c87fa024e57d40170af9df39882c"},"headline":"Las obras obligan a cortar de nuevo la circulaci\u00f3n en El Viaducto","datePublished":"2017-11-29T17:52:34+00:00","dateModified":"2017-11-30T08:14:05+00:00","mainEntityOfPage":{"@id":"https:\/\/www.copealcoy.es\/es\/las-obras-obligan-a-cortar-de-nuevo-la-circulacion-en-el-viaducto\/"},"wordCount":189,"commentCount":0,"image":{"@id":"https:\/\/www.copealcoy.es\/es\/las-obras-obligan-a-cortar-de-nuevo-la-circulacion-en-el-viaducto\/#primaryimage"},"thumbnailUrl":"https:\/\/www.copealcoy.es\/wp-content\/uploads\/2017\/11\/23915794_2175437825815723_130748017219157455_n.jpg","keywords":["Alcoy","Circulaci\u00f3n","Obras","Tr\u00e1fico","viaducto"],"articleSection":["Alcoy","Noticias","Portada"],"inLanguage":"es"},{"@type":"WebPage","@id":"https:\/\/www.copealcoy.es\/es\/las-obras-obligan-a-cortar-de-nuevo-la-circulacion-en-el-viaducto\/","url":"https:\/\/www.copealcoy.es\/es\/las-obras-obligan-a-cortar-de-nuevo-la-circulacion-en-el-viaducto\/","name":"Las obras obligan a cortar de nuevo la circulaci\u00f3n en El Viaducto - COPE Alcoy","isPartOf":{"@id":"https:\/\/www.copealcoy.es\/es\/#website"},"primaryImageOfPage":{"@id":"https:\/\/www.copealcoy.es\/es\/las-obras-obligan-a-cortar-de-nuevo-la-circulacion-en-el-viaducto\/#primaryimage"},"image":{"@id":"https:\/\/www.copealcoy.es\/es\/las-obras-obligan-a-cortar-de-nuevo-la-circulacion-en-el-viaducto\/#primaryimage"},"thumbnailUrl":"https:\/\/www.copealcoy.es\/wp-content\/uploads\/2017\/11\/23915794_2175437825815723_130748017219157455_n.jpg","datePublished":"2017-11-29T17:52:34+00:00","dateModified":"2017-11-30T08:14:05+00:00","author":{"@id":"https:\/\/www.copealcoy.es\/es\/#\/schema\/person\/e777c87fa024e57d40170af9df39882c"},"breadcrumb":{"@id":"https:\/\/www.copealcoy.es\/es\/las-obras-obligan-a-cortar-de-nuevo-la-circulacion-en-el-viaducto\/#breadcrumb"},"inLanguage":"es","potentialAction":[{"@type":"ReadAction","target":["https:\/\/www.copealcoy.es\/es\/las-obras-obligan-a-cortar-de-nuevo-la-circulacion-en-el-viaducto\/"]}]},{"@type":"ImageObject","inLanguage":"es","@id":"https:\/\/www.copealcoy.es\/es\/las-obras-obligan-a-cortar-de-nuevo-la-circulacion-en-el-viaducto\/#primaryimage","url":"https:\/\/www.copealcoy.es\/wp-content\/uploads\/2017\/11\/23915794_2175437825815723_130748017219157455_n.jpg","contentUrl":"https:\/\/www.copealcoy.es\/wp-content\/uploads\/2017\/11\/23915794_2175437825815723_130748017219157455_n.jpg","width":960,"height":639},{"@type":"BreadcrumbList","@id":"https:\/\/www.copealcoy.es\/es\/las-obras-obligan-a-cortar-de-nuevo-la-circulacion-en-el-viaducto\/#breadcrumb","itemListElement":[{"@type":"ListItem","position":1,"name":"Portada","item":"https:\/\/www.copealcoy.es\/es\/"},{"@type":"ListItem","position":2,"name":"Las obras obligan a cortar de nuevo la circulaci\u00f3n en El Viaducto"}]},{"@type":"WebSite","@id":"https:\/\/www.copealcoy.es\/es\/#website","url":"https:\/\/www.copealcoy.es\/es\/","name":"COPE Alcoy","description":"Emisora COPE de radio local con emisi\u00f3n online. Pont de Sant Jordi 8-10 03803 Alcoy","potentialAction":[{"@type":"SearchAction","target":{"@type":"EntryPoint","urlTemplate":"https:\/\/www.copealcoy.es\/es\/?s={search_term_string}"},"query-input":{"@type":"PropertyValueSpecification","valueRequired":true,"valueName":"search_term_string"}}],"inLanguage":"es"},{"@type":"Person","@id":"https:\/\/www.copealcoy.es\/es\/#\/schema\/person\/e777c87fa024e57d40170af9df39882c","name":"Cope Alcoy","image":{"@type":"ImageObject","inLanguage":"es","@id":"https:\/\/secure.gravatar.com\/avatar\/bb65d0283347e303893ba14f0692005417c1e0e690a325a4c5d8bb2b3943ee14?s=96&d=mm&r=g","url":"https:\/\/secure.gravatar.com\/avatar\/bb65d0283347e303893ba14f0692005417c1e0e690a325a4c5d8bb2b3943ee14?s=96&d=mm&r=g","contentUrl":"https:\/\/secure.gravatar.com\/avatar\/bb65d0283347e303893ba14f0692005417c1e0e690a325a4c5d8bb2b3943ee14?s=96&d=mm&r=g","caption":"Cope Alcoy"}}]}},"_links":{"self":[{"href":"https:\/\/www.copealcoy.es\/es\/wp-json\/wp\/v2\/posts\/37090","targetHints":{"allow":["GET"]}}],"collection":[{"href":"https:\/\/www.copealcoy.es\/es\/wp-json\/wp\/v2\/posts"}],"about":[{"href":"https:\/\/www.copealcoy.es\/es\/wp-json\/wp\/v2\/types\/post"}],"author":[{"embeddable":true,"href":"https:\/\/www.copealcoy.es\/es\/wp-json\/wp\/v2\/users\/1"}],"replies":[{"embeddable":true,"href":"https:\/\/www.copealcoy.es\/es\/wp-json\/wp\/v2\/comments?post=37090"}],"version-history":[{"count":0,"href":"https:\/\/www.copealcoy.es\/es\/wp-json\/wp\/v2\/posts\/37090\/revisions"}],"wp:featuredmedia":[{"embeddable":true,"href":"https:\/\/www.copealcoy.es\/es\/wp-json\/wp\/v2\/media\/37091"}],"wp:attachment":[{"href":"https:\/\/www.copealcoy.es\/es\/wp-json\/wp\/v2\/media?parent=37090"}],"wp:term":[{"taxonomy":"category","embeddable":true,"href":"https:\/\/www.copealcoy.es\/es\/wp-json\/wp\/v2\/categories?post=37090"},{"taxonomy":"post_tag","embeddable":true,"href":"https:\/\/www.copealcoy.es\/es\/wp-json\/wp\/v2\/tags?post=37090"}],"curies":[{"name":"wp","href":"https:\/\/api.w.org\/{rel}","templated":true}]}}