{"id":37052,"date":"2017-11-28T16:39:19","date_gmt":"2017-11-28T16:39:19","guid":{"rendered":"http:\/\/copealcoi.es\/new\/?p=37052"},"modified":"2017-11-30T19:11:12","modified_gmt":"2017-11-30T19:11:12","slug":"alcoy-recupera-las-figuras-del-belen-de-tirisiti-originales-de-finales-del-siglo-xix","status":"publish","type":"post","link":"https:\/\/www.copealcoy.es\/es\/alcoy-recupera-las-figuras-del-belen-de-tirisiti-originales-de-finales-del-siglo-xix\/","title":{"rendered":"Alcoy recupera las figuras del Bel\u00e9n de Tirisiti originales de finales del siglo XIX"},"content":{"rendered":"<p style=\"text-align: justify;\">El <strong>Teatro Principal de Alcoy<\/strong> ha acogido este martes <strong>el acto de presentaci\u00f3n de las figuras<\/strong> originales del <strong>Bel\u00e9n del Tirisiti<\/strong> de <strong>finales del siglo XIX<\/strong>, unos t\u00edteres propiedad de <strong>la familia Peidr\u00f3 &#8216;Els Foia&#8217;<\/strong> y que a partir de ahora <strong>pasar\u00e1n a formar parte del patrimonio<\/strong> de la ciudad. Adem\u00e1s se podr\u00e1n contemplar durante <strong>la campa\u00f1a de sesiones del Bel\u00e9n\u00a0<\/strong>de esta pr\u00f3xima Navidad ya que ser\u00e1n expuestas a la entrada del mencionado teatro.<\/p>\n<p style=\"text-align: justify;\">El propio <strong>Jos\u00e9 Peidr\u00f3<\/strong>, encargado de custodiar las figuras, ha explicado que <strong>las guard\u00f3 tras recogerlas de los escombros del barrac\u00f3n<\/strong> en el que se hac\u00edan anteriormente las representaciones y que se hundi\u00f3 en las lluvias de agosto de 1975. Tambi\u00e9n ha recordado que <strong>su familia se encarg\u00f3 durante muchos a\u00f1os de realizar<\/strong> la puesta en escena del Bel\u00e9n &#8220;<em>las hemos cuidado para conservarlas en buen estado y ahora las queremos dar al Ayuntamiento porque sabemos que as\u00ed pasar\u00e1n a formar parte del patrimonio de nuestra ciudad<\/em>&#8220;, apunt\u00f3.<\/p>\n<p style=\"text-align: justify;\">En el acto de entrega han estado presentes el alcalde, <strong>Antonio Franc\u00e9s<\/strong>, el Concejal de Fiestas, <strong>Ra\u00fcl Llopis<\/strong>, y <strong>Joanfran Rozal\u00e9n<\/strong>; el Director de la Compa\u00f1\u00eda de Teatro La Dependent; encargada de realizar ahora las funciones del popular retablo navide\u00f1o alcoyano.<\/p>\n<p><iframe loading=\"lazy\" title=\"Donaci\u00f3 de figures centen\u00e0ries del Betlem de Tirisiti (29\/11\/2017)\" width=\"1200\" height=\"675\" src=\"https:\/\/www.youtube.com\/embed\/x6JR57k85h4?feature=oembed\" frameborder=\"0\" allow=\"accelerometer; autoplay; encrypted-media; gyroscope; picture-in-picture\" allowfullscreen><\/iframe><\/p>\n<p>&nbsp;<\/p>\n","protected":false},"excerpt":{"rendered":"<p>El Teatro Principal de Alcoy ha acogido este martes el acto de presentaci\u00f3n de las figuras originales del Bel\u00e9n del&#8230;<\/p>\n","protected":false},"author":1,"featured_media":37053,"comment_status":"open","ping_status":"open","sticky":false,"template":"","format":"standard","meta":{"footnotes":""},"categories":[97,78,75],"tags":[1494,3519,4947,4946,1400],"class_list":["post-37052","post","type-post","status-publish","format-standard","has-post-thumbnail","hentry","category-alcoy","category-fiestaycultura","category-noticias","tag-alcoy","tag-belen-tirisiti","tag-familia-peidro","tag-figuras","tag-teatre-principal"],"yoast_head":"<!-- This site is optimized with the Yoast SEO plugin v27.3 - https:\/\/yoast.com\/product\/yoast-seo-wordpress\/ -->\n<title>Alcoy recupera las figuras del Bel\u00e9n de Tirisiti originales de finales del siglo XIX - COPE Alcoy<\/title>\n<meta name=\"robots\" content=\"index, follow, max-snippet:-1, max-image-preview:large, max-video-preview:-1\" \/>\n<link rel=\"canonical\" href=\"https:\/\/www.copealcoy.es\/es\/alcoy-recupera-las-figuras-del-belen-de-tirisiti-originales-de-finales-del-siglo-xix\/\" \/>\n<meta property=\"og:locale\" content=\"es_ES\" \/>\n<meta property=\"og:type\" content=\"article\" \/>\n<meta property=\"og:title\" content=\"Alcoy recupera las figuras del Bel\u00e9n de Tirisiti originales de finales del siglo XIX - COPE Alcoy\" \/>\n<meta property=\"og:description\" content=\"El Teatro Principal de Alcoy ha acogido este martes el acto de presentaci\u00f3n de las figuras originales del Bel\u00e9n del...\" \/>\n<meta property=\"og:url\" content=\"https:\/\/www.copealcoy.es\/es\/alcoy-recupera-las-figuras-del-belen-de-tirisiti-originales-de-finales-del-siglo-xix\/\" \/>\n<meta property=\"og:site_name\" content=\"COPE Alcoy\" \/>\n<meta property=\"article:published_time\" content=\"2017-11-28T16:39:19+00:00\" \/>\n<meta property=\"article:modified_time\" content=\"2017-11-30T19:11:12+00:00\" \/>\n<meta property=\"og:image\" content=\"https:\/\/www.copealcoy.es\/wp-content\/uploads\/2017\/11\/23915609_1224102957733187_3910469346154923757_n-e1511887199341.jpg\" \/>\n\t<meta property=\"og:image:width\" content=\"960\" \/>\n\t<meta property=\"og:image:height\" content=\"561\" \/>\n\t<meta property=\"og:image:type\" content=\"image\/jpeg\" \/>\n<meta name=\"author\" content=\"Cope Alcoy\" \/>\n<meta name=\"twitter:label1\" content=\"Escrito por\" \/>\n\t<meta name=\"twitter:data1\" content=\"Cope Alcoy\" \/>\n\t<meta name=\"twitter:label2\" content=\"Tiempo de lectura\" \/>\n\t<meta name=\"twitter:data2\" content=\"1 minuto\" \/>\n<script type=\"application\/ld+json\" class=\"yoast-schema-graph\">{\"@context\":\"https:\\\/\\\/schema.org\",\"@graph\":[{\"@type\":\"Article\",\"@id\":\"https:\\\/\\\/www.copealcoy.es\\\/es\\\/alcoy-recupera-las-figuras-del-belen-de-tirisiti-originales-de-finales-del-siglo-xix\\\/#article\",\"isPartOf\":{\"@id\":\"https:\\\/\\\/www.copealcoy.es\\\/es\\\/alcoy-recupera-las-figuras-del-belen-de-tirisiti-originales-de-finales-del-siglo-xix\\\/\"},\"author\":{\"name\":\"Cope Alcoy\",\"@id\":\"https:\\\/\\\/www.copealcoy.es\\\/es\\\/#\\\/schema\\\/person\\\/e777c87fa024e57d40170af9df39882c\"},\"headline\":\"Alcoy recupera las figuras del Bel\u00e9n de Tirisiti originales de finales del siglo XIX\",\"datePublished\":\"2017-11-28T16:39:19+00:00\",\"dateModified\":\"2017-11-30T19:11:12+00:00\",\"mainEntityOfPage\":{\"@id\":\"https:\\\/\\\/www.copealcoy.es\\\/es\\\/alcoy-recupera-las-figuras-del-belen-de-tirisiti-originales-de-finales-del-siglo-xix\\\/\"},\"wordCount\":250,\"commentCount\":0,\"image\":{\"@id\":\"https:\\\/\\\/www.copealcoy.es\\\/es\\\/alcoy-recupera-las-figuras-del-belen-de-tirisiti-originales-de-finales-del-siglo-xix\\\/#primaryimage\"},\"thumbnailUrl\":\"https:\\\/\\\/www.copealcoy.es\\\/wp-content\\\/uploads\\\/2017\\\/11\\\/23915609_1224102957733187_3910469346154923757_n-e1511887199341.jpg\",\"keywords\":[\"Alcoy\",\"Bel\u00e9n Tirisiti\",\"Familia Peidr\u00f3\",\"figuras\",\"Teatre Principal\"],\"articleSection\":[\"Alcoy\",\"Fiesta y Cultura\",\"Noticias\"],\"inLanguage\":\"es\"},{\"@type\":\"WebPage\",\"@id\":\"https:\\\/\\\/www.copealcoy.es\\\/es\\\/alcoy-recupera-las-figuras-del-belen-de-tirisiti-originales-de-finales-del-siglo-xix\\\/\",\"url\":\"https:\\\/\\\/www.copealcoy.es\\\/es\\\/alcoy-recupera-las-figuras-del-belen-de-tirisiti-originales-de-finales-del-siglo-xix\\\/\",\"name\":\"Alcoy recupera las figuras del Bel\u00e9n de Tirisiti originales de finales del siglo XIX - COPE Alcoy\",\"isPartOf\":{\"@id\":\"https:\\\/\\\/www.copealcoy.es\\\/es\\\/#website\"},\"primaryImageOfPage\":{\"@id\":\"https:\\\/\\\/www.copealcoy.es\\\/es\\\/alcoy-recupera-las-figuras-del-belen-de-tirisiti-originales-de-finales-del-siglo-xix\\\/#primaryimage\"},\"image\":{\"@id\":\"https:\\\/\\\/www.copealcoy.es\\\/es\\\/alcoy-recupera-las-figuras-del-belen-de-tirisiti-originales-de-finales-del-siglo-xix\\\/#primaryimage\"},\"thumbnailUrl\":\"https:\\\/\\\/www.copealcoy.es\\\/wp-content\\\/uploads\\\/2017\\\/11\\\/23915609_1224102957733187_3910469346154923757_n-e1511887199341.jpg\",\"datePublished\":\"2017-11-28T16:39:19+00:00\",\"dateModified\":\"2017-11-30T19:11:12+00:00\",\"author\":{\"@id\":\"https:\\\/\\\/www.copealcoy.es\\\/es\\\/#\\\/schema\\\/person\\\/e777c87fa024e57d40170af9df39882c\"},\"breadcrumb\":{\"@id\":\"https:\\\/\\\/www.copealcoy.es\\\/es\\\/alcoy-recupera-las-figuras-del-belen-de-tirisiti-originales-de-finales-del-siglo-xix\\\/#breadcrumb\"},\"inLanguage\":\"es\",\"potentialAction\":[{\"@type\":\"ReadAction\",\"target\":[\"https:\\\/\\\/www.copealcoy.es\\\/es\\\/alcoy-recupera-las-figuras-del-belen-de-tirisiti-originales-de-finales-del-siglo-xix\\\/\"]}]},{\"@type\":\"ImageObject\",\"inLanguage\":\"es\",\"@id\":\"https:\\\/\\\/www.copealcoy.es\\\/es\\\/alcoy-recupera-las-figuras-del-belen-de-tirisiti-originales-de-finales-del-siglo-xix\\\/#primaryimage\",\"url\":\"https:\\\/\\\/www.copealcoy.es\\\/wp-content\\\/uploads\\\/2017\\\/11\\\/23915609_1224102957733187_3910469346154923757_n-e1511887199341.jpg\",\"contentUrl\":\"https:\\\/\\\/www.copealcoy.es\\\/wp-content\\\/uploads\\\/2017\\\/11\\\/23915609_1224102957733187_3910469346154923757_n-e1511887199341.jpg\",\"width\":960,\"height\":561,\"caption\":\"La Donaci\u00f3n de las Figuras de Tirisiti ha tenido lugar esta ma\u00f1ana \\\/ Foto: N. \u00dabeda\"},{\"@type\":\"BreadcrumbList\",\"@id\":\"https:\\\/\\\/www.copealcoy.es\\\/es\\\/alcoy-recupera-las-figuras-del-belen-de-tirisiti-originales-de-finales-del-siglo-xix\\\/#breadcrumb\",\"itemListElement\":[{\"@type\":\"ListItem\",\"position\":1,\"name\":\"Portada\",\"item\":\"https:\\\/\\\/www.copealcoy.es\\\/es\\\/\"},{\"@type\":\"ListItem\",\"position\":2,\"name\":\"Alcoy recupera las figuras del Bel\u00e9n de Tirisiti originales de finales del siglo XIX\"}]},{\"@type\":\"WebSite\",\"@id\":\"https:\\\/\\\/www.copealcoy.es\\\/es\\\/#website\",\"url\":\"https:\\\/\\\/www.copealcoy.es\\\/es\\\/\",\"name\":\"COPE Alcoy\",\"description\":\"Emisora COPE de radio local con emisi\u00f3n online. Pont de Sant Jordi 8-10 03803 Alcoy\",\"potentialAction\":[{\"@type\":\"SearchAction\",\"target\":{\"@type\":\"EntryPoint\",\"urlTemplate\":\"https:\\\/\\\/www.copealcoy.es\\\/es\\\/?s={search_term_string}\"},\"query-input\":{\"@type\":\"PropertyValueSpecification\",\"valueRequired\":true,\"valueName\":\"search_term_string\"}}],\"inLanguage\":\"es\"},{\"@type\":\"Person\",\"@id\":\"https:\\\/\\\/www.copealcoy.es\\\/es\\\/#\\\/schema\\\/person\\\/e777c87fa024e57d40170af9df39882c\",\"name\":\"Cope Alcoy\",\"image\":{\"@type\":\"ImageObject\",\"inLanguage\":\"es\",\"@id\":\"https:\\\/\\\/secure.gravatar.com\\\/avatar\\\/bb65d0283347e303893ba14f0692005417c1e0e690a325a4c5d8bb2b3943ee14?s=96&d=mm&r=g\",\"url\":\"https:\\\/\\\/secure.gravatar.com\\\/avatar\\\/bb65d0283347e303893ba14f0692005417c1e0e690a325a4c5d8bb2b3943ee14?s=96&d=mm&r=g\",\"contentUrl\":\"https:\\\/\\\/secure.gravatar.com\\\/avatar\\\/bb65d0283347e303893ba14f0692005417c1e0e690a325a4c5d8bb2b3943ee14?s=96&d=mm&r=g\",\"caption\":\"Cope Alcoy\"}}]}<\/script>\n<!-- \/ Yoast SEO plugin. -->","yoast_head_json":{"title":"Alcoy recupera las figuras del Bel\u00e9n de Tirisiti originales de finales del siglo XIX - COPE Alcoy","robots":{"index":"index","follow":"follow","max-snippet":"max-snippet:-1","max-image-preview":"max-image-preview:large","max-video-preview":"max-video-preview:-1"},"canonical":"https:\/\/www.copealcoy.es\/es\/alcoy-recupera-las-figuras-del-belen-de-tirisiti-originales-de-finales-del-siglo-xix\/","og_locale":"es_ES","og_type":"article","og_title":"Alcoy recupera las figuras del Bel\u00e9n de Tirisiti originales de finales del siglo XIX - COPE Alcoy","og_description":"El Teatro Principal de Alcoy ha acogido este martes el acto de presentaci\u00f3n de las figuras originales del Bel\u00e9n del...","og_url":"https:\/\/www.copealcoy.es\/es\/alcoy-recupera-las-figuras-del-belen-de-tirisiti-originales-de-finales-del-siglo-xix\/","og_site_name":"COPE Alcoy","article_published_time":"2017-11-28T16:39:19+00:00","article_modified_time":"2017-11-30T19:11:12+00:00","og_image":[{"width":960,"height":561,"url":"https:\/\/www.copealcoy.es\/wp-content\/uploads\/2017\/11\/23915609_1224102957733187_3910469346154923757_n-e1511887199341.jpg","type":"image\/jpeg"}],"author":"Cope Alcoy","twitter_misc":{"Escrito por":"Cope Alcoy","Tiempo de lectura":"1 minuto"},"schema":{"@context":"https:\/\/schema.org","@graph":[{"@type":"Article","@id":"https:\/\/www.copealcoy.es\/es\/alcoy-recupera-las-figuras-del-belen-de-tirisiti-originales-de-finales-del-siglo-xix\/#article","isPartOf":{"@id":"https:\/\/www.copealcoy.es\/es\/alcoy-recupera-las-figuras-del-belen-de-tirisiti-originales-de-finales-del-siglo-xix\/"},"author":{"name":"Cope Alcoy","@id":"https:\/\/www.copealcoy.es\/es\/#\/schema\/person\/e777c87fa024e57d40170af9df39882c"},"headline":"Alcoy recupera las figuras del Bel\u00e9n de Tirisiti originales de finales del siglo XIX","datePublished":"2017-11-28T16:39:19+00:00","dateModified":"2017-11-30T19:11:12+00:00","mainEntityOfPage":{"@id":"https:\/\/www.copealcoy.es\/es\/alcoy-recupera-las-figuras-del-belen-de-tirisiti-originales-de-finales-del-siglo-xix\/"},"wordCount":250,"commentCount":0,"image":{"@id":"https:\/\/www.copealcoy.es\/es\/alcoy-recupera-las-figuras-del-belen-de-tirisiti-originales-de-finales-del-siglo-xix\/#primaryimage"},"thumbnailUrl":"https:\/\/www.copealcoy.es\/wp-content\/uploads\/2017\/11\/23915609_1224102957733187_3910469346154923757_n-e1511887199341.jpg","keywords":["Alcoy","Bel\u00e9n Tirisiti","Familia Peidr\u00f3","figuras","Teatre Principal"],"articleSection":["Alcoy","Fiesta y Cultura","Noticias"],"inLanguage":"es"},{"@type":"WebPage","@id":"https:\/\/www.copealcoy.es\/es\/alcoy-recupera-las-figuras-del-belen-de-tirisiti-originales-de-finales-del-siglo-xix\/","url":"https:\/\/www.copealcoy.es\/es\/alcoy-recupera-las-figuras-del-belen-de-tirisiti-originales-de-finales-del-siglo-xix\/","name":"Alcoy recupera las figuras del Bel\u00e9n de Tirisiti originales de finales del siglo XIX - COPE Alcoy","isPartOf":{"@id":"https:\/\/www.copealcoy.es\/es\/#website"},"primaryImageOfPage":{"@id":"https:\/\/www.copealcoy.es\/es\/alcoy-recupera-las-figuras-del-belen-de-tirisiti-originales-de-finales-del-siglo-xix\/#primaryimage"},"image":{"@id":"https:\/\/www.copealcoy.es\/es\/alcoy-recupera-las-figuras-del-belen-de-tirisiti-originales-de-finales-del-siglo-xix\/#primaryimage"},"thumbnailUrl":"https:\/\/www.copealcoy.es\/wp-content\/uploads\/2017\/11\/23915609_1224102957733187_3910469346154923757_n-e1511887199341.jpg","datePublished":"2017-11-28T16:39:19+00:00","dateModified":"2017-11-30T19:11:12+00:00","author":{"@id":"https:\/\/www.copealcoy.es\/es\/#\/schema\/person\/e777c87fa024e57d40170af9df39882c"},"breadcrumb":{"@id":"https:\/\/www.copealcoy.es\/es\/alcoy-recupera-las-figuras-del-belen-de-tirisiti-originales-de-finales-del-siglo-xix\/#breadcrumb"},"inLanguage":"es","potentialAction":[{"@type":"ReadAction","target":["https:\/\/www.copealcoy.es\/es\/alcoy-recupera-las-figuras-del-belen-de-tirisiti-originales-de-finales-del-siglo-xix\/"]}]},{"@type":"ImageObject","inLanguage":"es","@id":"https:\/\/www.copealcoy.es\/es\/alcoy-recupera-las-figuras-del-belen-de-tirisiti-originales-de-finales-del-siglo-xix\/#primaryimage","url":"https:\/\/www.copealcoy.es\/wp-content\/uploads\/2017\/11\/23915609_1224102957733187_3910469346154923757_n-e1511887199341.jpg","contentUrl":"https:\/\/www.copealcoy.es\/wp-content\/uploads\/2017\/11\/23915609_1224102957733187_3910469346154923757_n-e1511887199341.jpg","width":960,"height":561,"caption":"La Donaci\u00f3n de las Figuras de Tirisiti ha tenido lugar esta ma\u00f1ana \/ Foto: N. \u00dabeda"},{"@type":"BreadcrumbList","@id":"https:\/\/www.copealcoy.es\/es\/alcoy-recupera-las-figuras-del-belen-de-tirisiti-originales-de-finales-del-siglo-xix\/#breadcrumb","itemListElement":[{"@type":"ListItem","position":1,"name":"Portada","item":"https:\/\/www.copealcoy.es\/es\/"},{"@type":"ListItem","position":2,"name":"Alcoy recupera las figuras del Bel\u00e9n de Tirisiti originales de finales del siglo XIX"}]},{"@type":"WebSite","@id":"https:\/\/www.copealcoy.es\/es\/#website","url":"https:\/\/www.copealcoy.es\/es\/","name":"COPE Alcoy","description":"Emisora COPE de radio local con emisi\u00f3n online. Pont de Sant Jordi 8-10 03803 Alcoy","potentialAction":[{"@type":"SearchAction","target":{"@type":"EntryPoint","urlTemplate":"https:\/\/www.copealcoy.es\/es\/?s={search_term_string}"},"query-input":{"@type":"PropertyValueSpecification","valueRequired":true,"valueName":"search_term_string"}}],"inLanguage":"es"},{"@type":"Person","@id":"https:\/\/www.copealcoy.es\/es\/#\/schema\/person\/e777c87fa024e57d40170af9df39882c","name":"Cope Alcoy","image":{"@type":"ImageObject","inLanguage":"es","@id":"https:\/\/secure.gravatar.com\/avatar\/bb65d0283347e303893ba14f0692005417c1e0e690a325a4c5d8bb2b3943ee14?s=96&d=mm&r=g","url":"https:\/\/secure.gravatar.com\/avatar\/bb65d0283347e303893ba14f0692005417c1e0e690a325a4c5d8bb2b3943ee14?s=96&d=mm&r=g","contentUrl":"https:\/\/secure.gravatar.com\/avatar\/bb65d0283347e303893ba14f0692005417c1e0e690a325a4c5d8bb2b3943ee14?s=96&d=mm&r=g","caption":"Cope Alcoy"}}]}},"_links":{"self":[{"href":"https:\/\/www.copealcoy.es\/es\/wp-json\/wp\/v2\/posts\/37052","targetHints":{"allow":["GET"]}}],"collection":[{"href":"https:\/\/www.copealcoy.es\/es\/wp-json\/wp\/v2\/posts"}],"about":[{"href":"https:\/\/www.copealcoy.es\/es\/wp-json\/wp\/v2\/types\/post"}],"author":[{"embeddable":true,"href":"https:\/\/www.copealcoy.es\/es\/wp-json\/wp\/v2\/users\/1"}],"replies":[{"embeddable":true,"href":"https:\/\/www.copealcoy.es\/es\/wp-json\/wp\/v2\/comments?post=37052"}],"version-history":[{"count":0,"href":"https:\/\/www.copealcoy.es\/es\/wp-json\/wp\/v2\/posts\/37052\/revisions"}],"wp:featuredmedia":[{"embeddable":true,"href":"https:\/\/www.copealcoy.es\/es\/wp-json\/wp\/v2\/media\/37053"}],"wp:attachment":[{"href":"https:\/\/www.copealcoy.es\/es\/wp-json\/wp\/v2\/media?parent=37052"}],"wp:term":[{"taxonomy":"category","embeddable":true,"href":"https:\/\/www.copealcoy.es\/es\/wp-json\/wp\/v2\/categories?post=37052"},{"taxonomy":"post_tag","embeddable":true,"href":"https:\/\/www.copealcoy.es\/es\/wp-json\/wp\/v2\/tags?post=37052"}],"curies":[{"name":"wp","href":"https:\/\/api.w.org\/{rel}","templated":true}]}}