{"id":37048,"date":"2017-11-28T16:20:21","date_gmt":"2017-11-28T16:20:21","guid":{"rendered":"http:\/\/copealcoi.es\/new\/?p=37048"},"modified":"2017-11-28T16:23:15","modified_gmt":"2017-11-28T16:23:15","slug":"39-empresas-optan-a-realizar-la-reforma-de-la-calle-entenza-de-alcoy","status":"publish","type":"post","link":"https:\/\/www.copealcoy.es\/es\/39-empresas-optan-a-realizar-la-reforma-de-la-calle-entenza-de-alcoy\/","title":{"rendered":"39 empresas optan a realizar la reforma de la calle Entenza de Alcoy"},"content":{"rendered":"<p style=\"text-align: justify;\">Un total de\u00a0<strong>39 empresas<\/strong><strong>\u00a0<\/strong>han presentado <strong>sus ofertas<\/strong> para <strong>llevar a cabo las obras de reforma de la calle Entenza<\/strong> de Alcoy. El proyecto <strong>tendr\u00e1 un coste de dos millones de euros<\/strong> y desde el Ayuntamiento de Alcoy se quiere <strong>iniciar los trabajos a principios de 2018<\/strong> con un plazo de ejecuci\u00f3n de once meses. La intervenci\u00f3n <strong>se ejecutar\u00e1 en diferentes fases<\/strong> para<strong> evitar cortes en la circulaci\u00f3n<\/strong> en todo el vial y, seg\u00fan inform\u00f3 el Gobierno Local semanas atr\u00e1s, durante <strong>la primera fase<\/strong> se actuar\u00e1 entre Espronceda e Isabel la Cat\u00f3lica, en <strong>la segunda<\/strong> entre Isabel la Cat\u00f3lica y G\u00f3ngora, en <strong>la tercera<\/strong> entre G\u00f3ngora e Isaac Peral, y en la cuarta y \u00faltima en las inmediaciones de la Vaguada. Recordar que <strong>durante las mencionadas obras habr\u00e1 siempre un carril abierto al paso de veh\u00edculos<\/strong> y durante la primera fase <strong>se habilitar\u00e1 Isabel La Cat\u00f3lica en doble sentido<\/strong>.<\/p>\n<p style=\"text-align: justify;\">El concejal de Urbanismo, <strong>Manolo Gomicia<\/strong>, ha recordado este martes en el Tiempo de An\u00e1lisis de La Ma\u00f1ana de COPE ALCOY <strong>que este proyecto ser\u00e1 posible<\/strong> gracias a los fondos europeos FEDER que llegar\u00e1n a la ciudad a trav\u00e9s del Plan EDUSI &#8220;<em>la iniciativa es muy interesante e innovadora y por eso muchas compa\u00f1\u00edas se han presentado para ejecutarla<\/em>&#8220;, afirm\u00f3 el mun\u00edcipe.<\/p>\n<p style=\"text-align: justify;\">Recordar que el proyecto de reforma <strong>busca hacer de Entenza una calle inteligente<\/strong> que incluir\u00e1 sistemas de control de la red de sem\u00e1foros, farolas con iluminaci\u00f3n LED, aceras con material absorbente de CO2, nuevo arbolado, sensores para obtener informaci\u00f3n de car\u00e1cter ambiental y regular la luz as\u00ed como un sistema de c\u00e1maras para controlar el acceso de veh\u00edculos y los l\u00edmites de velocidad.<\/p>\n","protected":false},"excerpt":{"rendered":"<p>Un total de\u00a039 empresas\u00a0han presentado sus ofertas para llevar a cabo las obras de reforma de la calle Entenza de&#8230;<\/p>\n","protected":false},"author":1,"featured_media":12151,"comment_status":"open","ping_status":"open","sticky":false,"template":"","format":"standard","meta":{"footnotes":""},"categories":[97,75,125],"tags":[1494,1870,1871,145,418],"class_list":["post-37048","post","type-post","status-publish","format-standard","has-post-thumbnail","hentry","category-alcoy","category-noticias","category-portada","tag-alcoy","tag-calle-entenza","tag-manolo-gomicia","tag-obras","tag-reforma"],"yoast_head":"<!-- This site is optimized with the Yoast SEO plugin v27.3 - https:\/\/yoast.com\/product\/yoast-seo-wordpress\/ -->\n<title>39 empresas optan a realizar la reforma de la calle Entenza de Alcoy - COPE Alcoy<\/title>\n<meta name=\"robots\" content=\"index, follow, max-snippet:-1, max-image-preview:large, max-video-preview:-1\" \/>\n<link rel=\"canonical\" href=\"https:\/\/www.copealcoy.es\/es\/39-empresas-optan-a-realizar-la-reforma-de-la-calle-entenza-de-alcoy\/\" \/>\n<meta property=\"og:locale\" content=\"es_ES\" \/>\n<meta property=\"og:type\" content=\"article\" \/>\n<meta property=\"og:title\" content=\"39 empresas optan a realizar la reforma de la calle Entenza de Alcoy - COPE Alcoy\" \/>\n<meta property=\"og:description\" content=\"Un total de\u00a039 empresas\u00a0han presentado sus ofertas para llevar a cabo las obras de reforma de la calle Entenza de...\" \/>\n<meta property=\"og:url\" content=\"https:\/\/www.copealcoy.es\/es\/39-empresas-optan-a-realizar-la-reforma-de-la-calle-entenza-de-alcoy\/\" \/>\n<meta property=\"og:site_name\" content=\"COPE Alcoy\" \/>\n<meta property=\"article:published_time\" content=\"2017-11-28T16:20:21+00:00\" \/>\n<meta property=\"article:modified_time\" content=\"2017-11-28T16:23:15+00:00\" \/>\n<meta property=\"og:image\" content=\"https:\/\/www.copealcoy.es\/wp-content\/uploads\/2015\/04\/image70-660x330.jpg\" \/>\n\t<meta property=\"og:image:width\" content=\"660\" \/>\n\t<meta property=\"og:image:height\" content=\"330\" \/>\n\t<meta property=\"og:image:type\" content=\"image\/jpeg\" \/>\n<meta name=\"author\" content=\"Cope Alcoy\" \/>\n<meta name=\"twitter:label1\" content=\"Escrito por\" \/>\n\t<meta name=\"twitter:data1\" content=\"Cope Alcoy\" \/>\n\t<meta name=\"twitter:label2\" content=\"Tiempo de lectura\" \/>\n\t<meta name=\"twitter:data2\" content=\"1 minuto\" \/>\n<script type=\"application\/ld+json\" class=\"yoast-schema-graph\">{\"@context\":\"https:\\\/\\\/schema.org\",\"@graph\":[{\"@type\":\"Article\",\"@id\":\"https:\\\/\\\/www.copealcoy.es\\\/es\\\/39-empresas-optan-a-realizar-la-reforma-de-la-calle-entenza-de-alcoy\\\/#article\",\"isPartOf\":{\"@id\":\"https:\\\/\\\/www.copealcoy.es\\\/es\\\/39-empresas-optan-a-realizar-la-reforma-de-la-calle-entenza-de-alcoy\\\/\"},\"author\":{\"name\":\"Cope Alcoy\",\"@id\":\"https:\\\/\\\/www.copealcoy.es\\\/es\\\/#\\\/schema\\\/person\\\/e777c87fa024e57d40170af9df39882c\"},\"headline\":\"39 empresas optan a realizar la reforma de la calle Entenza de Alcoy\",\"datePublished\":\"2017-11-28T16:20:21+00:00\",\"dateModified\":\"2017-11-28T16:23:15+00:00\",\"mainEntityOfPage\":{\"@id\":\"https:\\\/\\\/www.copealcoy.es\\\/es\\\/39-empresas-optan-a-realizar-la-reforma-de-la-calle-entenza-de-alcoy\\\/\"},\"wordCount\":309,\"commentCount\":0,\"image\":{\"@id\":\"https:\\\/\\\/www.copealcoy.es\\\/es\\\/39-empresas-optan-a-realizar-la-reforma-de-la-calle-entenza-de-alcoy\\\/#primaryimage\"},\"thumbnailUrl\":\"https:\\\/\\\/www.copealcoy.es\\\/wp-content\\\/uploads\\\/2015\\\/04\\\/image70-660x330.jpg\",\"keywords\":[\"Alcoy\",\"calle Entenza\",\"Manolo Gomicia\",\"Obras\",\"Reforma\"],\"articleSection\":[\"Alcoy\",\"Noticias\",\"Portada\"],\"inLanguage\":\"es\"},{\"@type\":\"WebPage\",\"@id\":\"https:\\\/\\\/www.copealcoy.es\\\/es\\\/39-empresas-optan-a-realizar-la-reforma-de-la-calle-entenza-de-alcoy\\\/\",\"url\":\"https:\\\/\\\/www.copealcoy.es\\\/es\\\/39-empresas-optan-a-realizar-la-reforma-de-la-calle-entenza-de-alcoy\\\/\",\"name\":\"39 empresas optan a realizar la reforma de la calle Entenza de Alcoy - COPE Alcoy\",\"isPartOf\":{\"@id\":\"https:\\\/\\\/www.copealcoy.es\\\/es\\\/#website\"},\"primaryImageOfPage\":{\"@id\":\"https:\\\/\\\/www.copealcoy.es\\\/es\\\/39-empresas-optan-a-realizar-la-reforma-de-la-calle-entenza-de-alcoy\\\/#primaryimage\"},\"image\":{\"@id\":\"https:\\\/\\\/www.copealcoy.es\\\/es\\\/39-empresas-optan-a-realizar-la-reforma-de-la-calle-entenza-de-alcoy\\\/#primaryimage\"},\"thumbnailUrl\":\"https:\\\/\\\/www.copealcoy.es\\\/wp-content\\\/uploads\\\/2015\\\/04\\\/image70-660x330.jpg\",\"datePublished\":\"2017-11-28T16:20:21+00:00\",\"dateModified\":\"2017-11-28T16:23:15+00:00\",\"author\":{\"@id\":\"https:\\\/\\\/www.copealcoy.es\\\/es\\\/#\\\/schema\\\/person\\\/e777c87fa024e57d40170af9df39882c\"},\"breadcrumb\":{\"@id\":\"https:\\\/\\\/www.copealcoy.es\\\/es\\\/39-empresas-optan-a-realizar-la-reforma-de-la-calle-entenza-de-alcoy\\\/#breadcrumb\"},\"inLanguage\":\"es\",\"potentialAction\":[{\"@type\":\"ReadAction\",\"target\":[\"https:\\\/\\\/www.copealcoy.es\\\/es\\\/39-empresas-optan-a-realizar-la-reforma-de-la-calle-entenza-de-alcoy\\\/\"]}]},{\"@type\":\"ImageObject\",\"inLanguage\":\"es\",\"@id\":\"https:\\\/\\\/www.copealcoy.es\\\/es\\\/39-empresas-optan-a-realizar-la-reforma-de-la-calle-entenza-de-alcoy\\\/#primaryimage\",\"url\":\"https:\\\/\\\/www.copealcoy.es\\\/wp-content\\\/uploads\\\/2015\\\/04\\\/image70-660x330.jpg\",\"contentUrl\":\"https:\\\/\\\/www.copealcoy.es\\\/wp-content\\\/uploads\\\/2015\\\/04\\\/image70-660x330.jpg\",\"width\":660,\"height\":330,\"caption\":\"La calle Entenza es una de las arter\u00edas principales del barrio del Ensanche\"},{\"@type\":\"BreadcrumbList\",\"@id\":\"https:\\\/\\\/www.copealcoy.es\\\/es\\\/39-empresas-optan-a-realizar-la-reforma-de-la-calle-entenza-de-alcoy\\\/#breadcrumb\",\"itemListElement\":[{\"@type\":\"ListItem\",\"position\":1,\"name\":\"Portada\",\"item\":\"https:\\\/\\\/www.copealcoy.es\\\/es\\\/\"},{\"@type\":\"ListItem\",\"position\":2,\"name\":\"39 empresas optan a realizar la reforma de la calle Entenza de Alcoy\"}]},{\"@type\":\"WebSite\",\"@id\":\"https:\\\/\\\/www.copealcoy.es\\\/es\\\/#website\",\"url\":\"https:\\\/\\\/www.copealcoy.es\\\/es\\\/\",\"name\":\"COPE Alcoy\",\"description\":\"Emisora COPE de radio local con emisi\u00f3n online. Pont de Sant Jordi 8-10 03803 Alcoy\",\"potentialAction\":[{\"@type\":\"SearchAction\",\"target\":{\"@type\":\"EntryPoint\",\"urlTemplate\":\"https:\\\/\\\/www.copealcoy.es\\\/es\\\/?s={search_term_string}\"},\"query-input\":{\"@type\":\"PropertyValueSpecification\",\"valueRequired\":true,\"valueName\":\"search_term_string\"}}],\"inLanguage\":\"es\"},{\"@type\":\"Person\",\"@id\":\"https:\\\/\\\/www.copealcoy.es\\\/es\\\/#\\\/schema\\\/person\\\/e777c87fa024e57d40170af9df39882c\",\"name\":\"Cope Alcoy\",\"image\":{\"@type\":\"ImageObject\",\"inLanguage\":\"es\",\"@id\":\"https:\\\/\\\/secure.gravatar.com\\\/avatar\\\/bb65d0283347e303893ba14f0692005417c1e0e690a325a4c5d8bb2b3943ee14?s=96&d=mm&r=g\",\"url\":\"https:\\\/\\\/secure.gravatar.com\\\/avatar\\\/bb65d0283347e303893ba14f0692005417c1e0e690a325a4c5d8bb2b3943ee14?s=96&d=mm&r=g\",\"contentUrl\":\"https:\\\/\\\/secure.gravatar.com\\\/avatar\\\/bb65d0283347e303893ba14f0692005417c1e0e690a325a4c5d8bb2b3943ee14?s=96&d=mm&r=g\",\"caption\":\"Cope Alcoy\"}}]}<\/script>\n<!-- \/ Yoast SEO plugin. -->","yoast_head_json":{"title":"39 empresas optan a realizar la reforma de la calle Entenza de Alcoy - COPE Alcoy","robots":{"index":"index","follow":"follow","max-snippet":"max-snippet:-1","max-image-preview":"max-image-preview:large","max-video-preview":"max-video-preview:-1"},"canonical":"https:\/\/www.copealcoy.es\/es\/39-empresas-optan-a-realizar-la-reforma-de-la-calle-entenza-de-alcoy\/","og_locale":"es_ES","og_type":"article","og_title":"39 empresas optan a realizar la reforma de la calle Entenza de Alcoy - COPE Alcoy","og_description":"Un total de\u00a039 empresas\u00a0han presentado sus ofertas para llevar a cabo las obras de reforma de la calle Entenza de...","og_url":"https:\/\/www.copealcoy.es\/es\/39-empresas-optan-a-realizar-la-reforma-de-la-calle-entenza-de-alcoy\/","og_site_name":"COPE Alcoy","article_published_time":"2017-11-28T16:20:21+00:00","article_modified_time":"2017-11-28T16:23:15+00:00","og_image":[{"width":660,"height":330,"url":"https:\/\/www.copealcoy.es\/wp-content\/uploads\/2015\/04\/image70-660x330.jpg","type":"image\/jpeg"}],"author":"Cope Alcoy","twitter_misc":{"Escrito por":"Cope Alcoy","Tiempo de lectura":"1 minuto"},"schema":{"@context":"https:\/\/schema.org","@graph":[{"@type":"Article","@id":"https:\/\/www.copealcoy.es\/es\/39-empresas-optan-a-realizar-la-reforma-de-la-calle-entenza-de-alcoy\/#article","isPartOf":{"@id":"https:\/\/www.copealcoy.es\/es\/39-empresas-optan-a-realizar-la-reforma-de-la-calle-entenza-de-alcoy\/"},"author":{"name":"Cope Alcoy","@id":"https:\/\/www.copealcoy.es\/es\/#\/schema\/person\/e777c87fa024e57d40170af9df39882c"},"headline":"39 empresas optan a realizar la reforma de la calle Entenza de Alcoy","datePublished":"2017-11-28T16:20:21+00:00","dateModified":"2017-11-28T16:23:15+00:00","mainEntityOfPage":{"@id":"https:\/\/www.copealcoy.es\/es\/39-empresas-optan-a-realizar-la-reforma-de-la-calle-entenza-de-alcoy\/"},"wordCount":309,"commentCount":0,"image":{"@id":"https:\/\/www.copealcoy.es\/es\/39-empresas-optan-a-realizar-la-reforma-de-la-calle-entenza-de-alcoy\/#primaryimage"},"thumbnailUrl":"https:\/\/www.copealcoy.es\/wp-content\/uploads\/2015\/04\/image70-660x330.jpg","keywords":["Alcoy","calle Entenza","Manolo Gomicia","Obras","Reforma"],"articleSection":["Alcoy","Noticias","Portada"],"inLanguage":"es"},{"@type":"WebPage","@id":"https:\/\/www.copealcoy.es\/es\/39-empresas-optan-a-realizar-la-reforma-de-la-calle-entenza-de-alcoy\/","url":"https:\/\/www.copealcoy.es\/es\/39-empresas-optan-a-realizar-la-reforma-de-la-calle-entenza-de-alcoy\/","name":"39 empresas optan a realizar la reforma de la calle Entenza de Alcoy - COPE Alcoy","isPartOf":{"@id":"https:\/\/www.copealcoy.es\/es\/#website"},"primaryImageOfPage":{"@id":"https:\/\/www.copealcoy.es\/es\/39-empresas-optan-a-realizar-la-reforma-de-la-calle-entenza-de-alcoy\/#primaryimage"},"image":{"@id":"https:\/\/www.copealcoy.es\/es\/39-empresas-optan-a-realizar-la-reforma-de-la-calle-entenza-de-alcoy\/#primaryimage"},"thumbnailUrl":"https:\/\/www.copealcoy.es\/wp-content\/uploads\/2015\/04\/image70-660x330.jpg","datePublished":"2017-11-28T16:20:21+00:00","dateModified":"2017-11-28T16:23:15+00:00","author":{"@id":"https:\/\/www.copealcoy.es\/es\/#\/schema\/person\/e777c87fa024e57d40170af9df39882c"},"breadcrumb":{"@id":"https:\/\/www.copealcoy.es\/es\/39-empresas-optan-a-realizar-la-reforma-de-la-calle-entenza-de-alcoy\/#breadcrumb"},"inLanguage":"es","potentialAction":[{"@type":"ReadAction","target":["https:\/\/www.copealcoy.es\/es\/39-empresas-optan-a-realizar-la-reforma-de-la-calle-entenza-de-alcoy\/"]}]},{"@type":"ImageObject","inLanguage":"es","@id":"https:\/\/www.copealcoy.es\/es\/39-empresas-optan-a-realizar-la-reforma-de-la-calle-entenza-de-alcoy\/#primaryimage","url":"https:\/\/www.copealcoy.es\/wp-content\/uploads\/2015\/04\/image70-660x330.jpg","contentUrl":"https:\/\/www.copealcoy.es\/wp-content\/uploads\/2015\/04\/image70-660x330.jpg","width":660,"height":330,"caption":"La calle Entenza es una de las arter\u00edas principales del barrio del Ensanche"},{"@type":"BreadcrumbList","@id":"https:\/\/www.copealcoy.es\/es\/39-empresas-optan-a-realizar-la-reforma-de-la-calle-entenza-de-alcoy\/#breadcrumb","itemListElement":[{"@type":"ListItem","position":1,"name":"Portada","item":"https:\/\/www.copealcoy.es\/es\/"},{"@type":"ListItem","position":2,"name":"39 empresas optan a realizar la reforma de la calle Entenza de Alcoy"}]},{"@type":"WebSite","@id":"https:\/\/www.copealcoy.es\/es\/#website","url":"https:\/\/www.copealcoy.es\/es\/","name":"COPE Alcoy","description":"Emisora COPE de radio local con emisi\u00f3n online. Pont de Sant Jordi 8-10 03803 Alcoy","potentialAction":[{"@type":"SearchAction","target":{"@type":"EntryPoint","urlTemplate":"https:\/\/www.copealcoy.es\/es\/?s={search_term_string}"},"query-input":{"@type":"PropertyValueSpecification","valueRequired":true,"valueName":"search_term_string"}}],"inLanguage":"es"},{"@type":"Person","@id":"https:\/\/www.copealcoy.es\/es\/#\/schema\/person\/e777c87fa024e57d40170af9df39882c","name":"Cope Alcoy","image":{"@type":"ImageObject","inLanguage":"es","@id":"https:\/\/secure.gravatar.com\/avatar\/bb65d0283347e303893ba14f0692005417c1e0e690a325a4c5d8bb2b3943ee14?s=96&d=mm&r=g","url":"https:\/\/secure.gravatar.com\/avatar\/bb65d0283347e303893ba14f0692005417c1e0e690a325a4c5d8bb2b3943ee14?s=96&d=mm&r=g","contentUrl":"https:\/\/secure.gravatar.com\/avatar\/bb65d0283347e303893ba14f0692005417c1e0e690a325a4c5d8bb2b3943ee14?s=96&d=mm&r=g","caption":"Cope Alcoy"}}]}},"_links":{"self":[{"href":"https:\/\/www.copealcoy.es\/es\/wp-json\/wp\/v2\/posts\/37048","targetHints":{"allow":["GET"]}}],"collection":[{"href":"https:\/\/www.copealcoy.es\/es\/wp-json\/wp\/v2\/posts"}],"about":[{"href":"https:\/\/www.copealcoy.es\/es\/wp-json\/wp\/v2\/types\/post"}],"author":[{"embeddable":true,"href":"https:\/\/www.copealcoy.es\/es\/wp-json\/wp\/v2\/users\/1"}],"replies":[{"embeddable":true,"href":"https:\/\/www.copealcoy.es\/es\/wp-json\/wp\/v2\/comments?post=37048"}],"version-history":[{"count":0,"href":"https:\/\/www.copealcoy.es\/es\/wp-json\/wp\/v2\/posts\/37048\/revisions"}],"wp:featuredmedia":[{"embeddable":true,"href":"https:\/\/www.copealcoy.es\/es\/wp-json\/wp\/v2\/media\/12151"}],"wp:attachment":[{"href":"https:\/\/www.copealcoy.es\/es\/wp-json\/wp\/v2\/media?parent=37048"}],"wp:term":[{"taxonomy":"category","embeddable":true,"href":"https:\/\/www.copealcoy.es\/es\/wp-json\/wp\/v2\/categories?post=37048"},{"taxonomy":"post_tag","embeddable":true,"href":"https:\/\/www.copealcoy.es\/es\/wp-json\/wp\/v2\/tags?post=37048"}],"curies":[{"name":"wp","href":"https:\/\/api.w.org\/{rel}","templated":true}]}}