{"id":36865,"date":"2017-11-22T17:04:34","date_gmt":"2017-11-22T17:04:34","guid":{"rendered":"http:\/\/copealcoi.es\/new\/?p=36865"},"modified":"2017-11-22T17:09:06","modified_gmt":"2017-11-22T17:09:06","slug":"tirisiti-trae-la-navidad-a-alcoy","status":"publish","type":"post","link":"https:\/\/www.copealcoy.es\/es\/tirisiti-trae-la-navidad-a-alcoy\/","title":{"rendered":"Tirisiti trae la Navidad a Alcoy"},"content":{"rendered":"<p style=\"text-align: justify;\">Las representaciones\u00a0<strong>Bel\u00e9n del Tirisiti<\/strong>\u00a0arrancar\u00e1n el pr\u00f3ximo 29 de noviembre para el\u00a0<strong>p\u00fablico escolar\u00a0<\/strong>y hasta el pr\u00f3ximo 22 de diciembre recibir\u00e1n a <strong>190 colegios<\/strong>\u00a0procedentes del Comtat y de L\u00b4Alcoi\u00e0 pero tambi\u00e9n de la provincia de Alicante, de las comarcas centrales valencianas e incluso de El Palmar de Murcia. La Dependent, compa\u00f1\u00eda encargada de montar y llevar a cabo las funciones, <strong>prev\u00e9 la asistencia de\u00a0unos<\/strong>\u00a0<strong>12.500 escolares<\/strong>\u00a0al Teatro Principal durante <strong>las jornadas<\/strong> en las que se lleven a cabo estas puestas en escena.<\/p>\n<p style=\"text-align: justify;\">Por su parte el\u00a0<strong>19 de diciembre a las 19h comenzar\u00e1n a venderse las entradas<\/strong>\u00a0para las representaciones\u00a0del p\u00fablico en general a trav\u00e9s de la\u00a0<strong>venta online,<\/strong><strong>\u00a0<\/strong>por medio del <strong>portal web ticketalcoi.com<\/strong>, mientras que el resto <strong>se repartir\u00e1n en taquilla<\/strong> el d\u00eda de cada puesta en escena. En este caso las funciones estar\u00e1n en marcha\u00a0desde el d\u00eda<strong>\u00a0<\/strong><strong>22 de diciembre hasta el 5 de<\/strong> <strong>enero<\/strong><strong>.<\/strong> Ser\u00e1n <strong>un total de 84<\/strong>\u00a0y para las mismas <strong>hay preparadas un total de 14.280 entradas<\/strong>. En conjunto podr\u00edan disfrutar de las aventuras del popular personaje <strong>unos 25.000 espectadores<\/strong> al final de la campa\u00f1a de este a\u00f1o &#8220;<em>los colegios ya hace semanas que han confirmado su asistencia y los peque\u00f1os aprovechan tambi\u00e9n la visita para trabajar la Gu\u00eda Did\u00e1ctica del Tirisiti que ya editamos hace unos a\u00f1os para conocer mejor los personajes del Bel\u00e9n<\/em>&#8220;, explica <strong>Joanfran Rozal\u00e9n<\/strong>, Director del Principal.<\/p>\n<p style=\"text-align: justify;\">Indicar que habr\u00e1 tambi\u00e9n <strong>sesiones de protocolo<\/strong> para varias asociaciones y entidades de la ciudad as\u00ed como extraordinarias <strong>los s\u00e1bados 2, 9 y 16 de diciembre<\/strong> organizadas por la Concejal\u00eda de Cultural. Tambi\u00e9n, como novedad, se estrenar\u00e1n las marionetas con <strong>el traje femenino de las filaes Tomasinas y la Magenta<\/strong> al igual que est\u00e1 prevista la exposici\u00f3n de <strong>las figuras antiguas del B\u00e9l\u00e9n<\/strong> donadas al Ayuntamiento por la Familia Peidr\u00f3, conocidos como &#8216;Els Foia&#8217;.<\/p>\n","protected":false},"excerpt":{"rendered":"<p>Las representaciones\u00a0Bel\u00e9n del Tirisiti\u00a0arrancar\u00e1n el pr\u00f3ximo 29 de noviembre para el\u00a0p\u00fablico escolar\u00a0y hasta el pr\u00f3ximo 22 de diciembre recibir\u00e1n a&#8230;<\/p>\n","protected":false},"author":1,"featured_media":36868,"comment_status":"open","ping_status":"open","sticky":false,"template":"","format":"standard","meta":{"footnotes":""},"categories":[97,78,75],"tags":[1494,210,3320,174,209],"class_list":["post-36865","post","type-post","status-publish","format-standard","has-post-thumbnail","hentry","category-alcoy","category-fiestaycultura","category-noticias","tag-alcoy","tag-belen","tag-joanfran-rozalen","tag-navidad","tag-tirisiti"],"yoast_head":"<!-- This site is optimized with the Yoast SEO plugin v27.3 - https:\/\/yoast.com\/product\/yoast-seo-wordpress\/ -->\n<title>Tirisiti trae la Navidad a Alcoy - COPE Alcoy<\/title>\n<meta name=\"robots\" content=\"index, follow, max-snippet:-1, max-image-preview:large, max-video-preview:-1\" \/>\n<link rel=\"canonical\" href=\"https:\/\/www.copealcoy.es\/es\/tirisiti-trae-la-navidad-a-alcoy\/\" \/>\n<meta property=\"og:locale\" content=\"es_ES\" \/>\n<meta property=\"og:type\" content=\"article\" \/>\n<meta property=\"og:title\" content=\"Tirisiti trae la Navidad a Alcoy - COPE Alcoy\" \/>\n<meta property=\"og:description\" content=\"Las representaciones\u00a0Bel\u00e9n del Tirisiti\u00a0arrancar\u00e1n el pr\u00f3ximo 29 de noviembre para el\u00a0p\u00fablico escolar\u00a0y hasta el pr\u00f3ximo 22 de diciembre recibir\u00e1n a...\" \/>\n<meta property=\"og:url\" content=\"https:\/\/www.copealcoy.es\/es\/tirisiti-trae-la-navidad-a-alcoy\/\" \/>\n<meta property=\"og:site_name\" content=\"COPE Alcoy\" \/>\n<meta property=\"article:published_time\" content=\"2017-11-22T17:04:34+00:00\" \/>\n<meta property=\"article:modified_time\" content=\"2017-11-22T17:09:06+00:00\" \/>\n<meta property=\"og:image\" content=\"https:\/\/www.copealcoy.es\/wp-content\/uploads\/2017\/11\/IMG_9167-1-e1511370538842.jpg\" \/>\n\t<meta property=\"og:image:width\" content=\"4032\" \/>\n\t<meta property=\"og:image:height\" content=\"2177\" \/>\n\t<meta property=\"og:image:type\" content=\"image\/jpeg\" \/>\n<meta name=\"author\" content=\"Cope Alcoy\" \/>\n<meta name=\"twitter:label1\" content=\"Escrito por\" \/>\n\t<meta name=\"twitter:data1\" content=\"Cope Alcoy\" \/>\n\t<meta name=\"twitter:label2\" content=\"Tiempo de lectura\" \/>\n\t<meta name=\"twitter:data2\" content=\"2 minutos\" \/>\n<script type=\"application\/ld+json\" class=\"yoast-schema-graph\">{\"@context\":\"https:\\\/\\\/schema.org\",\"@graph\":[{\"@type\":\"Article\",\"@id\":\"https:\\\/\\\/www.copealcoy.es\\\/es\\\/tirisiti-trae-la-navidad-a-alcoy\\\/#article\",\"isPartOf\":{\"@id\":\"https:\\\/\\\/www.copealcoy.es\\\/es\\\/tirisiti-trae-la-navidad-a-alcoy\\\/\"},\"author\":{\"name\":\"Cope Alcoy\",\"@id\":\"https:\\\/\\\/www.copealcoy.es\\\/es\\\/#\\\/schema\\\/person\\\/e777c87fa024e57d40170af9df39882c\"},\"headline\":\"Tirisiti trae la Navidad a Alcoy\",\"datePublished\":\"2017-11-22T17:04:34+00:00\",\"dateModified\":\"2017-11-22T17:09:06+00:00\",\"mainEntityOfPage\":{\"@id\":\"https:\\\/\\\/www.copealcoy.es\\\/es\\\/tirisiti-trae-la-navidad-a-alcoy\\\/\"},\"wordCount\":338,\"commentCount\":0,\"image\":{\"@id\":\"https:\\\/\\\/www.copealcoy.es\\\/es\\\/tirisiti-trae-la-navidad-a-alcoy\\\/#primaryimage\"},\"thumbnailUrl\":\"https:\\\/\\\/www.copealcoy.es\\\/wp-content\\\/uploads\\\/2017\\\/11\\\/IMG_9167-1-e1511370538842.jpg\",\"keywords\":[\"Alcoy\",\"Bel\u00e9n\",\"Joanfran Rozal\u00e9n\",\"Navidad\",\"Tirisiti\"],\"articleSection\":[\"Alcoy\",\"Fiesta y Cultura\",\"Noticias\"],\"inLanguage\":\"es\"},{\"@type\":\"WebPage\",\"@id\":\"https:\\\/\\\/www.copealcoy.es\\\/es\\\/tirisiti-trae-la-navidad-a-alcoy\\\/\",\"url\":\"https:\\\/\\\/www.copealcoy.es\\\/es\\\/tirisiti-trae-la-navidad-a-alcoy\\\/\",\"name\":\"Tirisiti trae la Navidad a Alcoy - COPE Alcoy\",\"isPartOf\":{\"@id\":\"https:\\\/\\\/www.copealcoy.es\\\/es\\\/#website\"},\"primaryImageOfPage\":{\"@id\":\"https:\\\/\\\/www.copealcoy.es\\\/es\\\/tirisiti-trae-la-navidad-a-alcoy\\\/#primaryimage\"},\"image\":{\"@id\":\"https:\\\/\\\/www.copealcoy.es\\\/es\\\/tirisiti-trae-la-navidad-a-alcoy\\\/#primaryimage\"},\"thumbnailUrl\":\"https:\\\/\\\/www.copealcoy.es\\\/wp-content\\\/uploads\\\/2017\\\/11\\\/IMG_9167-1-e1511370538842.jpg\",\"datePublished\":\"2017-11-22T17:04:34+00:00\",\"dateModified\":\"2017-11-22T17:09:06+00:00\",\"author\":{\"@id\":\"https:\\\/\\\/www.copealcoy.es\\\/es\\\/#\\\/schema\\\/person\\\/e777c87fa024e57d40170af9df39882c\"},\"breadcrumb\":{\"@id\":\"https:\\\/\\\/www.copealcoy.es\\\/es\\\/tirisiti-trae-la-navidad-a-alcoy\\\/#breadcrumb\"},\"inLanguage\":\"es\",\"potentialAction\":[{\"@type\":\"ReadAction\",\"target\":[\"https:\\\/\\\/www.copealcoy.es\\\/es\\\/tirisiti-trae-la-navidad-a-alcoy\\\/\"]}]},{\"@type\":\"ImageObject\",\"inLanguage\":\"es\",\"@id\":\"https:\\\/\\\/www.copealcoy.es\\\/es\\\/tirisiti-trae-la-navidad-a-alcoy\\\/#primaryimage\",\"url\":\"https:\\\/\\\/www.copealcoy.es\\\/wp-content\\\/uploads\\\/2017\\\/11\\\/IMG_9167-1-e1511370538842.jpg\",\"contentUrl\":\"https:\\\/\\\/www.copealcoy.es\\\/wp-content\\\/uploads\\\/2017\\\/11\\\/IMG_9167-1-e1511370538842.jpg\",\"width\":4032,\"height\":2177,\"caption\":\"La Campa\u00f1a se ha presentado este mi\u00e9rcoles en el Teatro Principal\"},{\"@type\":\"BreadcrumbList\",\"@id\":\"https:\\\/\\\/www.copealcoy.es\\\/es\\\/tirisiti-trae-la-navidad-a-alcoy\\\/#breadcrumb\",\"itemListElement\":[{\"@type\":\"ListItem\",\"position\":1,\"name\":\"Portada\",\"item\":\"https:\\\/\\\/www.copealcoy.es\\\/es\\\/\"},{\"@type\":\"ListItem\",\"position\":2,\"name\":\"Tirisiti trae la Navidad a Alcoy\"}]},{\"@type\":\"WebSite\",\"@id\":\"https:\\\/\\\/www.copealcoy.es\\\/es\\\/#website\",\"url\":\"https:\\\/\\\/www.copealcoy.es\\\/es\\\/\",\"name\":\"COPE Alcoy\",\"description\":\"Emisora COPE de radio local con emisi\u00f3n online. Pont de Sant Jordi 8-10 03803 Alcoy\",\"potentialAction\":[{\"@type\":\"SearchAction\",\"target\":{\"@type\":\"EntryPoint\",\"urlTemplate\":\"https:\\\/\\\/www.copealcoy.es\\\/es\\\/?s={search_term_string}\"},\"query-input\":{\"@type\":\"PropertyValueSpecification\",\"valueRequired\":true,\"valueName\":\"search_term_string\"}}],\"inLanguage\":\"es\"},{\"@type\":\"Person\",\"@id\":\"https:\\\/\\\/www.copealcoy.es\\\/es\\\/#\\\/schema\\\/person\\\/e777c87fa024e57d40170af9df39882c\",\"name\":\"Cope Alcoy\",\"image\":{\"@type\":\"ImageObject\",\"inLanguage\":\"es\",\"@id\":\"https:\\\/\\\/secure.gravatar.com\\\/avatar\\\/bb65d0283347e303893ba14f0692005417c1e0e690a325a4c5d8bb2b3943ee14?s=96&d=mm&r=g\",\"url\":\"https:\\\/\\\/secure.gravatar.com\\\/avatar\\\/bb65d0283347e303893ba14f0692005417c1e0e690a325a4c5d8bb2b3943ee14?s=96&d=mm&r=g\",\"contentUrl\":\"https:\\\/\\\/secure.gravatar.com\\\/avatar\\\/bb65d0283347e303893ba14f0692005417c1e0e690a325a4c5d8bb2b3943ee14?s=96&d=mm&r=g\",\"caption\":\"Cope Alcoy\"}}]}<\/script>\n<!-- \/ Yoast SEO plugin. -->","yoast_head_json":{"title":"Tirisiti trae la Navidad a Alcoy - COPE Alcoy","robots":{"index":"index","follow":"follow","max-snippet":"max-snippet:-1","max-image-preview":"max-image-preview:large","max-video-preview":"max-video-preview:-1"},"canonical":"https:\/\/www.copealcoy.es\/es\/tirisiti-trae-la-navidad-a-alcoy\/","og_locale":"es_ES","og_type":"article","og_title":"Tirisiti trae la Navidad a Alcoy - COPE Alcoy","og_description":"Las representaciones\u00a0Bel\u00e9n del Tirisiti\u00a0arrancar\u00e1n el pr\u00f3ximo 29 de noviembre para el\u00a0p\u00fablico escolar\u00a0y hasta el pr\u00f3ximo 22 de diciembre recibir\u00e1n a...","og_url":"https:\/\/www.copealcoy.es\/es\/tirisiti-trae-la-navidad-a-alcoy\/","og_site_name":"COPE Alcoy","article_published_time":"2017-11-22T17:04:34+00:00","article_modified_time":"2017-11-22T17:09:06+00:00","og_image":[{"width":4032,"height":2177,"url":"https:\/\/www.copealcoy.es\/wp-content\/uploads\/2017\/11\/IMG_9167-1-e1511370538842.jpg","type":"image\/jpeg"}],"author":"Cope Alcoy","twitter_misc":{"Escrito por":"Cope Alcoy","Tiempo de lectura":"2 minutos"},"schema":{"@context":"https:\/\/schema.org","@graph":[{"@type":"Article","@id":"https:\/\/www.copealcoy.es\/es\/tirisiti-trae-la-navidad-a-alcoy\/#article","isPartOf":{"@id":"https:\/\/www.copealcoy.es\/es\/tirisiti-trae-la-navidad-a-alcoy\/"},"author":{"name":"Cope Alcoy","@id":"https:\/\/www.copealcoy.es\/es\/#\/schema\/person\/e777c87fa024e57d40170af9df39882c"},"headline":"Tirisiti trae la Navidad a Alcoy","datePublished":"2017-11-22T17:04:34+00:00","dateModified":"2017-11-22T17:09:06+00:00","mainEntityOfPage":{"@id":"https:\/\/www.copealcoy.es\/es\/tirisiti-trae-la-navidad-a-alcoy\/"},"wordCount":338,"commentCount":0,"image":{"@id":"https:\/\/www.copealcoy.es\/es\/tirisiti-trae-la-navidad-a-alcoy\/#primaryimage"},"thumbnailUrl":"https:\/\/www.copealcoy.es\/wp-content\/uploads\/2017\/11\/IMG_9167-1-e1511370538842.jpg","keywords":["Alcoy","Bel\u00e9n","Joanfran Rozal\u00e9n","Navidad","Tirisiti"],"articleSection":["Alcoy","Fiesta y Cultura","Noticias"],"inLanguage":"es"},{"@type":"WebPage","@id":"https:\/\/www.copealcoy.es\/es\/tirisiti-trae-la-navidad-a-alcoy\/","url":"https:\/\/www.copealcoy.es\/es\/tirisiti-trae-la-navidad-a-alcoy\/","name":"Tirisiti trae la Navidad a Alcoy - COPE Alcoy","isPartOf":{"@id":"https:\/\/www.copealcoy.es\/es\/#website"},"primaryImageOfPage":{"@id":"https:\/\/www.copealcoy.es\/es\/tirisiti-trae-la-navidad-a-alcoy\/#primaryimage"},"image":{"@id":"https:\/\/www.copealcoy.es\/es\/tirisiti-trae-la-navidad-a-alcoy\/#primaryimage"},"thumbnailUrl":"https:\/\/www.copealcoy.es\/wp-content\/uploads\/2017\/11\/IMG_9167-1-e1511370538842.jpg","datePublished":"2017-11-22T17:04:34+00:00","dateModified":"2017-11-22T17:09:06+00:00","author":{"@id":"https:\/\/www.copealcoy.es\/es\/#\/schema\/person\/e777c87fa024e57d40170af9df39882c"},"breadcrumb":{"@id":"https:\/\/www.copealcoy.es\/es\/tirisiti-trae-la-navidad-a-alcoy\/#breadcrumb"},"inLanguage":"es","potentialAction":[{"@type":"ReadAction","target":["https:\/\/www.copealcoy.es\/es\/tirisiti-trae-la-navidad-a-alcoy\/"]}]},{"@type":"ImageObject","inLanguage":"es","@id":"https:\/\/www.copealcoy.es\/es\/tirisiti-trae-la-navidad-a-alcoy\/#primaryimage","url":"https:\/\/www.copealcoy.es\/wp-content\/uploads\/2017\/11\/IMG_9167-1-e1511370538842.jpg","contentUrl":"https:\/\/www.copealcoy.es\/wp-content\/uploads\/2017\/11\/IMG_9167-1-e1511370538842.jpg","width":4032,"height":2177,"caption":"La Campa\u00f1a se ha presentado este mi\u00e9rcoles en el Teatro Principal"},{"@type":"BreadcrumbList","@id":"https:\/\/www.copealcoy.es\/es\/tirisiti-trae-la-navidad-a-alcoy\/#breadcrumb","itemListElement":[{"@type":"ListItem","position":1,"name":"Portada","item":"https:\/\/www.copealcoy.es\/es\/"},{"@type":"ListItem","position":2,"name":"Tirisiti trae la Navidad a Alcoy"}]},{"@type":"WebSite","@id":"https:\/\/www.copealcoy.es\/es\/#website","url":"https:\/\/www.copealcoy.es\/es\/","name":"COPE Alcoy","description":"Emisora COPE de radio local con emisi\u00f3n online. Pont de Sant Jordi 8-10 03803 Alcoy","potentialAction":[{"@type":"SearchAction","target":{"@type":"EntryPoint","urlTemplate":"https:\/\/www.copealcoy.es\/es\/?s={search_term_string}"},"query-input":{"@type":"PropertyValueSpecification","valueRequired":true,"valueName":"search_term_string"}}],"inLanguage":"es"},{"@type":"Person","@id":"https:\/\/www.copealcoy.es\/es\/#\/schema\/person\/e777c87fa024e57d40170af9df39882c","name":"Cope Alcoy","image":{"@type":"ImageObject","inLanguage":"es","@id":"https:\/\/secure.gravatar.com\/avatar\/bb65d0283347e303893ba14f0692005417c1e0e690a325a4c5d8bb2b3943ee14?s=96&d=mm&r=g","url":"https:\/\/secure.gravatar.com\/avatar\/bb65d0283347e303893ba14f0692005417c1e0e690a325a4c5d8bb2b3943ee14?s=96&d=mm&r=g","contentUrl":"https:\/\/secure.gravatar.com\/avatar\/bb65d0283347e303893ba14f0692005417c1e0e690a325a4c5d8bb2b3943ee14?s=96&d=mm&r=g","caption":"Cope Alcoy"}}]}},"_links":{"self":[{"href":"https:\/\/www.copealcoy.es\/es\/wp-json\/wp\/v2\/posts\/36865","targetHints":{"allow":["GET"]}}],"collection":[{"href":"https:\/\/www.copealcoy.es\/es\/wp-json\/wp\/v2\/posts"}],"about":[{"href":"https:\/\/www.copealcoy.es\/es\/wp-json\/wp\/v2\/types\/post"}],"author":[{"embeddable":true,"href":"https:\/\/www.copealcoy.es\/es\/wp-json\/wp\/v2\/users\/1"}],"replies":[{"embeddable":true,"href":"https:\/\/www.copealcoy.es\/es\/wp-json\/wp\/v2\/comments?post=36865"}],"version-history":[{"count":0,"href":"https:\/\/www.copealcoy.es\/es\/wp-json\/wp\/v2\/posts\/36865\/revisions"}],"wp:featuredmedia":[{"embeddable":true,"href":"https:\/\/www.copealcoy.es\/es\/wp-json\/wp\/v2\/media\/36868"}],"wp:attachment":[{"href":"https:\/\/www.copealcoy.es\/es\/wp-json\/wp\/v2\/media?parent=36865"}],"wp:term":[{"taxonomy":"category","embeddable":true,"href":"https:\/\/www.copealcoy.es\/es\/wp-json\/wp\/v2\/categories?post=36865"},{"taxonomy":"post_tag","embeddable":true,"href":"https:\/\/www.copealcoy.es\/es\/wp-json\/wp\/v2\/tags?post=36865"}],"curies":[{"name":"wp","href":"https:\/\/api.w.org\/{rel}","templated":true}]}}