{"id":36843,"date":"2017-11-21T16:18:55","date_gmt":"2017-11-21T16:18:55","guid":{"rendered":"http:\/\/copealcoi.es\/new\/?p=36843"},"modified":"2017-11-21T16:19:25","modified_gmt":"2017-11-21T16:19:25","slug":"toni-miranda-ilustra-la-nueva-imagen-del-nadal-alcoia","status":"publish","type":"post","link":"https:\/\/www.copealcoy.es\/es\/toni-miranda-ilustra-la-nueva-imagen-del-nadal-alcoia\/","title":{"rendered":"Toni Miranda ilustra la nueva imagen del Nadal Alcoi\u00e0"},"content":{"rendered":"<p style=\"text-align: justify;\">Alcoy ha presentado <strong>la imagen que ilustrar\u00e1 la campa\u00f1a #AlcoiCiutatDelNadal<\/strong> de este a\u00f1o, una instant\u00e1nea que\u00a0protagonizan <strong>nuestros cl\u00e1sicos pajes negros de la Cabalgata de los Reyes Magos<\/strong> gracias a una foto realizada por <strong>Toni Miranda<\/strong>. La misma ser\u00e1 empleada en mupis, vallas publicitarias, folletos y otros materiales s con el fin de difundir nuestra Navidad por toda la Comunidad Valenciana, tanto en costa como en interior. Tambi\u00e9n estar\u00e1 presente <strong>en carteles que se ubicar\u00e1n\u00a0en las estaciones<\/strong> del AVE de Madrid y Valencia al mismo tiempo que ser\u00e1 empleada en prensa nacional y extranjera.<\/p>\n<p style=\"text-align: justify;\">Recordar que el Nadal Alcoi\u00e0 <strong>contar\u00e1 con numerosas actividades<\/strong> entra las que destacan\u00a0<strong>el Festival de Villancicos que organiza Cope Alcoy<\/strong> el viernes 15 de diciembre, la Fireta de Nadal, las representaciones del Bel\u00e9n del Tirisiti o las actividades para los m\u00e1s peque\u00f1os en el Casal de Nadal. Esto se completa con <strong>los actos habituales de la trilog\u00eda navide\u00f1a<\/strong>: les Pastoretes el d\u00eda 31 por la ma\u00f1ana, el Bando el d\u00eda 4 de enero y la Cabalgata en la tarde del cinco de enero.<\/p>\n<p><iframe loading=\"lazy\" title=\"Presentaci\u00f3 de la campanya nadalenca (20\/11\/2017)\" width=\"1200\" height=\"675\" src=\"https:\/\/www.youtube.com\/embed\/ankzPBAGEAw?feature=oembed\" frameborder=\"0\" allow=\"accelerometer; autoplay; encrypted-media; gyroscope; picture-in-picture\" allowfullscreen><\/iframe><\/p>\n<p style=\"text-align: justify;\">\n","protected":false},"excerpt":{"rendered":"<p>Alcoy ha presentado la imagen que ilustrar\u00e1 la campa\u00f1a #AlcoiCiutatDelNadal de este a\u00f1o, una instant\u00e1nea que\u00a0protagonizan nuestros cl\u00e1sicos pajes negros&#8230;<\/p>\n","protected":false},"author":1,"featured_media":36844,"comment_status":"open","ping_status":"open","sticky":false,"template":"","format":"standard","meta":{"footnotes":""},"categories":[97,78,75],"tags":[1494,4913,1796,1717,4914,4912],"class_list":["post-36843","post","type-post","status-publish","format-standard","has-post-thumbnail","hentry","category-alcoy","category-fiestaycultura","category-noticias","tag-alcoy","tag-ilustra","tag-lorena-zamorano","tag-nadal-alcoia","tag-nueva-imagen","tag-toni-miranda"],"yoast_head":"<!-- This site is optimized with the Yoast SEO plugin v27.3 - https:\/\/yoast.com\/product\/yoast-seo-wordpress\/ -->\n<title>Toni Miranda ilustra la nueva imagen del Nadal Alcoi\u00e0 - COPE Alcoy<\/title>\n<meta name=\"robots\" content=\"index, follow, max-snippet:-1, max-image-preview:large, max-video-preview:-1\" \/>\n<link rel=\"canonical\" href=\"https:\/\/www.copealcoy.es\/es\/toni-miranda-ilustra-la-nueva-imagen-del-nadal-alcoia\/\" \/>\n<meta property=\"og:locale\" content=\"es_ES\" \/>\n<meta property=\"og:type\" content=\"article\" \/>\n<meta property=\"og:title\" content=\"Toni Miranda ilustra la nueva imagen del Nadal Alcoi\u00e0 - COPE Alcoy\" \/>\n<meta property=\"og:description\" content=\"Alcoy ha presentado la imagen que ilustrar\u00e1 la campa\u00f1a #AlcoiCiutatDelNadal de este a\u00f1o, una instant\u00e1nea que\u00a0protagonizan nuestros cl\u00e1sicos pajes negros...\" \/>\n<meta property=\"og:url\" content=\"https:\/\/www.copealcoy.es\/es\/toni-miranda-ilustra-la-nueva-imagen-del-nadal-alcoia\/\" \/>\n<meta property=\"og:site_name\" content=\"COPE Alcoy\" \/>\n<meta property=\"article:published_time\" content=\"2017-11-21T16:18:55+00:00\" \/>\n<meta property=\"article:modified_time\" content=\"2017-11-21T16:19:25+00:00\" \/>\n<meta property=\"og:image\" content=\"https:\/\/www.copealcoy.es\/wp-content\/uploads\/2017\/11\/23794990_1679960618717232_7684320233123937953_n.jpg\" \/>\n\t<meta property=\"og:image:width\" content=\"843\" \/>\n\t<meta property=\"og:image:height\" content=\"403\" \/>\n\t<meta property=\"og:image:type\" content=\"image\/jpeg\" \/>\n<meta name=\"author\" content=\"Cope Alcoy\" \/>\n<meta name=\"twitter:label1\" content=\"Escrito por\" \/>\n\t<meta name=\"twitter:data1\" content=\"Cope Alcoy\" \/>\n\t<meta name=\"twitter:label2\" content=\"Tiempo de lectura\" \/>\n\t<meta name=\"twitter:data2\" content=\"1 minuto\" \/>\n<script type=\"application\/ld+json\" class=\"yoast-schema-graph\">{\"@context\":\"https:\\\/\\\/schema.org\",\"@graph\":[{\"@type\":\"Article\",\"@id\":\"https:\\\/\\\/www.copealcoy.es\\\/es\\\/toni-miranda-ilustra-la-nueva-imagen-del-nadal-alcoia\\\/#article\",\"isPartOf\":{\"@id\":\"https:\\\/\\\/www.copealcoy.es\\\/es\\\/toni-miranda-ilustra-la-nueva-imagen-del-nadal-alcoia\\\/\"},\"author\":{\"name\":\"Cope Alcoy\",\"@id\":\"https:\\\/\\\/www.copealcoy.es\\\/es\\\/#\\\/schema\\\/person\\\/e777c87fa024e57d40170af9df39882c\"},\"headline\":\"Toni Miranda ilustra la nueva imagen del Nadal Alcoi\u00e0\",\"datePublished\":\"2017-11-21T16:18:55+00:00\",\"dateModified\":\"2017-11-21T16:19:25+00:00\",\"mainEntityOfPage\":{\"@id\":\"https:\\\/\\\/www.copealcoy.es\\\/es\\\/toni-miranda-ilustra-la-nueva-imagen-del-nadal-alcoia\\\/\"},\"wordCount\":206,\"commentCount\":0,\"image\":{\"@id\":\"https:\\\/\\\/www.copealcoy.es\\\/es\\\/toni-miranda-ilustra-la-nueva-imagen-del-nadal-alcoia\\\/#primaryimage\"},\"thumbnailUrl\":\"https:\\\/\\\/www.copealcoy.es\\\/wp-content\\\/uploads\\\/2017\\\/11\\\/23794990_1679960618717232_7684320233123937953_n.jpg\",\"keywords\":[\"Alcoy\",\"ilustra\",\"Lorena Zamorano\",\"Nadal Alcoi\u00e0\",\"nueva imagen\",\"Toni Miranda\"],\"articleSection\":[\"Alcoy\",\"Fiesta y Cultura\",\"Noticias\"],\"inLanguage\":\"es\"},{\"@type\":\"WebPage\",\"@id\":\"https:\\\/\\\/www.copealcoy.es\\\/es\\\/toni-miranda-ilustra-la-nueva-imagen-del-nadal-alcoia\\\/\",\"url\":\"https:\\\/\\\/www.copealcoy.es\\\/es\\\/toni-miranda-ilustra-la-nueva-imagen-del-nadal-alcoia\\\/\",\"name\":\"Toni Miranda ilustra la nueva imagen del Nadal Alcoi\u00e0 - COPE Alcoy\",\"isPartOf\":{\"@id\":\"https:\\\/\\\/www.copealcoy.es\\\/es\\\/#website\"},\"primaryImageOfPage\":{\"@id\":\"https:\\\/\\\/www.copealcoy.es\\\/es\\\/toni-miranda-ilustra-la-nueva-imagen-del-nadal-alcoia\\\/#primaryimage\"},\"image\":{\"@id\":\"https:\\\/\\\/www.copealcoy.es\\\/es\\\/toni-miranda-ilustra-la-nueva-imagen-del-nadal-alcoia\\\/#primaryimage\"},\"thumbnailUrl\":\"https:\\\/\\\/www.copealcoy.es\\\/wp-content\\\/uploads\\\/2017\\\/11\\\/23794990_1679960618717232_7684320233123937953_n.jpg\",\"datePublished\":\"2017-11-21T16:18:55+00:00\",\"dateModified\":\"2017-11-21T16:19:25+00:00\",\"author\":{\"@id\":\"https:\\\/\\\/www.copealcoy.es\\\/es\\\/#\\\/schema\\\/person\\\/e777c87fa024e57d40170af9df39882c\"},\"breadcrumb\":{\"@id\":\"https:\\\/\\\/www.copealcoy.es\\\/es\\\/toni-miranda-ilustra-la-nueva-imagen-del-nadal-alcoia\\\/#breadcrumb\"},\"inLanguage\":\"es\",\"potentialAction\":[{\"@type\":\"ReadAction\",\"target\":[\"https:\\\/\\\/www.copealcoy.es\\\/es\\\/toni-miranda-ilustra-la-nueva-imagen-del-nadal-alcoia\\\/\"]}]},{\"@type\":\"ImageObject\",\"inLanguage\":\"es\",\"@id\":\"https:\\\/\\\/www.copealcoy.es\\\/es\\\/toni-miranda-ilustra-la-nueva-imagen-del-nadal-alcoia\\\/#primaryimage\",\"url\":\"https:\\\/\\\/www.copealcoy.es\\\/wp-content\\\/uploads\\\/2017\\\/11\\\/23794990_1679960618717232_7684320233123937953_n.jpg\",\"contentUrl\":\"https:\\\/\\\/www.copealcoy.es\\\/wp-content\\\/uploads\\\/2017\\\/11\\\/23794990_1679960618717232_7684320233123937953_n.jpg\",\"width\":843,\"height\":403},{\"@type\":\"BreadcrumbList\",\"@id\":\"https:\\\/\\\/www.copealcoy.es\\\/es\\\/toni-miranda-ilustra-la-nueva-imagen-del-nadal-alcoia\\\/#breadcrumb\",\"itemListElement\":[{\"@type\":\"ListItem\",\"position\":1,\"name\":\"Portada\",\"item\":\"https:\\\/\\\/www.copealcoy.es\\\/es\\\/\"},{\"@type\":\"ListItem\",\"position\":2,\"name\":\"Toni Miranda ilustra la nueva imagen del Nadal Alcoi\u00e0\"}]},{\"@type\":\"WebSite\",\"@id\":\"https:\\\/\\\/www.copealcoy.es\\\/es\\\/#website\",\"url\":\"https:\\\/\\\/www.copealcoy.es\\\/es\\\/\",\"name\":\"COPE Alcoy\",\"description\":\"Emisora COPE de radio local con emisi\u00f3n online. Pont de Sant Jordi 8-10 03803 Alcoy\",\"potentialAction\":[{\"@type\":\"SearchAction\",\"target\":{\"@type\":\"EntryPoint\",\"urlTemplate\":\"https:\\\/\\\/www.copealcoy.es\\\/es\\\/?s={search_term_string}\"},\"query-input\":{\"@type\":\"PropertyValueSpecification\",\"valueRequired\":true,\"valueName\":\"search_term_string\"}}],\"inLanguage\":\"es\"},{\"@type\":\"Person\",\"@id\":\"https:\\\/\\\/www.copealcoy.es\\\/es\\\/#\\\/schema\\\/person\\\/e777c87fa024e57d40170af9df39882c\",\"name\":\"Cope Alcoy\",\"image\":{\"@type\":\"ImageObject\",\"inLanguage\":\"es\",\"@id\":\"https:\\\/\\\/secure.gravatar.com\\\/avatar\\\/bb65d0283347e303893ba14f0692005417c1e0e690a325a4c5d8bb2b3943ee14?s=96&d=mm&r=g\",\"url\":\"https:\\\/\\\/secure.gravatar.com\\\/avatar\\\/bb65d0283347e303893ba14f0692005417c1e0e690a325a4c5d8bb2b3943ee14?s=96&d=mm&r=g\",\"contentUrl\":\"https:\\\/\\\/secure.gravatar.com\\\/avatar\\\/bb65d0283347e303893ba14f0692005417c1e0e690a325a4c5d8bb2b3943ee14?s=96&d=mm&r=g\",\"caption\":\"Cope Alcoy\"}}]}<\/script>\n<!-- \/ Yoast SEO plugin. -->","yoast_head_json":{"title":"Toni Miranda ilustra la nueva imagen del Nadal Alcoi\u00e0 - COPE Alcoy","robots":{"index":"index","follow":"follow","max-snippet":"max-snippet:-1","max-image-preview":"max-image-preview:large","max-video-preview":"max-video-preview:-1"},"canonical":"https:\/\/www.copealcoy.es\/es\/toni-miranda-ilustra-la-nueva-imagen-del-nadal-alcoia\/","og_locale":"es_ES","og_type":"article","og_title":"Toni Miranda ilustra la nueva imagen del Nadal Alcoi\u00e0 - COPE Alcoy","og_description":"Alcoy ha presentado la imagen que ilustrar\u00e1 la campa\u00f1a #AlcoiCiutatDelNadal de este a\u00f1o, una instant\u00e1nea que\u00a0protagonizan nuestros cl\u00e1sicos pajes negros...","og_url":"https:\/\/www.copealcoy.es\/es\/toni-miranda-ilustra-la-nueva-imagen-del-nadal-alcoia\/","og_site_name":"COPE Alcoy","article_published_time":"2017-11-21T16:18:55+00:00","article_modified_time":"2017-11-21T16:19:25+00:00","og_image":[{"width":843,"height":403,"url":"https:\/\/www.copealcoy.es\/wp-content\/uploads\/2017\/11\/23794990_1679960618717232_7684320233123937953_n.jpg","type":"image\/jpeg"}],"author":"Cope Alcoy","twitter_misc":{"Escrito por":"Cope Alcoy","Tiempo de lectura":"1 minuto"},"schema":{"@context":"https:\/\/schema.org","@graph":[{"@type":"Article","@id":"https:\/\/www.copealcoy.es\/es\/toni-miranda-ilustra-la-nueva-imagen-del-nadal-alcoia\/#article","isPartOf":{"@id":"https:\/\/www.copealcoy.es\/es\/toni-miranda-ilustra-la-nueva-imagen-del-nadal-alcoia\/"},"author":{"name":"Cope Alcoy","@id":"https:\/\/www.copealcoy.es\/es\/#\/schema\/person\/e777c87fa024e57d40170af9df39882c"},"headline":"Toni Miranda ilustra la nueva imagen del Nadal Alcoi\u00e0","datePublished":"2017-11-21T16:18:55+00:00","dateModified":"2017-11-21T16:19:25+00:00","mainEntityOfPage":{"@id":"https:\/\/www.copealcoy.es\/es\/toni-miranda-ilustra-la-nueva-imagen-del-nadal-alcoia\/"},"wordCount":206,"commentCount":0,"image":{"@id":"https:\/\/www.copealcoy.es\/es\/toni-miranda-ilustra-la-nueva-imagen-del-nadal-alcoia\/#primaryimage"},"thumbnailUrl":"https:\/\/www.copealcoy.es\/wp-content\/uploads\/2017\/11\/23794990_1679960618717232_7684320233123937953_n.jpg","keywords":["Alcoy","ilustra","Lorena Zamorano","Nadal Alcoi\u00e0","nueva imagen","Toni Miranda"],"articleSection":["Alcoy","Fiesta y Cultura","Noticias"],"inLanguage":"es"},{"@type":"WebPage","@id":"https:\/\/www.copealcoy.es\/es\/toni-miranda-ilustra-la-nueva-imagen-del-nadal-alcoia\/","url":"https:\/\/www.copealcoy.es\/es\/toni-miranda-ilustra-la-nueva-imagen-del-nadal-alcoia\/","name":"Toni Miranda ilustra la nueva imagen del Nadal Alcoi\u00e0 - COPE Alcoy","isPartOf":{"@id":"https:\/\/www.copealcoy.es\/es\/#website"},"primaryImageOfPage":{"@id":"https:\/\/www.copealcoy.es\/es\/toni-miranda-ilustra-la-nueva-imagen-del-nadal-alcoia\/#primaryimage"},"image":{"@id":"https:\/\/www.copealcoy.es\/es\/toni-miranda-ilustra-la-nueva-imagen-del-nadal-alcoia\/#primaryimage"},"thumbnailUrl":"https:\/\/www.copealcoy.es\/wp-content\/uploads\/2017\/11\/23794990_1679960618717232_7684320233123937953_n.jpg","datePublished":"2017-11-21T16:18:55+00:00","dateModified":"2017-11-21T16:19:25+00:00","author":{"@id":"https:\/\/www.copealcoy.es\/es\/#\/schema\/person\/e777c87fa024e57d40170af9df39882c"},"breadcrumb":{"@id":"https:\/\/www.copealcoy.es\/es\/toni-miranda-ilustra-la-nueva-imagen-del-nadal-alcoia\/#breadcrumb"},"inLanguage":"es","potentialAction":[{"@type":"ReadAction","target":["https:\/\/www.copealcoy.es\/es\/toni-miranda-ilustra-la-nueva-imagen-del-nadal-alcoia\/"]}]},{"@type":"ImageObject","inLanguage":"es","@id":"https:\/\/www.copealcoy.es\/es\/toni-miranda-ilustra-la-nueva-imagen-del-nadal-alcoia\/#primaryimage","url":"https:\/\/www.copealcoy.es\/wp-content\/uploads\/2017\/11\/23794990_1679960618717232_7684320233123937953_n.jpg","contentUrl":"https:\/\/www.copealcoy.es\/wp-content\/uploads\/2017\/11\/23794990_1679960618717232_7684320233123937953_n.jpg","width":843,"height":403},{"@type":"BreadcrumbList","@id":"https:\/\/www.copealcoy.es\/es\/toni-miranda-ilustra-la-nueva-imagen-del-nadal-alcoia\/#breadcrumb","itemListElement":[{"@type":"ListItem","position":1,"name":"Portada","item":"https:\/\/www.copealcoy.es\/es\/"},{"@type":"ListItem","position":2,"name":"Toni Miranda ilustra la nueva imagen del Nadal Alcoi\u00e0"}]},{"@type":"WebSite","@id":"https:\/\/www.copealcoy.es\/es\/#website","url":"https:\/\/www.copealcoy.es\/es\/","name":"COPE Alcoy","description":"Emisora COPE de radio local con emisi\u00f3n online. Pont de Sant Jordi 8-10 03803 Alcoy","potentialAction":[{"@type":"SearchAction","target":{"@type":"EntryPoint","urlTemplate":"https:\/\/www.copealcoy.es\/es\/?s={search_term_string}"},"query-input":{"@type":"PropertyValueSpecification","valueRequired":true,"valueName":"search_term_string"}}],"inLanguage":"es"},{"@type":"Person","@id":"https:\/\/www.copealcoy.es\/es\/#\/schema\/person\/e777c87fa024e57d40170af9df39882c","name":"Cope Alcoy","image":{"@type":"ImageObject","inLanguage":"es","@id":"https:\/\/secure.gravatar.com\/avatar\/bb65d0283347e303893ba14f0692005417c1e0e690a325a4c5d8bb2b3943ee14?s=96&d=mm&r=g","url":"https:\/\/secure.gravatar.com\/avatar\/bb65d0283347e303893ba14f0692005417c1e0e690a325a4c5d8bb2b3943ee14?s=96&d=mm&r=g","contentUrl":"https:\/\/secure.gravatar.com\/avatar\/bb65d0283347e303893ba14f0692005417c1e0e690a325a4c5d8bb2b3943ee14?s=96&d=mm&r=g","caption":"Cope Alcoy"}}]}},"_links":{"self":[{"href":"https:\/\/www.copealcoy.es\/es\/wp-json\/wp\/v2\/posts\/36843","targetHints":{"allow":["GET"]}}],"collection":[{"href":"https:\/\/www.copealcoy.es\/es\/wp-json\/wp\/v2\/posts"}],"about":[{"href":"https:\/\/www.copealcoy.es\/es\/wp-json\/wp\/v2\/types\/post"}],"author":[{"embeddable":true,"href":"https:\/\/www.copealcoy.es\/es\/wp-json\/wp\/v2\/users\/1"}],"replies":[{"embeddable":true,"href":"https:\/\/www.copealcoy.es\/es\/wp-json\/wp\/v2\/comments?post=36843"}],"version-history":[{"count":0,"href":"https:\/\/www.copealcoy.es\/es\/wp-json\/wp\/v2\/posts\/36843\/revisions"}],"wp:featuredmedia":[{"embeddable":true,"href":"https:\/\/www.copealcoy.es\/es\/wp-json\/wp\/v2\/media\/36844"}],"wp:attachment":[{"href":"https:\/\/www.copealcoy.es\/es\/wp-json\/wp\/v2\/media?parent=36843"}],"wp:term":[{"taxonomy":"category","embeddable":true,"href":"https:\/\/www.copealcoy.es\/es\/wp-json\/wp\/v2\/categories?post=36843"},{"taxonomy":"post_tag","embeddable":true,"href":"https:\/\/www.copealcoy.es\/es\/wp-json\/wp\/v2\/tags?post=36843"}],"curies":[{"name":"wp","href":"https:\/\/api.w.org\/{rel}","templated":true}]}}