{"id":36814,"date":"2017-11-20T17:22:58","date_gmt":"2017-11-20T17:22:58","guid":{"rendered":"http:\/\/copealcoi.es\/new\/?p=36814"},"modified":"2017-11-21T15:32:15","modified_gmt":"2017-11-21T15:32:15","slug":"la-magenta-lleva-a-cabo-una-cena-de-exaltacion-de-alferez","status":"publish","type":"post","link":"https:\/\/www.copealcoy.es\/es\/la-magenta-lleva-a-cabo-una-cena-de-exaltacion-de-alferez\/","title":{"rendered":"La Magenta lleva a cabo una Cena de Exaltaci\u00f3n de Alf\u00e9rez"},"content":{"rendered":"<p style=\"text-align: justify;\">La <strong>Fil\u00e0 Magenta<\/strong> de Alcoy llev\u00f3 a cabo el pasado s\u00e1bado 18 de noviembre <strong>una cena de Exaltaci\u00f3n del Alf\u00e9rez Moro<\/strong>, una velada organizada por <strong>Santi Carbonell<\/strong> que tuvo lugar en las instalaciones de <strong>Torre de Cotes<\/strong>. En este evento<strong> se quiso\u00a0dar el protagonismo a todas aquellas personas que lo acompa\u00f1an este a\u00f1o tan especial<\/strong> y en el mismo\u00a0los asistentes <strong>pudieron disfrutar de un inmejorable ambiente y comida<\/strong>. Los primeros en agradecer la experiencia del cargo, fueron <strong>los dos Rodellas<\/strong>, quien le dedicaron unas palabras e hicieron entrega de un regalo al propio Alf\u00e9rez.<\/p>\n<p style=\"text-align: justify;\">Tras la cena, <strong>un miembro del grupo de Caballeros y de Damas<\/strong>, dedicaron unas palabras hacia los protagonistas de este a\u00f1o festero 2018: <strong>Alf\u00e9rez y Favorita de la Fil\u00e0 Magenta<\/strong>. Seguidamente, <strong>las Damas y Caballeros<\/strong> correspondieron al esfuerzo realizado durante estos dos a\u00f1os, <strong>obsequi\u00e1ndoles con un detalle<\/strong> que emocion\u00f3 a todos los presentes.\u00a0Una vez finalizada la cena, <strong>Santi Carbonell<\/strong>, dio las gracias a todos los que lo acompa\u00f1an durante este a\u00f1o, <strong>haciendo entrega de un obsequio a Damas, Caballeros y Abanderado de la Fil\u00e0 Magenta<\/strong>. De esta forma se puso <strong>la guinda<\/strong> a esta singular iniciativa.<\/p>\n","protected":false},"excerpt":{"rendered":"<p>La Fil\u00e0 Magenta de Alcoy llev\u00f3 a cabo el pasado s\u00e1bado 18 de noviembre una cena de Exaltaci\u00f3n del Alf\u00e9rez&#8230;<\/p>\n","protected":false},"author":1,"featured_media":36815,"comment_status":"open","ping_status":"open","sticky":false,"template":"","format":"standard","meta":{"footnotes":""},"categories":[97,78,75],"tags":[1494,4331,4908,4907,854,4909],"class_list":["post-36814","post","type-post","status-publish","format-standard","has-post-thumbnail","hentry","category-alcoy","category-fiestaycultura","category-noticias","tag-alcoy","tag-alferez-moro","tag-cena","tag-exaltacion","tag-magenta","tag-santi-carbonell"],"yoast_head":"<!-- This site is optimized with the Yoast SEO plugin v27.3 - https:\/\/yoast.com\/product\/yoast-seo-wordpress\/ -->\n<title>La Magenta lleva a cabo una Cena de Exaltaci\u00f3n de Alf\u00e9rez - COPE Alcoy<\/title>\n<meta name=\"robots\" content=\"index, follow, max-snippet:-1, max-image-preview:large, max-video-preview:-1\" \/>\n<link rel=\"canonical\" href=\"https:\/\/www.copealcoy.es\/es\/la-magenta-lleva-a-cabo-una-cena-de-exaltacion-de-alferez\/\" \/>\n<meta property=\"og:locale\" content=\"es_ES\" \/>\n<meta property=\"og:type\" content=\"article\" \/>\n<meta property=\"og:title\" content=\"La Magenta lleva a cabo una Cena de Exaltaci\u00f3n de Alf\u00e9rez - COPE Alcoy\" \/>\n<meta property=\"og:description\" content=\"La Fil\u00e0 Magenta de Alcoy llev\u00f3 a cabo el pasado s\u00e1bado 18 de noviembre una cena de Exaltaci\u00f3n del Alf\u00e9rez...\" \/>\n<meta property=\"og:url\" content=\"https:\/\/www.copealcoy.es\/es\/la-magenta-lleva-a-cabo-una-cena-de-exaltacion-de-alferez\/\" \/>\n<meta property=\"og:site_name\" content=\"COPE Alcoy\" \/>\n<meta property=\"article:published_time\" content=\"2017-11-20T17:22:58+00:00\" \/>\n<meta property=\"article:modified_time\" content=\"2017-11-21T15:32:15+00:00\" \/>\n<meta property=\"og:image\" content=\"https:\/\/www.copealcoy.es\/wp-content\/uploads\/2017\/11\/IMG-20171119-WA0029.jpg\" \/>\n\t<meta property=\"og:image:width\" content=\"1600\" \/>\n\t<meta property=\"og:image:height\" content=\"1200\" \/>\n\t<meta property=\"og:image:type\" content=\"image\/jpeg\" \/>\n<meta name=\"author\" content=\"Cope Alcoy\" \/>\n<meta name=\"twitter:label1\" content=\"Escrito por\" \/>\n\t<meta name=\"twitter:data1\" content=\"Cope Alcoy\" \/>\n\t<meta name=\"twitter:label2\" content=\"Tiempo de lectura\" \/>\n\t<meta name=\"twitter:data2\" content=\"1 minuto\" \/>\n<script type=\"application\/ld+json\" class=\"yoast-schema-graph\">{\"@context\":\"https:\\\/\\\/schema.org\",\"@graph\":[{\"@type\":\"Article\",\"@id\":\"https:\\\/\\\/www.copealcoy.es\\\/es\\\/la-magenta-lleva-a-cabo-una-cena-de-exaltacion-de-alferez\\\/#article\",\"isPartOf\":{\"@id\":\"https:\\\/\\\/www.copealcoy.es\\\/es\\\/la-magenta-lleva-a-cabo-una-cena-de-exaltacion-de-alferez\\\/\"},\"author\":{\"name\":\"Cope Alcoy\",\"@id\":\"https:\\\/\\\/www.copealcoy.es\\\/es\\\/#\\\/schema\\\/person\\\/e777c87fa024e57d40170af9df39882c\"},\"headline\":\"La Magenta lleva a cabo una Cena de Exaltaci\u00f3n de Alf\u00e9rez\",\"datePublished\":\"2017-11-20T17:22:58+00:00\",\"dateModified\":\"2017-11-21T15:32:15+00:00\",\"mainEntityOfPage\":{\"@id\":\"https:\\\/\\\/www.copealcoy.es\\\/es\\\/la-magenta-lleva-a-cabo-una-cena-de-exaltacion-de-alferez\\\/\"},\"wordCount\":216,\"commentCount\":0,\"image\":{\"@id\":\"https:\\\/\\\/www.copealcoy.es\\\/es\\\/la-magenta-lleva-a-cabo-una-cena-de-exaltacion-de-alferez\\\/#primaryimage\"},\"thumbnailUrl\":\"https:\\\/\\\/www.copealcoy.es\\\/wp-content\\\/uploads\\\/2017\\\/11\\\/IMG-20171119-WA0029.jpg\",\"keywords\":[\"Alcoy\",\"Alf\u00e9rez Moro\",\"Cena\",\"Exaltaci\u00f3n\",\"Magenta\",\"Santi Carbonell\"],\"articleSection\":[\"Alcoy\",\"Fiesta y Cultura\",\"Noticias\"],\"inLanguage\":\"es\"},{\"@type\":\"WebPage\",\"@id\":\"https:\\\/\\\/www.copealcoy.es\\\/es\\\/la-magenta-lleva-a-cabo-una-cena-de-exaltacion-de-alferez\\\/\",\"url\":\"https:\\\/\\\/www.copealcoy.es\\\/es\\\/la-magenta-lleva-a-cabo-una-cena-de-exaltacion-de-alferez\\\/\",\"name\":\"La Magenta lleva a cabo una Cena de Exaltaci\u00f3n de Alf\u00e9rez - COPE Alcoy\",\"isPartOf\":{\"@id\":\"https:\\\/\\\/www.copealcoy.es\\\/es\\\/#website\"},\"primaryImageOfPage\":{\"@id\":\"https:\\\/\\\/www.copealcoy.es\\\/es\\\/la-magenta-lleva-a-cabo-una-cena-de-exaltacion-de-alferez\\\/#primaryimage\"},\"image\":{\"@id\":\"https:\\\/\\\/www.copealcoy.es\\\/es\\\/la-magenta-lleva-a-cabo-una-cena-de-exaltacion-de-alferez\\\/#primaryimage\"},\"thumbnailUrl\":\"https:\\\/\\\/www.copealcoy.es\\\/wp-content\\\/uploads\\\/2017\\\/11\\\/IMG-20171119-WA0029.jpg\",\"datePublished\":\"2017-11-20T17:22:58+00:00\",\"dateModified\":\"2017-11-21T15:32:15+00:00\",\"author\":{\"@id\":\"https:\\\/\\\/www.copealcoy.es\\\/es\\\/#\\\/schema\\\/person\\\/e777c87fa024e57d40170af9df39882c\"},\"breadcrumb\":{\"@id\":\"https:\\\/\\\/www.copealcoy.es\\\/es\\\/la-magenta-lleva-a-cabo-una-cena-de-exaltacion-de-alferez\\\/#breadcrumb\"},\"inLanguage\":\"es\",\"potentialAction\":[{\"@type\":\"ReadAction\",\"target\":[\"https:\\\/\\\/www.copealcoy.es\\\/es\\\/la-magenta-lleva-a-cabo-una-cena-de-exaltacion-de-alferez\\\/\"]}]},{\"@type\":\"ImageObject\",\"inLanguage\":\"es\",\"@id\":\"https:\\\/\\\/www.copealcoy.es\\\/es\\\/la-magenta-lleva-a-cabo-una-cena-de-exaltacion-de-alferez\\\/#primaryimage\",\"url\":\"https:\\\/\\\/www.copealcoy.es\\\/wp-content\\\/uploads\\\/2017\\\/11\\\/IMG-20171119-WA0029.jpg\",\"contentUrl\":\"https:\\\/\\\/www.copealcoy.es\\\/wp-content\\\/uploads\\\/2017\\\/11\\\/IMG-20171119-WA0029.jpg\",\"width\":1600,\"height\":1200},{\"@type\":\"BreadcrumbList\",\"@id\":\"https:\\\/\\\/www.copealcoy.es\\\/es\\\/la-magenta-lleva-a-cabo-una-cena-de-exaltacion-de-alferez\\\/#breadcrumb\",\"itemListElement\":[{\"@type\":\"ListItem\",\"position\":1,\"name\":\"Portada\",\"item\":\"https:\\\/\\\/www.copealcoy.es\\\/es\\\/\"},{\"@type\":\"ListItem\",\"position\":2,\"name\":\"La Magenta lleva a cabo una Cena de Exaltaci\u00f3n de Alf\u00e9rez\"}]},{\"@type\":\"WebSite\",\"@id\":\"https:\\\/\\\/www.copealcoy.es\\\/es\\\/#website\",\"url\":\"https:\\\/\\\/www.copealcoy.es\\\/es\\\/\",\"name\":\"COPE Alcoy\",\"description\":\"Emisora COPE de radio local con emisi\u00f3n online. Pont de Sant Jordi 8-10 03803 Alcoy\",\"potentialAction\":[{\"@type\":\"SearchAction\",\"target\":{\"@type\":\"EntryPoint\",\"urlTemplate\":\"https:\\\/\\\/www.copealcoy.es\\\/es\\\/?s={search_term_string}\"},\"query-input\":{\"@type\":\"PropertyValueSpecification\",\"valueRequired\":true,\"valueName\":\"search_term_string\"}}],\"inLanguage\":\"es\"},{\"@type\":\"Person\",\"@id\":\"https:\\\/\\\/www.copealcoy.es\\\/es\\\/#\\\/schema\\\/person\\\/e777c87fa024e57d40170af9df39882c\",\"name\":\"Cope Alcoy\",\"image\":{\"@type\":\"ImageObject\",\"inLanguage\":\"es\",\"@id\":\"https:\\\/\\\/secure.gravatar.com\\\/avatar\\\/bb65d0283347e303893ba14f0692005417c1e0e690a325a4c5d8bb2b3943ee14?s=96&d=mm&r=g\",\"url\":\"https:\\\/\\\/secure.gravatar.com\\\/avatar\\\/bb65d0283347e303893ba14f0692005417c1e0e690a325a4c5d8bb2b3943ee14?s=96&d=mm&r=g\",\"contentUrl\":\"https:\\\/\\\/secure.gravatar.com\\\/avatar\\\/bb65d0283347e303893ba14f0692005417c1e0e690a325a4c5d8bb2b3943ee14?s=96&d=mm&r=g\",\"caption\":\"Cope Alcoy\"}}]}<\/script>\n<!-- \/ Yoast SEO plugin. -->","yoast_head_json":{"title":"La Magenta lleva a cabo una Cena de Exaltaci\u00f3n de Alf\u00e9rez - COPE Alcoy","robots":{"index":"index","follow":"follow","max-snippet":"max-snippet:-1","max-image-preview":"max-image-preview:large","max-video-preview":"max-video-preview:-1"},"canonical":"https:\/\/www.copealcoy.es\/es\/la-magenta-lleva-a-cabo-una-cena-de-exaltacion-de-alferez\/","og_locale":"es_ES","og_type":"article","og_title":"La Magenta lleva a cabo una Cena de Exaltaci\u00f3n de Alf\u00e9rez - COPE Alcoy","og_description":"La Fil\u00e0 Magenta de Alcoy llev\u00f3 a cabo el pasado s\u00e1bado 18 de noviembre una cena de Exaltaci\u00f3n del Alf\u00e9rez...","og_url":"https:\/\/www.copealcoy.es\/es\/la-magenta-lleva-a-cabo-una-cena-de-exaltacion-de-alferez\/","og_site_name":"COPE Alcoy","article_published_time":"2017-11-20T17:22:58+00:00","article_modified_time":"2017-11-21T15:32:15+00:00","og_image":[{"width":1600,"height":1200,"url":"https:\/\/www.copealcoy.es\/wp-content\/uploads\/2017\/11\/IMG-20171119-WA0029.jpg","type":"image\/jpeg"}],"author":"Cope Alcoy","twitter_misc":{"Escrito por":"Cope Alcoy","Tiempo de lectura":"1 minuto"},"schema":{"@context":"https:\/\/schema.org","@graph":[{"@type":"Article","@id":"https:\/\/www.copealcoy.es\/es\/la-magenta-lleva-a-cabo-una-cena-de-exaltacion-de-alferez\/#article","isPartOf":{"@id":"https:\/\/www.copealcoy.es\/es\/la-magenta-lleva-a-cabo-una-cena-de-exaltacion-de-alferez\/"},"author":{"name":"Cope Alcoy","@id":"https:\/\/www.copealcoy.es\/es\/#\/schema\/person\/e777c87fa024e57d40170af9df39882c"},"headline":"La Magenta lleva a cabo una Cena de Exaltaci\u00f3n de Alf\u00e9rez","datePublished":"2017-11-20T17:22:58+00:00","dateModified":"2017-11-21T15:32:15+00:00","mainEntityOfPage":{"@id":"https:\/\/www.copealcoy.es\/es\/la-magenta-lleva-a-cabo-una-cena-de-exaltacion-de-alferez\/"},"wordCount":216,"commentCount":0,"image":{"@id":"https:\/\/www.copealcoy.es\/es\/la-magenta-lleva-a-cabo-una-cena-de-exaltacion-de-alferez\/#primaryimage"},"thumbnailUrl":"https:\/\/www.copealcoy.es\/wp-content\/uploads\/2017\/11\/IMG-20171119-WA0029.jpg","keywords":["Alcoy","Alf\u00e9rez Moro","Cena","Exaltaci\u00f3n","Magenta","Santi Carbonell"],"articleSection":["Alcoy","Fiesta y Cultura","Noticias"],"inLanguage":"es"},{"@type":"WebPage","@id":"https:\/\/www.copealcoy.es\/es\/la-magenta-lleva-a-cabo-una-cena-de-exaltacion-de-alferez\/","url":"https:\/\/www.copealcoy.es\/es\/la-magenta-lleva-a-cabo-una-cena-de-exaltacion-de-alferez\/","name":"La Magenta lleva a cabo una Cena de Exaltaci\u00f3n de Alf\u00e9rez - COPE Alcoy","isPartOf":{"@id":"https:\/\/www.copealcoy.es\/es\/#website"},"primaryImageOfPage":{"@id":"https:\/\/www.copealcoy.es\/es\/la-magenta-lleva-a-cabo-una-cena-de-exaltacion-de-alferez\/#primaryimage"},"image":{"@id":"https:\/\/www.copealcoy.es\/es\/la-magenta-lleva-a-cabo-una-cena-de-exaltacion-de-alferez\/#primaryimage"},"thumbnailUrl":"https:\/\/www.copealcoy.es\/wp-content\/uploads\/2017\/11\/IMG-20171119-WA0029.jpg","datePublished":"2017-11-20T17:22:58+00:00","dateModified":"2017-11-21T15:32:15+00:00","author":{"@id":"https:\/\/www.copealcoy.es\/es\/#\/schema\/person\/e777c87fa024e57d40170af9df39882c"},"breadcrumb":{"@id":"https:\/\/www.copealcoy.es\/es\/la-magenta-lleva-a-cabo-una-cena-de-exaltacion-de-alferez\/#breadcrumb"},"inLanguage":"es","potentialAction":[{"@type":"ReadAction","target":["https:\/\/www.copealcoy.es\/es\/la-magenta-lleva-a-cabo-una-cena-de-exaltacion-de-alferez\/"]}]},{"@type":"ImageObject","inLanguage":"es","@id":"https:\/\/www.copealcoy.es\/es\/la-magenta-lleva-a-cabo-una-cena-de-exaltacion-de-alferez\/#primaryimage","url":"https:\/\/www.copealcoy.es\/wp-content\/uploads\/2017\/11\/IMG-20171119-WA0029.jpg","contentUrl":"https:\/\/www.copealcoy.es\/wp-content\/uploads\/2017\/11\/IMG-20171119-WA0029.jpg","width":1600,"height":1200},{"@type":"BreadcrumbList","@id":"https:\/\/www.copealcoy.es\/es\/la-magenta-lleva-a-cabo-una-cena-de-exaltacion-de-alferez\/#breadcrumb","itemListElement":[{"@type":"ListItem","position":1,"name":"Portada","item":"https:\/\/www.copealcoy.es\/es\/"},{"@type":"ListItem","position":2,"name":"La Magenta lleva a cabo una Cena de Exaltaci\u00f3n de Alf\u00e9rez"}]},{"@type":"WebSite","@id":"https:\/\/www.copealcoy.es\/es\/#website","url":"https:\/\/www.copealcoy.es\/es\/","name":"COPE Alcoy","description":"Emisora COPE de radio local con emisi\u00f3n online. Pont de Sant Jordi 8-10 03803 Alcoy","potentialAction":[{"@type":"SearchAction","target":{"@type":"EntryPoint","urlTemplate":"https:\/\/www.copealcoy.es\/es\/?s={search_term_string}"},"query-input":{"@type":"PropertyValueSpecification","valueRequired":true,"valueName":"search_term_string"}}],"inLanguage":"es"},{"@type":"Person","@id":"https:\/\/www.copealcoy.es\/es\/#\/schema\/person\/e777c87fa024e57d40170af9df39882c","name":"Cope Alcoy","image":{"@type":"ImageObject","inLanguage":"es","@id":"https:\/\/secure.gravatar.com\/avatar\/bb65d0283347e303893ba14f0692005417c1e0e690a325a4c5d8bb2b3943ee14?s=96&d=mm&r=g","url":"https:\/\/secure.gravatar.com\/avatar\/bb65d0283347e303893ba14f0692005417c1e0e690a325a4c5d8bb2b3943ee14?s=96&d=mm&r=g","contentUrl":"https:\/\/secure.gravatar.com\/avatar\/bb65d0283347e303893ba14f0692005417c1e0e690a325a4c5d8bb2b3943ee14?s=96&d=mm&r=g","caption":"Cope Alcoy"}}]}},"_links":{"self":[{"href":"https:\/\/www.copealcoy.es\/es\/wp-json\/wp\/v2\/posts\/36814","targetHints":{"allow":["GET"]}}],"collection":[{"href":"https:\/\/www.copealcoy.es\/es\/wp-json\/wp\/v2\/posts"}],"about":[{"href":"https:\/\/www.copealcoy.es\/es\/wp-json\/wp\/v2\/types\/post"}],"author":[{"embeddable":true,"href":"https:\/\/www.copealcoy.es\/es\/wp-json\/wp\/v2\/users\/1"}],"replies":[{"embeddable":true,"href":"https:\/\/www.copealcoy.es\/es\/wp-json\/wp\/v2\/comments?post=36814"}],"version-history":[{"count":0,"href":"https:\/\/www.copealcoy.es\/es\/wp-json\/wp\/v2\/posts\/36814\/revisions"}],"wp:featuredmedia":[{"embeddable":true,"href":"https:\/\/www.copealcoy.es\/es\/wp-json\/wp\/v2\/media\/36815"}],"wp:attachment":[{"href":"https:\/\/www.copealcoy.es\/es\/wp-json\/wp\/v2\/media?parent=36814"}],"wp:term":[{"taxonomy":"category","embeddable":true,"href":"https:\/\/www.copealcoy.es\/es\/wp-json\/wp\/v2\/categories?post=36814"},{"taxonomy":"post_tag","embeddable":true,"href":"https:\/\/www.copealcoy.es\/es\/wp-json\/wp\/v2\/tags?post=36814"}],"curies":[{"name":"wp","href":"https:\/\/api.w.org\/{rel}","templated":true}]}}