{"id":36736,"date":"2017-11-17T16:56:30","date_gmt":"2017-11-17T16:56:30","guid":{"rendered":"http:\/\/copealcoi.es\/new\/?p=36736"},"modified":"2017-11-17T17:00:39","modified_gmt":"2017-11-17T17:00:39","slug":"muro-se-adhiere-al-plan-del-consell-para-la-mejora-de-colegios","status":"publish","type":"post","link":"https:\/\/www.copealcoy.es\/es\/muro-se-adhiere-al-plan-del-consell-para-la-mejora-de-colegios\/","title":{"rendered":"Muro se adhiere al Plan del Consell para la mejora de colegios"},"content":{"rendered":"<p style=\"text-align: justify;\">El <strong>Ayuntamiento de Muro<\/strong> va a adherirse tambi\u00e9n al <strong>Plan que impulsa la Generalitat Valenciana<\/strong> bajo el nombre de<strong> \u2018Edificant\u2019<\/strong>. Esta iniciativa cuenta con <strong>700 millones de euros<\/strong>,\u00a0parte de ellos procedentes de Fondos Europeos, y el mismo tiene\u00a0 como objetivo\u00a0<strong>la construcci\u00f3n de nuevos centros educativos<\/strong> en la Comunidad Valenciana as\u00ed como tambi\u00e9n <strong>realizar mejoras en los colegios ya construidos<\/strong>, incluyendo el equipamiento.<\/p>\n<p style=\"text-align: justify;\">La concejala de Educaci\u00f3n en el Consistorio murero, <strong>Fani Juan<\/strong>, ha explicado que hasta el pr\u00f3ximo mes de enero se podr\u00e1n plantear a la Conseller\u00eda <strong>las actuaciones que se quieren realizar en los colegios de cada poblaci\u00f3n<\/strong> para que estas sean aprobadas por el Gobierno Auton\u00f3mico. En este sentido la edil indica que Muro ha propuesto en una <strong>reuni\u00f3n mantenida<\/strong> con el secretario auton\u00f3mico de Educaci\u00f3n, <strong>Miquel Soler<\/strong>, <strong>la adecuaci\u00f3n de la pista deportiva del Instituto Serra de Mariola, el gimnasio del Montcabrer o el aire acondicionado para el aulario de infantil del Bracal<\/strong> \u201c<em>son proyectos que est\u00e1n ah\u00ed pendientes y que ahora tenemos una oportunidad de conseguir que sean una realidad<\/em>\u201d, afirma. En cuanto a la construcci\u00f3n del nuevo colegio El Bracal Fani Juan destaca que <strong>la gesti\u00f3n va a seguir su curso<\/strong> y matiza que se va analizar con detenimiento <strong>la posible inclusi\u00f3n del mismo en este Plan de creaci\u00f3n de nuevos centros<\/strong> \u201c<em>antes que adoptar cualquier decisi\u00f3n hay que conocer con exactitud los plazos de las dos opciones ya que el proceso del Bracal est\u00e1 bastante avanzado actualmente quedando tan solo la licitaci\u00f3n<\/em>\u201d, indica.<\/p>\n<p style=\"text-align: justify;\">Recordar que los consistorios que se adhieran a \u00a0\u2018Edificant\u2019 se har\u00e1n cargo\u00a0del proyecto, contrataci\u00f3n, construcci\u00f3n, direcci\u00f3n y certificaci\u00f3n de la obra; lo cual\u00a0\u00a0permitir\u00e1 <strong>agilizar los tr\u00e1mites<\/strong> y dar soluciones m\u00e1s r\u00e1pidas a los centros. El\u00a0coste econ\u00f3mico\u00a0lo asumir\u00e1 la Generalitat Valenciana.<\/p>\n<p>&nbsp;<\/p>\n<p><strong>\u00a0<\/strong><\/p>\n","protected":false},"excerpt":{"rendered":"<p>El Ayuntamiento de Muro va a adherirse tambi\u00e9n al Plan que impulsa la Generalitat Valenciana bajo el nombre de \u2018Edificant\u2019&#8230;.<\/p>\n","protected":false},"author":1,"featured_media":21654,"comment_status":"open","ping_status":"open","sticky":false,"template":"","format":"standard","meta":{"footnotes":""},"categories":[98,75],"tags":[470,479,423,2266,135,418],"class_list":["post-36736","post","type-post","status-publish","format-standard","has-post-thumbnail","hentry","category-comarcas","category-noticias","tag-colegios","tag-consell","tag-educacion","tag-fani-juan","tag-muro","tag-reforma"],"yoast_head":"<!-- This site is optimized with the Yoast SEO plugin v27.3 - https:\/\/yoast.com\/product\/yoast-seo-wordpress\/ -->\n<title>Muro se adhiere al Plan del Consell para la mejora de colegios - COPE Alcoy<\/title>\n<meta name=\"robots\" content=\"index, follow, max-snippet:-1, max-image-preview:large, max-video-preview:-1\" \/>\n<link rel=\"canonical\" href=\"https:\/\/www.copealcoy.es\/es\/muro-se-adhiere-al-plan-del-consell-para-la-mejora-de-colegios\/\" \/>\n<meta property=\"og:locale\" content=\"es_ES\" \/>\n<meta property=\"og:type\" content=\"article\" \/>\n<meta property=\"og:title\" content=\"Muro se adhiere al Plan del Consell para la mejora de colegios - COPE Alcoy\" \/>\n<meta property=\"og:description\" content=\"El Ayuntamiento de Muro va a adherirse tambi\u00e9n al Plan que impulsa la Generalitat Valenciana bajo el nombre de \u2018Edificant\u2019....\" \/>\n<meta property=\"og:url\" content=\"https:\/\/www.copealcoy.es\/es\/muro-se-adhiere-al-plan-del-consell-para-la-mejora-de-colegios\/\" \/>\n<meta property=\"og:site_name\" content=\"COPE Alcoy\" \/>\n<meta property=\"article:published_time\" content=\"2017-11-17T16:56:30+00:00\" \/>\n<meta property=\"article:modified_time\" content=\"2017-11-17T17:00:39+00:00\" \/>\n<meta property=\"og:image\" content=\"https:\/\/www.copealcoy.es\/wp-content\/uploads\/2016\/05\/13242129_10209342172611983_1606735369_o.jpg\" \/>\n\t<meta property=\"og:image:width\" content=\"1334\" \/>\n\t<meta property=\"og:image:height\" content=\"832\" \/>\n\t<meta property=\"og:image:type\" content=\"image\/jpeg\" \/>\n<meta name=\"author\" content=\"Cope Alcoy\" \/>\n<meta name=\"twitter:label1\" content=\"Escrito por\" \/>\n\t<meta name=\"twitter:data1\" content=\"Cope Alcoy\" \/>\n\t<meta name=\"twitter:label2\" content=\"Tiempo de lectura\" \/>\n\t<meta name=\"twitter:data2\" content=\"2 minutos\" \/>\n<script type=\"application\/ld+json\" class=\"yoast-schema-graph\">{\"@context\":\"https:\\\/\\\/schema.org\",\"@graph\":[{\"@type\":\"Article\",\"@id\":\"https:\\\/\\\/www.copealcoy.es\\\/es\\\/muro-se-adhiere-al-plan-del-consell-para-la-mejora-de-colegios\\\/#article\",\"isPartOf\":{\"@id\":\"https:\\\/\\\/www.copealcoy.es\\\/es\\\/muro-se-adhiere-al-plan-del-consell-para-la-mejora-de-colegios\\\/\"},\"author\":{\"name\":\"Cope Alcoy\",\"@id\":\"https:\\\/\\\/www.copealcoy.es\\\/es\\\/#\\\/schema\\\/person\\\/e777c87fa024e57d40170af9df39882c\"},\"headline\":\"Muro se adhiere al Plan del Consell para la mejora de colegios\",\"datePublished\":\"2017-11-17T16:56:30+00:00\",\"dateModified\":\"2017-11-17T17:00:39+00:00\",\"mainEntityOfPage\":{\"@id\":\"https:\\\/\\\/www.copealcoy.es\\\/es\\\/muro-se-adhiere-al-plan-del-consell-para-la-mejora-de-colegios\\\/\"},\"wordCount\":336,\"commentCount\":0,\"image\":{\"@id\":\"https:\\\/\\\/www.copealcoy.es\\\/es\\\/muro-se-adhiere-al-plan-del-consell-para-la-mejora-de-colegios\\\/#primaryimage\"},\"thumbnailUrl\":\"https:\\\/\\\/www.copealcoy.es\\\/wp-content\\\/uploads\\\/2016\\\/05\\\/13242129_10209342172611983_1606735369_o.jpg\",\"keywords\":[\"Colegios\",\"Consell\",\"Educaci\u00f3n\",\"Fani Juan\",\"Muro\",\"Reforma\"],\"articleSection\":[\"Comarcas\",\"Noticias\"],\"inLanguage\":\"es\"},{\"@type\":\"WebPage\",\"@id\":\"https:\\\/\\\/www.copealcoy.es\\\/es\\\/muro-se-adhiere-al-plan-del-consell-para-la-mejora-de-colegios\\\/\",\"url\":\"https:\\\/\\\/www.copealcoy.es\\\/es\\\/muro-se-adhiere-al-plan-del-consell-para-la-mejora-de-colegios\\\/\",\"name\":\"Muro se adhiere al Plan del Consell para la mejora de colegios - COPE Alcoy\",\"isPartOf\":{\"@id\":\"https:\\\/\\\/www.copealcoy.es\\\/es\\\/#website\"},\"primaryImageOfPage\":{\"@id\":\"https:\\\/\\\/www.copealcoy.es\\\/es\\\/muro-se-adhiere-al-plan-del-consell-para-la-mejora-de-colegios\\\/#primaryimage\"},\"image\":{\"@id\":\"https:\\\/\\\/www.copealcoy.es\\\/es\\\/muro-se-adhiere-al-plan-del-consell-para-la-mejora-de-colegios\\\/#primaryimage\"},\"thumbnailUrl\":\"https:\\\/\\\/www.copealcoy.es\\\/wp-content\\\/uploads\\\/2016\\\/05\\\/13242129_10209342172611983_1606735369_o.jpg\",\"datePublished\":\"2017-11-17T16:56:30+00:00\",\"dateModified\":\"2017-11-17T17:00:39+00:00\",\"author\":{\"@id\":\"https:\\\/\\\/www.copealcoy.es\\\/es\\\/#\\\/schema\\\/person\\\/e777c87fa024e57d40170af9df39882c\"},\"breadcrumb\":{\"@id\":\"https:\\\/\\\/www.copealcoy.es\\\/es\\\/muro-se-adhiere-al-plan-del-consell-para-la-mejora-de-colegios\\\/#breadcrumb\"},\"inLanguage\":\"es\",\"potentialAction\":[{\"@type\":\"ReadAction\",\"target\":[\"https:\\\/\\\/www.copealcoy.es\\\/es\\\/muro-se-adhiere-al-plan-del-consell-para-la-mejora-de-colegios\\\/\"]}]},{\"@type\":\"ImageObject\",\"inLanguage\":\"es\",\"@id\":\"https:\\\/\\\/www.copealcoy.es\\\/es\\\/muro-se-adhiere-al-plan-del-consell-para-la-mejora-de-colegios\\\/#primaryimage\",\"url\":\"https:\\\/\\\/www.copealcoy.es\\\/wp-content\\\/uploads\\\/2016\\\/05\\\/13242129_10209342172611983_1606735369_o.jpg\",\"contentUrl\":\"https:\\\/\\\/www.copealcoy.es\\\/wp-content\\\/uploads\\\/2016\\\/05\\\/13242129_10209342172611983_1606735369_o.jpg\",\"width\":1334,\"height\":832,\"caption\":\"El colegio el Bracal lleva desde el 2007 en barracones \\\/ Foto: G. Pascual\"},{\"@type\":\"BreadcrumbList\",\"@id\":\"https:\\\/\\\/www.copealcoy.es\\\/es\\\/muro-se-adhiere-al-plan-del-consell-para-la-mejora-de-colegios\\\/#breadcrumb\",\"itemListElement\":[{\"@type\":\"ListItem\",\"position\":1,\"name\":\"Portada\",\"item\":\"https:\\\/\\\/www.copealcoy.es\\\/es\\\/\"},{\"@type\":\"ListItem\",\"position\":2,\"name\":\"Muro se adhiere al Plan del Consell para la mejora de colegios\"}]},{\"@type\":\"WebSite\",\"@id\":\"https:\\\/\\\/www.copealcoy.es\\\/es\\\/#website\",\"url\":\"https:\\\/\\\/www.copealcoy.es\\\/es\\\/\",\"name\":\"COPE Alcoy\",\"description\":\"Emisora COPE de radio local con emisi\u00f3n online. Pont de Sant Jordi 8-10 03803 Alcoy\",\"potentialAction\":[{\"@type\":\"SearchAction\",\"target\":{\"@type\":\"EntryPoint\",\"urlTemplate\":\"https:\\\/\\\/www.copealcoy.es\\\/es\\\/?s={search_term_string}\"},\"query-input\":{\"@type\":\"PropertyValueSpecification\",\"valueRequired\":true,\"valueName\":\"search_term_string\"}}],\"inLanguage\":\"es\"},{\"@type\":\"Person\",\"@id\":\"https:\\\/\\\/www.copealcoy.es\\\/es\\\/#\\\/schema\\\/person\\\/e777c87fa024e57d40170af9df39882c\",\"name\":\"Cope Alcoy\",\"image\":{\"@type\":\"ImageObject\",\"inLanguage\":\"es\",\"@id\":\"https:\\\/\\\/secure.gravatar.com\\\/avatar\\\/bb65d0283347e303893ba14f0692005417c1e0e690a325a4c5d8bb2b3943ee14?s=96&d=mm&r=g\",\"url\":\"https:\\\/\\\/secure.gravatar.com\\\/avatar\\\/bb65d0283347e303893ba14f0692005417c1e0e690a325a4c5d8bb2b3943ee14?s=96&d=mm&r=g\",\"contentUrl\":\"https:\\\/\\\/secure.gravatar.com\\\/avatar\\\/bb65d0283347e303893ba14f0692005417c1e0e690a325a4c5d8bb2b3943ee14?s=96&d=mm&r=g\",\"caption\":\"Cope Alcoy\"}}]}<\/script>\n<!-- \/ Yoast SEO plugin. -->","yoast_head_json":{"title":"Muro se adhiere al Plan del Consell para la mejora de colegios - COPE Alcoy","robots":{"index":"index","follow":"follow","max-snippet":"max-snippet:-1","max-image-preview":"max-image-preview:large","max-video-preview":"max-video-preview:-1"},"canonical":"https:\/\/www.copealcoy.es\/es\/muro-se-adhiere-al-plan-del-consell-para-la-mejora-de-colegios\/","og_locale":"es_ES","og_type":"article","og_title":"Muro se adhiere al Plan del Consell para la mejora de colegios - COPE Alcoy","og_description":"El Ayuntamiento de Muro va a adherirse tambi\u00e9n al Plan que impulsa la Generalitat Valenciana bajo el nombre de \u2018Edificant\u2019....","og_url":"https:\/\/www.copealcoy.es\/es\/muro-se-adhiere-al-plan-del-consell-para-la-mejora-de-colegios\/","og_site_name":"COPE Alcoy","article_published_time":"2017-11-17T16:56:30+00:00","article_modified_time":"2017-11-17T17:00:39+00:00","og_image":[{"width":1334,"height":832,"url":"https:\/\/www.copealcoy.es\/wp-content\/uploads\/2016\/05\/13242129_10209342172611983_1606735369_o.jpg","type":"image\/jpeg"}],"author":"Cope Alcoy","twitter_misc":{"Escrito por":"Cope Alcoy","Tiempo de lectura":"2 minutos"},"schema":{"@context":"https:\/\/schema.org","@graph":[{"@type":"Article","@id":"https:\/\/www.copealcoy.es\/es\/muro-se-adhiere-al-plan-del-consell-para-la-mejora-de-colegios\/#article","isPartOf":{"@id":"https:\/\/www.copealcoy.es\/es\/muro-se-adhiere-al-plan-del-consell-para-la-mejora-de-colegios\/"},"author":{"name":"Cope Alcoy","@id":"https:\/\/www.copealcoy.es\/es\/#\/schema\/person\/e777c87fa024e57d40170af9df39882c"},"headline":"Muro se adhiere al Plan del Consell para la mejora de colegios","datePublished":"2017-11-17T16:56:30+00:00","dateModified":"2017-11-17T17:00:39+00:00","mainEntityOfPage":{"@id":"https:\/\/www.copealcoy.es\/es\/muro-se-adhiere-al-plan-del-consell-para-la-mejora-de-colegios\/"},"wordCount":336,"commentCount":0,"image":{"@id":"https:\/\/www.copealcoy.es\/es\/muro-se-adhiere-al-plan-del-consell-para-la-mejora-de-colegios\/#primaryimage"},"thumbnailUrl":"https:\/\/www.copealcoy.es\/wp-content\/uploads\/2016\/05\/13242129_10209342172611983_1606735369_o.jpg","keywords":["Colegios","Consell","Educaci\u00f3n","Fani Juan","Muro","Reforma"],"articleSection":["Comarcas","Noticias"],"inLanguage":"es"},{"@type":"WebPage","@id":"https:\/\/www.copealcoy.es\/es\/muro-se-adhiere-al-plan-del-consell-para-la-mejora-de-colegios\/","url":"https:\/\/www.copealcoy.es\/es\/muro-se-adhiere-al-plan-del-consell-para-la-mejora-de-colegios\/","name":"Muro se adhiere al Plan del Consell para la mejora de colegios - COPE Alcoy","isPartOf":{"@id":"https:\/\/www.copealcoy.es\/es\/#website"},"primaryImageOfPage":{"@id":"https:\/\/www.copealcoy.es\/es\/muro-se-adhiere-al-plan-del-consell-para-la-mejora-de-colegios\/#primaryimage"},"image":{"@id":"https:\/\/www.copealcoy.es\/es\/muro-se-adhiere-al-plan-del-consell-para-la-mejora-de-colegios\/#primaryimage"},"thumbnailUrl":"https:\/\/www.copealcoy.es\/wp-content\/uploads\/2016\/05\/13242129_10209342172611983_1606735369_o.jpg","datePublished":"2017-11-17T16:56:30+00:00","dateModified":"2017-11-17T17:00:39+00:00","author":{"@id":"https:\/\/www.copealcoy.es\/es\/#\/schema\/person\/e777c87fa024e57d40170af9df39882c"},"breadcrumb":{"@id":"https:\/\/www.copealcoy.es\/es\/muro-se-adhiere-al-plan-del-consell-para-la-mejora-de-colegios\/#breadcrumb"},"inLanguage":"es","potentialAction":[{"@type":"ReadAction","target":["https:\/\/www.copealcoy.es\/es\/muro-se-adhiere-al-plan-del-consell-para-la-mejora-de-colegios\/"]}]},{"@type":"ImageObject","inLanguage":"es","@id":"https:\/\/www.copealcoy.es\/es\/muro-se-adhiere-al-plan-del-consell-para-la-mejora-de-colegios\/#primaryimage","url":"https:\/\/www.copealcoy.es\/wp-content\/uploads\/2016\/05\/13242129_10209342172611983_1606735369_o.jpg","contentUrl":"https:\/\/www.copealcoy.es\/wp-content\/uploads\/2016\/05\/13242129_10209342172611983_1606735369_o.jpg","width":1334,"height":832,"caption":"El colegio el Bracal lleva desde el 2007 en barracones \/ Foto: G. Pascual"},{"@type":"BreadcrumbList","@id":"https:\/\/www.copealcoy.es\/es\/muro-se-adhiere-al-plan-del-consell-para-la-mejora-de-colegios\/#breadcrumb","itemListElement":[{"@type":"ListItem","position":1,"name":"Portada","item":"https:\/\/www.copealcoy.es\/es\/"},{"@type":"ListItem","position":2,"name":"Muro se adhiere al Plan del Consell para la mejora de colegios"}]},{"@type":"WebSite","@id":"https:\/\/www.copealcoy.es\/es\/#website","url":"https:\/\/www.copealcoy.es\/es\/","name":"COPE Alcoy","description":"Emisora COPE de radio local con emisi\u00f3n online. Pont de Sant Jordi 8-10 03803 Alcoy","potentialAction":[{"@type":"SearchAction","target":{"@type":"EntryPoint","urlTemplate":"https:\/\/www.copealcoy.es\/es\/?s={search_term_string}"},"query-input":{"@type":"PropertyValueSpecification","valueRequired":true,"valueName":"search_term_string"}}],"inLanguage":"es"},{"@type":"Person","@id":"https:\/\/www.copealcoy.es\/es\/#\/schema\/person\/e777c87fa024e57d40170af9df39882c","name":"Cope Alcoy","image":{"@type":"ImageObject","inLanguage":"es","@id":"https:\/\/secure.gravatar.com\/avatar\/bb65d0283347e303893ba14f0692005417c1e0e690a325a4c5d8bb2b3943ee14?s=96&d=mm&r=g","url":"https:\/\/secure.gravatar.com\/avatar\/bb65d0283347e303893ba14f0692005417c1e0e690a325a4c5d8bb2b3943ee14?s=96&d=mm&r=g","contentUrl":"https:\/\/secure.gravatar.com\/avatar\/bb65d0283347e303893ba14f0692005417c1e0e690a325a4c5d8bb2b3943ee14?s=96&d=mm&r=g","caption":"Cope Alcoy"}}]}},"_links":{"self":[{"href":"https:\/\/www.copealcoy.es\/es\/wp-json\/wp\/v2\/posts\/36736","targetHints":{"allow":["GET"]}}],"collection":[{"href":"https:\/\/www.copealcoy.es\/es\/wp-json\/wp\/v2\/posts"}],"about":[{"href":"https:\/\/www.copealcoy.es\/es\/wp-json\/wp\/v2\/types\/post"}],"author":[{"embeddable":true,"href":"https:\/\/www.copealcoy.es\/es\/wp-json\/wp\/v2\/users\/1"}],"replies":[{"embeddable":true,"href":"https:\/\/www.copealcoy.es\/es\/wp-json\/wp\/v2\/comments?post=36736"}],"version-history":[{"count":0,"href":"https:\/\/www.copealcoy.es\/es\/wp-json\/wp\/v2\/posts\/36736\/revisions"}],"wp:featuredmedia":[{"embeddable":true,"href":"https:\/\/www.copealcoy.es\/es\/wp-json\/wp\/v2\/media\/21654"}],"wp:attachment":[{"href":"https:\/\/www.copealcoy.es\/es\/wp-json\/wp\/v2\/media?parent=36736"}],"wp:term":[{"taxonomy":"category","embeddable":true,"href":"https:\/\/www.copealcoy.es\/es\/wp-json\/wp\/v2\/categories?post=36736"},{"taxonomy":"post_tag","embeddable":true,"href":"https:\/\/www.copealcoy.es\/es\/wp-json\/wp\/v2\/tags?post=36736"}],"curies":[{"name":"wp","href":"https:\/\/api.w.org\/{rel}","templated":true}]}}