{"id":36619,"date":"2017-11-14T15:26:03","date_gmt":"2017-11-14T15:26:03","guid":{"rendered":"http:\/\/copealcoi.es\/new\/?p=36619"},"modified":"2017-11-14T15:26:03","modified_gmt":"2017-11-14T15:26:03","slug":"cocentaina-celebro-la-ii-gala-del-comercio-local","status":"publish","type":"post","link":"https:\/\/www.copealcoy.es\/es\/cocentaina-celebro-la-ii-gala-del-comercio-local\/","title":{"rendered":"Cocentaina celebr\u00f3 la II Gala del Comercio Local"},"content":{"rendered":"<p style=\"text-align: justify;\">El <strong>Centro Social Real Blanc de Cocentaina<\/strong> acogi\u00f3 el pasado viernes\u00a0<strong>la segunda edici\u00f3n de la Gala del Comercio<\/strong> Local. En el acto\u00a0se entregaron <strong>los Premios del Concurso de\u00a0Escaparates Fira de Tots Sants<\/strong> y se rindi\u00f3 homenaje <strong>a uno de los comercios m\u00e1s antiguos de Cocentaina<\/strong> al mismo tiempo que se dedic\u00f3 un reconocimiento especial <strong>a uno de los restaurantes<\/strong> m\u00e1s importantes del municipio.<\/p>\n<p style=\"text-align: justify;\">En cuanto al Concurso de Escaparates de la Fira hay que destacar que en esta edici\u00f3n<strong> los premios recayeron<\/strong> en Asells Fot\u00f3grafos\u00a0(Primer Premio), Mercer\u00eda Borr\u00e0s (Segundo Premio) y Maymi Joyers ( Tercer Premio), con una Menci\u00f3n Especial para La Paraeta. A continuaci\u00f3n\u00a0la Asociaci\u00f3n de Comercio y Servicios de Cocentaina \u00a0rindi\u00f3 un homenaje <strong>a dos de los comercios con m\u00e1s a\u00f1os de historia de la Villa Condal<\/strong>. Se trata de <strong>Helados La Ibense y del Restaurante L\u00b4Escaleta<\/strong>. Ambos\u00a0recibieron las felicitaciones de todos los compa\u00f1eros y asociados presentes. Finalmente\u00a0hubo una menci\u00f3n especial con reconocimiento a <strong>la joyer\u00eda Maymi<\/strong>\u00a0por la jubilaci\u00f3n de sus propietarios.<\/p>\n<p style=\"text-align: justify;\">La concejala de Comercio del Ayuntamiento de Cocentaina, <strong>Mariona Carbonell<\/strong>, quiso\u00a0felicitar p\u00fablicamente a la Asociaci\u00f3n de Comercio y Servicios <strong>por llevar adelante esta II Gala del Comercio<\/strong> y destac\u00f3 que esta iniciativa ya est\u00e1 <strong>plenamente consolidada<\/strong> &#8220;<em>visibiliza y deja de manifiesto lo importante que es para la econom\u00eda local contestana nuestro comercio y el tejido asociativo que se ha creado a su alrededor. Es importante que la ciudadan\u00eda perciba esta tarea conjunta de los peque\u00f1os empresarios locales y que, de esta forma, se incremente su confianza para que esto se traduzca en ventas y una pervivencia de nuestros emprendedores y comerciantes. El Ayuntamiento de Cocentaina seguir\u00e1 contribuyendo con la Asociaci\u00f3n de Comercio para que as\u00ed sea<\/em>&#8220;, concluy\u00f3.<\/p>\n","protected":false},"excerpt":{"rendered":"<p>El Centro Social Real Blanc de Cocentaina acogi\u00f3 el pasado viernes\u00a0la segunda edici\u00f3n de la Gala del Comercio Local. En&#8230;<\/p>\n","protected":false},"author":1,"featured_media":36620,"comment_status":"open","ping_status":"open","sticky":false,"template":"","format":"standard","meta":{"footnotes":""},"categories":[98,75],"tags":[132,321,237,530,2828],"class_list":["post-36619","post","type-post","status-publish","format-standard","has-post-thumbnail","hentry","category-comarcas","category-noticias","tag-cocentaina","tag-comercio-local","tag-comtat","tag-gala","tag-mariona-carbonell"],"yoast_head":"<!-- This site is optimized with the Yoast SEO plugin v27.3 - https:\/\/yoast.com\/product\/yoast-seo-wordpress\/ -->\n<title>Cocentaina celebr\u00f3 la II Gala del Comercio Local - COPE Alcoy<\/title>\n<meta name=\"robots\" content=\"index, follow, max-snippet:-1, max-image-preview:large, max-video-preview:-1\" \/>\n<link rel=\"canonical\" href=\"https:\/\/www.copealcoy.es\/es\/cocentaina-celebro-la-ii-gala-del-comercio-local\/\" \/>\n<meta property=\"og:locale\" content=\"es_ES\" \/>\n<meta property=\"og:type\" content=\"article\" \/>\n<meta property=\"og:title\" content=\"Cocentaina celebr\u00f3 la II Gala del Comercio Local - COPE Alcoy\" \/>\n<meta property=\"og:description\" content=\"El Centro Social Real Blanc de Cocentaina acogi\u00f3 el pasado viernes\u00a0la segunda edici\u00f3n de la Gala del Comercio Local. En...\" \/>\n<meta property=\"og:url\" content=\"https:\/\/www.copealcoy.es\/es\/cocentaina-celebro-la-ii-gala-del-comercio-local\/\" \/>\n<meta property=\"og:site_name\" content=\"COPE Alcoy\" \/>\n<meta property=\"article:published_time\" content=\"2017-11-14T15:26:03+00:00\" \/>\n<meta property=\"og:image\" content=\"https:\/\/www.copealcoy.es\/wp-content\/uploads\/2017\/11\/23634597_10214556115757303_1734401159_n.jpg\" \/>\n\t<meta property=\"og:image:width\" content=\"960\" \/>\n\t<meta property=\"og:image:height\" content=\"719\" \/>\n\t<meta property=\"og:image:type\" content=\"image\/jpeg\" \/>\n<meta name=\"author\" content=\"Cope Alcoy\" \/>\n<meta name=\"twitter:label1\" content=\"Escrito por\" \/>\n\t<meta name=\"twitter:data1\" content=\"Cope Alcoy\" \/>\n\t<meta name=\"twitter:label2\" content=\"Tiempo de lectura\" \/>\n\t<meta name=\"twitter:data2\" content=\"2 minutos\" \/>\n<script type=\"application\/ld+json\" class=\"yoast-schema-graph\">{\"@context\":\"https:\\\/\\\/schema.org\",\"@graph\":[{\"@type\":\"Article\",\"@id\":\"https:\\\/\\\/www.copealcoy.es\\\/es\\\/cocentaina-celebro-la-ii-gala-del-comercio-local\\\/#article\",\"isPartOf\":{\"@id\":\"https:\\\/\\\/www.copealcoy.es\\\/es\\\/cocentaina-celebro-la-ii-gala-del-comercio-local\\\/\"},\"author\":{\"name\":\"Cope Alcoy\",\"@id\":\"https:\\\/\\\/www.copealcoy.es\\\/es\\\/#\\\/schema\\\/person\\\/e777c87fa024e57d40170af9df39882c\"},\"headline\":\"Cocentaina celebr\u00f3 la II Gala del Comercio Local\",\"datePublished\":\"2017-11-14T15:26:03+00:00\",\"mainEntityOfPage\":{\"@id\":\"https:\\\/\\\/www.copealcoy.es\\\/es\\\/cocentaina-celebro-la-ii-gala-del-comercio-local\\\/\"},\"wordCount\":320,\"commentCount\":0,\"image\":{\"@id\":\"https:\\\/\\\/www.copealcoy.es\\\/es\\\/cocentaina-celebro-la-ii-gala-del-comercio-local\\\/#primaryimage\"},\"thumbnailUrl\":\"https:\\\/\\\/www.copealcoy.es\\\/wp-content\\\/uploads\\\/2017\\\/11\\\/23634597_10214556115757303_1734401159_n.jpg\",\"keywords\":[\"Cocentaina\",\"Comercio Local\",\"Comtat\",\"Gala\",\"Mariona Carbonell\"],\"articleSection\":[\"Comarcas\",\"Noticias\"],\"inLanguage\":\"es\"},{\"@type\":\"WebPage\",\"@id\":\"https:\\\/\\\/www.copealcoy.es\\\/es\\\/cocentaina-celebro-la-ii-gala-del-comercio-local\\\/\",\"url\":\"https:\\\/\\\/www.copealcoy.es\\\/es\\\/cocentaina-celebro-la-ii-gala-del-comercio-local\\\/\",\"name\":\"Cocentaina celebr\u00f3 la II Gala del Comercio Local - COPE Alcoy\",\"isPartOf\":{\"@id\":\"https:\\\/\\\/www.copealcoy.es\\\/es\\\/#website\"},\"primaryImageOfPage\":{\"@id\":\"https:\\\/\\\/www.copealcoy.es\\\/es\\\/cocentaina-celebro-la-ii-gala-del-comercio-local\\\/#primaryimage\"},\"image\":{\"@id\":\"https:\\\/\\\/www.copealcoy.es\\\/es\\\/cocentaina-celebro-la-ii-gala-del-comercio-local\\\/#primaryimage\"},\"thumbnailUrl\":\"https:\\\/\\\/www.copealcoy.es\\\/wp-content\\\/uploads\\\/2017\\\/11\\\/23634597_10214556115757303_1734401159_n.jpg\",\"datePublished\":\"2017-11-14T15:26:03+00:00\",\"author\":{\"@id\":\"https:\\\/\\\/www.copealcoy.es\\\/es\\\/#\\\/schema\\\/person\\\/e777c87fa024e57d40170af9df39882c\"},\"breadcrumb\":{\"@id\":\"https:\\\/\\\/www.copealcoy.es\\\/es\\\/cocentaina-celebro-la-ii-gala-del-comercio-local\\\/#breadcrumb\"},\"inLanguage\":\"es\",\"potentialAction\":[{\"@type\":\"ReadAction\",\"target\":[\"https:\\\/\\\/www.copealcoy.es\\\/es\\\/cocentaina-celebro-la-ii-gala-del-comercio-local\\\/\"]}]},{\"@type\":\"ImageObject\",\"inLanguage\":\"es\",\"@id\":\"https:\\\/\\\/www.copealcoy.es\\\/es\\\/cocentaina-celebro-la-ii-gala-del-comercio-local\\\/#primaryimage\",\"url\":\"https:\\\/\\\/www.copealcoy.es\\\/wp-content\\\/uploads\\\/2017\\\/11\\\/23634597_10214556115757303_1734401159_n.jpg\",\"contentUrl\":\"https:\\\/\\\/www.copealcoy.es\\\/wp-content\\\/uploads\\\/2017\\\/11\\\/23634597_10214556115757303_1734401159_n.jpg\",\"width\":960,\"height\":719,\"caption\":\"La Ibense fue uno de los establecimientos premiados \\\/ Foto: Asociaci\u00f3n Comercio\"},{\"@type\":\"BreadcrumbList\",\"@id\":\"https:\\\/\\\/www.copealcoy.es\\\/es\\\/cocentaina-celebro-la-ii-gala-del-comercio-local\\\/#breadcrumb\",\"itemListElement\":[{\"@type\":\"ListItem\",\"position\":1,\"name\":\"Portada\",\"item\":\"https:\\\/\\\/www.copealcoy.es\\\/es\\\/\"},{\"@type\":\"ListItem\",\"position\":2,\"name\":\"Cocentaina celebr\u00f3 la II Gala del Comercio Local\"}]},{\"@type\":\"WebSite\",\"@id\":\"https:\\\/\\\/www.copealcoy.es\\\/es\\\/#website\",\"url\":\"https:\\\/\\\/www.copealcoy.es\\\/es\\\/\",\"name\":\"COPE Alcoy\",\"description\":\"Emisora COPE de radio local con emisi\u00f3n online. Pont de Sant Jordi 8-10 03803 Alcoy\",\"potentialAction\":[{\"@type\":\"SearchAction\",\"target\":{\"@type\":\"EntryPoint\",\"urlTemplate\":\"https:\\\/\\\/www.copealcoy.es\\\/es\\\/?s={search_term_string}\"},\"query-input\":{\"@type\":\"PropertyValueSpecification\",\"valueRequired\":true,\"valueName\":\"search_term_string\"}}],\"inLanguage\":\"es\"},{\"@type\":\"Person\",\"@id\":\"https:\\\/\\\/www.copealcoy.es\\\/es\\\/#\\\/schema\\\/person\\\/e777c87fa024e57d40170af9df39882c\",\"name\":\"Cope Alcoy\",\"image\":{\"@type\":\"ImageObject\",\"inLanguage\":\"es\",\"@id\":\"https:\\\/\\\/secure.gravatar.com\\\/avatar\\\/bb65d0283347e303893ba14f0692005417c1e0e690a325a4c5d8bb2b3943ee14?s=96&d=mm&r=g\",\"url\":\"https:\\\/\\\/secure.gravatar.com\\\/avatar\\\/bb65d0283347e303893ba14f0692005417c1e0e690a325a4c5d8bb2b3943ee14?s=96&d=mm&r=g\",\"contentUrl\":\"https:\\\/\\\/secure.gravatar.com\\\/avatar\\\/bb65d0283347e303893ba14f0692005417c1e0e690a325a4c5d8bb2b3943ee14?s=96&d=mm&r=g\",\"caption\":\"Cope Alcoy\"}}]}<\/script>\n<!-- \/ Yoast SEO plugin. -->","yoast_head_json":{"title":"Cocentaina celebr\u00f3 la II Gala del Comercio Local - COPE Alcoy","robots":{"index":"index","follow":"follow","max-snippet":"max-snippet:-1","max-image-preview":"max-image-preview:large","max-video-preview":"max-video-preview:-1"},"canonical":"https:\/\/www.copealcoy.es\/es\/cocentaina-celebro-la-ii-gala-del-comercio-local\/","og_locale":"es_ES","og_type":"article","og_title":"Cocentaina celebr\u00f3 la II Gala del Comercio Local - COPE Alcoy","og_description":"El Centro Social Real Blanc de Cocentaina acogi\u00f3 el pasado viernes\u00a0la segunda edici\u00f3n de la Gala del Comercio Local. En...","og_url":"https:\/\/www.copealcoy.es\/es\/cocentaina-celebro-la-ii-gala-del-comercio-local\/","og_site_name":"COPE Alcoy","article_published_time":"2017-11-14T15:26:03+00:00","og_image":[{"width":960,"height":719,"url":"https:\/\/www.copealcoy.es\/wp-content\/uploads\/2017\/11\/23634597_10214556115757303_1734401159_n.jpg","type":"image\/jpeg"}],"author":"Cope Alcoy","twitter_misc":{"Escrito por":"Cope Alcoy","Tiempo de lectura":"2 minutos"},"schema":{"@context":"https:\/\/schema.org","@graph":[{"@type":"Article","@id":"https:\/\/www.copealcoy.es\/es\/cocentaina-celebro-la-ii-gala-del-comercio-local\/#article","isPartOf":{"@id":"https:\/\/www.copealcoy.es\/es\/cocentaina-celebro-la-ii-gala-del-comercio-local\/"},"author":{"name":"Cope Alcoy","@id":"https:\/\/www.copealcoy.es\/es\/#\/schema\/person\/e777c87fa024e57d40170af9df39882c"},"headline":"Cocentaina celebr\u00f3 la II Gala del Comercio Local","datePublished":"2017-11-14T15:26:03+00:00","mainEntityOfPage":{"@id":"https:\/\/www.copealcoy.es\/es\/cocentaina-celebro-la-ii-gala-del-comercio-local\/"},"wordCount":320,"commentCount":0,"image":{"@id":"https:\/\/www.copealcoy.es\/es\/cocentaina-celebro-la-ii-gala-del-comercio-local\/#primaryimage"},"thumbnailUrl":"https:\/\/www.copealcoy.es\/wp-content\/uploads\/2017\/11\/23634597_10214556115757303_1734401159_n.jpg","keywords":["Cocentaina","Comercio Local","Comtat","Gala","Mariona Carbonell"],"articleSection":["Comarcas","Noticias"],"inLanguage":"es"},{"@type":"WebPage","@id":"https:\/\/www.copealcoy.es\/es\/cocentaina-celebro-la-ii-gala-del-comercio-local\/","url":"https:\/\/www.copealcoy.es\/es\/cocentaina-celebro-la-ii-gala-del-comercio-local\/","name":"Cocentaina celebr\u00f3 la II Gala del Comercio Local - COPE Alcoy","isPartOf":{"@id":"https:\/\/www.copealcoy.es\/es\/#website"},"primaryImageOfPage":{"@id":"https:\/\/www.copealcoy.es\/es\/cocentaina-celebro-la-ii-gala-del-comercio-local\/#primaryimage"},"image":{"@id":"https:\/\/www.copealcoy.es\/es\/cocentaina-celebro-la-ii-gala-del-comercio-local\/#primaryimage"},"thumbnailUrl":"https:\/\/www.copealcoy.es\/wp-content\/uploads\/2017\/11\/23634597_10214556115757303_1734401159_n.jpg","datePublished":"2017-11-14T15:26:03+00:00","author":{"@id":"https:\/\/www.copealcoy.es\/es\/#\/schema\/person\/e777c87fa024e57d40170af9df39882c"},"breadcrumb":{"@id":"https:\/\/www.copealcoy.es\/es\/cocentaina-celebro-la-ii-gala-del-comercio-local\/#breadcrumb"},"inLanguage":"es","potentialAction":[{"@type":"ReadAction","target":["https:\/\/www.copealcoy.es\/es\/cocentaina-celebro-la-ii-gala-del-comercio-local\/"]}]},{"@type":"ImageObject","inLanguage":"es","@id":"https:\/\/www.copealcoy.es\/es\/cocentaina-celebro-la-ii-gala-del-comercio-local\/#primaryimage","url":"https:\/\/www.copealcoy.es\/wp-content\/uploads\/2017\/11\/23634597_10214556115757303_1734401159_n.jpg","contentUrl":"https:\/\/www.copealcoy.es\/wp-content\/uploads\/2017\/11\/23634597_10214556115757303_1734401159_n.jpg","width":960,"height":719,"caption":"La Ibense fue uno de los establecimientos premiados \/ Foto: Asociaci\u00f3n Comercio"},{"@type":"BreadcrumbList","@id":"https:\/\/www.copealcoy.es\/es\/cocentaina-celebro-la-ii-gala-del-comercio-local\/#breadcrumb","itemListElement":[{"@type":"ListItem","position":1,"name":"Portada","item":"https:\/\/www.copealcoy.es\/es\/"},{"@type":"ListItem","position":2,"name":"Cocentaina celebr\u00f3 la II Gala del Comercio Local"}]},{"@type":"WebSite","@id":"https:\/\/www.copealcoy.es\/es\/#website","url":"https:\/\/www.copealcoy.es\/es\/","name":"COPE Alcoy","description":"Emisora COPE de radio local con emisi\u00f3n online. Pont de Sant Jordi 8-10 03803 Alcoy","potentialAction":[{"@type":"SearchAction","target":{"@type":"EntryPoint","urlTemplate":"https:\/\/www.copealcoy.es\/es\/?s={search_term_string}"},"query-input":{"@type":"PropertyValueSpecification","valueRequired":true,"valueName":"search_term_string"}}],"inLanguage":"es"},{"@type":"Person","@id":"https:\/\/www.copealcoy.es\/es\/#\/schema\/person\/e777c87fa024e57d40170af9df39882c","name":"Cope Alcoy","image":{"@type":"ImageObject","inLanguage":"es","@id":"https:\/\/secure.gravatar.com\/avatar\/bb65d0283347e303893ba14f0692005417c1e0e690a325a4c5d8bb2b3943ee14?s=96&d=mm&r=g","url":"https:\/\/secure.gravatar.com\/avatar\/bb65d0283347e303893ba14f0692005417c1e0e690a325a4c5d8bb2b3943ee14?s=96&d=mm&r=g","contentUrl":"https:\/\/secure.gravatar.com\/avatar\/bb65d0283347e303893ba14f0692005417c1e0e690a325a4c5d8bb2b3943ee14?s=96&d=mm&r=g","caption":"Cope Alcoy"}}]}},"_links":{"self":[{"href":"https:\/\/www.copealcoy.es\/es\/wp-json\/wp\/v2\/posts\/36619","targetHints":{"allow":["GET"]}}],"collection":[{"href":"https:\/\/www.copealcoy.es\/es\/wp-json\/wp\/v2\/posts"}],"about":[{"href":"https:\/\/www.copealcoy.es\/es\/wp-json\/wp\/v2\/types\/post"}],"author":[{"embeddable":true,"href":"https:\/\/www.copealcoy.es\/es\/wp-json\/wp\/v2\/users\/1"}],"replies":[{"embeddable":true,"href":"https:\/\/www.copealcoy.es\/es\/wp-json\/wp\/v2\/comments?post=36619"}],"version-history":[{"count":0,"href":"https:\/\/www.copealcoy.es\/es\/wp-json\/wp\/v2\/posts\/36619\/revisions"}],"wp:featuredmedia":[{"embeddable":true,"href":"https:\/\/www.copealcoy.es\/es\/wp-json\/wp\/v2\/media\/36620"}],"wp:attachment":[{"href":"https:\/\/www.copealcoy.es\/es\/wp-json\/wp\/v2\/media?parent=36619"}],"wp:term":[{"taxonomy":"category","embeddable":true,"href":"https:\/\/www.copealcoy.es\/es\/wp-json\/wp\/v2\/categories?post=36619"},{"taxonomy":"post_tag","embeddable":true,"href":"https:\/\/www.copealcoy.es\/es\/wp-json\/wp\/v2\/tags?post=36619"}],"curies":[{"name":"wp","href":"https:\/\/api.w.org\/{rel}","templated":true}]}}