{"id":36567,"date":"2017-11-10T17:02:24","date_gmt":"2017-11-10T17:02:24","guid":{"rendered":"http:\/\/copealcoi.es\/new\/?p=36567"},"modified":"2017-11-10T17:04:48","modified_gmt":"2017-11-10T17:04:48","slug":"alfafara-celebra-la-tradicional-fireta-de-santa-cecilia","status":"publish","type":"post","link":"https:\/\/www.copealcoy.es\/es\/alfafara-celebra-la-tradicional-fireta-de-santa-cecilia\/","title":{"rendered":"Alfafara celebra la tradicional Fireta de Santa Cecilia"},"content":{"rendered":"<p style=\"text-align: justify;\">Alfafara ha organizado para este fin de semana<strong> la IV edici\u00f3n de su\u00a0Fireta de Santa Cec\u00edlia<\/strong>, una cita que tendr\u00e1 lugar este domingo de 10 a 20 horas, en <strong>la Mateta<\/strong>. El mercado extraordinario, que organiza el Ayuntamiento de Alfafara con motivo de las fiestas en honor a la patrona del pueblo, <strong>reunir\u00e1 una variada oferta en gastronom\u00eda y artesan\u00ed<\/strong>a, adem\u00e1s de <strong>una programaci\u00f3n cultural<\/strong> que incluye talleres para los ni\u00f1os y las actuaciones de Rondaballs con Almudena Franc\u00e9s y Lluc (a las 16 horas en el Patronat) y del grupo musical Pellikana (a las 18 horas en el Patronat).<\/p>\n<p style=\"text-align: justify;\">Desde el Ayuntamiento invitan a la ciudadan\u00eda a asistir a este evento que <strong>tambi\u00e9n contar\u00e1\u00a0varias actividades l\u00fadicas<\/strong>. \u00a0Por ejemplo esta noche, de 21 a 23 horas, habr\u00e1 <strong>una observaci\u00f3n astron\u00f3mica<\/strong> en la ermita de la Mare de D\u00e9u de la Llum. Una actividad organizada por la Asociaci\u00f3n Astron\u00f3mica de Alcoy, con la colaboraci\u00f3n del Ayuntamiento y de la Mancomunitat de l\u2019Alcoi\u00e0 i El Comtat y est\u00e1 enmarcada en<strong> la Semana de la Ciencia<\/strong> de la Universitat Polit\u00e8cnica de Val\u00e8ncia.<\/p>\n<p style=\"text-align: justify;\">Ma\u00f1ana s\u00e1bado, a partir de las 12 horas en el campo que hay detr\u00e1s del colegio, tendr\u00e1 lugar<strong> la actividad de la \u201cCag\u00e0 de la burra\u201d<\/strong>. Un a\u00f1o m\u00e1s, el colectivo <strong>Amics dels Reis d\u2019Orient d\u2019Alfafara<\/strong> ha puesto en marcha esta peculiar iniciativa en la que los asistentes tienen que adivinar en que casilla defecar\u00e1 el animal.<\/p>\n","protected":false},"excerpt":{"rendered":"<p>Alfafara ha organizado para este fin de semana la IV edici\u00f3n de su\u00a0Fireta de Santa Cec\u00edlia, una cita que tendr\u00e1&#8230;<\/p>\n","protected":false},"author":1,"featured_media":36568,"comment_status":"open","ping_status":"open","sticky":false,"template":"","format":"standard","meta":{"footnotes":""},"categories":[98,75],"tags":[1660,237,546,1628],"class_list":["post-36567","post","type-post","status-publish","format-standard","has-post-thumbnail","hentry","category-comarcas","category-noticias","tag-alfafara","tag-comtat","tag-fireta","tag-santa-cecilia"],"yoast_head":"<!-- This site is optimized with the Yoast SEO plugin v27.3 - https:\/\/yoast.com\/product\/yoast-seo-wordpress\/ -->\n<title>Alfafara celebra la tradicional Fireta de Santa Cecilia - COPE Alcoy<\/title>\n<meta name=\"robots\" content=\"index, follow, max-snippet:-1, max-image-preview:large, max-video-preview:-1\" \/>\n<link rel=\"canonical\" href=\"https:\/\/www.copealcoy.es\/es\/alfafara-celebra-la-tradicional-fireta-de-santa-cecilia\/\" \/>\n<meta property=\"og:locale\" content=\"es_ES\" \/>\n<meta property=\"og:type\" content=\"article\" \/>\n<meta property=\"og:title\" content=\"Alfafara celebra la tradicional Fireta de Santa Cecilia - COPE Alcoy\" \/>\n<meta property=\"og:description\" content=\"Alfafara ha organizado para este fin de semana la IV edici\u00f3n de su\u00a0Fireta de Santa Cec\u00edlia, una cita que tendr\u00e1...\" \/>\n<meta property=\"og:url\" content=\"https:\/\/www.copealcoy.es\/es\/alfafara-celebra-la-tradicional-fireta-de-santa-cecilia\/\" \/>\n<meta property=\"og:site_name\" content=\"COPE Alcoy\" \/>\n<meta property=\"article:published_time\" content=\"2017-11-10T17:02:24+00:00\" \/>\n<meta property=\"article:modified_time\" content=\"2017-11-10T17:04:48+00:00\" \/>\n<meta property=\"og:image\" content=\"https:\/\/www.copealcoy.es\/wp-content\/uploads\/2017\/11\/Fireta-2017_4.jpg\" \/>\n\t<meta property=\"og:image:width\" content=\"1500\" \/>\n\t<meta property=\"og:image:height\" content=\"1000\" \/>\n\t<meta property=\"og:image:type\" content=\"image\/jpeg\" \/>\n<meta name=\"author\" content=\"Cope Alcoy\" \/>\n<meta name=\"twitter:label1\" content=\"Escrito por\" \/>\n\t<meta name=\"twitter:data1\" content=\"Cope Alcoy\" \/>\n\t<meta name=\"twitter:label2\" content=\"Tiempo de lectura\" \/>\n\t<meta name=\"twitter:data2\" content=\"1 minuto\" \/>\n<script type=\"application\/ld+json\" class=\"yoast-schema-graph\">{\"@context\":\"https:\\\/\\\/schema.org\",\"@graph\":[{\"@type\":\"Article\",\"@id\":\"https:\\\/\\\/www.copealcoy.es\\\/es\\\/alfafara-celebra-la-tradicional-fireta-de-santa-cecilia\\\/#article\",\"isPartOf\":{\"@id\":\"https:\\\/\\\/www.copealcoy.es\\\/es\\\/alfafara-celebra-la-tradicional-fireta-de-santa-cecilia\\\/\"},\"author\":{\"name\":\"Cope Alcoy\",\"@id\":\"https:\\\/\\\/www.copealcoy.es\\\/es\\\/#\\\/schema\\\/person\\\/e777c87fa024e57d40170af9df39882c\"},\"headline\":\"Alfafara celebra la tradicional Fireta de Santa Cecilia\",\"datePublished\":\"2017-11-10T17:02:24+00:00\",\"dateModified\":\"2017-11-10T17:04:48+00:00\",\"mainEntityOfPage\":{\"@id\":\"https:\\\/\\\/www.copealcoy.es\\\/es\\\/alfafara-celebra-la-tradicional-fireta-de-santa-cecilia\\\/\"},\"wordCount\":266,\"commentCount\":0,\"image\":{\"@id\":\"https:\\\/\\\/www.copealcoy.es\\\/es\\\/alfafara-celebra-la-tradicional-fireta-de-santa-cecilia\\\/#primaryimage\"},\"thumbnailUrl\":\"https:\\\/\\\/www.copealcoy.es\\\/wp-content\\\/uploads\\\/2017\\\/11\\\/Fireta-2017_4.jpg\",\"keywords\":[\"Alfafara\",\"Comtat\",\"Fireta\",\"Santa Cecilia\"],\"articleSection\":[\"Comarcas\",\"Noticias\"],\"inLanguage\":\"es\"},{\"@type\":\"WebPage\",\"@id\":\"https:\\\/\\\/www.copealcoy.es\\\/es\\\/alfafara-celebra-la-tradicional-fireta-de-santa-cecilia\\\/\",\"url\":\"https:\\\/\\\/www.copealcoy.es\\\/es\\\/alfafara-celebra-la-tradicional-fireta-de-santa-cecilia\\\/\",\"name\":\"Alfafara celebra la tradicional Fireta de Santa Cecilia - COPE Alcoy\",\"isPartOf\":{\"@id\":\"https:\\\/\\\/www.copealcoy.es\\\/es\\\/#website\"},\"primaryImageOfPage\":{\"@id\":\"https:\\\/\\\/www.copealcoy.es\\\/es\\\/alfafara-celebra-la-tradicional-fireta-de-santa-cecilia\\\/#primaryimage\"},\"image\":{\"@id\":\"https:\\\/\\\/www.copealcoy.es\\\/es\\\/alfafara-celebra-la-tradicional-fireta-de-santa-cecilia\\\/#primaryimage\"},\"thumbnailUrl\":\"https:\\\/\\\/www.copealcoy.es\\\/wp-content\\\/uploads\\\/2017\\\/11\\\/Fireta-2017_4.jpg\",\"datePublished\":\"2017-11-10T17:02:24+00:00\",\"dateModified\":\"2017-11-10T17:04:48+00:00\",\"author\":{\"@id\":\"https:\\\/\\\/www.copealcoy.es\\\/es\\\/#\\\/schema\\\/person\\\/e777c87fa024e57d40170af9df39882c\"},\"breadcrumb\":{\"@id\":\"https:\\\/\\\/www.copealcoy.es\\\/es\\\/alfafara-celebra-la-tradicional-fireta-de-santa-cecilia\\\/#breadcrumb\"},\"inLanguage\":\"es\",\"potentialAction\":[{\"@type\":\"ReadAction\",\"target\":[\"https:\\\/\\\/www.copealcoy.es\\\/es\\\/alfafara-celebra-la-tradicional-fireta-de-santa-cecilia\\\/\"]}]},{\"@type\":\"ImageObject\",\"inLanguage\":\"es\",\"@id\":\"https:\\\/\\\/www.copealcoy.es\\\/es\\\/alfafara-celebra-la-tradicional-fireta-de-santa-cecilia\\\/#primaryimage\",\"url\":\"https:\\\/\\\/www.copealcoy.es\\\/wp-content\\\/uploads\\\/2017\\\/11\\\/Fireta-2017_4.jpg\",\"contentUrl\":\"https:\\\/\\\/www.copealcoy.es\\\/wp-content\\\/uploads\\\/2017\\\/11\\\/Fireta-2017_4.jpg\",\"width\":1500,\"height\":1000,\"caption\":\"Las calles de Alfafara ya est\u00e1n engalanadas para su Fireta \\\/ Foto: Ajuntament Alfafara\"},{\"@type\":\"BreadcrumbList\",\"@id\":\"https:\\\/\\\/www.copealcoy.es\\\/es\\\/alfafara-celebra-la-tradicional-fireta-de-santa-cecilia\\\/#breadcrumb\",\"itemListElement\":[{\"@type\":\"ListItem\",\"position\":1,\"name\":\"Portada\",\"item\":\"https:\\\/\\\/www.copealcoy.es\\\/es\\\/\"},{\"@type\":\"ListItem\",\"position\":2,\"name\":\"Alfafara celebra la tradicional Fireta de Santa Cecilia\"}]},{\"@type\":\"WebSite\",\"@id\":\"https:\\\/\\\/www.copealcoy.es\\\/es\\\/#website\",\"url\":\"https:\\\/\\\/www.copealcoy.es\\\/es\\\/\",\"name\":\"COPE Alcoy\",\"description\":\"Emisora COPE de radio local con emisi\u00f3n online. Pont de Sant Jordi 8-10 03803 Alcoy\",\"potentialAction\":[{\"@type\":\"SearchAction\",\"target\":{\"@type\":\"EntryPoint\",\"urlTemplate\":\"https:\\\/\\\/www.copealcoy.es\\\/es\\\/?s={search_term_string}\"},\"query-input\":{\"@type\":\"PropertyValueSpecification\",\"valueRequired\":true,\"valueName\":\"search_term_string\"}}],\"inLanguage\":\"es\"},{\"@type\":\"Person\",\"@id\":\"https:\\\/\\\/www.copealcoy.es\\\/es\\\/#\\\/schema\\\/person\\\/e777c87fa024e57d40170af9df39882c\",\"name\":\"Cope Alcoy\",\"image\":{\"@type\":\"ImageObject\",\"inLanguage\":\"es\",\"@id\":\"https:\\\/\\\/secure.gravatar.com\\\/avatar\\\/bb65d0283347e303893ba14f0692005417c1e0e690a325a4c5d8bb2b3943ee14?s=96&d=mm&r=g\",\"url\":\"https:\\\/\\\/secure.gravatar.com\\\/avatar\\\/bb65d0283347e303893ba14f0692005417c1e0e690a325a4c5d8bb2b3943ee14?s=96&d=mm&r=g\",\"contentUrl\":\"https:\\\/\\\/secure.gravatar.com\\\/avatar\\\/bb65d0283347e303893ba14f0692005417c1e0e690a325a4c5d8bb2b3943ee14?s=96&d=mm&r=g\",\"caption\":\"Cope Alcoy\"}}]}<\/script>\n<!-- \/ Yoast SEO plugin. -->","yoast_head_json":{"title":"Alfafara celebra la tradicional Fireta de Santa Cecilia - COPE Alcoy","robots":{"index":"index","follow":"follow","max-snippet":"max-snippet:-1","max-image-preview":"max-image-preview:large","max-video-preview":"max-video-preview:-1"},"canonical":"https:\/\/www.copealcoy.es\/es\/alfafara-celebra-la-tradicional-fireta-de-santa-cecilia\/","og_locale":"es_ES","og_type":"article","og_title":"Alfafara celebra la tradicional Fireta de Santa Cecilia - COPE Alcoy","og_description":"Alfafara ha organizado para este fin de semana la IV edici\u00f3n de su\u00a0Fireta de Santa Cec\u00edlia, una cita que tendr\u00e1...","og_url":"https:\/\/www.copealcoy.es\/es\/alfafara-celebra-la-tradicional-fireta-de-santa-cecilia\/","og_site_name":"COPE Alcoy","article_published_time":"2017-11-10T17:02:24+00:00","article_modified_time":"2017-11-10T17:04:48+00:00","og_image":[{"width":1500,"height":1000,"url":"https:\/\/www.copealcoy.es\/wp-content\/uploads\/2017\/11\/Fireta-2017_4.jpg","type":"image\/jpeg"}],"author":"Cope Alcoy","twitter_misc":{"Escrito por":"Cope Alcoy","Tiempo de lectura":"1 minuto"},"schema":{"@context":"https:\/\/schema.org","@graph":[{"@type":"Article","@id":"https:\/\/www.copealcoy.es\/es\/alfafara-celebra-la-tradicional-fireta-de-santa-cecilia\/#article","isPartOf":{"@id":"https:\/\/www.copealcoy.es\/es\/alfafara-celebra-la-tradicional-fireta-de-santa-cecilia\/"},"author":{"name":"Cope Alcoy","@id":"https:\/\/www.copealcoy.es\/es\/#\/schema\/person\/e777c87fa024e57d40170af9df39882c"},"headline":"Alfafara celebra la tradicional Fireta de Santa Cecilia","datePublished":"2017-11-10T17:02:24+00:00","dateModified":"2017-11-10T17:04:48+00:00","mainEntityOfPage":{"@id":"https:\/\/www.copealcoy.es\/es\/alfafara-celebra-la-tradicional-fireta-de-santa-cecilia\/"},"wordCount":266,"commentCount":0,"image":{"@id":"https:\/\/www.copealcoy.es\/es\/alfafara-celebra-la-tradicional-fireta-de-santa-cecilia\/#primaryimage"},"thumbnailUrl":"https:\/\/www.copealcoy.es\/wp-content\/uploads\/2017\/11\/Fireta-2017_4.jpg","keywords":["Alfafara","Comtat","Fireta","Santa Cecilia"],"articleSection":["Comarcas","Noticias"],"inLanguage":"es"},{"@type":"WebPage","@id":"https:\/\/www.copealcoy.es\/es\/alfafara-celebra-la-tradicional-fireta-de-santa-cecilia\/","url":"https:\/\/www.copealcoy.es\/es\/alfafara-celebra-la-tradicional-fireta-de-santa-cecilia\/","name":"Alfafara celebra la tradicional Fireta de Santa Cecilia - COPE Alcoy","isPartOf":{"@id":"https:\/\/www.copealcoy.es\/es\/#website"},"primaryImageOfPage":{"@id":"https:\/\/www.copealcoy.es\/es\/alfafara-celebra-la-tradicional-fireta-de-santa-cecilia\/#primaryimage"},"image":{"@id":"https:\/\/www.copealcoy.es\/es\/alfafara-celebra-la-tradicional-fireta-de-santa-cecilia\/#primaryimage"},"thumbnailUrl":"https:\/\/www.copealcoy.es\/wp-content\/uploads\/2017\/11\/Fireta-2017_4.jpg","datePublished":"2017-11-10T17:02:24+00:00","dateModified":"2017-11-10T17:04:48+00:00","author":{"@id":"https:\/\/www.copealcoy.es\/es\/#\/schema\/person\/e777c87fa024e57d40170af9df39882c"},"breadcrumb":{"@id":"https:\/\/www.copealcoy.es\/es\/alfafara-celebra-la-tradicional-fireta-de-santa-cecilia\/#breadcrumb"},"inLanguage":"es","potentialAction":[{"@type":"ReadAction","target":["https:\/\/www.copealcoy.es\/es\/alfafara-celebra-la-tradicional-fireta-de-santa-cecilia\/"]}]},{"@type":"ImageObject","inLanguage":"es","@id":"https:\/\/www.copealcoy.es\/es\/alfafara-celebra-la-tradicional-fireta-de-santa-cecilia\/#primaryimage","url":"https:\/\/www.copealcoy.es\/wp-content\/uploads\/2017\/11\/Fireta-2017_4.jpg","contentUrl":"https:\/\/www.copealcoy.es\/wp-content\/uploads\/2017\/11\/Fireta-2017_4.jpg","width":1500,"height":1000,"caption":"Las calles de Alfafara ya est\u00e1n engalanadas para su Fireta \/ Foto: Ajuntament Alfafara"},{"@type":"BreadcrumbList","@id":"https:\/\/www.copealcoy.es\/es\/alfafara-celebra-la-tradicional-fireta-de-santa-cecilia\/#breadcrumb","itemListElement":[{"@type":"ListItem","position":1,"name":"Portada","item":"https:\/\/www.copealcoy.es\/es\/"},{"@type":"ListItem","position":2,"name":"Alfafara celebra la tradicional Fireta de Santa Cecilia"}]},{"@type":"WebSite","@id":"https:\/\/www.copealcoy.es\/es\/#website","url":"https:\/\/www.copealcoy.es\/es\/","name":"COPE Alcoy","description":"Emisora COPE de radio local con emisi\u00f3n online. Pont de Sant Jordi 8-10 03803 Alcoy","potentialAction":[{"@type":"SearchAction","target":{"@type":"EntryPoint","urlTemplate":"https:\/\/www.copealcoy.es\/es\/?s={search_term_string}"},"query-input":{"@type":"PropertyValueSpecification","valueRequired":true,"valueName":"search_term_string"}}],"inLanguage":"es"},{"@type":"Person","@id":"https:\/\/www.copealcoy.es\/es\/#\/schema\/person\/e777c87fa024e57d40170af9df39882c","name":"Cope Alcoy","image":{"@type":"ImageObject","inLanguage":"es","@id":"https:\/\/secure.gravatar.com\/avatar\/bb65d0283347e303893ba14f0692005417c1e0e690a325a4c5d8bb2b3943ee14?s=96&d=mm&r=g","url":"https:\/\/secure.gravatar.com\/avatar\/bb65d0283347e303893ba14f0692005417c1e0e690a325a4c5d8bb2b3943ee14?s=96&d=mm&r=g","contentUrl":"https:\/\/secure.gravatar.com\/avatar\/bb65d0283347e303893ba14f0692005417c1e0e690a325a4c5d8bb2b3943ee14?s=96&d=mm&r=g","caption":"Cope Alcoy"}}]}},"_links":{"self":[{"href":"https:\/\/www.copealcoy.es\/es\/wp-json\/wp\/v2\/posts\/36567","targetHints":{"allow":["GET"]}}],"collection":[{"href":"https:\/\/www.copealcoy.es\/es\/wp-json\/wp\/v2\/posts"}],"about":[{"href":"https:\/\/www.copealcoy.es\/es\/wp-json\/wp\/v2\/types\/post"}],"author":[{"embeddable":true,"href":"https:\/\/www.copealcoy.es\/es\/wp-json\/wp\/v2\/users\/1"}],"replies":[{"embeddable":true,"href":"https:\/\/www.copealcoy.es\/es\/wp-json\/wp\/v2\/comments?post=36567"}],"version-history":[{"count":0,"href":"https:\/\/www.copealcoy.es\/es\/wp-json\/wp\/v2\/posts\/36567\/revisions"}],"wp:featuredmedia":[{"embeddable":true,"href":"https:\/\/www.copealcoy.es\/es\/wp-json\/wp\/v2\/media\/36568"}],"wp:attachment":[{"href":"https:\/\/www.copealcoy.es\/es\/wp-json\/wp\/v2\/media?parent=36567"}],"wp:term":[{"taxonomy":"category","embeddable":true,"href":"https:\/\/www.copealcoy.es\/es\/wp-json\/wp\/v2\/categories?post=36567"},{"taxonomy":"post_tag","embeddable":true,"href":"https:\/\/www.copealcoy.es\/es\/wp-json\/wp\/v2\/tags?post=36567"}],"curies":[{"name":"wp","href":"https:\/\/api.w.org\/{rel}","templated":true}]}}