{"id":36497,"date":"2017-11-08T15:02:32","date_gmt":"2017-11-08T15:02:32","guid":{"rendered":"http:\/\/copealcoi.es\/new\/?p=36497"},"modified":"2017-11-08T18:24:43","modified_gmt":"2017-11-08T18:24:43","slug":"guanyar-propone-la-creacion-de-un-plan-de-acompanamiento-para-personas-en-paro","status":"publish","type":"post","link":"https:\/\/www.copealcoy.es\/es\/guanyar-propone-la-creacion-de-un-plan-de-acompanamiento-para-personas-en-paro\/","title":{"rendered":"Guanyar propone la creaci\u00f3n de un plan de acompa\u00f1amiento para personas en paro"},"content":{"rendered":"<p style=\"text-align: justify;\">Guanyar Alcoi ha planteado, entre sus 56 propuestas para los Presupuestos Municipales de 2018, <strong>dar a conocer la concepci\u00f3n de empresa participativa integral<\/strong> con unas jornadas que se celebrar\u00edan en abril en las que se intentar\u00eda trasladar a empresarios y trabajadores la idea que la empresa es cosa de todos . En este sentido plantean <strong>un refuerzo de la promoci\u00f3n de las empresas participativas integrales<\/strong> al mismo tiempo que instan a <strong>la ampliaci\u00f3n de las partidas Inmpuls<\/strong> para subvencionar la cuota de aut\u00f3nomo a nuevos emprendedores, nuevos empresarios, para personas con cargas familiares.<\/p>\n<p style=\"text-align: justify;\">Por otra parte la formaci\u00f3n pol\u00edtica <strong>plantea\u00a0realizar un plan de asesoramiento y acompa\u00f1amiento de personas en paro<\/strong> que a su juicio precisar\u00eda de una importante partida econ\u00f3mica &#8220;<em>se tratar\u00eda de un plan para ayudar e impulsar la integraci\u00f3n laboral durante un tiempo determinado, donde expertos en relaciones y asesoramiento laboral acompa\u00f1an a personas en la situaci\u00f3n antes descrita para ayudarlas a comprender su situaci\u00f3n actual, fijar objetivos laborales cre\u00edbles y adaptados a la persona, realizar una mejora de las competencias laborales y, como \u00faltimo objetivo, conseguir trabajo con una b\u00fasqueda intensiva y aut\u00f3noma de trabajo<\/em>&#8220;,\u00a0detalla el edil de Guanyar, Aleixandre Sanfrancisco.<\/p>\n<p style=\"text-align: justify;\">Finalmente Guanyar Alcoi tambi\u00e9n propone en esta materia\u00a0<strong>invertir y promocionar el comercio local y de proximidad<\/strong> en nuestra ciudad.<\/p>\n<p style=\"text-align: justify;\">\n","protected":false},"excerpt":{"rendered":"<p>Guanyar Alcoi ha planteado, entre sus 56 propuestas para los Presupuestos Municipales de 2018, dar a conocer la concepci\u00f3n de&#8230;<\/p>\n","protected":false},"author":1,"featured_media":26459,"comment_status":"open","ping_status":"open","sticky":false,"template":"","format":"standard","meta":{"footnotes":""},"categories":[97,75,79],"tags":[1494,3740,1325,341,316],"class_list":["post-36497","post","type-post","status-publish","format-standard","has-post-thumbnail","hentry","category-alcoy","category-noticias","category-politicayeconomia","tag-alcoy","tag-aleixandre-sanfrancisco","tag-guanyar-alcoi","tag-paro","tag-presupuestos"],"yoast_head":"<!-- This site is optimized with the Yoast SEO plugin v27.3 - https:\/\/yoast.com\/product\/yoast-seo-wordpress\/ -->\n<title>Guanyar propone la creaci\u00f3n de un plan de acompa\u00f1amiento para personas en paro - COPE Alcoy<\/title>\n<meta name=\"robots\" content=\"index, follow, max-snippet:-1, max-image-preview:large, max-video-preview:-1\" \/>\n<link rel=\"canonical\" href=\"https:\/\/www.copealcoy.es\/es\/guanyar-propone-la-creacion-de-un-plan-de-acompanamiento-para-personas-en-paro\/\" \/>\n<meta property=\"og:locale\" content=\"es_ES\" \/>\n<meta property=\"og:type\" content=\"article\" \/>\n<meta property=\"og:title\" content=\"Guanyar propone la creaci\u00f3n de un plan de acompa\u00f1amiento para personas en paro - COPE Alcoy\" \/>\n<meta property=\"og:description\" content=\"Guanyar Alcoi ha planteado, entre sus 56 propuestas para los Presupuestos Municipales de 2018, dar a conocer la concepci\u00f3n de...\" \/>\n<meta property=\"og:url\" content=\"https:\/\/www.copealcoy.es\/es\/guanyar-propone-la-creacion-de-un-plan-de-acompanamiento-para-personas-en-paro\/\" \/>\n<meta property=\"og:site_name\" content=\"COPE Alcoy\" \/>\n<meta property=\"article:published_time\" content=\"2017-11-08T15:02:32+00:00\" \/>\n<meta property=\"article:modified_time\" content=\"2017-11-08T18:24:43+00:00\" \/>\n<meta property=\"og:image\" content=\"https:\/\/www.copealcoy.es\/wp-content\/uploads\/2016\/11\/img_17204.jpg\" \/>\n\t<meta property=\"og:image:width\" content=\"670\" \/>\n\t<meta property=\"og:image:height\" content=\"377\" \/>\n\t<meta property=\"og:image:type\" content=\"image\/jpeg\" \/>\n<meta name=\"author\" content=\"Cope Alcoy\" \/>\n<meta name=\"twitter:label1\" content=\"Escrito por\" \/>\n\t<meta name=\"twitter:data1\" content=\"Cope Alcoy\" \/>\n\t<meta name=\"twitter:label2\" content=\"Tiempo de lectura\" \/>\n\t<meta name=\"twitter:data2\" content=\"1 minuto\" \/>\n<script type=\"application\/ld+json\" class=\"yoast-schema-graph\">{\"@context\":\"https:\\\/\\\/schema.org\",\"@graph\":[{\"@type\":\"Article\",\"@id\":\"https:\\\/\\\/www.copealcoy.es\\\/es\\\/guanyar-propone-la-creacion-de-un-plan-de-acompanamiento-para-personas-en-paro\\\/#article\",\"isPartOf\":{\"@id\":\"https:\\\/\\\/www.copealcoy.es\\\/es\\\/guanyar-propone-la-creacion-de-un-plan-de-acompanamiento-para-personas-en-paro\\\/\"},\"author\":{\"name\":\"Cope Alcoy\",\"@id\":\"https:\\\/\\\/www.copealcoy.es\\\/es\\\/#\\\/schema\\\/person\\\/e777c87fa024e57d40170af9df39882c\"},\"headline\":\"Guanyar propone la creaci\u00f3n de un plan de acompa\u00f1amiento para personas en paro\",\"datePublished\":\"2017-11-08T15:02:32+00:00\",\"dateModified\":\"2017-11-08T18:24:43+00:00\",\"mainEntityOfPage\":{\"@id\":\"https:\\\/\\\/www.copealcoy.es\\\/es\\\/guanyar-propone-la-creacion-de-un-plan-de-acompanamiento-para-personas-en-paro\\\/\"},\"wordCount\":248,\"commentCount\":0,\"image\":{\"@id\":\"https:\\\/\\\/www.copealcoy.es\\\/es\\\/guanyar-propone-la-creacion-de-un-plan-de-acompanamiento-para-personas-en-paro\\\/#primaryimage\"},\"thumbnailUrl\":\"https:\\\/\\\/www.copealcoy.es\\\/wp-content\\\/uploads\\\/2016\\\/11\\\/img_17204.jpg\",\"keywords\":[\"Alcoy\",\"Aleixandre Sanfrancisco\",\"Guanyar Alcoi\",\"Paro\",\"Presupuestos\"],\"articleSection\":[\"Alcoy\",\"Noticias\",\"Pol\u00edtica y Econom\u00eda\"],\"inLanguage\":\"es\"},{\"@type\":\"WebPage\",\"@id\":\"https:\\\/\\\/www.copealcoy.es\\\/es\\\/guanyar-propone-la-creacion-de-un-plan-de-acompanamiento-para-personas-en-paro\\\/\",\"url\":\"https:\\\/\\\/www.copealcoy.es\\\/es\\\/guanyar-propone-la-creacion-de-un-plan-de-acompanamiento-para-personas-en-paro\\\/\",\"name\":\"Guanyar propone la creaci\u00f3n de un plan de acompa\u00f1amiento para personas en paro - COPE Alcoy\",\"isPartOf\":{\"@id\":\"https:\\\/\\\/www.copealcoy.es\\\/es\\\/#website\"},\"primaryImageOfPage\":{\"@id\":\"https:\\\/\\\/www.copealcoy.es\\\/es\\\/guanyar-propone-la-creacion-de-un-plan-de-acompanamiento-para-personas-en-paro\\\/#primaryimage\"},\"image\":{\"@id\":\"https:\\\/\\\/www.copealcoy.es\\\/es\\\/guanyar-propone-la-creacion-de-un-plan-de-acompanamiento-para-personas-en-paro\\\/#primaryimage\"},\"thumbnailUrl\":\"https:\\\/\\\/www.copealcoy.es\\\/wp-content\\\/uploads\\\/2016\\\/11\\\/img_17204.jpg\",\"datePublished\":\"2017-11-08T15:02:32+00:00\",\"dateModified\":\"2017-11-08T18:24:43+00:00\",\"author\":{\"@id\":\"https:\\\/\\\/www.copealcoy.es\\\/es\\\/#\\\/schema\\\/person\\\/e777c87fa024e57d40170af9df39882c\"},\"breadcrumb\":{\"@id\":\"https:\\\/\\\/www.copealcoy.es\\\/es\\\/guanyar-propone-la-creacion-de-un-plan-de-acompanamiento-para-personas-en-paro\\\/#breadcrumb\"},\"inLanguage\":\"es\",\"potentialAction\":[{\"@type\":\"ReadAction\",\"target\":[\"https:\\\/\\\/www.copealcoy.es\\\/es\\\/guanyar-propone-la-creacion-de-un-plan-de-acompanamiento-para-personas-en-paro\\\/\"]}]},{\"@type\":\"ImageObject\",\"inLanguage\":\"es\",\"@id\":\"https:\\\/\\\/www.copealcoy.es\\\/es\\\/guanyar-propone-la-creacion-de-un-plan-de-acompanamiento-para-personas-en-paro\\\/#primaryimage\",\"url\":\"https:\\\/\\\/www.copealcoy.es\\\/wp-content\\\/uploads\\\/2016\\\/11\\\/img_17204.jpg\",\"contentUrl\":\"https:\\\/\\\/www.copealcoy.es\\\/wp-content\\\/uploads\\\/2016\\\/11\\\/img_17204.jpg\",\"width\":670,\"height\":377},{\"@type\":\"BreadcrumbList\",\"@id\":\"https:\\\/\\\/www.copealcoy.es\\\/es\\\/guanyar-propone-la-creacion-de-un-plan-de-acompanamiento-para-personas-en-paro\\\/#breadcrumb\",\"itemListElement\":[{\"@type\":\"ListItem\",\"position\":1,\"name\":\"Portada\",\"item\":\"https:\\\/\\\/www.copealcoy.es\\\/es\\\/\"},{\"@type\":\"ListItem\",\"position\":2,\"name\":\"Guanyar propone la creaci\u00f3n de un plan de acompa\u00f1amiento para personas en paro\"}]},{\"@type\":\"WebSite\",\"@id\":\"https:\\\/\\\/www.copealcoy.es\\\/es\\\/#website\",\"url\":\"https:\\\/\\\/www.copealcoy.es\\\/es\\\/\",\"name\":\"COPE Alcoy\",\"description\":\"Emisora COPE de radio local con emisi\u00f3n online. Pont de Sant Jordi 8-10 03803 Alcoy\",\"potentialAction\":[{\"@type\":\"SearchAction\",\"target\":{\"@type\":\"EntryPoint\",\"urlTemplate\":\"https:\\\/\\\/www.copealcoy.es\\\/es\\\/?s={search_term_string}\"},\"query-input\":{\"@type\":\"PropertyValueSpecification\",\"valueRequired\":true,\"valueName\":\"search_term_string\"}}],\"inLanguage\":\"es\"},{\"@type\":\"Person\",\"@id\":\"https:\\\/\\\/www.copealcoy.es\\\/es\\\/#\\\/schema\\\/person\\\/e777c87fa024e57d40170af9df39882c\",\"name\":\"Cope Alcoy\",\"image\":{\"@type\":\"ImageObject\",\"inLanguage\":\"es\",\"@id\":\"https:\\\/\\\/secure.gravatar.com\\\/avatar\\\/bb65d0283347e303893ba14f0692005417c1e0e690a325a4c5d8bb2b3943ee14?s=96&d=mm&r=g\",\"url\":\"https:\\\/\\\/secure.gravatar.com\\\/avatar\\\/bb65d0283347e303893ba14f0692005417c1e0e690a325a4c5d8bb2b3943ee14?s=96&d=mm&r=g\",\"contentUrl\":\"https:\\\/\\\/secure.gravatar.com\\\/avatar\\\/bb65d0283347e303893ba14f0692005417c1e0e690a325a4c5d8bb2b3943ee14?s=96&d=mm&r=g\",\"caption\":\"Cope Alcoy\"}}]}<\/script>\n<!-- \/ Yoast SEO plugin. -->","yoast_head_json":{"title":"Guanyar propone la creaci\u00f3n de un plan de acompa\u00f1amiento para personas en paro - COPE Alcoy","robots":{"index":"index","follow":"follow","max-snippet":"max-snippet:-1","max-image-preview":"max-image-preview:large","max-video-preview":"max-video-preview:-1"},"canonical":"https:\/\/www.copealcoy.es\/es\/guanyar-propone-la-creacion-de-un-plan-de-acompanamiento-para-personas-en-paro\/","og_locale":"es_ES","og_type":"article","og_title":"Guanyar propone la creaci\u00f3n de un plan de acompa\u00f1amiento para personas en paro - COPE Alcoy","og_description":"Guanyar Alcoi ha planteado, entre sus 56 propuestas para los Presupuestos Municipales de 2018, dar a conocer la concepci\u00f3n de...","og_url":"https:\/\/www.copealcoy.es\/es\/guanyar-propone-la-creacion-de-un-plan-de-acompanamiento-para-personas-en-paro\/","og_site_name":"COPE Alcoy","article_published_time":"2017-11-08T15:02:32+00:00","article_modified_time":"2017-11-08T18:24:43+00:00","og_image":[{"width":670,"height":377,"url":"https:\/\/www.copealcoy.es\/wp-content\/uploads\/2016\/11\/img_17204.jpg","type":"image\/jpeg"}],"author":"Cope Alcoy","twitter_misc":{"Escrito por":"Cope Alcoy","Tiempo de lectura":"1 minuto"},"schema":{"@context":"https:\/\/schema.org","@graph":[{"@type":"Article","@id":"https:\/\/www.copealcoy.es\/es\/guanyar-propone-la-creacion-de-un-plan-de-acompanamiento-para-personas-en-paro\/#article","isPartOf":{"@id":"https:\/\/www.copealcoy.es\/es\/guanyar-propone-la-creacion-de-un-plan-de-acompanamiento-para-personas-en-paro\/"},"author":{"name":"Cope Alcoy","@id":"https:\/\/www.copealcoy.es\/es\/#\/schema\/person\/e777c87fa024e57d40170af9df39882c"},"headline":"Guanyar propone la creaci\u00f3n de un plan de acompa\u00f1amiento para personas en paro","datePublished":"2017-11-08T15:02:32+00:00","dateModified":"2017-11-08T18:24:43+00:00","mainEntityOfPage":{"@id":"https:\/\/www.copealcoy.es\/es\/guanyar-propone-la-creacion-de-un-plan-de-acompanamiento-para-personas-en-paro\/"},"wordCount":248,"commentCount":0,"image":{"@id":"https:\/\/www.copealcoy.es\/es\/guanyar-propone-la-creacion-de-un-plan-de-acompanamiento-para-personas-en-paro\/#primaryimage"},"thumbnailUrl":"https:\/\/www.copealcoy.es\/wp-content\/uploads\/2016\/11\/img_17204.jpg","keywords":["Alcoy","Aleixandre Sanfrancisco","Guanyar Alcoi","Paro","Presupuestos"],"articleSection":["Alcoy","Noticias","Pol\u00edtica y Econom\u00eda"],"inLanguage":"es"},{"@type":"WebPage","@id":"https:\/\/www.copealcoy.es\/es\/guanyar-propone-la-creacion-de-un-plan-de-acompanamiento-para-personas-en-paro\/","url":"https:\/\/www.copealcoy.es\/es\/guanyar-propone-la-creacion-de-un-plan-de-acompanamiento-para-personas-en-paro\/","name":"Guanyar propone la creaci\u00f3n de un plan de acompa\u00f1amiento para personas en paro - COPE Alcoy","isPartOf":{"@id":"https:\/\/www.copealcoy.es\/es\/#website"},"primaryImageOfPage":{"@id":"https:\/\/www.copealcoy.es\/es\/guanyar-propone-la-creacion-de-un-plan-de-acompanamiento-para-personas-en-paro\/#primaryimage"},"image":{"@id":"https:\/\/www.copealcoy.es\/es\/guanyar-propone-la-creacion-de-un-plan-de-acompanamiento-para-personas-en-paro\/#primaryimage"},"thumbnailUrl":"https:\/\/www.copealcoy.es\/wp-content\/uploads\/2016\/11\/img_17204.jpg","datePublished":"2017-11-08T15:02:32+00:00","dateModified":"2017-11-08T18:24:43+00:00","author":{"@id":"https:\/\/www.copealcoy.es\/es\/#\/schema\/person\/e777c87fa024e57d40170af9df39882c"},"breadcrumb":{"@id":"https:\/\/www.copealcoy.es\/es\/guanyar-propone-la-creacion-de-un-plan-de-acompanamiento-para-personas-en-paro\/#breadcrumb"},"inLanguage":"es","potentialAction":[{"@type":"ReadAction","target":["https:\/\/www.copealcoy.es\/es\/guanyar-propone-la-creacion-de-un-plan-de-acompanamiento-para-personas-en-paro\/"]}]},{"@type":"ImageObject","inLanguage":"es","@id":"https:\/\/www.copealcoy.es\/es\/guanyar-propone-la-creacion-de-un-plan-de-acompanamiento-para-personas-en-paro\/#primaryimage","url":"https:\/\/www.copealcoy.es\/wp-content\/uploads\/2016\/11\/img_17204.jpg","contentUrl":"https:\/\/www.copealcoy.es\/wp-content\/uploads\/2016\/11\/img_17204.jpg","width":670,"height":377},{"@type":"BreadcrumbList","@id":"https:\/\/www.copealcoy.es\/es\/guanyar-propone-la-creacion-de-un-plan-de-acompanamiento-para-personas-en-paro\/#breadcrumb","itemListElement":[{"@type":"ListItem","position":1,"name":"Portada","item":"https:\/\/www.copealcoy.es\/es\/"},{"@type":"ListItem","position":2,"name":"Guanyar propone la creaci\u00f3n de un plan de acompa\u00f1amiento para personas en paro"}]},{"@type":"WebSite","@id":"https:\/\/www.copealcoy.es\/es\/#website","url":"https:\/\/www.copealcoy.es\/es\/","name":"COPE Alcoy","description":"Emisora COPE de radio local con emisi\u00f3n online. Pont de Sant Jordi 8-10 03803 Alcoy","potentialAction":[{"@type":"SearchAction","target":{"@type":"EntryPoint","urlTemplate":"https:\/\/www.copealcoy.es\/es\/?s={search_term_string}"},"query-input":{"@type":"PropertyValueSpecification","valueRequired":true,"valueName":"search_term_string"}}],"inLanguage":"es"},{"@type":"Person","@id":"https:\/\/www.copealcoy.es\/es\/#\/schema\/person\/e777c87fa024e57d40170af9df39882c","name":"Cope Alcoy","image":{"@type":"ImageObject","inLanguage":"es","@id":"https:\/\/secure.gravatar.com\/avatar\/bb65d0283347e303893ba14f0692005417c1e0e690a325a4c5d8bb2b3943ee14?s=96&d=mm&r=g","url":"https:\/\/secure.gravatar.com\/avatar\/bb65d0283347e303893ba14f0692005417c1e0e690a325a4c5d8bb2b3943ee14?s=96&d=mm&r=g","contentUrl":"https:\/\/secure.gravatar.com\/avatar\/bb65d0283347e303893ba14f0692005417c1e0e690a325a4c5d8bb2b3943ee14?s=96&d=mm&r=g","caption":"Cope Alcoy"}}]}},"_links":{"self":[{"href":"https:\/\/www.copealcoy.es\/es\/wp-json\/wp\/v2\/posts\/36497","targetHints":{"allow":["GET"]}}],"collection":[{"href":"https:\/\/www.copealcoy.es\/es\/wp-json\/wp\/v2\/posts"}],"about":[{"href":"https:\/\/www.copealcoy.es\/es\/wp-json\/wp\/v2\/types\/post"}],"author":[{"embeddable":true,"href":"https:\/\/www.copealcoy.es\/es\/wp-json\/wp\/v2\/users\/1"}],"replies":[{"embeddable":true,"href":"https:\/\/www.copealcoy.es\/es\/wp-json\/wp\/v2\/comments?post=36497"}],"version-history":[{"count":0,"href":"https:\/\/www.copealcoy.es\/es\/wp-json\/wp\/v2\/posts\/36497\/revisions"}],"wp:featuredmedia":[{"embeddable":true,"href":"https:\/\/www.copealcoy.es\/es\/wp-json\/wp\/v2\/media\/26459"}],"wp:attachment":[{"href":"https:\/\/www.copealcoy.es\/es\/wp-json\/wp\/v2\/media?parent=36497"}],"wp:term":[{"taxonomy":"category","embeddable":true,"href":"https:\/\/www.copealcoy.es\/es\/wp-json\/wp\/v2\/categories?post=36497"},{"taxonomy":"post_tag","embeddable":true,"href":"https:\/\/www.copealcoy.es\/es\/wp-json\/wp\/v2\/tags?post=36497"}],"curies":[{"name":"wp","href":"https:\/\/api.w.org\/{rel}","templated":true}]}}