{"id":36387,"date":"2017-11-06T16:42:48","date_gmt":"2017-11-06T16:42:48","guid":{"rendered":"http:\/\/copealcoi.es\/new\/?p=36387"},"modified":"2017-11-06T16:49:13","modified_gmt":"2017-11-06T16:49:13","slug":"la-fila-andaluces-union-alcoyana-seguros-y-el-club-pista-acompanaran-a-los-reyes-magos","status":"publish","type":"post","link":"https:\/\/www.copealcoy.es\/es\/la-fila-andaluces-union-alcoyana-seguros-y-el-club-pista-acompanaran-a-los-reyes-magos\/","title":{"rendered":"La Fil\u00e0 Andaluces, Uni\u00f3n Alcoyana Seguros y el Club Pista acompa\u00f1ar\u00e1n a los Reyes Magos"},"content":{"rendered":"<p style=\"text-align: justify;\">La<strong> Fil\u00e0 Andaluces<\/strong>, El <strong>Club de F\u00fatbol Pista<\/strong>,\u00a0que celebra sus primeros 75 a\u00f1os de vida, y la compa\u00f1\u00eda <strong>Uni\u00f3n Alcoyana Seguros<\/strong>,\u00a0inmersa en su 140 aniversario; ser\u00e1n las entidades que acompa\u00f1ar\u00e1n a <strong>los Reyes Magos de Oriente<\/strong> en su venida a la ciudad durante <strong>la 133 edici\u00f3n de la Cabalgata<\/strong> que tendr\u00e1 lugar el 5 de enero de 2018. As\u00ed lo ha anunciado el Ayuntamiento de Alcoy este lunes <strong>a escasos dos meses de la llegada de Sus Majestades<\/strong> a la ciudad.<\/p>\n<p style=\"text-align: justify;\">El concejal de Fiestas en el Consistorio alcoyano, <strong>Ra\u00fcl Llopis<\/strong>, ha asegurado\u00a0<strong>la fiesta de la Navidad de Alcoy<\/strong> &#8220;<em>es fruto de la participaci\u00f3n desinteresada de muchas entidades. Esta participaci\u00f3n ciudadana de miles de personas es un hecho destacado de nuestra Navidad y queremos agradecer a todas ellas su trabajo y dedicaci\u00f3n. Y tambi\u00e9n destacar que todos los a\u00f1os, recibimos decenas de nuevos grupos y asociaciones interesadas a poner su granito de arena, seguimos trabajando para que la magia de la Navidad llegue a todos<\/em>&#8220;, indica.<\/p>\n<p style=\"text-align: justify;\">Recordar que en 2018 los Reyes Magos desfilar\u00e1n por nuestra ciudad <strong>con una nueva iluminaci\u00f3n propia<\/strong> en las calles Sant Nicolau y Sant Lloren\u00e7. Est\u00e1 previsto que esta <strong>se ampl\u00ede a todo el recorrido en los pr\u00f3ximos a\u00f1os<\/strong>. La Cabalgata, que en 2001 <strong>fue declarada Fiesta de Inter\u00e9s Tur\u00edstico Nacional<\/strong>, data del a\u00f1o 1.885.<\/p>\n<p>&nbsp;<\/p>\n<p>&nbsp;<\/p>\n","protected":false},"excerpt":{"rendered":"<p>La Fil\u00e0 Andaluces, El Club de F\u00fatbol Pista,\u00a0que celebra sus primeros 75 a\u00f1os de vida, y la compa\u00f1\u00eda Uni\u00f3n Alcoyana&#8230;<\/p>\n","protected":false},"author":1,"featured_media":27742,"comment_status":"open","ping_status":"open","sticky":false,"template":"","format":"standard","meta":{"footnotes":""},"categories":[97,78,75],"tags":[1494,368,4838,3581,488,3284],"class_list":["post-36387","post","type-post","status-publish","format-standard","has-post-thumbnail","hentry","category-alcoy","category-fiestaycultura","category-noticias","tag-alcoy","tag-cabalgata","tag-club-pista","tag-fila-andaluces","tag-reyes-magos","tag-union-alcoyana-fs"],"yoast_head":"<!-- This site is optimized with the Yoast SEO plugin v27.3 - https:\/\/yoast.com\/product\/yoast-seo-wordpress\/ -->\n<title>La Fil\u00e0 Andaluces, Uni\u00f3n Alcoyana Seguros y el Club Pista acompa\u00f1ar\u00e1n a los Reyes Magos - COPE Alcoy<\/title>\n<meta name=\"robots\" content=\"index, follow, max-snippet:-1, max-image-preview:large, max-video-preview:-1\" \/>\n<link rel=\"canonical\" href=\"https:\/\/www.copealcoy.es\/es\/la-fila-andaluces-union-alcoyana-seguros-y-el-club-pista-acompanaran-a-los-reyes-magos\/\" \/>\n<meta property=\"og:locale\" content=\"es_ES\" \/>\n<meta property=\"og:type\" content=\"article\" \/>\n<meta property=\"og:title\" content=\"La Fil\u00e0 Andaluces, Uni\u00f3n Alcoyana Seguros y el Club Pista acompa\u00f1ar\u00e1n a los Reyes Magos - COPE Alcoy\" \/>\n<meta property=\"og:description\" content=\"La Fil\u00e0 Andaluces, El Club de F\u00fatbol Pista,\u00a0que celebra sus primeros 75 a\u00f1os de vida, y la compa\u00f1\u00eda Uni\u00f3n Alcoyana...\" \/>\n<meta property=\"og:url\" content=\"https:\/\/www.copealcoy.es\/es\/la-fila-andaluces-union-alcoyana-seguros-y-el-club-pista-acompanaran-a-los-reyes-magos\/\" \/>\n<meta property=\"og:site_name\" content=\"COPE Alcoy\" \/>\n<meta property=\"article:published_time\" content=\"2017-11-06T16:42:48+00:00\" \/>\n<meta property=\"article:modified_time\" content=\"2017-11-06T16:49:13+00:00\" \/>\n<meta property=\"og:image\" content=\"https:\/\/www.copealcoy.es\/wp-content\/uploads\/2017\/01\/PAU9583-e1483648552920-1024x560.jpg\" \/>\n\t<meta property=\"og:image:width\" content=\"1024\" \/>\n\t<meta property=\"og:image:height\" content=\"560\" \/>\n\t<meta property=\"og:image:type\" content=\"image\/jpeg\" \/>\n<meta name=\"author\" content=\"Cope Alcoy\" \/>\n<meta name=\"twitter:label1\" content=\"Escrito por\" \/>\n\t<meta name=\"twitter:data1\" content=\"Cope Alcoy\" \/>\n\t<meta name=\"twitter:label2\" content=\"Tiempo de lectura\" \/>\n\t<meta name=\"twitter:data2\" content=\"1 minuto\" \/>\n<script type=\"application\/ld+json\" class=\"yoast-schema-graph\">{\"@context\":\"https:\\\/\\\/schema.org\",\"@graph\":[{\"@type\":\"Article\",\"@id\":\"https:\\\/\\\/www.copealcoy.es\\\/es\\\/la-fila-andaluces-union-alcoyana-seguros-y-el-club-pista-acompanaran-a-los-reyes-magos\\\/#article\",\"isPartOf\":{\"@id\":\"https:\\\/\\\/www.copealcoy.es\\\/es\\\/la-fila-andaluces-union-alcoyana-seguros-y-el-club-pista-acompanaran-a-los-reyes-magos\\\/\"},\"author\":{\"name\":\"Cope Alcoy\",\"@id\":\"https:\\\/\\\/www.copealcoy.es\\\/es\\\/#\\\/schema\\\/person\\\/e777c87fa024e57d40170af9df39882c\"},\"headline\":\"La Fil\u00e0 Andaluces, Uni\u00f3n Alcoyana Seguros y el Club Pista acompa\u00f1ar\u00e1n a los Reyes Magos\",\"datePublished\":\"2017-11-06T16:42:48+00:00\",\"dateModified\":\"2017-11-06T16:49:13+00:00\",\"mainEntityOfPage\":{\"@id\":\"https:\\\/\\\/www.copealcoy.es\\\/es\\\/la-fila-andaluces-union-alcoyana-seguros-y-el-club-pista-acompanaran-a-los-reyes-magos\\\/\"},\"wordCount\":257,\"commentCount\":0,\"image\":{\"@id\":\"https:\\\/\\\/www.copealcoy.es\\\/es\\\/la-fila-andaluces-union-alcoyana-seguros-y-el-club-pista-acompanaran-a-los-reyes-magos\\\/#primaryimage\"},\"thumbnailUrl\":\"https:\\\/\\\/www.copealcoy.es\\\/wp-content\\\/uploads\\\/2017\\\/01\\\/PAU9583-e1640908893719.jpg\",\"keywords\":[\"Alcoy\",\"Cabalgata\",\"Club Pista\",\"Fil\u00e0 Andaluces\",\"Reyes Magos\",\"Uni\u00f3n Alcoyana FS\"],\"articleSection\":[\"Alcoy\",\"Fiesta y Cultura\",\"Noticias\"],\"inLanguage\":\"es\"},{\"@type\":\"WebPage\",\"@id\":\"https:\\\/\\\/www.copealcoy.es\\\/es\\\/la-fila-andaluces-union-alcoyana-seguros-y-el-club-pista-acompanaran-a-los-reyes-magos\\\/\",\"url\":\"https:\\\/\\\/www.copealcoy.es\\\/es\\\/la-fila-andaluces-union-alcoyana-seguros-y-el-club-pista-acompanaran-a-los-reyes-magos\\\/\",\"name\":\"La Fil\u00e0 Andaluces, Uni\u00f3n Alcoyana Seguros y el Club Pista acompa\u00f1ar\u00e1n a los Reyes Magos - COPE Alcoy\",\"isPartOf\":{\"@id\":\"https:\\\/\\\/www.copealcoy.es\\\/es\\\/#website\"},\"primaryImageOfPage\":{\"@id\":\"https:\\\/\\\/www.copealcoy.es\\\/es\\\/la-fila-andaluces-union-alcoyana-seguros-y-el-club-pista-acompanaran-a-los-reyes-magos\\\/#primaryimage\"},\"image\":{\"@id\":\"https:\\\/\\\/www.copealcoy.es\\\/es\\\/la-fila-andaluces-union-alcoyana-seguros-y-el-club-pista-acompanaran-a-los-reyes-magos\\\/#primaryimage\"},\"thumbnailUrl\":\"https:\\\/\\\/www.copealcoy.es\\\/wp-content\\\/uploads\\\/2017\\\/01\\\/PAU9583-e1640908893719.jpg\",\"datePublished\":\"2017-11-06T16:42:48+00:00\",\"dateModified\":\"2017-11-06T16:49:13+00:00\",\"author\":{\"@id\":\"https:\\\/\\\/www.copealcoy.es\\\/es\\\/#\\\/schema\\\/person\\\/e777c87fa024e57d40170af9df39882c\"},\"breadcrumb\":{\"@id\":\"https:\\\/\\\/www.copealcoy.es\\\/es\\\/la-fila-andaluces-union-alcoyana-seguros-y-el-club-pista-acompanaran-a-los-reyes-magos\\\/#breadcrumb\"},\"inLanguage\":\"es\",\"potentialAction\":[{\"@type\":\"ReadAction\",\"target\":[\"https:\\\/\\\/www.copealcoy.es\\\/es\\\/la-fila-andaluces-union-alcoyana-seguros-y-el-club-pista-acompanaran-a-los-reyes-magos\\\/\"]}]},{\"@type\":\"ImageObject\",\"inLanguage\":\"es\",\"@id\":\"https:\\\/\\\/www.copealcoy.es\\\/es\\\/la-fila-andaluces-union-alcoyana-seguros-y-el-club-pista-acompanaran-a-los-reyes-magos\\\/#primaryimage\",\"url\":\"https:\\\/\\\/www.copealcoy.es\\\/wp-content\\\/uploads\\\/2017\\\/01\\\/PAU9583-e1640908893719.jpg\",\"contentUrl\":\"https:\\\/\\\/www.copealcoy.es\\\/wp-content\\\/uploads\\\/2017\\\/01\\\/PAU9583-e1640908893719.jpg\",\"width\":640,\"height\":350,\"caption\":\"La Adoraci\u00f3n siempre es un momento m\u00e1gico en la Cabalgata de Alcoy \\\/ Foto: PST Fotograf\u00eda (Pau Sanchis Tarraz\u00f3)\"},{\"@type\":\"BreadcrumbList\",\"@id\":\"https:\\\/\\\/www.copealcoy.es\\\/es\\\/la-fila-andaluces-union-alcoyana-seguros-y-el-club-pista-acompanaran-a-los-reyes-magos\\\/#breadcrumb\",\"itemListElement\":[{\"@type\":\"ListItem\",\"position\":1,\"name\":\"Portada\",\"item\":\"https:\\\/\\\/www.copealcoy.es\\\/es\\\/\"},{\"@type\":\"ListItem\",\"position\":2,\"name\":\"La Fil\u00e0 Andaluces, Uni\u00f3n Alcoyana Seguros y el Club Pista acompa\u00f1ar\u00e1n a los Reyes Magos\"}]},{\"@type\":\"WebSite\",\"@id\":\"https:\\\/\\\/www.copealcoy.es\\\/es\\\/#website\",\"url\":\"https:\\\/\\\/www.copealcoy.es\\\/es\\\/\",\"name\":\"COPE Alcoy\",\"description\":\"Emisora COPE de radio local con emisi\u00f3n online. Pont de Sant Jordi 8-10 03803 Alcoy\",\"potentialAction\":[{\"@type\":\"SearchAction\",\"target\":{\"@type\":\"EntryPoint\",\"urlTemplate\":\"https:\\\/\\\/www.copealcoy.es\\\/es\\\/?s={search_term_string}\"},\"query-input\":{\"@type\":\"PropertyValueSpecification\",\"valueRequired\":true,\"valueName\":\"search_term_string\"}}],\"inLanguage\":\"es\"},{\"@type\":\"Person\",\"@id\":\"https:\\\/\\\/www.copealcoy.es\\\/es\\\/#\\\/schema\\\/person\\\/e777c87fa024e57d40170af9df39882c\",\"name\":\"Cope Alcoy\",\"image\":{\"@type\":\"ImageObject\",\"inLanguage\":\"es\",\"@id\":\"https:\\\/\\\/secure.gravatar.com\\\/avatar\\\/bb65d0283347e303893ba14f0692005417c1e0e690a325a4c5d8bb2b3943ee14?s=96&d=mm&r=g\",\"url\":\"https:\\\/\\\/secure.gravatar.com\\\/avatar\\\/bb65d0283347e303893ba14f0692005417c1e0e690a325a4c5d8bb2b3943ee14?s=96&d=mm&r=g\",\"contentUrl\":\"https:\\\/\\\/secure.gravatar.com\\\/avatar\\\/bb65d0283347e303893ba14f0692005417c1e0e690a325a4c5d8bb2b3943ee14?s=96&d=mm&r=g\",\"caption\":\"Cope Alcoy\"}}]}<\/script>\n<!-- \/ Yoast SEO plugin. -->","yoast_head_json":{"title":"La Fil\u00e0 Andaluces, Uni\u00f3n Alcoyana Seguros y el Club Pista acompa\u00f1ar\u00e1n a los Reyes Magos - COPE Alcoy","robots":{"index":"index","follow":"follow","max-snippet":"max-snippet:-1","max-image-preview":"max-image-preview:large","max-video-preview":"max-video-preview:-1"},"canonical":"https:\/\/www.copealcoy.es\/es\/la-fila-andaluces-union-alcoyana-seguros-y-el-club-pista-acompanaran-a-los-reyes-magos\/","og_locale":"es_ES","og_type":"article","og_title":"La Fil\u00e0 Andaluces, Uni\u00f3n Alcoyana Seguros y el Club Pista acompa\u00f1ar\u00e1n a los Reyes Magos - COPE Alcoy","og_description":"La Fil\u00e0 Andaluces, El Club de F\u00fatbol Pista,\u00a0que celebra sus primeros 75 a\u00f1os de vida, y la compa\u00f1\u00eda Uni\u00f3n Alcoyana...","og_url":"https:\/\/www.copealcoy.es\/es\/la-fila-andaluces-union-alcoyana-seguros-y-el-club-pista-acompanaran-a-los-reyes-magos\/","og_site_name":"COPE Alcoy","article_published_time":"2017-11-06T16:42:48+00:00","article_modified_time":"2017-11-06T16:49:13+00:00","og_image":[{"width":1024,"height":560,"url":"https:\/\/www.copealcoy.es\/wp-content\/uploads\/2017\/01\/PAU9583-e1483648552920-1024x560.jpg","type":"image\/jpeg"}],"author":"Cope Alcoy","twitter_misc":{"Escrito por":"Cope Alcoy","Tiempo de lectura":"1 minuto"},"schema":{"@context":"https:\/\/schema.org","@graph":[{"@type":"Article","@id":"https:\/\/www.copealcoy.es\/es\/la-fila-andaluces-union-alcoyana-seguros-y-el-club-pista-acompanaran-a-los-reyes-magos\/#article","isPartOf":{"@id":"https:\/\/www.copealcoy.es\/es\/la-fila-andaluces-union-alcoyana-seguros-y-el-club-pista-acompanaran-a-los-reyes-magos\/"},"author":{"name":"Cope Alcoy","@id":"https:\/\/www.copealcoy.es\/es\/#\/schema\/person\/e777c87fa024e57d40170af9df39882c"},"headline":"La Fil\u00e0 Andaluces, Uni\u00f3n Alcoyana Seguros y el Club Pista acompa\u00f1ar\u00e1n a los Reyes Magos","datePublished":"2017-11-06T16:42:48+00:00","dateModified":"2017-11-06T16:49:13+00:00","mainEntityOfPage":{"@id":"https:\/\/www.copealcoy.es\/es\/la-fila-andaluces-union-alcoyana-seguros-y-el-club-pista-acompanaran-a-los-reyes-magos\/"},"wordCount":257,"commentCount":0,"image":{"@id":"https:\/\/www.copealcoy.es\/es\/la-fila-andaluces-union-alcoyana-seguros-y-el-club-pista-acompanaran-a-los-reyes-magos\/#primaryimage"},"thumbnailUrl":"https:\/\/www.copealcoy.es\/wp-content\/uploads\/2017\/01\/PAU9583-e1640908893719.jpg","keywords":["Alcoy","Cabalgata","Club Pista","Fil\u00e0 Andaluces","Reyes Magos","Uni\u00f3n Alcoyana FS"],"articleSection":["Alcoy","Fiesta y Cultura","Noticias"],"inLanguage":"es"},{"@type":"WebPage","@id":"https:\/\/www.copealcoy.es\/es\/la-fila-andaluces-union-alcoyana-seguros-y-el-club-pista-acompanaran-a-los-reyes-magos\/","url":"https:\/\/www.copealcoy.es\/es\/la-fila-andaluces-union-alcoyana-seguros-y-el-club-pista-acompanaran-a-los-reyes-magos\/","name":"La Fil\u00e0 Andaluces, Uni\u00f3n Alcoyana Seguros y el Club Pista acompa\u00f1ar\u00e1n a los Reyes Magos - COPE Alcoy","isPartOf":{"@id":"https:\/\/www.copealcoy.es\/es\/#website"},"primaryImageOfPage":{"@id":"https:\/\/www.copealcoy.es\/es\/la-fila-andaluces-union-alcoyana-seguros-y-el-club-pista-acompanaran-a-los-reyes-magos\/#primaryimage"},"image":{"@id":"https:\/\/www.copealcoy.es\/es\/la-fila-andaluces-union-alcoyana-seguros-y-el-club-pista-acompanaran-a-los-reyes-magos\/#primaryimage"},"thumbnailUrl":"https:\/\/www.copealcoy.es\/wp-content\/uploads\/2017\/01\/PAU9583-e1640908893719.jpg","datePublished":"2017-11-06T16:42:48+00:00","dateModified":"2017-11-06T16:49:13+00:00","author":{"@id":"https:\/\/www.copealcoy.es\/es\/#\/schema\/person\/e777c87fa024e57d40170af9df39882c"},"breadcrumb":{"@id":"https:\/\/www.copealcoy.es\/es\/la-fila-andaluces-union-alcoyana-seguros-y-el-club-pista-acompanaran-a-los-reyes-magos\/#breadcrumb"},"inLanguage":"es","potentialAction":[{"@type":"ReadAction","target":["https:\/\/www.copealcoy.es\/es\/la-fila-andaluces-union-alcoyana-seguros-y-el-club-pista-acompanaran-a-los-reyes-magos\/"]}]},{"@type":"ImageObject","inLanguage":"es","@id":"https:\/\/www.copealcoy.es\/es\/la-fila-andaluces-union-alcoyana-seguros-y-el-club-pista-acompanaran-a-los-reyes-magos\/#primaryimage","url":"https:\/\/www.copealcoy.es\/wp-content\/uploads\/2017\/01\/PAU9583-e1640908893719.jpg","contentUrl":"https:\/\/www.copealcoy.es\/wp-content\/uploads\/2017\/01\/PAU9583-e1640908893719.jpg","width":640,"height":350,"caption":"La Adoraci\u00f3n siempre es un momento m\u00e1gico en la Cabalgata de Alcoy \/ Foto: PST Fotograf\u00eda (Pau Sanchis Tarraz\u00f3)"},{"@type":"BreadcrumbList","@id":"https:\/\/www.copealcoy.es\/es\/la-fila-andaluces-union-alcoyana-seguros-y-el-club-pista-acompanaran-a-los-reyes-magos\/#breadcrumb","itemListElement":[{"@type":"ListItem","position":1,"name":"Portada","item":"https:\/\/www.copealcoy.es\/es\/"},{"@type":"ListItem","position":2,"name":"La Fil\u00e0 Andaluces, Uni\u00f3n Alcoyana Seguros y el Club Pista acompa\u00f1ar\u00e1n a los Reyes Magos"}]},{"@type":"WebSite","@id":"https:\/\/www.copealcoy.es\/es\/#website","url":"https:\/\/www.copealcoy.es\/es\/","name":"COPE Alcoy","description":"Emisora COPE de radio local con emisi\u00f3n online. Pont de Sant Jordi 8-10 03803 Alcoy","potentialAction":[{"@type":"SearchAction","target":{"@type":"EntryPoint","urlTemplate":"https:\/\/www.copealcoy.es\/es\/?s={search_term_string}"},"query-input":{"@type":"PropertyValueSpecification","valueRequired":true,"valueName":"search_term_string"}}],"inLanguage":"es"},{"@type":"Person","@id":"https:\/\/www.copealcoy.es\/es\/#\/schema\/person\/e777c87fa024e57d40170af9df39882c","name":"Cope Alcoy","image":{"@type":"ImageObject","inLanguage":"es","@id":"https:\/\/secure.gravatar.com\/avatar\/bb65d0283347e303893ba14f0692005417c1e0e690a325a4c5d8bb2b3943ee14?s=96&d=mm&r=g","url":"https:\/\/secure.gravatar.com\/avatar\/bb65d0283347e303893ba14f0692005417c1e0e690a325a4c5d8bb2b3943ee14?s=96&d=mm&r=g","contentUrl":"https:\/\/secure.gravatar.com\/avatar\/bb65d0283347e303893ba14f0692005417c1e0e690a325a4c5d8bb2b3943ee14?s=96&d=mm&r=g","caption":"Cope Alcoy"}}]}},"_links":{"self":[{"href":"https:\/\/www.copealcoy.es\/es\/wp-json\/wp\/v2\/posts\/36387","targetHints":{"allow":["GET"]}}],"collection":[{"href":"https:\/\/www.copealcoy.es\/es\/wp-json\/wp\/v2\/posts"}],"about":[{"href":"https:\/\/www.copealcoy.es\/es\/wp-json\/wp\/v2\/types\/post"}],"author":[{"embeddable":true,"href":"https:\/\/www.copealcoy.es\/es\/wp-json\/wp\/v2\/users\/1"}],"replies":[{"embeddable":true,"href":"https:\/\/www.copealcoy.es\/es\/wp-json\/wp\/v2\/comments?post=36387"}],"version-history":[{"count":0,"href":"https:\/\/www.copealcoy.es\/es\/wp-json\/wp\/v2\/posts\/36387\/revisions"}],"wp:featuredmedia":[{"embeddable":true,"href":"https:\/\/www.copealcoy.es\/es\/wp-json\/wp\/v2\/media\/27742"}],"wp:attachment":[{"href":"https:\/\/www.copealcoy.es\/es\/wp-json\/wp\/v2\/media?parent=36387"}],"wp:term":[{"taxonomy":"category","embeddable":true,"href":"https:\/\/www.copealcoy.es\/es\/wp-json\/wp\/v2\/categories?post=36387"},{"taxonomy":"post_tag","embeddable":true,"href":"https:\/\/www.copealcoy.es\/es\/wp-json\/wp\/v2\/tags?post=36387"}],"curies":[{"name":"wp","href":"https:\/\/api.w.org\/{rel}","templated":true}]}}