{"id":36366,"date":"2017-11-04T01:15:55","date_gmt":"2017-11-04T01:15:55","guid":{"rendered":"http:\/\/copealcoi.es\/new\/?p=36366"},"modified":"2017-11-04T01:15:55","modified_gmt":"2017-11-04T01:15:55","slug":"isabel-bonig-y-cesar-sanchez-visitan-la-fira-de-cocentaina","status":"publish","type":"post","link":"https:\/\/www.copealcoy.es\/es\/isabel-bonig-y-cesar-sanchez-visitan-la-fira-de-cocentaina\/","title":{"rendered":"Isabel Bonig y C\u00e9sar S\u00e1nchez visitan la Fira de Cocentaina"},"content":{"rendered":"<p style=\"text-align: justify;\">La Fira de Tots Sants de Cocentaina cont\u00f3 ayer viernes 3 de noviembre con la visita de la l\u00edder\u00a0de los Populares Valencianos, <strong>Isabel Bonig<\/strong>, y del Presidente de la Diputaci\u00f3n de Alicante, <strong>C\u00e9sar Sanchez<\/strong>. Ambos\u00a0hicieron un recorrido por el Certamen y estuvieron acompa\u00f1ados por el Presidente local del PP en la Villa Condal, <strong>Ray Montava<\/strong>, y por el portavoz del Gobierno Municipal, <strong>Rafael Montava<\/strong>. Tambi\u00e9n acudieron a la cita alcaldes de la comarca, concejales y la Diputada Nacional, <strong>Lola Alba<\/strong>, junto al Diputado Auton\u00f3mico, <strong>Fernando Pastor<\/strong>.<\/p>\n<p style=\"text-align: justify;\">Isabel Bonig destac\u00f3 en COPE ALCOY <strong>la gran importancia que tiene la Fira en la Comunidad Valenciana<\/strong> y explic\u00f3 que desde el Partido Popular <strong>se dar\u00e1 todo el apoyo al Gobierno Auton\u00f3mico<\/strong> para impulsar la declaraci\u00f3n del evento como <strong>Bien de Inter\u00e9s Cultural<\/strong> (BIC). La Presidenta del PP regional elogi\u00f3 el trabajo que lleva a cabo la organizaci\u00f3n de la Fira y dijo que esta \u00faltima\u00a0<strong>sabe combinar a la perfecci\u00f3n tradici\u00f3n y modernidad<\/strong> &#8220;<em>estamos ante una Feria que es un ejemplo de convivencia en todos los aspectos y que va a m\u00e1s. El Gobierno Central ya le dio un gran impulso en 2012 al otorgarle la declaraci\u00f3n de Fiesta de Inter\u00e9s Tur\u00edstico Nacional y el siguiente paso para su potenciaci\u00f3n es alcanzar ese tan esperado BIC&#8221;, <\/em>coment\u00f3.<\/p>\n<p style=\"text-align: justify;\">Por su parte <strong>C\u00e9sar S\u00e1nchez<\/strong>, presidente de la Diputaci\u00f3n de Alicante, tambi\u00e9n recorri\u00f3 parte de los <strong>m\u00e1s de 130.000 metros cuadrados<\/strong> que ocupa este a\u00f1o la Fira e indic\u00f3 que desde el ente provincial <strong>se va a dar el m\u00e1ximo apoyo a un Certamen<\/strong> que tambi\u00e9n apuesta por el turismo y en el que est\u00e1 presente <strong>el Patronato Costa Blanca<\/strong> &#8220;<em>la Fira de Tots Sants est\u00e1 considerada una de las ferias m\u00e1s importantes de Espa\u00f1a y como no puede ser de otra manera cuenta nuestro respaldo. La<\/em>\u00a0<em>importancia de aprovechar la potencia de este certamen para difundir las excelencias de nuestro territorio entre el cerca de medio mill\u00f3n de personas que lo visit<\/em>a&#8221;, coment\u00f3. S\u00e1nchez, que tambi\u00e9n estuvo acompa\u00f1ado por el Diputado de Turismo <strong>Eduardo Dol\u00f3n<\/strong>, visit\u00f3 otros espacios como<strong> la Casa del Fester<\/strong> en la que se puede contemplar la partitura original del pasodoble &#8216;Paquito El Chocolatero&#8217;.<\/p>\n<p style=\"text-align: justify;\">Ayer viernes tambi\u00e9n pas\u00f3 por la Villa Condal y por la Fira el presidente del PP en la provincia de Alicante, <strong>Jos\u00e9 C\u00edscar<\/strong>.<\/p>\n","protected":false},"excerpt":{"rendered":"<p>La Fira de Tots Sants de Cocentaina cont\u00f3 ayer viernes 3 de noviembre con la visita de la l\u00edder\u00a0de los&#8230;<\/p>\n","protected":false},"author":1,"featured_media":36367,"comment_status":"open","ping_status":"open","sticky":false,"template":"","format":"standard","meta":{"footnotes":""},"categories":[98,75],"tags":[1759,132,237,635,2168],"class_list":["post-36366","post","type-post","status-publish","format-standard","has-post-thumbnail","hentry","category-comarcas","category-noticias","tag-cesar-sanchez","tag-cocentaina","tag-comtat","tag-fira-de-tots-sants","tag-isabel-bonig"],"yoast_head":"<!-- This site is optimized with the Yoast SEO plugin v27.3 - https:\/\/yoast.com\/product\/yoast-seo-wordpress\/ -->\n<title>Isabel Bonig y C\u00e9sar S\u00e1nchez visitan la Fira de Cocentaina - COPE Alcoy<\/title>\n<meta name=\"robots\" content=\"index, follow, max-snippet:-1, max-image-preview:large, max-video-preview:-1\" \/>\n<link rel=\"canonical\" href=\"https:\/\/www.copealcoy.es\/es\/isabel-bonig-y-cesar-sanchez-visitan-la-fira-de-cocentaina\/\" \/>\n<meta property=\"og:locale\" content=\"es_ES\" \/>\n<meta property=\"og:type\" content=\"article\" \/>\n<meta property=\"og:title\" content=\"Isabel Bonig y C\u00e9sar S\u00e1nchez visitan la Fira de Cocentaina - COPE Alcoy\" \/>\n<meta property=\"og:description\" content=\"La Fira de Tots Sants de Cocentaina cont\u00f3 ayer viernes 3 de noviembre con la visita de la l\u00edder\u00a0de los...\" \/>\n<meta property=\"og:url\" content=\"https:\/\/www.copealcoy.es\/es\/isabel-bonig-y-cesar-sanchez-visitan-la-fira-de-cocentaina\/\" \/>\n<meta property=\"og:site_name\" content=\"COPE Alcoy\" \/>\n<meta property=\"article:published_time\" content=\"2017-11-04T01:15:55+00:00\" \/>\n<meta property=\"og:image\" content=\"https:\/\/www.copealcoy.es\/wp-content\/uploads\/2017\/11\/23131777_1545753438848929_6178802669959401542_n.jpg\" \/>\n\t<meta property=\"og:image:width\" content=\"960\" \/>\n\t<meta property=\"og:image:height\" content=\"720\" \/>\n\t<meta property=\"og:image:type\" content=\"image\/jpeg\" \/>\n<meta name=\"author\" content=\"Cope Alcoy\" \/>\n<meta name=\"twitter:label1\" content=\"Escrito por\" \/>\n\t<meta name=\"twitter:data1\" content=\"Cope Alcoy\" \/>\n\t<meta name=\"twitter:label2\" content=\"Tiempo de lectura\" \/>\n\t<meta name=\"twitter:data2\" content=\"2 minutos\" \/>\n<script type=\"application\/ld+json\" class=\"yoast-schema-graph\">{\"@context\":\"https:\\\/\\\/schema.org\",\"@graph\":[{\"@type\":\"Article\",\"@id\":\"https:\\\/\\\/www.copealcoy.es\\\/es\\\/isabel-bonig-y-cesar-sanchez-visitan-la-fira-de-cocentaina\\\/#article\",\"isPartOf\":{\"@id\":\"https:\\\/\\\/www.copealcoy.es\\\/es\\\/isabel-bonig-y-cesar-sanchez-visitan-la-fira-de-cocentaina\\\/\"},\"author\":{\"name\":\"Cope Alcoy\",\"@id\":\"https:\\\/\\\/www.copealcoy.es\\\/es\\\/#\\\/schema\\\/person\\\/e777c87fa024e57d40170af9df39882c\"},\"headline\":\"Isabel Bonig y C\u00e9sar S\u00e1nchez visitan la Fira de Cocentaina\",\"datePublished\":\"2017-11-04T01:15:55+00:00\",\"mainEntityOfPage\":{\"@id\":\"https:\\\/\\\/www.copealcoy.es\\\/es\\\/isabel-bonig-y-cesar-sanchez-visitan-la-fira-de-cocentaina\\\/\"},\"wordCount\":430,\"commentCount\":0,\"image\":{\"@id\":\"https:\\\/\\\/www.copealcoy.es\\\/es\\\/isabel-bonig-y-cesar-sanchez-visitan-la-fira-de-cocentaina\\\/#primaryimage\"},\"thumbnailUrl\":\"https:\\\/\\\/www.copealcoy.es\\\/wp-content\\\/uploads\\\/2017\\\/11\\\/23131777_1545753438848929_6178802669959401542_n.jpg\",\"keywords\":[\"C\u00e9sar S\u00e1nchez\",\"Cocentaina\",\"Comtat\",\"Fira de Tots Sants\",\"Isabel Bonig\"],\"articleSection\":[\"Comarcas\",\"Noticias\"],\"inLanguage\":\"es\"},{\"@type\":\"WebPage\",\"@id\":\"https:\\\/\\\/www.copealcoy.es\\\/es\\\/isabel-bonig-y-cesar-sanchez-visitan-la-fira-de-cocentaina\\\/\",\"url\":\"https:\\\/\\\/www.copealcoy.es\\\/es\\\/isabel-bonig-y-cesar-sanchez-visitan-la-fira-de-cocentaina\\\/\",\"name\":\"Isabel Bonig y C\u00e9sar S\u00e1nchez visitan la Fira de Cocentaina - COPE Alcoy\",\"isPartOf\":{\"@id\":\"https:\\\/\\\/www.copealcoy.es\\\/es\\\/#website\"},\"primaryImageOfPage\":{\"@id\":\"https:\\\/\\\/www.copealcoy.es\\\/es\\\/isabel-bonig-y-cesar-sanchez-visitan-la-fira-de-cocentaina\\\/#primaryimage\"},\"image\":{\"@id\":\"https:\\\/\\\/www.copealcoy.es\\\/es\\\/isabel-bonig-y-cesar-sanchez-visitan-la-fira-de-cocentaina\\\/#primaryimage\"},\"thumbnailUrl\":\"https:\\\/\\\/www.copealcoy.es\\\/wp-content\\\/uploads\\\/2017\\\/11\\\/23131777_1545753438848929_6178802669959401542_n.jpg\",\"datePublished\":\"2017-11-04T01:15:55+00:00\",\"author\":{\"@id\":\"https:\\\/\\\/www.copealcoy.es\\\/es\\\/#\\\/schema\\\/person\\\/e777c87fa024e57d40170af9df39882c\"},\"breadcrumb\":{\"@id\":\"https:\\\/\\\/www.copealcoy.es\\\/es\\\/isabel-bonig-y-cesar-sanchez-visitan-la-fira-de-cocentaina\\\/#breadcrumb\"},\"inLanguage\":\"es\",\"potentialAction\":[{\"@type\":\"ReadAction\",\"target\":[\"https:\\\/\\\/www.copealcoy.es\\\/es\\\/isabel-bonig-y-cesar-sanchez-visitan-la-fira-de-cocentaina\\\/\"]}]},{\"@type\":\"ImageObject\",\"inLanguage\":\"es\",\"@id\":\"https:\\\/\\\/www.copealcoy.es\\\/es\\\/isabel-bonig-y-cesar-sanchez-visitan-la-fira-de-cocentaina\\\/#primaryimage\",\"url\":\"https:\\\/\\\/www.copealcoy.es\\\/wp-content\\\/uploads\\\/2017\\\/11\\\/23131777_1545753438848929_6178802669959401542_n.jpg\",\"contentUrl\":\"https:\\\/\\\/www.copealcoy.es\\\/wp-content\\\/uploads\\\/2017\\\/11\\\/23131777_1545753438848929_6178802669959401542_n.jpg\",\"width\":960,\"height\":720,\"caption\":\"Dol\u00f3n, Bonig y S\u00e1nchez junto a la alcaldesa de Cocentaina, Mireia Estepa\"},{\"@type\":\"BreadcrumbList\",\"@id\":\"https:\\\/\\\/www.copealcoy.es\\\/es\\\/isabel-bonig-y-cesar-sanchez-visitan-la-fira-de-cocentaina\\\/#breadcrumb\",\"itemListElement\":[{\"@type\":\"ListItem\",\"position\":1,\"name\":\"Portada\",\"item\":\"https:\\\/\\\/www.copealcoy.es\\\/es\\\/\"},{\"@type\":\"ListItem\",\"position\":2,\"name\":\"Isabel Bonig y C\u00e9sar S\u00e1nchez visitan la Fira de Cocentaina\"}]},{\"@type\":\"WebSite\",\"@id\":\"https:\\\/\\\/www.copealcoy.es\\\/es\\\/#website\",\"url\":\"https:\\\/\\\/www.copealcoy.es\\\/es\\\/\",\"name\":\"COPE Alcoy\",\"description\":\"Emisora COPE de radio local con emisi\u00f3n online. Pont de Sant Jordi 8-10 03803 Alcoy\",\"potentialAction\":[{\"@type\":\"SearchAction\",\"target\":{\"@type\":\"EntryPoint\",\"urlTemplate\":\"https:\\\/\\\/www.copealcoy.es\\\/es\\\/?s={search_term_string}\"},\"query-input\":{\"@type\":\"PropertyValueSpecification\",\"valueRequired\":true,\"valueName\":\"search_term_string\"}}],\"inLanguage\":\"es\"},{\"@type\":\"Person\",\"@id\":\"https:\\\/\\\/www.copealcoy.es\\\/es\\\/#\\\/schema\\\/person\\\/e777c87fa024e57d40170af9df39882c\",\"name\":\"Cope Alcoy\",\"image\":{\"@type\":\"ImageObject\",\"inLanguage\":\"es\",\"@id\":\"https:\\\/\\\/secure.gravatar.com\\\/avatar\\\/bb65d0283347e303893ba14f0692005417c1e0e690a325a4c5d8bb2b3943ee14?s=96&d=mm&r=g\",\"url\":\"https:\\\/\\\/secure.gravatar.com\\\/avatar\\\/bb65d0283347e303893ba14f0692005417c1e0e690a325a4c5d8bb2b3943ee14?s=96&d=mm&r=g\",\"contentUrl\":\"https:\\\/\\\/secure.gravatar.com\\\/avatar\\\/bb65d0283347e303893ba14f0692005417c1e0e690a325a4c5d8bb2b3943ee14?s=96&d=mm&r=g\",\"caption\":\"Cope Alcoy\"}}]}<\/script>\n<!-- \/ Yoast SEO plugin. -->","yoast_head_json":{"title":"Isabel Bonig y C\u00e9sar S\u00e1nchez visitan la Fira de Cocentaina - COPE Alcoy","robots":{"index":"index","follow":"follow","max-snippet":"max-snippet:-1","max-image-preview":"max-image-preview:large","max-video-preview":"max-video-preview:-1"},"canonical":"https:\/\/www.copealcoy.es\/es\/isabel-bonig-y-cesar-sanchez-visitan-la-fira-de-cocentaina\/","og_locale":"es_ES","og_type":"article","og_title":"Isabel Bonig y C\u00e9sar S\u00e1nchez visitan la Fira de Cocentaina - COPE Alcoy","og_description":"La Fira de Tots Sants de Cocentaina cont\u00f3 ayer viernes 3 de noviembre con la visita de la l\u00edder\u00a0de los...","og_url":"https:\/\/www.copealcoy.es\/es\/isabel-bonig-y-cesar-sanchez-visitan-la-fira-de-cocentaina\/","og_site_name":"COPE Alcoy","article_published_time":"2017-11-04T01:15:55+00:00","og_image":[{"width":960,"height":720,"url":"https:\/\/www.copealcoy.es\/wp-content\/uploads\/2017\/11\/23131777_1545753438848929_6178802669959401542_n.jpg","type":"image\/jpeg"}],"author":"Cope Alcoy","twitter_misc":{"Escrito por":"Cope Alcoy","Tiempo de lectura":"2 minutos"},"schema":{"@context":"https:\/\/schema.org","@graph":[{"@type":"Article","@id":"https:\/\/www.copealcoy.es\/es\/isabel-bonig-y-cesar-sanchez-visitan-la-fira-de-cocentaina\/#article","isPartOf":{"@id":"https:\/\/www.copealcoy.es\/es\/isabel-bonig-y-cesar-sanchez-visitan-la-fira-de-cocentaina\/"},"author":{"name":"Cope Alcoy","@id":"https:\/\/www.copealcoy.es\/es\/#\/schema\/person\/e777c87fa024e57d40170af9df39882c"},"headline":"Isabel Bonig y C\u00e9sar S\u00e1nchez visitan la Fira de Cocentaina","datePublished":"2017-11-04T01:15:55+00:00","mainEntityOfPage":{"@id":"https:\/\/www.copealcoy.es\/es\/isabel-bonig-y-cesar-sanchez-visitan-la-fira-de-cocentaina\/"},"wordCount":430,"commentCount":0,"image":{"@id":"https:\/\/www.copealcoy.es\/es\/isabel-bonig-y-cesar-sanchez-visitan-la-fira-de-cocentaina\/#primaryimage"},"thumbnailUrl":"https:\/\/www.copealcoy.es\/wp-content\/uploads\/2017\/11\/23131777_1545753438848929_6178802669959401542_n.jpg","keywords":["C\u00e9sar S\u00e1nchez","Cocentaina","Comtat","Fira de Tots Sants","Isabel Bonig"],"articleSection":["Comarcas","Noticias"],"inLanguage":"es"},{"@type":"WebPage","@id":"https:\/\/www.copealcoy.es\/es\/isabel-bonig-y-cesar-sanchez-visitan-la-fira-de-cocentaina\/","url":"https:\/\/www.copealcoy.es\/es\/isabel-bonig-y-cesar-sanchez-visitan-la-fira-de-cocentaina\/","name":"Isabel Bonig y C\u00e9sar S\u00e1nchez visitan la Fira de Cocentaina - COPE Alcoy","isPartOf":{"@id":"https:\/\/www.copealcoy.es\/es\/#website"},"primaryImageOfPage":{"@id":"https:\/\/www.copealcoy.es\/es\/isabel-bonig-y-cesar-sanchez-visitan-la-fira-de-cocentaina\/#primaryimage"},"image":{"@id":"https:\/\/www.copealcoy.es\/es\/isabel-bonig-y-cesar-sanchez-visitan-la-fira-de-cocentaina\/#primaryimage"},"thumbnailUrl":"https:\/\/www.copealcoy.es\/wp-content\/uploads\/2017\/11\/23131777_1545753438848929_6178802669959401542_n.jpg","datePublished":"2017-11-04T01:15:55+00:00","author":{"@id":"https:\/\/www.copealcoy.es\/es\/#\/schema\/person\/e777c87fa024e57d40170af9df39882c"},"breadcrumb":{"@id":"https:\/\/www.copealcoy.es\/es\/isabel-bonig-y-cesar-sanchez-visitan-la-fira-de-cocentaina\/#breadcrumb"},"inLanguage":"es","potentialAction":[{"@type":"ReadAction","target":["https:\/\/www.copealcoy.es\/es\/isabel-bonig-y-cesar-sanchez-visitan-la-fira-de-cocentaina\/"]}]},{"@type":"ImageObject","inLanguage":"es","@id":"https:\/\/www.copealcoy.es\/es\/isabel-bonig-y-cesar-sanchez-visitan-la-fira-de-cocentaina\/#primaryimage","url":"https:\/\/www.copealcoy.es\/wp-content\/uploads\/2017\/11\/23131777_1545753438848929_6178802669959401542_n.jpg","contentUrl":"https:\/\/www.copealcoy.es\/wp-content\/uploads\/2017\/11\/23131777_1545753438848929_6178802669959401542_n.jpg","width":960,"height":720,"caption":"Dol\u00f3n, Bonig y S\u00e1nchez junto a la alcaldesa de Cocentaina, Mireia Estepa"},{"@type":"BreadcrumbList","@id":"https:\/\/www.copealcoy.es\/es\/isabel-bonig-y-cesar-sanchez-visitan-la-fira-de-cocentaina\/#breadcrumb","itemListElement":[{"@type":"ListItem","position":1,"name":"Portada","item":"https:\/\/www.copealcoy.es\/es\/"},{"@type":"ListItem","position":2,"name":"Isabel Bonig y C\u00e9sar S\u00e1nchez visitan la Fira de Cocentaina"}]},{"@type":"WebSite","@id":"https:\/\/www.copealcoy.es\/es\/#website","url":"https:\/\/www.copealcoy.es\/es\/","name":"COPE Alcoy","description":"Emisora COPE de radio local con emisi\u00f3n online. Pont de Sant Jordi 8-10 03803 Alcoy","potentialAction":[{"@type":"SearchAction","target":{"@type":"EntryPoint","urlTemplate":"https:\/\/www.copealcoy.es\/es\/?s={search_term_string}"},"query-input":{"@type":"PropertyValueSpecification","valueRequired":true,"valueName":"search_term_string"}}],"inLanguage":"es"},{"@type":"Person","@id":"https:\/\/www.copealcoy.es\/es\/#\/schema\/person\/e777c87fa024e57d40170af9df39882c","name":"Cope Alcoy","image":{"@type":"ImageObject","inLanguage":"es","@id":"https:\/\/secure.gravatar.com\/avatar\/bb65d0283347e303893ba14f0692005417c1e0e690a325a4c5d8bb2b3943ee14?s=96&d=mm&r=g","url":"https:\/\/secure.gravatar.com\/avatar\/bb65d0283347e303893ba14f0692005417c1e0e690a325a4c5d8bb2b3943ee14?s=96&d=mm&r=g","contentUrl":"https:\/\/secure.gravatar.com\/avatar\/bb65d0283347e303893ba14f0692005417c1e0e690a325a4c5d8bb2b3943ee14?s=96&d=mm&r=g","caption":"Cope Alcoy"}}]}},"_links":{"self":[{"href":"https:\/\/www.copealcoy.es\/es\/wp-json\/wp\/v2\/posts\/36366","targetHints":{"allow":["GET"]}}],"collection":[{"href":"https:\/\/www.copealcoy.es\/es\/wp-json\/wp\/v2\/posts"}],"about":[{"href":"https:\/\/www.copealcoy.es\/es\/wp-json\/wp\/v2\/types\/post"}],"author":[{"embeddable":true,"href":"https:\/\/www.copealcoy.es\/es\/wp-json\/wp\/v2\/users\/1"}],"replies":[{"embeddable":true,"href":"https:\/\/www.copealcoy.es\/es\/wp-json\/wp\/v2\/comments?post=36366"}],"version-history":[{"count":0,"href":"https:\/\/www.copealcoy.es\/es\/wp-json\/wp\/v2\/posts\/36366\/revisions"}],"wp:featuredmedia":[{"embeddable":true,"href":"https:\/\/www.copealcoy.es\/es\/wp-json\/wp\/v2\/media\/36367"}],"wp:attachment":[{"href":"https:\/\/www.copealcoy.es\/es\/wp-json\/wp\/v2\/media?parent=36366"}],"wp:term":[{"taxonomy":"category","embeddable":true,"href":"https:\/\/www.copealcoy.es\/es\/wp-json\/wp\/v2\/categories?post=36366"},{"taxonomy":"post_tag","embeddable":true,"href":"https:\/\/www.copealcoy.es\/es\/wp-json\/wp\/v2\/tags?post=36366"}],"curies":[{"name":"wp","href":"https:\/\/api.w.org\/{rel}","templated":true}]}}