{"id":36204,"date":"2017-10-27T15:49:45","date_gmt":"2017-10-27T15:49:45","guid":{"rendered":"http:\/\/copealcoi.es\/new\/?p=36204"},"modified":"2017-10-27T16:36:58","modified_gmt":"2017-10-27T16:36:58","slug":"unas-jornadas-analizaran-como-afecta-el-cambio-climatico-a-la-font-roja","status":"publish","type":"post","link":"https:\/\/www.copealcoy.es\/es\/unas-jornadas-analizaran-como-afecta-el-cambio-climatico-a-la-font-roja\/","title":{"rendered":"Unas jornadas analizar\u00e1n c\u00f3mo afecta el Cambio Clim\u00e1tico a la Font Roja"},"content":{"rendered":"<p style=\"text-align: justify;\">El edificio <strong>Font Roja Natura<\/strong> acoger\u00e1 <strong>entre el 3 y el 5 de noviembre<\/strong> unas jornadas en las que <strong>participar\u00e1n m\u00e1s de cuarenta cient\u00edficos<\/strong> para analizar <strong>los efectos que el cambio clim\u00e1tico<\/strong> puede tener sobre nuestro Parque Natural. Para ello se llevar\u00e1n a cabo <strong>diferentes ponencias y conferencias<\/strong> en las que participar\u00e1n t\u00e9cnicos de las Universidades de Alicante, Alcal\u00e1 de Henares y Polit\u00e9cnica de Valencia as\u00ed como de la Conseller\u00eda de Medio Ambiente.<\/p>\n<p style=\"text-align: justify;\">Las III jornadas cient\u00edficas tambi\u00e9n <strong>incluir\u00e1n las presentaci\u00f3n de la revista\u00a0<\/strong><em><strong>Iberis<\/strong>, <\/em>actividades y trabajos de campo por el entorno del Parque Natural y<strong> una excursi\u00f3n por la Font Roja<\/strong> para descubrir todo lo que ofrece en esta \u00e9poca del a\u00f1o. De igual forma se pondr\u00e1n sobre la mesa<strong> resultados sobre las diferentes investigaciones<\/strong> que se realizan en todos los \u00e1mbitos de la Font Roja y se dar\u00e1n a conocer a trav\u00e9s de cortas presentaciones.<\/p>\n<p style=\"text-align: justify;\">Las jornadas han sido presentadas este viernes por la ma\u00f1ana por el director del propio Parque Natural, <strong>Salvador Palop<\/strong>, el profesor de la Universidad de Alicante, <strong>Andreu Monet<\/strong>, y los concejales de Medio Ambiente en Alcoy y en Ibi, <strong>Jordi Mart\u00ednez y Santi C\u00f3zar<\/strong>.<\/p>\n<p><iframe loading=\"lazy\" title=\"RP - III Jornades cient\u00edfiques del Parc Natural de la Font Roja (27\/10\/2017)\" width=\"1200\" height=\"675\" src=\"https:\/\/www.youtube.com\/embed\/ncLx3mI0nKI?feature=oembed\" frameborder=\"0\" allow=\"accelerometer; autoplay; encrypted-media; gyroscope; picture-in-picture\" allowfullscreen><\/iframe><\/p>\n","protected":false},"excerpt":{"rendered":"<p>El edificio Font Roja Natura acoger\u00e1 entre el 3 y el 5 de noviembre unas jornadas en las que participar\u00e1n&#8230;<\/p>\n","protected":false},"author":1,"featured_media":36205,"comment_status":"open","ping_status":"open","sticky":false,"template":"","format":"standard","meta":{"footnotes":""},"categories":[97,75,125],"tags":[1494,437,474,927,717,384,3767,4815],"class_list":["post-36204","post","type-post","status-publish","format-standard","has-post-thumbnail","hentry","category-alcoy","category-noticias","category-portada","tag-alcoy","tag-font-roja","tag-ibi","tag-jordi-martinez","tag-jornadas","tag-medio-ambiente","tag-parque-natural","tag-salvador-palop"],"yoast_head":"<!-- This site is optimized with the Yoast SEO plugin v27.3 - https:\/\/yoast.com\/product\/yoast-seo-wordpress\/ -->\n<title>Unas jornadas analizar\u00e1n c\u00f3mo afecta el Cambio Clim\u00e1tico a la Font Roja - COPE Alcoy<\/title>\n<meta name=\"robots\" content=\"index, follow, max-snippet:-1, max-image-preview:large, max-video-preview:-1\" \/>\n<link rel=\"canonical\" href=\"https:\/\/www.copealcoy.es\/es\/unas-jornadas-analizaran-como-afecta-el-cambio-climatico-a-la-font-roja\/\" \/>\n<meta property=\"og:locale\" content=\"es_ES\" \/>\n<meta property=\"og:type\" content=\"article\" \/>\n<meta property=\"og:title\" content=\"Unas jornadas analizar\u00e1n c\u00f3mo afecta el Cambio Clim\u00e1tico a la Font Roja - COPE Alcoy\" \/>\n<meta property=\"og:description\" content=\"El edificio Font Roja Natura acoger\u00e1 entre el 3 y el 5 de noviembre unas jornadas en las que participar\u00e1n...\" \/>\n<meta property=\"og:url\" content=\"https:\/\/www.copealcoy.es\/es\/unas-jornadas-analizaran-como-afecta-el-cambio-climatico-a-la-font-roja\/\" \/>\n<meta property=\"og:site_name\" content=\"COPE Alcoy\" \/>\n<meta property=\"article:published_time\" content=\"2017-10-27T15:49:45+00:00\" \/>\n<meta property=\"article:modified_time\" content=\"2017-10-27T16:36:58+00:00\" \/>\n<meta property=\"og:image\" content=\"https:\/\/www.copealcoy.es\/wp-content\/uploads\/2017\/10\/MG_1168-e1509119355283.jpg\" \/>\n\t<meta property=\"og:image:width\" content=\"4261\" \/>\n\t<meta property=\"og:image:height\" content=\"2424\" \/>\n\t<meta property=\"og:image:type\" content=\"image\/jpeg\" \/>\n<meta name=\"author\" content=\"Cope Alcoy\" \/>\n<meta name=\"twitter:label1\" content=\"Escrito por\" \/>\n\t<meta name=\"twitter:data1\" content=\"Cope Alcoy\" \/>\n\t<meta name=\"twitter:label2\" content=\"Tiempo de lectura\" \/>\n\t<meta name=\"twitter:data2\" content=\"1 minuto\" \/>\n<script type=\"application\/ld+json\" class=\"yoast-schema-graph\">{\"@context\":\"https:\\\/\\\/schema.org\",\"@graph\":[{\"@type\":\"Article\",\"@id\":\"https:\\\/\\\/www.copealcoy.es\\\/es\\\/unas-jornadas-analizaran-como-afecta-el-cambio-climatico-a-la-font-roja\\\/#article\",\"isPartOf\":{\"@id\":\"https:\\\/\\\/www.copealcoy.es\\\/es\\\/unas-jornadas-analizaran-como-afecta-el-cambio-climatico-a-la-font-roja\\\/\"},\"author\":{\"name\":\"Cope Alcoy\",\"@id\":\"https:\\\/\\\/www.copealcoy.es\\\/es\\\/#\\\/schema\\\/person\\\/e777c87fa024e57d40170af9df39882c\"},\"headline\":\"Unas jornadas analizar\u00e1n c\u00f3mo afecta el Cambio Clim\u00e1tico a la Font Roja\",\"datePublished\":\"2017-10-27T15:49:45+00:00\",\"dateModified\":\"2017-10-27T16:36:58+00:00\",\"mainEntityOfPage\":{\"@id\":\"https:\\\/\\\/www.copealcoy.es\\\/es\\\/unas-jornadas-analizaran-como-afecta-el-cambio-climatico-a-la-font-roja\\\/\"},\"wordCount\":235,\"commentCount\":0,\"image\":{\"@id\":\"https:\\\/\\\/www.copealcoy.es\\\/es\\\/unas-jornadas-analizaran-como-afecta-el-cambio-climatico-a-la-font-roja\\\/#primaryimage\"},\"thumbnailUrl\":\"https:\\\/\\\/www.copealcoy.es\\\/wp-content\\\/uploads\\\/2017\\\/10\\\/MG_1168-e1509119355283.jpg\",\"keywords\":[\"Alcoy\",\"Font Roja\",\"Ibi\",\"Jordi Mart\u00ednez\",\"Jornadas\",\"Medio Ambiente\",\"Parque Natural\",\"Salvador Palop\"],\"articleSection\":[\"Alcoy\",\"Noticias\",\"Portada\"],\"inLanguage\":\"es\"},{\"@type\":\"WebPage\",\"@id\":\"https:\\\/\\\/www.copealcoy.es\\\/es\\\/unas-jornadas-analizaran-como-afecta-el-cambio-climatico-a-la-font-roja\\\/\",\"url\":\"https:\\\/\\\/www.copealcoy.es\\\/es\\\/unas-jornadas-analizaran-como-afecta-el-cambio-climatico-a-la-font-roja\\\/\",\"name\":\"Unas jornadas analizar\u00e1n c\u00f3mo afecta el Cambio Clim\u00e1tico a la Font Roja - COPE Alcoy\",\"isPartOf\":{\"@id\":\"https:\\\/\\\/www.copealcoy.es\\\/es\\\/#website\"},\"primaryImageOfPage\":{\"@id\":\"https:\\\/\\\/www.copealcoy.es\\\/es\\\/unas-jornadas-analizaran-como-afecta-el-cambio-climatico-a-la-font-roja\\\/#primaryimage\"},\"image\":{\"@id\":\"https:\\\/\\\/www.copealcoy.es\\\/es\\\/unas-jornadas-analizaran-como-afecta-el-cambio-climatico-a-la-font-roja\\\/#primaryimage\"},\"thumbnailUrl\":\"https:\\\/\\\/www.copealcoy.es\\\/wp-content\\\/uploads\\\/2017\\\/10\\\/MG_1168-e1509119355283.jpg\",\"datePublished\":\"2017-10-27T15:49:45+00:00\",\"dateModified\":\"2017-10-27T16:36:58+00:00\",\"author\":{\"@id\":\"https:\\\/\\\/www.copealcoy.es\\\/es\\\/#\\\/schema\\\/person\\\/e777c87fa024e57d40170af9df39882c\"},\"breadcrumb\":{\"@id\":\"https:\\\/\\\/www.copealcoy.es\\\/es\\\/unas-jornadas-analizaran-como-afecta-el-cambio-climatico-a-la-font-roja\\\/#breadcrumb\"},\"inLanguage\":\"es\",\"potentialAction\":[{\"@type\":\"ReadAction\",\"target\":[\"https:\\\/\\\/www.copealcoy.es\\\/es\\\/unas-jornadas-analizaran-como-afecta-el-cambio-climatico-a-la-font-roja\\\/\"]}]},{\"@type\":\"ImageObject\",\"inLanguage\":\"es\",\"@id\":\"https:\\\/\\\/www.copealcoy.es\\\/es\\\/unas-jornadas-analizaran-como-afecta-el-cambio-climatico-a-la-font-roja\\\/#primaryimage\",\"url\":\"https:\\\/\\\/www.copealcoy.es\\\/wp-content\\\/uploads\\\/2017\\\/10\\\/MG_1168-e1509119355283.jpg\",\"contentUrl\":\"https:\\\/\\\/www.copealcoy.es\\\/wp-content\\\/uploads\\\/2017\\\/10\\\/MG_1168-e1509119355283.jpg\",\"width\":4261,\"height\":2424},{\"@type\":\"BreadcrumbList\",\"@id\":\"https:\\\/\\\/www.copealcoy.es\\\/es\\\/unas-jornadas-analizaran-como-afecta-el-cambio-climatico-a-la-font-roja\\\/#breadcrumb\",\"itemListElement\":[{\"@type\":\"ListItem\",\"position\":1,\"name\":\"Portada\",\"item\":\"https:\\\/\\\/www.copealcoy.es\\\/es\\\/\"},{\"@type\":\"ListItem\",\"position\":2,\"name\":\"Unas jornadas analizar\u00e1n c\u00f3mo afecta el Cambio Clim\u00e1tico a la Font Roja\"}]},{\"@type\":\"WebSite\",\"@id\":\"https:\\\/\\\/www.copealcoy.es\\\/es\\\/#website\",\"url\":\"https:\\\/\\\/www.copealcoy.es\\\/es\\\/\",\"name\":\"COPE Alcoy\",\"description\":\"Emisora COPE de radio local con emisi\u00f3n online. Pont de Sant Jordi 8-10 03803 Alcoy\",\"potentialAction\":[{\"@type\":\"SearchAction\",\"target\":{\"@type\":\"EntryPoint\",\"urlTemplate\":\"https:\\\/\\\/www.copealcoy.es\\\/es\\\/?s={search_term_string}\"},\"query-input\":{\"@type\":\"PropertyValueSpecification\",\"valueRequired\":true,\"valueName\":\"search_term_string\"}}],\"inLanguage\":\"es\"},{\"@type\":\"Person\",\"@id\":\"https:\\\/\\\/www.copealcoy.es\\\/es\\\/#\\\/schema\\\/person\\\/e777c87fa024e57d40170af9df39882c\",\"name\":\"Cope Alcoy\",\"image\":{\"@type\":\"ImageObject\",\"inLanguage\":\"es\",\"@id\":\"https:\\\/\\\/secure.gravatar.com\\\/avatar\\\/bb65d0283347e303893ba14f0692005417c1e0e690a325a4c5d8bb2b3943ee14?s=96&d=mm&r=g\",\"url\":\"https:\\\/\\\/secure.gravatar.com\\\/avatar\\\/bb65d0283347e303893ba14f0692005417c1e0e690a325a4c5d8bb2b3943ee14?s=96&d=mm&r=g\",\"contentUrl\":\"https:\\\/\\\/secure.gravatar.com\\\/avatar\\\/bb65d0283347e303893ba14f0692005417c1e0e690a325a4c5d8bb2b3943ee14?s=96&d=mm&r=g\",\"caption\":\"Cope Alcoy\"}}]}<\/script>\n<!-- \/ Yoast SEO plugin. -->","yoast_head_json":{"title":"Unas jornadas analizar\u00e1n c\u00f3mo afecta el Cambio Clim\u00e1tico a la Font Roja - COPE Alcoy","robots":{"index":"index","follow":"follow","max-snippet":"max-snippet:-1","max-image-preview":"max-image-preview:large","max-video-preview":"max-video-preview:-1"},"canonical":"https:\/\/www.copealcoy.es\/es\/unas-jornadas-analizaran-como-afecta-el-cambio-climatico-a-la-font-roja\/","og_locale":"es_ES","og_type":"article","og_title":"Unas jornadas analizar\u00e1n c\u00f3mo afecta el Cambio Clim\u00e1tico a la Font Roja - COPE Alcoy","og_description":"El edificio Font Roja Natura acoger\u00e1 entre el 3 y el 5 de noviembre unas jornadas en las que participar\u00e1n...","og_url":"https:\/\/www.copealcoy.es\/es\/unas-jornadas-analizaran-como-afecta-el-cambio-climatico-a-la-font-roja\/","og_site_name":"COPE Alcoy","article_published_time":"2017-10-27T15:49:45+00:00","article_modified_time":"2017-10-27T16:36:58+00:00","og_image":[{"width":4261,"height":2424,"url":"https:\/\/www.copealcoy.es\/wp-content\/uploads\/2017\/10\/MG_1168-e1509119355283.jpg","type":"image\/jpeg"}],"author":"Cope Alcoy","twitter_misc":{"Escrito por":"Cope Alcoy","Tiempo de lectura":"1 minuto"},"schema":{"@context":"https:\/\/schema.org","@graph":[{"@type":"Article","@id":"https:\/\/www.copealcoy.es\/es\/unas-jornadas-analizaran-como-afecta-el-cambio-climatico-a-la-font-roja\/#article","isPartOf":{"@id":"https:\/\/www.copealcoy.es\/es\/unas-jornadas-analizaran-como-afecta-el-cambio-climatico-a-la-font-roja\/"},"author":{"name":"Cope Alcoy","@id":"https:\/\/www.copealcoy.es\/es\/#\/schema\/person\/e777c87fa024e57d40170af9df39882c"},"headline":"Unas jornadas analizar\u00e1n c\u00f3mo afecta el Cambio Clim\u00e1tico a la Font Roja","datePublished":"2017-10-27T15:49:45+00:00","dateModified":"2017-10-27T16:36:58+00:00","mainEntityOfPage":{"@id":"https:\/\/www.copealcoy.es\/es\/unas-jornadas-analizaran-como-afecta-el-cambio-climatico-a-la-font-roja\/"},"wordCount":235,"commentCount":0,"image":{"@id":"https:\/\/www.copealcoy.es\/es\/unas-jornadas-analizaran-como-afecta-el-cambio-climatico-a-la-font-roja\/#primaryimage"},"thumbnailUrl":"https:\/\/www.copealcoy.es\/wp-content\/uploads\/2017\/10\/MG_1168-e1509119355283.jpg","keywords":["Alcoy","Font Roja","Ibi","Jordi Mart\u00ednez","Jornadas","Medio Ambiente","Parque Natural","Salvador Palop"],"articleSection":["Alcoy","Noticias","Portada"],"inLanguage":"es"},{"@type":"WebPage","@id":"https:\/\/www.copealcoy.es\/es\/unas-jornadas-analizaran-como-afecta-el-cambio-climatico-a-la-font-roja\/","url":"https:\/\/www.copealcoy.es\/es\/unas-jornadas-analizaran-como-afecta-el-cambio-climatico-a-la-font-roja\/","name":"Unas jornadas analizar\u00e1n c\u00f3mo afecta el Cambio Clim\u00e1tico a la Font Roja - COPE Alcoy","isPartOf":{"@id":"https:\/\/www.copealcoy.es\/es\/#website"},"primaryImageOfPage":{"@id":"https:\/\/www.copealcoy.es\/es\/unas-jornadas-analizaran-como-afecta-el-cambio-climatico-a-la-font-roja\/#primaryimage"},"image":{"@id":"https:\/\/www.copealcoy.es\/es\/unas-jornadas-analizaran-como-afecta-el-cambio-climatico-a-la-font-roja\/#primaryimage"},"thumbnailUrl":"https:\/\/www.copealcoy.es\/wp-content\/uploads\/2017\/10\/MG_1168-e1509119355283.jpg","datePublished":"2017-10-27T15:49:45+00:00","dateModified":"2017-10-27T16:36:58+00:00","author":{"@id":"https:\/\/www.copealcoy.es\/es\/#\/schema\/person\/e777c87fa024e57d40170af9df39882c"},"breadcrumb":{"@id":"https:\/\/www.copealcoy.es\/es\/unas-jornadas-analizaran-como-afecta-el-cambio-climatico-a-la-font-roja\/#breadcrumb"},"inLanguage":"es","potentialAction":[{"@type":"ReadAction","target":["https:\/\/www.copealcoy.es\/es\/unas-jornadas-analizaran-como-afecta-el-cambio-climatico-a-la-font-roja\/"]}]},{"@type":"ImageObject","inLanguage":"es","@id":"https:\/\/www.copealcoy.es\/es\/unas-jornadas-analizaran-como-afecta-el-cambio-climatico-a-la-font-roja\/#primaryimage","url":"https:\/\/www.copealcoy.es\/wp-content\/uploads\/2017\/10\/MG_1168-e1509119355283.jpg","contentUrl":"https:\/\/www.copealcoy.es\/wp-content\/uploads\/2017\/10\/MG_1168-e1509119355283.jpg","width":4261,"height":2424},{"@type":"BreadcrumbList","@id":"https:\/\/www.copealcoy.es\/es\/unas-jornadas-analizaran-como-afecta-el-cambio-climatico-a-la-font-roja\/#breadcrumb","itemListElement":[{"@type":"ListItem","position":1,"name":"Portada","item":"https:\/\/www.copealcoy.es\/es\/"},{"@type":"ListItem","position":2,"name":"Unas jornadas analizar\u00e1n c\u00f3mo afecta el Cambio Clim\u00e1tico a la Font Roja"}]},{"@type":"WebSite","@id":"https:\/\/www.copealcoy.es\/es\/#website","url":"https:\/\/www.copealcoy.es\/es\/","name":"COPE Alcoy","description":"Emisora COPE de radio local con emisi\u00f3n online. Pont de Sant Jordi 8-10 03803 Alcoy","potentialAction":[{"@type":"SearchAction","target":{"@type":"EntryPoint","urlTemplate":"https:\/\/www.copealcoy.es\/es\/?s={search_term_string}"},"query-input":{"@type":"PropertyValueSpecification","valueRequired":true,"valueName":"search_term_string"}}],"inLanguage":"es"},{"@type":"Person","@id":"https:\/\/www.copealcoy.es\/es\/#\/schema\/person\/e777c87fa024e57d40170af9df39882c","name":"Cope Alcoy","image":{"@type":"ImageObject","inLanguage":"es","@id":"https:\/\/secure.gravatar.com\/avatar\/bb65d0283347e303893ba14f0692005417c1e0e690a325a4c5d8bb2b3943ee14?s=96&d=mm&r=g","url":"https:\/\/secure.gravatar.com\/avatar\/bb65d0283347e303893ba14f0692005417c1e0e690a325a4c5d8bb2b3943ee14?s=96&d=mm&r=g","contentUrl":"https:\/\/secure.gravatar.com\/avatar\/bb65d0283347e303893ba14f0692005417c1e0e690a325a4c5d8bb2b3943ee14?s=96&d=mm&r=g","caption":"Cope Alcoy"}}]}},"_links":{"self":[{"href":"https:\/\/www.copealcoy.es\/es\/wp-json\/wp\/v2\/posts\/36204","targetHints":{"allow":["GET"]}}],"collection":[{"href":"https:\/\/www.copealcoy.es\/es\/wp-json\/wp\/v2\/posts"}],"about":[{"href":"https:\/\/www.copealcoy.es\/es\/wp-json\/wp\/v2\/types\/post"}],"author":[{"embeddable":true,"href":"https:\/\/www.copealcoy.es\/es\/wp-json\/wp\/v2\/users\/1"}],"replies":[{"embeddable":true,"href":"https:\/\/www.copealcoy.es\/es\/wp-json\/wp\/v2\/comments?post=36204"}],"version-history":[{"count":0,"href":"https:\/\/www.copealcoy.es\/es\/wp-json\/wp\/v2\/posts\/36204\/revisions"}],"wp:featuredmedia":[{"embeddable":true,"href":"https:\/\/www.copealcoy.es\/es\/wp-json\/wp\/v2\/media\/36205"}],"wp:attachment":[{"href":"https:\/\/www.copealcoy.es\/es\/wp-json\/wp\/v2\/media?parent=36204"}],"wp:term":[{"taxonomy":"category","embeddable":true,"href":"https:\/\/www.copealcoy.es\/es\/wp-json\/wp\/v2\/categories?post=36204"},{"taxonomy":"post_tag","embeddable":true,"href":"https:\/\/www.copealcoy.es\/es\/wp-json\/wp\/v2\/tags?post=36204"}],"curies":[{"name":"wp","href":"https:\/\/api.w.org\/{rel}","templated":true}]}}