{"id":36139,"date":"2017-10-25T17:02:52","date_gmt":"2017-10-25T17:02:52","guid":{"rendered":"http:\/\/copealcoi.es\/new\/?p=36139"},"modified":"2017-10-25T17:05:53","modified_gmt":"2017-10-25T17:05:53","slug":"adjudicados-los-trabajos-para-cambiar-la-iluminacion-de-los-poligonos","status":"publish","type":"post","link":"https:\/\/www.copealcoy.es\/es\/adjudicados-los-trabajos-para-cambiar-la-iluminacion-de-los-poligonos\/","title":{"rendered":"Adjudicados los trabajos para cambiar la iluminaci\u00f3n de los Pol\u00edgonos"},"content":{"rendered":"<p style=\"text-align: justify;\">El Ayuntamiento de Alcoy\u00a0<strong>ha adjudicado el proyecto para la sustituci\u00f3n del alumbrado de los pol\u00edgonos industriales<\/strong> de la ciudad. La actuaci\u00f3n,\u00a0que cuenta con un presupuesto de <strong>362.303 euros<\/strong>, permitir\u00e1 ejecutar <strong>el cambio de un total de 521 luminarias de tecnolog\u00eda LED<\/strong> en Cotes Baixes, el Castellar, la Beniata y el Santiago Pay\u00e1. La medida, seg\u00fan insisten desde el Consistorio, <strong>supondr\u00e1 un ahorro energ\u00e9tico de 274.113 kilovatios al a\u00f1o<\/strong>. Adem\u00e1s se instalar\u00e1n en todas las \u00e1reas industriales\u00a0<strong>sistemas de telegesti\u00f3n y detectores de presencia<\/strong> en las farolas de los cruces. De igual forma <strong>habr\u00e1 farolas en los pasos de peatones con detectores<\/strong> que permitir\u00e1n unos mayores o menores niveles de intensidad lum\u00ednica en funci\u00f3n de si hay presencia de veh\u00edculos o peatones.<\/p>\n<p style=\"text-align: justify;\">Manolo Gomicia,<strong> concejal de Urbanismo en el Ayuntamiento de Alcoy<\/strong>, explica que en breve tambi\u00e9n <strong>se adjudicar\u00e1 una actuaci\u00f3n similar en el \u00e1rea de Cotes Altes<\/strong> para cambiar 117 luminarias &#8220;<em>seguimos apostando por convertir las \u00e1reas industriales alcoyanas en el lugar que merecen nuestras empresas, en este caso, de la mano de la sostenibilidad y el ahorro energ\u00e9tico. En apenas pocos meses, estamos ejecutando muchos proyectos a un ritmo fren\u00e9tico, no podemos olvidar que somos la ciudad valenciana que m\u00e1s inversi\u00f3n para la mejora de \u00e1reas industriales va a realizar demostrando la importancia de Alcoy en el mapa industrial de la Comunitat Valenciana y de Espa\u00f1a<\/em>&#8220;, afirma el edil.<\/p>\n<p style=\"text-align: justify;\">Recordar que el Ayuntamiento de Alcoy tiene que ejecutar antes de finales de a\u00f1o <strong>la mejora de los Pol\u00edgonos industriales de Alcoy<\/strong> por un importe de 3,2 millones de euros de los cuales 2.076.124 euros los aporta el IVACE y 1.122.243 euros, el Consistorio.<\/p>\n<p>&nbsp;<\/p>\n","protected":false},"excerpt":{"rendered":"<p>El Ayuntamiento de Alcoy\u00a0ha adjudicado el proyecto para la sustituci\u00f3n del alumbrado de los pol\u00edgonos industriales de la ciudad. La&#8230;<\/p>\n","protected":false},"author":1,"featured_media":36140,"comment_status":"open","ping_status":"open","sticky":false,"template":"","format":"standard","meta":{"footnotes":""},"categories":[97,75,125],"tags":[1494,197,1871,1469],"class_list":["post-36139","post","type-post","status-publish","format-standard","has-post-thumbnail","hentry","category-alcoy","category-noticias","category-portada","tag-alcoy","tag-iluminacion","tag-manolo-gomicia","tag-poligonos-industriales"],"yoast_head":"<!-- This site is optimized with the Yoast SEO plugin v27.3 - https:\/\/yoast.com\/product\/yoast-seo-wordpress\/ -->\n<title>Adjudicados los trabajos para cambiar la iluminaci\u00f3n de los Pol\u00edgonos - COPE Alcoy<\/title>\n<meta name=\"robots\" content=\"index, follow, max-snippet:-1, max-image-preview:large, max-video-preview:-1\" \/>\n<link rel=\"canonical\" href=\"https:\/\/www.copealcoy.es\/es\/adjudicados-los-trabajos-para-cambiar-la-iluminacion-de-los-poligonos\/\" \/>\n<meta property=\"og:locale\" content=\"es_ES\" \/>\n<meta property=\"og:type\" content=\"article\" \/>\n<meta property=\"og:title\" content=\"Adjudicados los trabajos para cambiar la iluminaci\u00f3n de los Pol\u00edgonos - COPE Alcoy\" \/>\n<meta property=\"og:description\" content=\"El Ayuntamiento de Alcoy\u00a0ha adjudicado el proyecto para la sustituci\u00f3n del alumbrado de los pol\u00edgonos industriales de la ciudad. La...\" \/>\n<meta property=\"og:url\" content=\"https:\/\/www.copealcoy.es\/es\/adjudicados-los-trabajos-para-cambiar-la-iluminacion-de-los-poligonos\/\" \/>\n<meta property=\"og:site_name\" content=\"COPE Alcoy\" \/>\n<meta property=\"article:published_time\" content=\"2017-10-25T17:02:52+00:00\" \/>\n<meta property=\"article:modified_time\" content=\"2017-10-25T17:05:53+00:00\" \/>\n<meta property=\"og:image\" content=\"https:\/\/www.copealcoy.es\/wp-content\/uploads\/2017\/10\/Cotes-Baixes-1024x576.jpg\" \/>\n\t<meta property=\"og:image:width\" content=\"1024\" \/>\n\t<meta property=\"og:image:height\" content=\"576\" \/>\n\t<meta property=\"og:image:type\" content=\"image\/jpeg\" \/>\n<meta name=\"author\" content=\"Cope Alcoy\" \/>\n<meta name=\"twitter:label1\" content=\"Escrito por\" \/>\n\t<meta name=\"twitter:data1\" content=\"Cope Alcoy\" \/>\n\t<meta name=\"twitter:label2\" content=\"Tiempo de lectura\" \/>\n\t<meta name=\"twitter:data2\" content=\"1 minuto\" \/>\n<script type=\"application\/ld+json\" class=\"yoast-schema-graph\">{\"@context\":\"https:\\\/\\\/schema.org\",\"@graph\":[{\"@type\":\"Article\",\"@id\":\"https:\\\/\\\/www.copealcoy.es\\\/es\\\/adjudicados-los-trabajos-para-cambiar-la-iluminacion-de-los-poligonos\\\/#article\",\"isPartOf\":{\"@id\":\"https:\\\/\\\/www.copealcoy.es\\\/es\\\/adjudicados-los-trabajos-para-cambiar-la-iluminacion-de-los-poligonos\\\/\"},\"author\":{\"name\":\"Cope Alcoy\",\"@id\":\"https:\\\/\\\/www.copealcoy.es\\\/es\\\/#\\\/schema\\\/person\\\/e777c87fa024e57d40170af9df39882c\"},\"headline\":\"Adjudicados los trabajos para cambiar la iluminaci\u00f3n de los Pol\u00edgonos\",\"datePublished\":\"2017-10-25T17:02:52+00:00\",\"dateModified\":\"2017-10-25T17:05:53+00:00\",\"mainEntityOfPage\":{\"@id\":\"https:\\\/\\\/www.copealcoy.es\\\/es\\\/adjudicados-los-trabajos-para-cambiar-la-iluminacion-de-los-poligonos\\\/\"},\"wordCount\":305,\"commentCount\":0,\"image\":{\"@id\":\"https:\\\/\\\/www.copealcoy.es\\\/es\\\/adjudicados-los-trabajos-para-cambiar-la-iluminacion-de-los-poligonos\\\/#primaryimage\"},\"thumbnailUrl\":\"https:\\\/\\\/www.copealcoy.es\\\/wp-content\\\/uploads\\\/2017\\\/10\\\/Cotes-Baixes.jpg\",\"keywords\":[\"Alcoy\",\"Iluminaci\u00f3n\",\"Manolo Gomicia\",\"Pol\u00edgonos Industriales\"],\"articleSection\":[\"Alcoy\",\"Noticias\",\"Portada\"],\"inLanguage\":\"es\"},{\"@type\":\"WebPage\",\"@id\":\"https:\\\/\\\/www.copealcoy.es\\\/es\\\/adjudicados-los-trabajos-para-cambiar-la-iluminacion-de-los-poligonos\\\/\",\"url\":\"https:\\\/\\\/www.copealcoy.es\\\/es\\\/adjudicados-los-trabajos-para-cambiar-la-iluminacion-de-los-poligonos\\\/\",\"name\":\"Adjudicados los trabajos para cambiar la iluminaci\u00f3n de los Pol\u00edgonos - COPE Alcoy\",\"isPartOf\":{\"@id\":\"https:\\\/\\\/www.copealcoy.es\\\/es\\\/#website\"},\"primaryImageOfPage\":{\"@id\":\"https:\\\/\\\/www.copealcoy.es\\\/es\\\/adjudicados-los-trabajos-para-cambiar-la-iluminacion-de-los-poligonos\\\/#primaryimage\"},\"image\":{\"@id\":\"https:\\\/\\\/www.copealcoy.es\\\/es\\\/adjudicados-los-trabajos-para-cambiar-la-iluminacion-de-los-poligonos\\\/#primaryimage\"},\"thumbnailUrl\":\"https:\\\/\\\/www.copealcoy.es\\\/wp-content\\\/uploads\\\/2017\\\/10\\\/Cotes-Baixes.jpg\",\"datePublished\":\"2017-10-25T17:02:52+00:00\",\"dateModified\":\"2017-10-25T17:05:53+00:00\",\"author\":{\"@id\":\"https:\\\/\\\/www.copealcoy.es\\\/es\\\/#\\\/schema\\\/person\\\/e777c87fa024e57d40170af9df39882c\"},\"breadcrumb\":{\"@id\":\"https:\\\/\\\/www.copealcoy.es\\\/es\\\/adjudicados-los-trabajos-para-cambiar-la-iluminacion-de-los-poligonos\\\/#breadcrumb\"},\"inLanguage\":\"es\",\"potentialAction\":[{\"@type\":\"ReadAction\",\"target\":[\"https:\\\/\\\/www.copealcoy.es\\\/es\\\/adjudicados-los-trabajos-para-cambiar-la-iluminacion-de-los-poligonos\\\/\"]}]},{\"@type\":\"ImageObject\",\"inLanguage\":\"es\",\"@id\":\"https:\\\/\\\/www.copealcoy.es\\\/es\\\/adjudicados-los-trabajos-para-cambiar-la-iluminacion-de-los-poligonos\\\/#primaryimage\",\"url\":\"https:\\\/\\\/www.copealcoy.es\\\/wp-content\\\/uploads\\\/2017\\\/10\\\/Cotes-Baixes.jpg\",\"contentUrl\":\"https:\\\/\\\/www.copealcoy.es\\\/wp-content\\\/uploads\\\/2017\\\/10\\\/Cotes-Baixes.jpg\",\"width\":4128,\"height\":2322},{\"@type\":\"BreadcrumbList\",\"@id\":\"https:\\\/\\\/www.copealcoy.es\\\/es\\\/adjudicados-los-trabajos-para-cambiar-la-iluminacion-de-los-poligonos\\\/#breadcrumb\",\"itemListElement\":[{\"@type\":\"ListItem\",\"position\":1,\"name\":\"Portada\",\"item\":\"https:\\\/\\\/www.copealcoy.es\\\/es\\\/\"},{\"@type\":\"ListItem\",\"position\":2,\"name\":\"Adjudicados los trabajos para cambiar la iluminaci\u00f3n de los Pol\u00edgonos\"}]},{\"@type\":\"WebSite\",\"@id\":\"https:\\\/\\\/www.copealcoy.es\\\/es\\\/#website\",\"url\":\"https:\\\/\\\/www.copealcoy.es\\\/es\\\/\",\"name\":\"COPE Alcoy\",\"description\":\"Emisora COPE de radio local con emisi\u00f3n online. Pont de Sant Jordi 8-10 03803 Alcoy\",\"potentialAction\":[{\"@type\":\"SearchAction\",\"target\":{\"@type\":\"EntryPoint\",\"urlTemplate\":\"https:\\\/\\\/www.copealcoy.es\\\/es\\\/?s={search_term_string}\"},\"query-input\":{\"@type\":\"PropertyValueSpecification\",\"valueRequired\":true,\"valueName\":\"search_term_string\"}}],\"inLanguage\":\"es\"},{\"@type\":\"Person\",\"@id\":\"https:\\\/\\\/www.copealcoy.es\\\/es\\\/#\\\/schema\\\/person\\\/e777c87fa024e57d40170af9df39882c\",\"name\":\"Cope Alcoy\",\"image\":{\"@type\":\"ImageObject\",\"inLanguage\":\"es\",\"@id\":\"https:\\\/\\\/secure.gravatar.com\\\/avatar\\\/bb65d0283347e303893ba14f0692005417c1e0e690a325a4c5d8bb2b3943ee14?s=96&d=mm&r=g\",\"url\":\"https:\\\/\\\/secure.gravatar.com\\\/avatar\\\/bb65d0283347e303893ba14f0692005417c1e0e690a325a4c5d8bb2b3943ee14?s=96&d=mm&r=g\",\"contentUrl\":\"https:\\\/\\\/secure.gravatar.com\\\/avatar\\\/bb65d0283347e303893ba14f0692005417c1e0e690a325a4c5d8bb2b3943ee14?s=96&d=mm&r=g\",\"caption\":\"Cope Alcoy\"}}]}<\/script>\n<!-- \/ Yoast SEO plugin. -->","yoast_head_json":{"title":"Adjudicados los trabajos para cambiar la iluminaci\u00f3n de los Pol\u00edgonos - COPE Alcoy","robots":{"index":"index","follow":"follow","max-snippet":"max-snippet:-1","max-image-preview":"max-image-preview:large","max-video-preview":"max-video-preview:-1"},"canonical":"https:\/\/www.copealcoy.es\/es\/adjudicados-los-trabajos-para-cambiar-la-iluminacion-de-los-poligonos\/","og_locale":"es_ES","og_type":"article","og_title":"Adjudicados los trabajos para cambiar la iluminaci\u00f3n de los Pol\u00edgonos - COPE Alcoy","og_description":"El Ayuntamiento de Alcoy\u00a0ha adjudicado el proyecto para la sustituci\u00f3n del alumbrado de los pol\u00edgonos industriales de la ciudad. La...","og_url":"https:\/\/www.copealcoy.es\/es\/adjudicados-los-trabajos-para-cambiar-la-iluminacion-de-los-poligonos\/","og_site_name":"COPE Alcoy","article_published_time":"2017-10-25T17:02:52+00:00","article_modified_time":"2017-10-25T17:05:53+00:00","og_image":[{"width":1024,"height":576,"url":"https:\/\/www.copealcoy.es\/wp-content\/uploads\/2017\/10\/Cotes-Baixes-1024x576.jpg","type":"image\/jpeg"}],"author":"Cope Alcoy","twitter_misc":{"Escrito por":"Cope Alcoy","Tiempo de lectura":"1 minuto"},"schema":{"@context":"https:\/\/schema.org","@graph":[{"@type":"Article","@id":"https:\/\/www.copealcoy.es\/es\/adjudicados-los-trabajos-para-cambiar-la-iluminacion-de-los-poligonos\/#article","isPartOf":{"@id":"https:\/\/www.copealcoy.es\/es\/adjudicados-los-trabajos-para-cambiar-la-iluminacion-de-los-poligonos\/"},"author":{"name":"Cope Alcoy","@id":"https:\/\/www.copealcoy.es\/es\/#\/schema\/person\/e777c87fa024e57d40170af9df39882c"},"headline":"Adjudicados los trabajos para cambiar la iluminaci\u00f3n de los Pol\u00edgonos","datePublished":"2017-10-25T17:02:52+00:00","dateModified":"2017-10-25T17:05:53+00:00","mainEntityOfPage":{"@id":"https:\/\/www.copealcoy.es\/es\/adjudicados-los-trabajos-para-cambiar-la-iluminacion-de-los-poligonos\/"},"wordCount":305,"commentCount":0,"image":{"@id":"https:\/\/www.copealcoy.es\/es\/adjudicados-los-trabajos-para-cambiar-la-iluminacion-de-los-poligonos\/#primaryimage"},"thumbnailUrl":"https:\/\/www.copealcoy.es\/wp-content\/uploads\/2017\/10\/Cotes-Baixes.jpg","keywords":["Alcoy","Iluminaci\u00f3n","Manolo Gomicia","Pol\u00edgonos Industriales"],"articleSection":["Alcoy","Noticias","Portada"],"inLanguage":"es"},{"@type":"WebPage","@id":"https:\/\/www.copealcoy.es\/es\/adjudicados-los-trabajos-para-cambiar-la-iluminacion-de-los-poligonos\/","url":"https:\/\/www.copealcoy.es\/es\/adjudicados-los-trabajos-para-cambiar-la-iluminacion-de-los-poligonos\/","name":"Adjudicados los trabajos para cambiar la iluminaci\u00f3n de los Pol\u00edgonos - COPE Alcoy","isPartOf":{"@id":"https:\/\/www.copealcoy.es\/es\/#website"},"primaryImageOfPage":{"@id":"https:\/\/www.copealcoy.es\/es\/adjudicados-los-trabajos-para-cambiar-la-iluminacion-de-los-poligonos\/#primaryimage"},"image":{"@id":"https:\/\/www.copealcoy.es\/es\/adjudicados-los-trabajos-para-cambiar-la-iluminacion-de-los-poligonos\/#primaryimage"},"thumbnailUrl":"https:\/\/www.copealcoy.es\/wp-content\/uploads\/2017\/10\/Cotes-Baixes.jpg","datePublished":"2017-10-25T17:02:52+00:00","dateModified":"2017-10-25T17:05:53+00:00","author":{"@id":"https:\/\/www.copealcoy.es\/es\/#\/schema\/person\/e777c87fa024e57d40170af9df39882c"},"breadcrumb":{"@id":"https:\/\/www.copealcoy.es\/es\/adjudicados-los-trabajos-para-cambiar-la-iluminacion-de-los-poligonos\/#breadcrumb"},"inLanguage":"es","potentialAction":[{"@type":"ReadAction","target":["https:\/\/www.copealcoy.es\/es\/adjudicados-los-trabajos-para-cambiar-la-iluminacion-de-los-poligonos\/"]}]},{"@type":"ImageObject","inLanguage":"es","@id":"https:\/\/www.copealcoy.es\/es\/adjudicados-los-trabajos-para-cambiar-la-iluminacion-de-los-poligonos\/#primaryimage","url":"https:\/\/www.copealcoy.es\/wp-content\/uploads\/2017\/10\/Cotes-Baixes.jpg","contentUrl":"https:\/\/www.copealcoy.es\/wp-content\/uploads\/2017\/10\/Cotes-Baixes.jpg","width":4128,"height":2322},{"@type":"BreadcrumbList","@id":"https:\/\/www.copealcoy.es\/es\/adjudicados-los-trabajos-para-cambiar-la-iluminacion-de-los-poligonos\/#breadcrumb","itemListElement":[{"@type":"ListItem","position":1,"name":"Portada","item":"https:\/\/www.copealcoy.es\/es\/"},{"@type":"ListItem","position":2,"name":"Adjudicados los trabajos para cambiar la iluminaci\u00f3n de los Pol\u00edgonos"}]},{"@type":"WebSite","@id":"https:\/\/www.copealcoy.es\/es\/#website","url":"https:\/\/www.copealcoy.es\/es\/","name":"COPE Alcoy","description":"Emisora COPE de radio local con emisi\u00f3n online. Pont de Sant Jordi 8-10 03803 Alcoy","potentialAction":[{"@type":"SearchAction","target":{"@type":"EntryPoint","urlTemplate":"https:\/\/www.copealcoy.es\/es\/?s={search_term_string}"},"query-input":{"@type":"PropertyValueSpecification","valueRequired":true,"valueName":"search_term_string"}}],"inLanguage":"es"},{"@type":"Person","@id":"https:\/\/www.copealcoy.es\/es\/#\/schema\/person\/e777c87fa024e57d40170af9df39882c","name":"Cope Alcoy","image":{"@type":"ImageObject","inLanguage":"es","@id":"https:\/\/secure.gravatar.com\/avatar\/bb65d0283347e303893ba14f0692005417c1e0e690a325a4c5d8bb2b3943ee14?s=96&d=mm&r=g","url":"https:\/\/secure.gravatar.com\/avatar\/bb65d0283347e303893ba14f0692005417c1e0e690a325a4c5d8bb2b3943ee14?s=96&d=mm&r=g","contentUrl":"https:\/\/secure.gravatar.com\/avatar\/bb65d0283347e303893ba14f0692005417c1e0e690a325a4c5d8bb2b3943ee14?s=96&d=mm&r=g","caption":"Cope Alcoy"}}]}},"_links":{"self":[{"href":"https:\/\/www.copealcoy.es\/es\/wp-json\/wp\/v2\/posts\/36139","targetHints":{"allow":["GET"]}}],"collection":[{"href":"https:\/\/www.copealcoy.es\/es\/wp-json\/wp\/v2\/posts"}],"about":[{"href":"https:\/\/www.copealcoy.es\/es\/wp-json\/wp\/v2\/types\/post"}],"author":[{"embeddable":true,"href":"https:\/\/www.copealcoy.es\/es\/wp-json\/wp\/v2\/users\/1"}],"replies":[{"embeddable":true,"href":"https:\/\/www.copealcoy.es\/es\/wp-json\/wp\/v2\/comments?post=36139"}],"version-history":[{"count":0,"href":"https:\/\/www.copealcoy.es\/es\/wp-json\/wp\/v2\/posts\/36139\/revisions"}],"wp:featuredmedia":[{"embeddable":true,"href":"https:\/\/www.copealcoy.es\/es\/wp-json\/wp\/v2\/media\/36140"}],"wp:attachment":[{"href":"https:\/\/www.copealcoy.es\/es\/wp-json\/wp\/v2\/media?parent=36139"}],"wp:term":[{"taxonomy":"category","embeddable":true,"href":"https:\/\/www.copealcoy.es\/es\/wp-json\/wp\/v2\/categories?post=36139"},{"taxonomy":"post_tag","embeddable":true,"href":"https:\/\/www.copealcoy.es\/es\/wp-json\/wp\/v2\/tags?post=36139"}],"curies":[{"name":"wp","href":"https:\/\/api.w.org\/{rel}","templated":true}]}}