{"id":36083,"date":"2017-10-23T19:46:46","date_gmt":"2017-10-23T19:46:46","guid":{"rendered":"http:\/\/copealcoi.es\/new\/?p=36083"},"modified":"2017-10-23T19:50:14","modified_gmt":"2017-10-23T19:50:14","slug":"la-junta-de-fiestas-visita-a-las-filaes-que-desempenaron-el-cargo-de-abanderado","status":"publish","type":"post","link":"https:\/\/www.copealcoy.es\/es\/la-junta-de-fiestas-visita-a-las-filaes-que-desempenaron-el-cargo-de-abanderado\/","title":{"rendered":"La Junta de Fiestas visita a las filaes que desempe\u00f1aron el cargo de abanderado"},"content":{"rendered":"<p style=\"text-align: justify;\">La <strong>Federaci\u00f3n Junta de Fiestas de Moros y Cristianos de Cocentaina<\/strong> rindi\u00f3 el s\u00e1bado un sencillo homenaje a las filaes que <strong>desempe\u00f1aron los cargos de abanderado en ambos bandos<\/strong> durante la <strong>trilog\u00eda festera en honor a San Hip\u00f3lito M\u00e1rtir<\/strong> del pasado mes de agosto.<\/p>\n<p style=\"text-align: justify;\">El presidente de la entidad, <strong>Hip\u00f2lit Borr\u00e0s<\/strong>, visit\u00f3 en esta jornada a <strong>las filaes Llana y Cavalleria Ministerial<\/strong> para hacerles <strong>entrega de un detalle a modo de recuerdo<\/strong> en agradecimiento a la importante labor que llevaron a cabo para hacer posible esta responsabilidad. La primera parada tuvo lugar <strong>en la sede de la Llana<\/strong>, ubicada en la Avenida del Ferrocarril 18, y en este caso <strong>se le entreg\u00f3 un cuadro a Christian Molines Castell\u00e0<\/strong>, el joven abanderado de las Fiestas contestanas de este a\u00f1o. Tras un breve aperitivo los componentes de la Junta de Fiestas se trasladaron a la calle Roig de Corella 4 de la Villa Condal para <strong>hacer lo propio con Sergio Navarro Cant\u00f3<\/strong>, persona que<strong> asumi\u00f3 la tarea de realizar el cargo de abanderado cristiano<\/strong>.<\/p>\n<figure id=\"attachment_36084\" aria-describedby=\"caption-attachment-36084\" style=\"width: 960px\" class=\"wp-caption alignnone\"><a href=\"https:\/\/www.copealcoy.es\/wp-content\/uploads\/2017\/10\/1-Sergio-Navarro-Cant\u00f3-tras-recibir-el-obsequio-en-la-Cavalleria-Ministerial.jpg\"><img loading=\"lazy\" decoding=\"async\" class=\"wp-image-36084 size-full\" src=\"https:\/\/www.copealcoy.es\/wp-content\/uploads\/2017\/10\/1-Sergio-Navarro-Cant\u00f3-tras-recibir-el-obsequio-en-la-Cavalleria-Ministerial.jpg\" alt=\"\" width=\"960\" height=\"720\" srcset=\"https:\/\/www.copealcoy.es\/wp-content\/uploads\/2017\/10\/1-Sergio-Navarro-Cant\u00f3-tras-recibir-el-obsequio-en-la-Cavalleria-Ministerial.jpg 960w, https:\/\/www.copealcoy.es\/wp-content\/uploads\/2017\/10\/1-Sergio-Navarro-Cant\u00f3-tras-recibir-el-obsequio-en-la-Cavalleria-Ministerial-300x225.jpg 300w, https:\/\/www.copealcoy.es\/wp-content\/uploads\/2017\/10\/1-Sergio-Navarro-Cant\u00f3-tras-recibir-el-obsequio-en-la-Cavalleria-Ministerial-768x576.jpg 768w\" sizes=\"auto, (max-width: 960px) 100vw, 960px\" \/><\/a><figcaption id=\"caption-attachment-36084\" class=\"wp-caption-text\">Sergio Navarro Cant\u00f3 tras recibir el obsequio en la Cavalleria Ministerial<\/figcaption><\/figure>\n<p style=\"text-align: justify;\">Se\u00f1alar que en esta visita a las filaes de cargo tambi\u00e9n estuvieron presentes la alcaldesa de Cocentaina, <strong>Mireia Estepa<\/strong>, y la concejala de Fiestas en el Ayuntamiento contestano, <strong>Susana Reig<\/strong>. Por \u00faltimo apuntar que el pr\u00f3ximo 18 de noviembre, una vez haya finalizado la Fira de Tots Sants,<strong> se materializar\u00e1 la entrega de estos reconocimientos a las filaes Gentils y Guardia Jalifiana \u2018Sahorins\u2019<\/strong>, formaciones que asumieron en 2017 las capitan\u00edas en las personas de <strong>Sergio Moncho Moya y Jaime P\u00e9rez Cardona<\/strong>; respectivamente.<\/p>\n<p>&nbsp;<\/p>\n<p>&nbsp;<\/p>\n","protected":false},"excerpt":{"rendered":"<p>La Federaci\u00f3n Junta de Fiestas de Moros y Cristianos de Cocentaina rindi\u00f3 el s\u00e1bado un sencillo homenaje a las filaes&#8230;<\/p>\n","protected":false},"author":1,"featured_media":36085,"comment_status":"open","ping_status":"open","sticky":false,"template":"","format":"standard","meta":{"footnotes":""},"categories":[98,75],"tags":[4793,4528,132,2406,2192,4144,609],"class_list":["post-36083","post","type-post","status-publish","format-standard","has-post-thumbnail","hentry","category-comarcas","category-noticias","tag-abanderado","tag-cavalleria-ministerial","tag-cocentaina","tag-hipolito-borras","tag-junta-de-fiestas","tag-llana","tag-moros-y-cristianos"],"yoast_head":"<!-- This site is optimized with the Yoast SEO plugin v27.3 - https:\/\/yoast.com\/product\/yoast-seo-wordpress\/ -->\n<title>La Junta de Fiestas visita a las filaes que desempe\u00f1aron el cargo de abanderado - COPE Alcoy<\/title>\n<meta name=\"robots\" content=\"index, follow, max-snippet:-1, max-image-preview:large, max-video-preview:-1\" \/>\n<link rel=\"canonical\" href=\"https:\/\/www.copealcoy.es\/es\/la-junta-de-fiestas-visita-a-las-filaes-que-desempenaron-el-cargo-de-abanderado\/\" \/>\n<meta property=\"og:locale\" content=\"es_ES\" \/>\n<meta property=\"og:type\" content=\"article\" \/>\n<meta property=\"og:title\" content=\"La Junta de Fiestas visita a las filaes que desempe\u00f1aron el cargo de abanderado - COPE Alcoy\" \/>\n<meta property=\"og:description\" content=\"La Federaci\u00f3n Junta de Fiestas de Moros y Cristianos de Cocentaina rindi\u00f3 el s\u00e1bado un sencillo homenaje a las filaes...\" \/>\n<meta property=\"og:url\" content=\"https:\/\/www.copealcoy.es\/es\/la-junta-de-fiestas-visita-a-las-filaes-que-desempenaron-el-cargo-de-abanderado\/\" \/>\n<meta property=\"og:site_name\" content=\"COPE Alcoy\" \/>\n<meta property=\"article:published_time\" content=\"2017-10-23T19:46:46+00:00\" \/>\n<meta property=\"article:modified_time\" content=\"2017-10-23T19:50:14+00:00\" \/>\n<meta property=\"og:image\" content=\"https:\/\/www.copealcoy.es\/wp-content\/uploads\/2017\/10\/1-Christian-Molines-recibi\u00f3-el-detalle-conmemorativo-en-la-Fil\u00e0-Llana.jpg\" \/>\n\t<meta property=\"og:image:width\" content=\"960\" \/>\n\t<meta property=\"og:image:height\" content=\"720\" \/>\n\t<meta property=\"og:image:type\" content=\"image\/jpeg\" \/>\n<meta name=\"author\" content=\"Cope Alcoy\" \/>\n<meta name=\"twitter:label1\" content=\"Escrito por\" \/>\n\t<meta name=\"twitter:data1\" content=\"Cope Alcoy\" \/>\n\t<meta name=\"twitter:label2\" content=\"Tiempo de lectura\" \/>\n\t<meta name=\"twitter:data2\" content=\"1 minuto\" \/>\n<script type=\"application\/ld+json\" class=\"yoast-schema-graph\">{\"@context\":\"https:\\\/\\\/schema.org\",\"@graph\":[{\"@type\":\"Article\",\"@id\":\"https:\\\/\\\/www.copealcoy.es\\\/es\\\/la-junta-de-fiestas-visita-a-las-filaes-que-desempenaron-el-cargo-de-abanderado\\\/#article\",\"isPartOf\":{\"@id\":\"https:\\\/\\\/www.copealcoy.es\\\/es\\\/la-junta-de-fiestas-visita-a-las-filaes-que-desempenaron-el-cargo-de-abanderado\\\/\"},\"author\":{\"name\":\"Cope Alcoy\",\"@id\":\"https:\\\/\\\/www.copealcoy.es\\\/es\\\/#\\\/schema\\\/person\\\/e777c87fa024e57d40170af9df39882c\"},\"headline\":\"La Junta de Fiestas visita a las filaes que desempe\u00f1aron el cargo de abanderado\",\"datePublished\":\"2017-10-23T19:46:46+00:00\",\"dateModified\":\"2017-10-23T19:50:14+00:00\",\"mainEntityOfPage\":{\"@id\":\"https:\\\/\\\/www.copealcoy.es\\\/es\\\/la-junta-de-fiestas-visita-a-las-filaes-que-desempenaron-el-cargo-de-abanderado\\\/\"},\"wordCount\":299,\"commentCount\":0,\"image\":{\"@id\":\"https:\\\/\\\/www.copealcoy.es\\\/es\\\/la-junta-de-fiestas-visita-a-las-filaes-que-desempenaron-el-cargo-de-abanderado\\\/#primaryimage\"},\"thumbnailUrl\":\"https:\\\/\\\/www.copealcoy.es\\\/wp-content\\\/uploads\\\/2017\\\/10\\\/1-Christian-Molines-recibi\u00f3-el-detalle-conmemorativo-en-la-Fil\u00e0-Llana.jpg\",\"keywords\":[\"abanderado\",\"Cavaller\u00eda Ministerial\",\"Cocentaina\",\"Hip\u00f3lito Borr\u00e1s\",\"Junta de Fiestas\",\"Llana\",\"Moros Y Cristianos\"],\"articleSection\":[\"Comarcas\",\"Noticias\"],\"inLanguage\":\"es\"},{\"@type\":\"WebPage\",\"@id\":\"https:\\\/\\\/www.copealcoy.es\\\/es\\\/la-junta-de-fiestas-visita-a-las-filaes-que-desempenaron-el-cargo-de-abanderado\\\/\",\"url\":\"https:\\\/\\\/www.copealcoy.es\\\/es\\\/la-junta-de-fiestas-visita-a-las-filaes-que-desempenaron-el-cargo-de-abanderado\\\/\",\"name\":\"La Junta de Fiestas visita a las filaes que desempe\u00f1aron el cargo de abanderado - COPE Alcoy\",\"isPartOf\":{\"@id\":\"https:\\\/\\\/www.copealcoy.es\\\/es\\\/#website\"},\"primaryImageOfPage\":{\"@id\":\"https:\\\/\\\/www.copealcoy.es\\\/es\\\/la-junta-de-fiestas-visita-a-las-filaes-que-desempenaron-el-cargo-de-abanderado\\\/#primaryimage\"},\"image\":{\"@id\":\"https:\\\/\\\/www.copealcoy.es\\\/es\\\/la-junta-de-fiestas-visita-a-las-filaes-que-desempenaron-el-cargo-de-abanderado\\\/#primaryimage\"},\"thumbnailUrl\":\"https:\\\/\\\/www.copealcoy.es\\\/wp-content\\\/uploads\\\/2017\\\/10\\\/1-Christian-Molines-recibi\u00f3-el-detalle-conmemorativo-en-la-Fil\u00e0-Llana.jpg\",\"datePublished\":\"2017-10-23T19:46:46+00:00\",\"dateModified\":\"2017-10-23T19:50:14+00:00\",\"author\":{\"@id\":\"https:\\\/\\\/www.copealcoy.es\\\/es\\\/#\\\/schema\\\/person\\\/e777c87fa024e57d40170af9df39882c\"},\"breadcrumb\":{\"@id\":\"https:\\\/\\\/www.copealcoy.es\\\/es\\\/la-junta-de-fiestas-visita-a-las-filaes-que-desempenaron-el-cargo-de-abanderado\\\/#breadcrumb\"},\"inLanguage\":\"es\",\"potentialAction\":[{\"@type\":\"ReadAction\",\"target\":[\"https:\\\/\\\/www.copealcoy.es\\\/es\\\/la-junta-de-fiestas-visita-a-las-filaes-que-desempenaron-el-cargo-de-abanderado\\\/\"]}]},{\"@type\":\"ImageObject\",\"inLanguage\":\"es\",\"@id\":\"https:\\\/\\\/www.copealcoy.es\\\/es\\\/la-junta-de-fiestas-visita-a-las-filaes-que-desempenaron-el-cargo-de-abanderado\\\/#primaryimage\",\"url\":\"https:\\\/\\\/www.copealcoy.es\\\/wp-content\\\/uploads\\\/2017\\\/10\\\/1-Christian-Molines-recibi\u00f3-el-detalle-conmemorativo-en-la-Fil\u00e0-Llana.jpg\",\"contentUrl\":\"https:\\\/\\\/www.copealcoy.es\\\/wp-content\\\/uploads\\\/2017\\\/10\\\/1-Christian-Molines-recibi\u00f3-el-detalle-conmemorativo-en-la-Fil\u00e0-Llana.jpg\",\"width\":960,\"height\":720,\"caption\":\"Christian Molines recibi\u00f3 el detalle conmemorativo en la Fil\u00e0 Llana\"},{\"@type\":\"BreadcrumbList\",\"@id\":\"https:\\\/\\\/www.copealcoy.es\\\/es\\\/la-junta-de-fiestas-visita-a-las-filaes-que-desempenaron-el-cargo-de-abanderado\\\/#breadcrumb\",\"itemListElement\":[{\"@type\":\"ListItem\",\"position\":1,\"name\":\"Portada\",\"item\":\"https:\\\/\\\/www.copealcoy.es\\\/es\\\/\"},{\"@type\":\"ListItem\",\"position\":2,\"name\":\"La Junta de Fiestas visita a las filaes que desempe\u00f1aron el cargo de abanderado\"}]},{\"@type\":\"WebSite\",\"@id\":\"https:\\\/\\\/www.copealcoy.es\\\/es\\\/#website\",\"url\":\"https:\\\/\\\/www.copealcoy.es\\\/es\\\/\",\"name\":\"COPE Alcoy\",\"description\":\"Emisora COPE de radio local con emisi\u00f3n online. Pont de Sant Jordi 8-10 03803 Alcoy\",\"potentialAction\":[{\"@type\":\"SearchAction\",\"target\":{\"@type\":\"EntryPoint\",\"urlTemplate\":\"https:\\\/\\\/www.copealcoy.es\\\/es\\\/?s={search_term_string}\"},\"query-input\":{\"@type\":\"PropertyValueSpecification\",\"valueRequired\":true,\"valueName\":\"search_term_string\"}}],\"inLanguage\":\"es\"},{\"@type\":\"Person\",\"@id\":\"https:\\\/\\\/www.copealcoy.es\\\/es\\\/#\\\/schema\\\/person\\\/e777c87fa024e57d40170af9df39882c\",\"name\":\"Cope Alcoy\",\"image\":{\"@type\":\"ImageObject\",\"inLanguage\":\"es\",\"@id\":\"https:\\\/\\\/secure.gravatar.com\\\/avatar\\\/bb65d0283347e303893ba14f0692005417c1e0e690a325a4c5d8bb2b3943ee14?s=96&d=mm&r=g\",\"url\":\"https:\\\/\\\/secure.gravatar.com\\\/avatar\\\/bb65d0283347e303893ba14f0692005417c1e0e690a325a4c5d8bb2b3943ee14?s=96&d=mm&r=g\",\"contentUrl\":\"https:\\\/\\\/secure.gravatar.com\\\/avatar\\\/bb65d0283347e303893ba14f0692005417c1e0e690a325a4c5d8bb2b3943ee14?s=96&d=mm&r=g\",\"caption\":\"Cope Alcoy\"}}]}<\/script>\n<!-- \/ Yoast SEO plugin. -->","yoast_head_json":{"title":"La Junta de Fiestas visita a las filaes que desempe\u00f1aron el cargo de abanderado - COPE Alcoy","robots":{"index":"index","follow":"follow","max-snippet":"max-snippet:-1","max-image-preview":"max-image-preview:large","max-video-preview":"max-video-preview:-1"},"canonical":"https:\/\/www.copealcoy.es\/es\/la-junta-de-fiestas-visita-a-las-filaes-que-desempenaron-el-cargo-de-abanderado\/","og_locale":"es_ES","og_type":"article","og_title":"La Junta de Fiestas visita a las filaes que desempe\u00f1aron el cargo de abanderado - COPE Alcoy","og_description":"La Federaci\u00f3n Junta de Fiestas de Moros y Cristianos de Cocentaina rindi\u00f3 el s\u00e1bado un sencillo homenaje a las filaes...","og_url":"https:\/\/www.copealcoy.es\/es\/la-junta-de-fiestas-visita-a-las-filaes-que-desempenaron-el-cargo-de-abanderado\/","og_site_name":"COPE Alcoy","article_published_time":"2017-10-23T19:46:46+00:00","article_modified_time":"2017-10-23T19:50:14+00:00","og_image":[{"width":960,"height":720,"url":"https:\/\/www.copealcoy.es\/wp-content\/uploads\/2017\/10\/1-Christian-Molines-recibi\u00f3-el-detalle-conmemorativo-en-la-Fil\u00e0-Llana.jpg","type":"image\/jpeg"}],"author":"Cope Alcoy","twitter_misc":{"Escrito por":"Cope Alcoy","Tiempo de lectura":"1 minuto"},"schema":{"@context":"https:\/\/schema.org","@graph":[{"@type":"Article","@id":"https:\/\/www.copealcoy.es\/es\/la-junta-de-fiestas-visita-a-las-filaes-que-desempenaron-el-cargo-de-abanderado\/#article","isPartOf":{"@id":"https:\/\/www.copealcoy.es\/es\/la-junta-de-fiestas-visita-a-las-filaes-que-desempenaron-el-cargo-de-abanderado\/"},"author":{"name":"Cope Alcoy","@id":"https:\/\/www.copealcoy.es\/es\/#\/schema\/person\/e777c87fa024e57d40170af9df39882c"},"headline":"La Junta de Fiestas visita a las filaes que desempe\u00f1aron el cargo de abanderado","datePublished":"2017-10-23T19:46:46+00:00","dateModified":"2017-10-23T19:50:14+00:00","mainEntityOfPage":{"@id":"https:\/\/www.copealcoy.es\/es\/la-junta-de-fiestas-visita-a-las-filaes-que-desempenaron-el-cargo-de-abanderado\/"},"wordCount":299,"commentCount":0,"image":{"@id":"https:\/\/www.copealcoy.es\/es\/la-junta-de-fiestas-visita-a-las-filaes-que-desempenaron-el-cargo-de-abanderado\/#primaryimage"},"thumbnailUrl":"https:\/\/www.copealcoy.es\/wp-content\/uploads\/2017\/10\/1-Christian-Molines-recibi\u00f3-el-detalle-conmemorativo-en-la-Fil\u00e0-Llana.jpg","keywords":["abanderado","Cavaller\u00eda Ministerial","Cocentaina","Hip\u00f3lito Borr\u00e1s","Junta de Fiestas","Llana","Moros Y Cristianos"],"articleSection":["Comarcas","Noticias"],"inLanguage":"es"},{"@type":"WebPage","@id":"https:\/\/www.copealcoy.es\/es\/la-junta-de-fiestas-visita-a-las-filaes-que-desempenaron-el-cargo-de-abanderado\/","url":"https:\/\/www.copealcoy.es\/es\/la-junta-de-fiestas-visita-a-las-filaes-que-desempenaron-el-cargo-de-abanderado\/","name":"La Junta de Fiestas visita a las filaes que desempe\u00f1aron el cargo de abanderado - COPE Alcoy","isPartOf":{"@id":"https:\/\/www.copealcoy.es\/es\/#website"},"primaryImageOfPage":{"@id":"https:\/\/www.copealcoy.es\/es\/la-junta-de-fiestas-visita-a-las-filaes-que-desempenaron-el-cargo-de-abanderado\/#primaryimage"},"image":{"@id":"https:\/\/www.copealcoy.es\/es\/la-junta-de-fiestas-visita-a-las-filaes-que-desempenaron-el-cargo-de-abanderado\/#primaryimage"},"thumbnailUrl":"https:\/\/www.copealcoy.es\/wp-content\/uploads\/2017\/10\/1-Christian-Molines-recibi\u00f3-el-detalle-conmemorativo-en-la-Fil\u00e0-Llana.jpg","datePublished":"2017-10-23T19:46:46+00:00","dateModified":"2017-10-23T19:50:14+00:00","author":{"@id":"https:\/\/www.copealcoy.es\/es\/#\/schema\/person\/e777c87fa024e57d40170af9df39882c"},"breadcrumb":{"@id":"https:\/\/www.copealcoy.es\/es\/la-junta-de-fiestas-visita-a-las-filaes-que-desempenaron-el-cargo-de-abanderado\/#breadcrumb"},"inLanguage":"es","potentialAction":[{"@type":"ReadAction","target":["https:\/\/www.copealcoy.es\/es\/la-junta-de-fiestas-visita-a-las-filaes-que-desempenaron-el-cargo-de-abanderado\/"]}]},{"@type":"ImageObject","inLanguage":"es","@id":"https:\/\/www.copealcoy.es\/es\/la-junta-de-fiestas-visita-a-las-filaes-que-desempenaron-el-cargo-de-abanderado\/#primaryimage","url":"https:\/\/www.copealcoy.es\/wp-content\/uploads\/2017\/10\/1-Christian-Molines-recibi\u00f3-el-detalle-conmemorativo-en-la-Fil\u00e0-Llana.jpg","contentUrl":"https:\/\/www.copealcoy.es\/wp-content\/uploads\/2017\/10\/1-Christian-Molines-recibi\u00f3-el-detalle-conmemorativo-en-la-Fil\u00e0-Llana.jpg","width":960,"height":720,"caption":"Christian Molines recibi\u00f3 el detalle conmemorativo en la Fil\u00e0 Llana"},{"@type":"BreadcrumbList","@id":"https:\/\/www.copealcoy.es\/es\/la-junta-de-fiestas-visita-a-las-filaes-que-desempenaron-el-cargo-de-abanderado\/#breadcrumb","itemListElement":[{"@type":"ListItem","position":1,"name":"Portada","item":"https:\/\/www.copealcoy.es\/es\/"},{"@type":"ListItem","position":2,"name":"La Junta de Fiestas visita a las filaes que desempe\u00f1aron el cargo de abanderado"}]},{"@type":"WebSite","@id":"https:\/\/www.copealcoy.es\/es\/#website","url":"https:\/\/www.copealcoy.es\/es\/","name":"COPE Alcoy","description":"Emisora COPE de radio local con emisi\u00f3n online. Pont de Sant Jordi 8-10 03803 Alcoy","potentialAction":[{"@type":"SearchAction","target":{"@type":"EntryPoint","urlTemplate":"https:\/\/www.copealcoy.es\/es\/?s={search_term_string}"},"query-input":{"@type":"PropertyValueSpecification","valueRequired":true,"valueName":"search_term_string"}}],"inLanguage":"es"},{"@type":"Person","@id":"https:\/\/www.copealcoy.es\/es\/#\/schema\/person\/e777c87fa024e57d40170af9df39882c","name":"Cope Alcoy","image":{"@type":"ImageObject","inLanguage":"es","@id":"https:\/\/secure.gravatar.com\/avatar\/bb65d0283347e303893ba14f0692005417c1e0e690a325a4c5d8bb2b3943ee14?s=96&d=mm&r=g","url":"https:\/\/secure.gravatar.com\/avatar\/bb65d0283347e303893ba14f0692005417c1e0e690a325a4c5d8bb2b3943ee14?s=96&d=mm&r=g","contentUrl":"https:\/\/secure.gravatar.com\/avatar\/bb65d0283347e303893ba14f0692005417c1e0e690a325a4c5d8bb2b3943ee14?s=96&d=mm&r=g","caption":"Cope Alcoy"}}]}},"_links":{"self":[{"href":"https:\/\/www.copealcoy.es\/es\/wp-json\/wp\/v2\/posts\/36083","targetHints":{"allow":["GET"]}}],"collection":[{"href":"https:\/\/www.copealcoy.es\/es\/wp-json\/wp\/v2\/posts"}],"about":[{"href":"https:\/\/www.copealcoy.es\/es\/wp-json\/wp\/v2\/types\/post"}],"author":[{"embeddable":true,"href":"https:\/\/www.copealcoy.es\/es\/wp-json\/wp\/v2\/users\/1"}],"replies":[{"embeddable":true,"href":"https:\/\/www.copealcoy.es\/es\/wp-json\/wp\/v2\/comments?post=36083"}],"version-history":[{"count":0,"href":"https:\/\/www.copealcoy.es\/es\/wp-json\/wp\/v2\/posts\/36083\/revisions"}],"wp:featuredmedia":[{"embeddable":true,"href":"https:\/\/www.copealcoy.es\/es\/wp-json\/wp\/v2\/media\/36085"}],"wp:attachment":[{"href":"https:\/\/www.copealcoy.es\/es\/wp-json\/wp\/v2\/media?parent=36083"}],"wp:term":[{"taxonomy":"category","embeddable":true,"href":"https:\/\/www.copealcoy.es\/es\/wp-json\/wp\/v2\/categories?post=36083"},{"taxonomy":"post_tag","embeddable":true,"href":"https:\/\/www.copealcoy.es\/es\/wp-json\/wp\/v2\/tags?post=36083"}],"curies":[{"name":"wp","href":"https:\/\/api.w.org\/{rel}","templated":true}]}}