{"id":35858,"date":"2017-10-16T15:58:17","date_gmt":"2017-10-16T15:58:17","guid":{"rendered":"http:\/\/copealcoi.es\/new\/?p=35858"},"modified":"2017-10-16T16:01:40","modified_gmt":"2017-10-16T16:01:40","slug":"el-ayuntamiento-no-podra-crear-una-empresa-publica","status":"publish","type":"post","link":"https:\/\/www.copealcoy.es\/es\/el-ayuntamiento-no-podra-crear-una-empresa-publica\/","title":{"rendered":"El Ayuntamiento no podr\u00e1 crear una empresa p\u00fablica"},"content":{"rendered":"<p style=\"text-align: justify;\">El Ayuntamiento de Alcoy <strong>no podr\u00e1 crear la empresa p\u00fablica<\/strong> que el Gobierno Local hab\u00eda previsto en los <strong>Presupuestos Municipales<\/strong> para gestionar <strong>algunos de los servicios<\/strong> de la ciudad.<\/p>\n<p style=\"text-align: justify;\">La concejala de Hacienda, <strong>Vanessa Molt\u00f3<\/strong>, indica que esta situaci\u00f3n se debe a\u00a0que <strong>el Consistorio alcoyano super\u00f3 en 400.000 euros<\/strong> <strong>la Regla de Gasto<\/strong> durante el ejercicio econ\u00f3mico de 2016 y <strong>tener un remanente negativo de 700.00 euros<\/strong>. Molt\u00f3 destaca que este requisito <strong>no lo hab\u00eda contemplado el Ministerio de Hacienda<\/strong> hasta el momento y destaca que esta medida <strong>obligar\u00e1 a tener que poner en marcha un nuevo Plan Econ\u00f3mico Financiero<\/strong> para los a\u00f1os 2017 y 2018 en el que se contemple el cumplimiento de la estabilidad presupuestaria &#8220;<em>esto impide poder crear la empresa p\u00fablica hasta el a\u00f1o 2019 y nos\u00a0limita la capacidad de acci\u00f3n y autonom\u00eda al mismo tiempo que complica, una vez m\u00e1s, la gesti\u00f3n municipal<\/em>&#8220;, se\u00f1ala.<\/p>\n<p style=\"text-align: justify;\"><strong>El PP recuerda que ya advirtieron de esta situaci\u00f3n<\/strong><\/p>\n<p style=\"text-align: justify;\">Desde el <strong>Partido Popular de Alcoy<\/strong> recuerdan que ya <strong>advirtieron de esta situaci\u00f3n en el debate de Presupuestos Locales\u00a0para 2017<\/strong> y explican que esta situaci\u00f3n muestra una <strong>mala gesti\u00f3n<\/strong> del Gobierno Socialista a la hora de planificar las cuentas municipales. En este sentido el concejal popular, <strong>Nacho Palmer<\/strong>, pide de nuevo que <strong>los 200.000 euros previstos en el Presupuesto para la empresa p\u00fablica se destinen al mantenimiento de Alcoy<\/strong> &#8220;<em>estamos una vez m\u00e1s ante incumplimientos continuos del alcalde y ante la evidencia de una gesti\u00f3n sin planificaci\u00f3n y unos presupuestos municipales que son humo. Los Socialistas quer\u00edan crear una empresa p\u00fablica para hacer la competencia a las empresas privadas con recursos p\u00fablicos y adem\u00e1s asumiendo un riesgo econ\u00f3mico con el dinero de todos los alcoyanos<\/em>&#8220;, asevera.<\/p>\n<p style=\"text-align: justify;\">\n","protected":false},"excerpt":{"rendered":"<p>El Ayuntamiento de Alcoy no podr\u00e1 crear la empresa p\u00fablica que el Gobierno Local hab\u00eda previsto en los Presupuestos Municipales&#8230;<\/p>\n","protected":false},"author":1,"featured_media":9803,"comment_status":"open","ping_status":"open","sticky":false,"template":"","format":"standard","meta":{"footnotes":""},"categories":[97,75,79],"tags":[1494,229,2816,3401],"class_list":["post-35858","post","type-post","status-publish","format-standard","has-post-thumbnail","hentry","category-alcoy","category-noticias","category-politicayeconomia","tag-alcoy","tag-ayuntamiento","tag-creacion","tag-empresa-publica"],"yoast_head":"<!-- This site is optimized with the Yoast SEO plugin v27.3 - https:\/\/yoast.com\/product\/yoast-seo-wordpress\/ -->\n<title>El Ayuntamiento no podr\u00e1 crear una empresa p\u00fablica - COPE Alcoy<\/title>\n<meta name=\"robots\" content=\"index, follow, max-snippet:-1, max-image-preview:large, max-video-preview:-1\" \/>\n<link rel=\"canonical\" href=\"https:\/\/www.copealcoy.es\/es\/el-ayuntamiento-no-podra-crear-una-empresa-publica\/\" \/>\n<meta property=\"og:locale\" content=\"es_ES\" \/>\n<meta property=\"og:type\" content=\"article\" \/>\n<meta property=\"og:title\" content=\"El Ayuntamiento no podr\u00e1 crear una empresa p\u00fablica - COPE Alcoy\" \/>\n<meta property=\"og:description\" content=\"El Ayuntamiento de Alcoy no podr\u00e1 crear la empresa p\u00fablica que el Gobierno Local hab\u00eda previsto en los Presupuestos Municipales...\" \/>\n<meta property=\"og:url\" content=\"https:\/\/www.copealcoy.es\/es\/el-ayuntamiento-no-podra-crear-una-empresa-publica\/\" \/>\n<meta property=\"og:site_name\" content=\"COPE Alcoy\" \/>\n<meta property=\"article:published_time\" content=\"2017-10-16T15:58:17+00:00\" \/>\n<meta property=\"article:modified_time\" content=\"2017-10-16T16:01:40+00:00\" \/>\n<meta property=\"og:image\" content=\"https:\/\/www.copealcoy.es\/wp-content\/uploads\/2015\/01\/image85.jpg\" \/>\n\t<meta property=\"og:image:width\" content=\"1366\" \/>\n\t<meta property=\"og:image:height\" content=\"827\" \/>\n\t<meta property=\"og:image:type\" content=\"image\/jpeg\" \/>\n<meta name=\"author\" content=\"Cope Alcoy\" \/>\n<meta name=\"twitter:label1\" content=\"Escrito por\" \/>\n\t<meta name=\"twitter:data1\" content=\"Cope Alcoy\" \/>\n\t<meta name=\"twitter:label2\" content=\"Tiempo de lectura\" \/>\n\t<meta name=\"twitter:data2\" content=\"2 minutos\" \/>\n<script type=\"application\/ld+json\" class=\"yoast-schema-graph\">{\"@context\":\"https:\\\/\\\/schema.org\",\"@graph\":[{\"@type\":\"Article\",\"@id\":\"https:\\\/\\\/www.copealcoy.es\\\/es\\\/el-ayuntamiento-no-podra-crear-una-empresa-publica\\\/#article\",\"isPartOf\":{\"@id\":\"https:\\\/\\\/www.copealcoy.es\\\/es\\\/el-ayuntamiento-no-podra-crear-una-empresa-publica\\\/\"},\"author\":{\"name\":\"Cope Alcoy\",\"@id\":\"https:\\\/\\\/www.copealcoy.es\\\/es\\\/#\\\/schema\\\/person\\\/e777c87fa024e57d40170af9df39882c\"},\"headline\":\"El Ayuntamiento no podr\u00e1 crear una empresa p\u00fablica\",\"datePublished\":\"2017-10-16T15:58:17+00:00\",\"dateModified\":\"2017-10-16T16:01:40+00:00\",\"mainEntityOfPage\":{\"@id\":\"https:\\\/\\\/www.copealcoy.es\\\/es\\\/el-ayuntamiento-no-podra-crear-una-empresa-publica\\\/\"},\"wordCount\":314,\"commentCount\":0,\"image\":{\"@id\":\"https:\\\/\\\/www.copealcoy.es\\\/es\\\/el-ayuntamiento-no-podra-crear-una-empresa-publica\\\/#primaryimage\"},\"thumbnailUrl\":\"https:\\\/\\\/www.copealcoy.es\\\/wp-content\\\/uploads\\\/2015\\\/01\\\/image85.jpg\",\"keywords\":[\"Alcoy\",\"Ayuntamiento\",\"creaci\u00f3n\",\"Empresa P\u00fablica\"],\"articleSection\":[\"Alcoy\",\"Noticias\",\"Pol\u00edtica y Econom\u00eda\"],\"inLanguage\":\"es\"},{\"@type\":\"WebPage\",\"@id\":\"https:\\\/\\\/www.copealcoy.es\\\/es\\\/el-ayuntamiento-no-podra-crear-una-empresa-publica\\\/\",\"url\":\"https:\\\/\\\/www.copealcoy.es\\\/es\\\/el-ayuntamiento-no-podra-crear-una-empresa-publica\\\/\",\"name\":\"El Ayuntamiento no podr\u00e1 crear una empresa p\u00fablica - COPE Alcoy\",\"isPartOf\":{\"@id\":\"https:\\\/\\\/www.copealcoy.es\\\/es\\\/#website\"},\"primaryImageOfPage\":{\"@id\":\"https:\\\/\\\/www.copealcoy.es\\\/es\\\/el-ayuntamiento-no-podra-crear-una-empresa-publica\\\/#primaryimage\"},\"image\":{\"@id\":\"https:\\\/\\\/www.copealcoy.es\\\/es\\\/el-ayuntamiento-no-podra-crear-una-empresa-publica\\\/#primaryimage\"},\"thumbnailUrl\":\"https:\\\/\\\/www.copealcoy.es\\\/wp-content\\\/uploads\\\/2015\\\/01\\\/image85.jpg\",\"datePublished\":\"2017-10-16T15:58:17+00:00\",\"dateModified\":\"2017-10-16T16:01:40+00:00\",\"author\":{\"@id\":\"https:\\\/\\\/www.copealcoy.es\\\/es\\\/#\\\/schema\\\/person\\\/e777c87fa024e57d40170af9df39882c\"},\"breadcrumb\":{\"@id\":\"https:\\\/\\\/www.copealcoy.es\\\/es\\\/el-ayuntamiento-no-podra-crear-una-empresa-publica\\\/#breadcrumb\"},\"inLanguage\":\"es\",\"potentialAction\":[{\"@type\":\"ReadAction\",\"target\":[\"https:\\\/\\\/www.copealcoy.es\\\/es\\\/el-ayuntamiento-no-podra-crear-una-empresa-publica\\\/\"]}]},{\"@type\":\"ImageObject\",\"inLanguage\":\"es\",\"@id\":\"https:\\\/\\\/www.copealcoy.es\\\/es\\\/el-ayuntamiento-no-podra-crear-una-empresa-publica\\\/#primaryimage\",\"url\":\"https:\\\/\\\/www.copealcoy.es\\\/wp-content\\\/uploads\\\/2015\\\/01\\\/image85.jpg\",\"contentUrl\":\"https:\\\/\\\/www.copealcoy.es\\\/wp-content\\\/uploads\\\/2015\\\/01\\\/image85.jpg\",\"width\":1366,\"height\":827,\"caption\":\"Imagen del Ayuntamiento de Alcoy\"},{\"@type\":\"BreadcrumbList\",\"@id\":\"https:\\\/\\\/www.copealcoy.es\\\/es\\\/el-ayuntamiento-no-podra-crear-una-empresa-publica\\\/#breadcrumb\",\"itemListElement\":[{\"@type\":\"ListItem\",\"position\":1,\"name\":\"Portada\",\"item\":\"https:\\\/\\\/www.copealcoy.es\\\/es\\\/\"},{\"@type\":\"ListItem\",\"position\":2,\"name\":\"El Ayuntamiento no podr\u00e1 crear una empresa p\u00fablica\"}]},{\"@type\":\"WebSite\",\"@id\":\"https:\\\/\\\/www.copealcoy.es\\\/es\\\/#website\",\"url\":\"https:\\\/\\\/www.copealcoy.es\\\/es\\\/\",\"name\":\"COPE Alcoy\",\"description\":\"Emisora COPE de radio local con emisi\u00f3n online. Pont de Sant Jordi 8-10 03803 Alcoy\",\"potentialAction\":[{\"@type\":\"SearchAction\",\"target\":{\"@type\":\"EntryPoint\",\"urlTemplate\":\"https:\\\/\\\/www.copealcoy.es\\\/es\\\/?s={search_term_string}\"},\"query-input\":{\"@type\":\"PropertyValueSpecification\",\"valueRequired\":true,\"valueName\":\"search_term_string\"}}],\"inLanguage\":\"es\"},{\"@type\":\"Person\",\"@id\":\"https:\\\/\\\/www.copealcoy.es\\\/es\\\/#\\\/schema\\\/person\\\/e777c87fa024e57d40170af9df39882c\",\"name\":\"Cope Alcoy\",\"image\":{\"@type\":\"ImageObject\",\"inLanguage\":\"es\",\"@id\":\"https:\\\/\\\/secure.gravatar.com\\\/avatar\\\/bb65d0283347e303893ba14f0692005417c1e0e690a325a4c5d8bb2b3943ee14?s=96&d=mm&r=g\",\"url\":\"https:\\\/\\\/secure.gravatar.com\\\/avatar\\\/bb65d0283347e303893ba14f0692005417c1e0e690a325a4c5d8bb2b3943ee14?s=96&d=mm&r=g\",\"contentUrl\":\"https:\\\/\\\/secure.gravatar.com\\\/avatar\\\/bb65d0283347e303893ba14f0692005417c1e0e690a325a4c5d8bb2b3943ee14?s=96&d=mm&r=g\",\"caption\":\"Cope Alcoy\"}}]}<\/script>\n<!-- \/ Yoast SEO plugin. -->","yoast_head_json":{"title":"El Ayuntamiento no podr\u00e1 crear una empresa p\u00fablica - COPE Alcoy","robots":{"index":"index","follow":"follow","max-snippet":"max-snippet:-1","max-image-preview":"max-image-preview:large","max-video-preview":"max-video-preview:-1"},"canonical":"https:\/\/www.copealcoy.es\/es\/el-ayuntamiento-no-podra-crear-una-empresa-publica\/","og_locale":"es_ES","og_type":"article","og_title":"El Ayuntamiento no podr\u00e1 crear una empresa p\u00fablica - COPE Alcoy","og_description":"El Ayuntamiento de Alcoy no podr\u00e1 crear la empresa p\u00fablica que el Gobierno Local hab\u00eda previsto en los Presupuestos Municipales...","og_url":"https:\/\/www.copealcoy.es\/es\/el-ayuntamiento-no-podra-crear-una-empresa-publica\/","og_site_name":"COPE Alcoy","article_published_time":"2017-10-16T15:58:17+00:00","article_modified_time":"2017-10-16T16:01:40+00:00","og_image":[{"width":1366,"height":827,"url":"https:\/\/www.copealcoy.es\/wp-content\/uploads\/2015\/01\/image85.jpg","type":"image\/jpeg"}],"author":"Cope Alcoy","twitter_misc":{"Escrito por":"Cope Alcoy","Tiempo de lectura":"2 minutos"},"schema":{"@context":"https:\/\/schema.org","@graph":[{"@type":"Article","@id":"https:\/\/www.copealcoy.es\/es\/el-ayuntamiento-no-podra-crear-una-empresa-publica\/#article","isPartOf":{"@id":"https:\/\/www.copealcoy.es\/es\/el-ayuntamiento-no-podra-crear-una-empresa-publica\/"},"author":{"name":"Cope Alcoy","@id":"https:\/\/www.copealcoy.es\/es\/#\/schema\/person\/e777c87fa024e57d40170af9df39882c"},"headline":"El Ayuntamiento no podr\u00e1 crear una empresa p\u00fablica","datePublished":"2017-10-16T15:58:17+00:00","dateModified":"2017-10-16T16:01:40+00:00","mainEntityOfPage":{"@id":"https:\/\/www.copealcoy.es\/es\/el-ayuntamiento-no-podra-crear-una-empresa-publica\/"},"wordCount":314,"commentCount":0,"image":{"@id":"https:\/\/www.copealcoy.es\/es\/el-ayuntamiento-no-podra-crear-una-empresa-publica\/#primaryimage"},"thumbnailUrl":"https:\/\/www.copealcoy.es\/wp-content\/uploads\/2015\/01\/image85.jpg","keywords":["Alcoy","Ayuntamiento","creaci\u00f3n","Empresa P\u00fablica"],"articleSection":["Alcoy","Noticias","Pol\u00edtica y Econom\u00eda"],"inLanguage":"es"},{"@type":"WebPage","@id":"https:\/\/www.copealcoy.es\/es\/el-ayuntamiento-no-podra-crear-una-empresa-publica\/","url":"https:\/\/www.copealcoy.es\/es\/el-ayuntamiento-no-podra-crear-una-empresa-publica\/","name":"El Ayuntamiento no podr\u00e1 crear una empresa p\u00fablica - COPE Alcoy","isPartOf":{"@id":"https:\/\/www.copealcoy.es\/es\/#website"},"primaryImageOfPage":{"@id":"https:\/\/www.copealcoy.es\/es\/el-ayuntamiento-no-podra-crear-una-empresa-publica\/#primaryimage"},"image":{"@id":"https:\/\/www.copealcoy.es\/es\/el-ayuntamiento-no-podra-crear-una-empresa-publica\/#primaryimage"},"thumbnailUrl":"https:\/\/www.copealcoy.es\/wp-content\/uploads\/2015\/01\/image85.jpg","datePublished":"2017-10-16T15:58:17+00:00","dateModified":"2017-10-16T16:01:40+00:00","author":{"@id":"https:\/\/www.copealcoy.es\/es\/#\/schema\/person\/e777c87fa024e57d40170af9df39882c"},"breadcrumb":{"@id":"https:\/\/www.copealcoy.es\/es\/el-ayuntamiento-no-podra-crear-una-empresa-publica\/#breadcrumb"},"inLanguage":"es","potentialAction":[{"@type":"ReadAction","target":["https:\/\/www.copealcoy.es\/es\/el-ayuntamiento-no-podra-crear-una-empresa-publica\/"]}]},{"@type":"ImageObject","inLanguage":"es","@id":"https:\/\/www.copealcoy.es\/es\/el-ayuntamiento-no-podra-crear-una-empresa-publica\/#primaryimage","url":"https:\/\/www.copealcoy.es\/wp-content\/uploads\/2015\/01\/image85.jpg","contentUrl":"https:\/\/www.copealcoy.es\/wp-content\/uploads\/2015\/01\/image85.jpg","width":1366,"height":827,"caption":"Imagen del Ayuntamiento de Alcoy"},{"@type":"BreadcrumbList","@id":"https:\/\/www.copealcoy.es\/es\/el-ayuntamiento-no-podra-crear-una-empresa-publica\/#breadcrumb","itemListElement":[{"@type":"ListItem","position":1,"name":"Portada","item":"https:\/\/www.copealcoy.es\/es\/"},{"@type":"ListItem","position":2,"name":"El Ayuntamiento no podr\u00e1 crear una empresa p\u00fablica"}]},{"@type":"WebSite","@id":"https:\/\/www.copealcoy.es\/es\/#website","url":"https:\/\/www.copealcoy.es\/es\/","name":"COPE Alcoy","description":"Emisora COPE de radio local con emisi\u00f3n online. Pont de Sant Jordi 8-10 03803 Alcoy","potentialAction":[{"@type":"SearchAction","target":{"@type":"EntryPoint","urlTemplate":"https:\/\/www.copealcoy.es\/es\/?s={search_term_string}"},"query-input":{"@type":"PropertyValueSpecification","valueRequired":true,"valueName":"search_term_string"}}],"inLanguage":"es"},{"@type":"Person","@id":"https:\/\/www.copealcoy.es\/es\/#\/schema\/person\/e777c87fa024e57d40170af9df39882c","name":"Cope Alcoy","image":{"@type":"ImageObject","inLanguage":"es","@id":"https:\/\/secure.gravatar.com\/avatar\/bb65d0283347e303893ba14f0692005417c1e0e690a325a4c5d8bb2b3943ee14?s=96&d=mm&r=g","url":"https:\/\/secure.gravatar.com\/avatar\/bb65d0283347e303893ba14f0692005417c1e0e690a325a4c5d8bb2b3943ee14?s=96&d=mm&r=g","contentUrl":"https:\/\/secure.gravatar.com\/avatar\/bb65d0283347e303893ba14f0692005417c1e0e690a325a4c5d8bb2b3943ee14?s=96&d=mm&r=g","caption":"Cope Alcoy"}}]}},"_links":{"self":[{"href":"https:\/\/www.copealcoy.es\/es\/wp-json\/wp\/v2\/posts\/35858","targetHints":{"allow":["GET"]}}],"collection":[{"href":"https:\/\/www.copealcoy.es\/es\/wp-json\/wp\/v2\/posts"}],"about":[{"href":"https:\/\/www.copealcoy.es\/es\/wp-json\/wp\/v2\/types\/post"}],"author":[{"embeddable":true,"href":"https:\/\/www.copealcoy.es\/es\/wp-json\/wp\/v2\/users\/1"}],"replies":[{"embeddable":true,"href":"https:\/\/www.copealcoy.es\/es\/wp-json\/wp\/v2\/comments?post=35858"}],"version-history":[{"count":0,"href":"https:\/\/www.copealcoy.es\/es\/wp-json\/wp\/v2\/posts\/35858\/revisions"}],"wp:featuredmedia":[{"embeddable":true,"href":"https:\/\/www.copealcoy.es\/es\/wp-json\/wp\/v2\/media\/9803"}],"wp:attachment":[{"href":"https:\/\/www.copealcoy.es\/es\/wp-json\/wp\/v2\/media?parent=35858"}],"wp:term":[{"taxonomy":"category","embeddable":true,"href":"https:\/\/www.copealcoy.es\/es\/wp-json\/wp\/v2\/categories?post=35858"},{"taxonomy":"post_tag","embeddable":true,"href":"https:\/\/www.copealcoy.es\/es\/wp-json\/wp\/v2\/tags?post=35858"}],"curies":[{"name":"wp","href":"https:\/\/api.w.org\/{rel}","templated":true}]}}