{"id":35852,"date":"2017-10-16T15:01:52","date_gmt":"2017-10-16T15:01:52","guid":{"rendered":"http:\/\/copealcoi.es\/new\/?p=35852"},"modified":"2017-10-16T15:14:09","modified_gmt":"2017-10-16T15:14:09","slug":"el-ayuntamiento-saca-a-concurso-las-obras-de-reforma-de-la-calle-entenza","status":"publish","type":"post","link":"https:\/\/www.copealcoy.es\/es\/el-ayuntamiento-saca-a-concurso-las-obras-de-reforma-de-la-calle-entenza\/","title":{"rendered":"El Ayuntamiento saca a concurso las obras de reforma de la calle Entenza"},"content":{"rendered":"<p style=\"text-align: justify;\">El <strong>Ayuntamiento de Alcoy<\/strong> ha aprobado este lunes <strong>la licitaci\u00f3n de las obras de reforma de la calle Entenza<\/strong> con un presupuesto que asciende a los<strong> dos millones de euros<\/strong>. El siguiente paso ser\u00e1 <strong>la publicaci\u00f3n en el BOP<\/strong> y despu\u00e9s las empresas interesadas <strong>podr\u00e1n presentar sus ofertas<\/strong> durante las pr\u00f3ximas semanas. El Gobierno Local espera <strong>adjudicar el proyecto a finales de este a\u00f1o<\/strong> con el fin de que los trabajos <strong>puedan iniciarse en febrero de 2018<\/strong>, tras el periodo de rebajas de invierno, y tendr\u00e1\u00a0<strong>un plazo de ejecuci\u00f3n inicial de\u00a0once meses<\/strong> &#8220;<em>aunque este podr\u00eda acortarse en funci\u00f3n de los proyectos que presenten las empresas interesadas en acometer la intervenci\u00f3n<\/em>&#8220;, ha explicado el alcalde, Antonio Franc\u00e9s.<\/p>\n<p style=\"text-align: justify;\">El primer edil ha detallado tambi\u00e9n que estas obras <strong>se desarrollar\u00e1n en varias fases<\/strong> para <strong>reducir al m\u00e1ximo las complicaciones de tr\u00e1fico y del paso de peatones<\/strong> &#8220;<em>la primera abarcar\u00e1 el tramo entre las calles\u00a0Espronceda a Isabel La Cat\u00f3lica, la segunda entre esta v\u00eda y G\u00f3ngora,\u00a0el tercer tramo se situar\u00e1 desde esta calle hasta Isaac Pral y el \u00faltimo la parte que restar\u00e1 hasta la Vaguada. La calle no va estar cortada en su totalidad en ning\u00fan momento y cuando se ejecute la obra entre G\u00f3ngora e Isaac Peral habr\u00e1 dos subfases para que siempre est\u00e9 operativo un carril de circulaci\u00f3n<\/em>&#8220;, ha informado el alcalde.<\/p>\n<p style=\"text-align: justify;\"><strong>Una calle Entenza adaptada a las nuevas tecnolog\u00edas\u00a0<\/strong><\/p>\n<p style=\"text-align: justify;\">El proyecto de reforma de Entenza contempla convertir esta v\u00eda de la ciudad en <strong>una calle inteligente<\/strong>. Para ello se le dotar\u00e1 de diferentes sensores que regular\u00e1n aspectos como <strong>las fases de los sem\u00e1foros<\/strong>, el <strong>riego de alta presi\u00f3n<\/strong> o <strong>la intensidad de\u00a0la nueva iluminaci\u00f3n LED<\/strong> en diferentes momentos del d\u00eda. Tambi\u00e9n <strong>se ampliar\u00e1n las aceras<\/strong>, se instalar\u00e1<strong> arbolado<\/strong>, <strong>mobiliario urbano<\/strong> y se <strong>colocar\u00e1 una renovada se\u00f1alizaci\u00f3n<\/strong>. Del mismo modo <strong>se aplicar\u00e1\u00a0un asfalto en la calzada y un pavimento en las aceras<\/strong> respetuoso con el Medio Ambiente que absorbe el CO2. \u00a0Por otra parte\u00a0se construir\u00e1n <strong>nuevas conducciones para las redes de alcantarillado<\/strong>, agua potable y diferentes servicios &#8220;<em>podremos ver un ejemplo de lo que ser\u00e1n las calles del futuro<\/em>&#8220;, ha puntualizado el concejal de Urbanismo, <strong>Manolo Gomicia<\/strong>.<\/p>\n<p style=\"text-align: justify;\">Se\u00f1alar que el Ayuntamiento de Alcoy tambi\u00e9n est\u00e1 estudiando propuestas para <strong>crear\u00a0m\u00e1s plazas de aparcamiento<\/strong> como<strong> habilitar solares<\/strong> en la zona o <strong>adaptar las \u00e1reas de carga y descarga<\/strong> para el uso de los vecinos cuando estas no sean empleadas por los comercios de la calle.<\/p>\n<p><iframe loading=\"lazy\" title=\"RP - Licitaci\u00f3 del projecte de millora del carrer Enten\u00e7a  (16\/10\/2017)\" width=\"1200\" height=\"675\" src=\"https:\/\/www.youtube.com\/embed\/XLgP5k4mq7Q?feature=oembed\" frameborder=\"0\" allow=\"accelerometer; autoplay; encrypted-media; gyroscope; picture-in-picture\" allowfullscreen><\/iframe><\/p>\n<p style=\"text-align: justify;\">\n","protected":false},"excerpt":{"rendered":"<p>El Ayuntamiento de Alcoy ha aprobado este lunes la licitaci\u00f3n de las obras de reforma de la calle Entenza con&#8230;<\/p>\n","protected":false},"author":1,"featured_media":12151,"comment_status":"open","ping_status":"open","sticky":false,"template":"","format":"standard","meta":{"footnotes":""},"categories":[97,75,125],"tags":[1494,1793,1870,4583,1871,145,633],"class_list":["post-35852","post","type-post","status-publish","format-standard","has-post-thumbnail","hentry","category-alcoy","category-noticias","category-portada","tag-alcoy","tag-antonio-frances","tag-calle-entenza","tag-licita","tag-manolo-gomicia","tag-obras","tag-urbanismo"],"yoast_head":"<!-- This site is optimized with the Yoast SEO plugin v27.3 - https:\/\/yoast.com\/product\/yoast-seo-wordpress\/ -->\n<title>El Ayuntamiento saca a concurso las obras de reforma de la calle Entenza - COPE Alcoy<\/title>\n<meta name=\"robots\" content=\"index, follow, max-snippet:-1, max-image-preview:large, max-video-preview:-1\" \/>\n<link rel=\"canonical\" href=\"https:\/\/www.copealcoy.es\/es\/el-ayuntamiento-saca-a-concurso-las-obras-de-reforma-de-la-calle-entenza\/\" \/>\n<meta property=\"og:locale\" content=\"es_ES\" \/>\n<meta property=\"og:type\" content=\"article\" \/>\n<meta property=\"og:title\" content=\"El Ayuntamiento saca a concurso las obras de reforma de la calle Entenza - COPE Alcoy\" \/>\n<meta property=\"og:description\" content=\"El Ayuntamiento de Alcoy ha aprobado este lunes la licitaci\u00f3n de las obras de reforma de la calle Entenza con...\" \/>\n<meta property=\"og:url\" content=\"https:\/\/www.copealcoy.es\/es\/el-ayuntamiento-saca-a-concurso-las-obras-de-reforma-de-la-calle-entenza\/\" \/>\n<meta property=\"og:site_name\" content=\"COPE Alcoy\" \/>\n<meta property=\"article:published_time\" content=\"2017-10-16T15:01:52+00:00\" \/>\n<meta property=\"article:modified_time\" content=\"2017-10-16T15:14:09+00:00\" \/>\n<meta property=\"og:image\" content=\"https:\/\/www.copealcoy.es\/wp-content\/uploads\/2015\/04\/image70-660x330.jpg\" \/>\n\t<meta property=\"og:image:width\" content=\"660\" \/>\n\t<meta property=\"og:image:height\" content=\"330\" \/>\n\t<meta property=\"og:image:type\" content=\"image\/jpeg\" \/>\n<meta name=\"author\" content=\"Cope Alcoy\" \/>\n<meta name=\"twitter:label1\" content=\"Escrito por\" \/>\n\t<meta name=\"twitter:data1\" content=\"Cope Alcoy\" \/>\n\t<meta name=\"twitter:label2\" content=\"Tiempo de lectura\" \/>\n\t<meta name=\"twitter:data2\" content=\"2 minutos\" \/>\n<script type=\"application\/ld+json\" class=\"yoast-schema-graph\">{\"@context\":\"https:\\\/\\\/schema.org\",\"@graph\":[{\"@type\":\"Article\",\"@id\":\"https:\\\/\\\/www.copealcoy.es\\\/es\\\/el-ayuntamiento-saca-a-concurso-las-obras-de-reforma-de-la-calle-entenza\\\/#article\",\"isPartOf\":{\"@id\":\"https:\\\/\\\/www.copealcoy.es\\\/es\\\/el-ayuntamiento-saca-a-concurso-las-obras-de-reforma-de-la-calle-entenza\\\/\"},\"author\":{\"name\":\"Cope Alcoy\",\"@id\":\"https:\\\/\\\/www.copealcoy.es\\\/es\\\/#\\\/schema\\\/person\\\/e777c87fa024e57d40170af9df39882c\"},\"headline\":\"El Ayuntamiento saca a concurso las obras de reforma de la calle Entenza\",\"datePublished\":\"2017-10-16T15:01:52+00:00\",\"dateModified\":\"2017-10-16T15:14:09+00:00\",\"mainEntityOfPage\":{\"@id\":\"https:\\\/\\\/www.copealcoy.es\\\/es\\\/el-ayuntamiento-saca-a-concurso-las-obras-de-reforma-de-la-calle-entenza\\\/\"},\"wordCount\":469,\"commentCount\":0,\"image\":{\"@id\":\"https:\\\/\\\/www.copealcoy.es\\\/es\\\/el-ayuntamiento-saca-a-concurso-las-obras-de-reforma-de-la-calle-entenza\\\/#primaryimage\"},\"thumbnailUrl\":\"https:\\\/\\\/www.copealcoy.es\\\/wp-content\\\/uploads\\\/2015\\\/04\\\/image70-660x330.jpg\",\"keywords\":[\"Alcoy\",\"Antonio Franc\u00e9s\",\"calle Entenza\",\"licita\",\"Manolo Gomicia\",\"Obras\",\"Urbanismo\"],\"articleSection\":[\"Alcoy\",\"Noticias\",\"Portada\"],\"inLanguage\":\"es\"},{\"@type\":\"WebPage\",\"@id\":\"https:\\\/\\\/www.copealcoy.es\\\/es\\\/el-ayuntamiento-saca-a-concurso-las-obras-de-reforma-de-la-calle-entenza\\\/\",\"url\":\"https:\\\/\\\/www.copealcoy.es\\\/es\\\/el-ayuntamiento-saca-a-concurso-las-obras-de-reforma-de-la-calle-entenza\\\/\",\"name\":\"El Ayuntamiento saca a concurso las obras de reforma de la calle Entenza - COPE Alcoy\",\"isPartOf\":{\"@id\":\"https:\\\/\\\/www.copealcoy.es\\\/es\\\/#website\"},\"primaryImageOfPage\":{\"@id\":\"https:\\\/\\\/www.copealcoy.es\\\/es\\\/el-ayuntamiento-saca-a-concurso-las-obras-de-reforma-de-la-calle-entenza\\\/#primaryimage\"},\"image\":{\"@id\":\"https:\\\/\\\/www.copealcoy.es\\\/es\\\/el-ayuntamiento-saca-a-concurso-las-obras-de-reforma-de-la-calle-entenza\\\/#primaryimage\"},\"thumbnailUrl\":\"https:\\\/\\\/www.copealcoy.es\\\/wp-content\\\/uploads\\\/2015\\\/04\\\/image70-660x330.jpg\",\"datePublished\":\"2017-10-16T15:01:52+00:00\",\"dateModified\":\"2017-10-16T15:14:09+00:00\",\"author\":{\"@id\":\"https:\\\/\\\/www.copealcoy.es\\\/es\\\/#\\\/schema\\\/person\\\/e777c87fa024e57d40170af9df39882c\"},\"breadcrumb\":{\"@id\":\"https:\\\/\\\/www.copealcoy.es\\\/es\\\/el-ayuntamiento-saca-a-concurso-las-obras-de-reforma-de-la-calle-entenza\\\/#breadcrumb\"},\"inLanguage\":\"es\",\"potentialAction\":[{\"@type\":\"ReadAction\",\"target\":[\"https:\\\/\\\/www.copealcoy.es\\\/es\\\/el-ayuntamiento-saca-a-concurso-las-obras-de-reforma-de-la-calle-entenza\\\/\"]}]},{\"@type\":\"ImageObject\",\"inLanguage\":\"es\",\"@id\":\"https:\\\/\\\/www.copealcoy.es\\\/es\\\/el-ayuntamiento-saca-a-concurso-las-obras-de-reforma-de-la-calle-entenza\\\/#primaryimage\",\"url\":\"https:\\\/\\\/www.copealcoy.es\\\/wp-content\\\/uploads\\\/2015\\\/04\\\/image70-660x330.jpg\",\"contentUrl\":\"https:\\\/\\\/www.copealcoy.es\\\/wp-content\\\/uploads\\\/2015\\\/04\\\/image70-660x330.jpg\",\"width\":660,\"height\":330,\"caption\":\"La calle Entenza es una de las arter\u00edas principales del barrio del Ensanche\"},{\"@type\":\"BreadcrumbList\",\"@id\":\"https:\\\/\\\/www.copealcoy.es\\\/es\\\/el-ayuntamiento-saca-a-concurso-las-obras-de-reforma-de-la-calle-entenza\\\/#breadcrumb\",\"itemListElement\":[{\"@type\":\"ListItem\",\"position\":1,\"name\":\"Portada\",\"item\":\"https:\\\/\\\/www.copealcoy.es\\\/es\\\/\"},{\"@type\":\"ListItem\",\"position\":2,\"name\":\"El Ayuntamiento saca a concurso las obras de reforma de la calle Entenza\"}]},{\"@type\":\"WebSite\",\"@id\":\"https:\\\/\\\/www.copealcoy.es\\\/es\\\/#website\",\"url\":\"https:\\\/\\\/www.copealcoy.es\\\/es\\\/\",\"name\":\"COPE Alcoy\",\"description\":\"Emisora COPE de radio local con emisi\u00f3n online. Pont de Sant Jordi 8-10 03803 Alcoy\",\"potentialAction\":[{\"@type\":\"SearchAction\",\"target\":{\"@type\":\"EntryPoint\",\"urlTemplate\":\"https:\\\/\\\/www.copealcoy.es\\\/es\\\/?s={search_term_string}\"},\"query-input\":{\"@type\":\"PropertyValueSpecification\",\"valueRequired\":true,\"valueName\":\"search_term_string\"}}],\"inLanguage\":\"es\"},{\"@type\":\"Person\",\"@id\":\"https:\\\/\\\/www.copealcoy.es\\\/es\\\/#\\\/schema\\\/person\\\/e777c87fa024e57d40170af9df39882c\",\"name\":\"Cope Alcoy\",\"image\":{\"@type\":\"ImageObject\",\"inLanguage\":\"es\",\"@id\":\"https:\\\/\\\/secure.gravatar.com\\\/avatar\\\/bb65d0283347e303893ba14f0692005417c1e0e690a325a4c5d8bb2b3943ee14?s=96&d=mm&r=g\",\"url\":\"https:\\\/\\\/secure.gravatar.com\\\/avatar\\\/bb65d0283347e303893ba14f0692005417c1e0e690a325a4c5d8bb2b3943ee14?s=96&d=mm&r=g\",\"contentUrl\":\"https:\\\/\\\/secure.gravatar.com\\\/avatar\\\/bb65d0283347e303893ba14f0692005417c1e0e690a325a4c5d8bb2b3943ee14?s=96&d=mm&r=g\",\"caption\":\"Cope Alcoy\"}}]}<\/script>\n<!-- \/ Yoast SEO plugin. -->","yoast_head_json":{"title":"El Ayuntamiento saca a concurso las obras de reforma de la calle Entenza - COPE Alcoy","robots":{"index":"index","follow":"follow","max-snippet":"max-snippet:-1","max-image-preview":"max-image-preview:large","max-video-preview":"max-video-preview:-1"},"canonical":"https:\/\/www.copealcoy.es\/es\/el-ayuntamiento-saca-a-concurso-las-obras-de-reforma-de-la-calle-entenza\/","og_locale":"es_ES","og_type":"article","og_title":"El Ayuntamiento saca a concurso las obras de reforma de la calle Entenza - COPE Alcoy","og_description":"El Ayuntamiento de Alcoy ha aprobado este lunes la licitaci\u00f3n de las obras de reforma de la calle Entenza con...","og_url":"https:\/\/www.copealcoy.es\/es\/el-ayuntamiento-saca-a-concurso-las-obras-de-reforma-de-la-calle-entenza\/","og_site_name":"COPE Alcoy","article_published_time":"2017-10-16T15:01:52+00:00","article_modified_time":"2017-10-16T15:14:09+00:00","og_image":[{"width":660,"height":330,"url":"https:\/\/www.copealcoy.es\/wp-content\/uploads\/2015\/04\/image70-660x330.jpg","type":"image\/jpeg"}],"author":"Cope Alcoy","twitter_misc":{"Escrito por":"Cope Alcoy","Tiempo de lectura":"2 minutos"},"schema":{"@context":"https:\/\/schema.org","@graph":[{"@type":"Article","@id":"https:\/\/www.copealcoy.es\/es\/el-ayuntamiento-saca-a-concurso-las-obras-de-reforma-de-la-calle-entenza\/#article","isPartOf":{"@id":"https:\/\/www.copealcoy.es\/es\/el-ayuntamiento-saca-a-concurso-las-obras-de-reforma-de-la-calle-entenza\/"},"author":{"name":"Cope Alcoy","@id":"https:\/\/www.copealcoy.es\/es\/#\/schema\/person\/e777c87fa024e57d40170af9df39882c"},"headline":"El Ayuntamiento saca a concurso las obras de reforma de la calle Entenza","datePublished":"2017-10-16T15:01:52+00:00","dateModified":"2017-10-16T15:14:09+00:00","mainEntityOfPage":{"@id":"https:\/\/www.copealcoy.es\/es\/el-ayuntamiento-saca-a-concurso-las-obras-de-reforma-de-la-calle-entenza\/"},"wordCount":469,"commentCount":0,"image":{"@id":"https:\/\/www.copealcoy.es\/es\/el-ayuntamiento-saca-a-concurso-las-obras-de-reforma-de-la-calle-entenza\/#primaryimage"},"thumbnailUrl":"https:\/\/www.copealcoy.es\/wp-content\/uploads\/2015\/04\/image70-660x330.jpg","keywords":["Alcoy","Antonio Franc\u00e9s","calle Entenza","licita","Manolo Gomicia","Obras","Urbanismo"],"articleSection":["Alcoy","Noticias","Portada"],"inLanguage":"es"},{"@type":"WebPage","@id":"https:\/\/www.copealcoy.es\/es\/el-ayuntamiento-saca-a-concurso-las-obras-de-reforma-de-la-calle-entenza\/","url":"https:\/\/www.copealcoy.es\/es\/el-ayuntamiento-saca-a-concurso-las-obras-de-reforma-de-la-calle-entenza\/","name":"El Ayuntamiento saca a concurso las obras de reforma de la calle Entenza - COPE Alcoy","isPartOf":{"@id":"https:\/\/www.copealcoy.es\/es\/#website"},"primaryImageOfPage":{"@id":"https:\/\/www.copealcoy.es\/es\/el-ayuntamiento-saca-a-concurso-las-obras-de-reforma-de-la-calle-entenza\/#primaryimage"},"image":{"@id":"https:\/\/www.copealcoy.es\/es\/el-ayuntamiento-saca-a-concurso-las-obras-de-reforma-de-la-calle-entenza\/#primaryimage"},"thumbnailUrl":"https:\/\/www.copealcoy.es\/wp-content\/uploads\/2015\/04\/image70-660x330.jpg","datePublished":"2017-10-16T15:01:52+00:00","dateModified":"2017-10-16T15:14:09+00:00","author":{"@id":"https:\/\/www.copealcoy.es\/es\/#\/schema\/person\/e777c87fa024e57d40170af9df39882c"},"breadcrumb":{"@id":"https:\/\/www.copealcoy.es\/es\/el-ayuntamiento-saca-a-concurso-las-obras-de-reforma-de-la-calle-entenza\/#breadcrumb"},"inLanguage":"es","potentialAction":[{"@type":"ReadAction","target":["https:\/\/www.copealcoy.es\/es\/el-ayuntamiento-saca-a-concurso-las-obras-de-reforma-de-la-calle-entenza\/"]}]},{"@type":"ImageObject","inLanguage":"es","@id":"https:\/\/www.copealcoy.es\/es\/el-ayuntamiento-saca-a-concurso-las-obras-de-reforma-de-la-calle-entenza\/#primaryimage","url":"https:\/\/www.copealcoy.es\/wp-content\/uploads\/2015\/04\/image70-660x330.jpg","contentUrl":"https:\/\/www.copealcoy.es\/wp-content\/uploads\/2015\/04\/image70-660x330.jpg","width":660,"height":330,"caption":"La calle Entenza es una de las arter\u00edas principales del barrio del Ensanche"},{"@type":"BreadcrumbList","@id":"https:\/\/www.copealcoy.es\/es\/el-ayuntamiento-saca-a-concurso-las-obras-de-reforma-de-la-calle-entenza\/#breadcrumb","itemListElement":[{"@type":"ListItem","position":1,"name":"Portada","item":"https:\/\/www.copealcoy.es\/es\/"},{"@type":"ListItem","position":2,"name":"El Ayuntamiento saca a concurso las obras de reforma de la calle Entenza"}]},{"@type":"WebSite","@id":"https:\/\/www.copealcoy.es\/es\/#website","url":"https:\/\/www.copealcoy.es\/es\/","name":"COPE Alcoy","description":"Emisora COPE de radio local con emisi\u00f3n online. Pont de Sant Jordi 8-10 03803 Alcoy","potentialAction":[{"@type":"SearchAction","target":{"@type":"EntryPoint","urlTemplate":"https:\/\/www.copealcoy.es\/es\/?s={search_term_string}"},"query-input":{"@type":"PropertyValueSpecification","valueRequired":true,"valueName":"search_term_string"}}],"inLanguage":"es"},{"@type":"Person","@id":"https:\/\/www.copealcoy.es\/es\/#\/schema\/person\/e777c87fa024e57d40170af9df39882c","name":"Cope Alcoy","image":{"@type":"ImageObject","inLanguage":"es","@id":"https:\/\/secure.gravatar.com\/avatar\/bb65d0283347e303893ba14f0692005417c1e0e690a325a4c5d8bb2b3943ee14?s=96&d=mm&r=g","url":"https:\/\/secure.gravatar.com\/avatar\/bb65d0283347e303893ba14f0692005417c1e0e690a325a4c5d8bb2b3943ee14?s=96&d=mm&r=g","contentUrl":"https:\/\/secure.gravatar.com\/avatar\/bb65d0283347e303893ba14f0692005417c1e0e690a325a4c5d8bb2b3943ee14?s=96&d=mm&r=g","caption":"Cope Alcoy"}}]}},"_links":{"self":[{"href":"https:\/\/www.copealcoy.es\/es\/wp-json\/wp\/v2\/posts\/35852","targetHints":{"allow":["GET"]}}],"collection":[{"href":"https:\/\/www.copealcoy.es\/es\/wp-json\/wp\/v2\/posts"}],"about":[{"href":"https:\/\/www.copealcoy.es\/es\/wp-json\/wp\/v2\/types\/post"}],"author":[{"embeddable":true,"href":"https:\/\/www.copealcoy.es\/es\/wp-json\/wp\/v2\/users\/1"}],"replies":[{"embeddable":true,"href":"https:\/\/www.copealcoy.es\/es\/wp-json\/wp\/v2\/comments?post=35852"}],"version-history":[{"count":0,"href":"https:\/\/www.copealcoy.es\/es\/wp-json\/wp\/v2\/posts\/35852\/revisions"}],"wp:featuredmedia":[{"embeddable":true,"href":"https:\/\/www.copealcoy.es\/es\/wp-json\/wp\/v2\/media\/12151"}],"wp:attachment":[{"href":"https:\/\/www.copealcoy.es\/es\/wp-json\/wp\/v2\/media?parent=35852"}],"wp:term":[{"taxonomy":"category","embeddable":true,"href":"https:\/\/www.copealcoy.es\/es\/wp-json\/wp\/v2\/categories?post=35852"},{"taxonomy":"post_tag","embeddable":true,"href":"https:\/\/www.copealcoy.es\/es\/wp-json\/wp\/v2\/tags?post=35852"}],"curies":[{"name":"wp","href":"https:\/\/api.w.org\/{rel}","templated":true}]}}