{"id":35708,"date":"2017-10-10T15:11:18","date_gmt":"2017-10-10T15:11:18","guid":{"rendered":"http:\/\/copealcoi.es\/new\/?p=35708"},"modified":"2017-10-11T11:34:21","modified_gmt":"2017-10-11T11:34:21","slug":"la-campana-de-recogida-de-leche-de-caritas-supera-todas-las-previsiones","status":"publish","type":"post","link":"https:\/\/www.copealcoy.es\/es\/la-campana-de-recogida-de-leche-de-caritas-supera-todas-las-previsiones\/","title":{"rendered":"La Campa\u00f1a de recogida de leche de C\u00e1ritas supera todas las previsiones"},"content":{"rendered":"<p style=\"text-align: justify;\">C\u00e1ritas Alcoy llev\u00f3 a cabo el pasado\u00a0s\u00e1bado \u00a0<strong>la campa\u00f1a solidaria \u2018Somos la Leche\u2019<\/strong> con la que pretend\u00eda\u00a0<strong>conseguir<\/strong>\u00a0la recogida de <strong>m\u00e1s de 7.000 litros de leche<\/strong> en nuestra ciudad que ir\u00e1n a parar <strong>al Economato<\/strong> y que servir\u00e1n para <strong>poder cubrir las necesidades de este producto<\/strong> en los pr\u00f3ximos 2 meses.<\/p>\n<p style=\"text-align: justify;\">La iniciativa solidaria <b>ha sido todo \u00e9xito<\/b> y hasta la fecha <b>se han recaudado 10.800 litros<\/b> de leche <b>a falta de contabilizar 5 furgones<\/b> y las recogidas realizadas en las parroquias de Alcoy as\u00ed como en los diferentes colegios.<\/p>\n<p style=\"text-align: justify;\">Desde la organizaci\u00f3n de este importante proyecto <b>agradecen la solidaridad de todos los alcoyanos a la hora de hacer sus donaciones <\/b>en los supermercados, templos y centros educativos al mismo tiempo que indican que <b>los resultados conseguidos<\/b> aventuran que con toda probabilidad <b>se habr\u00e1n superado los 7.000 litros<\/b> iniciales que C\u00e1ritas se hab\u00eda planteado obtener en un principio.<\/p>\n","protected":false},"excerpt":{"rendered":"<p>C\u00e1ritas Alcoy llev\u00f3 a cabo el pasado\u00a0s\u00e1bado \u00a0la campa\u00f1a solidaria \u2018Somos la Leche\u2019 con la que pretend\u00eda\u00a0conseguir\u00a0la recogida de m\u00e1s&#8230;<\/p>\n","protected":false},"author":1,"featured_media":35709,"comment_status":"open","ping_status":"open","sticky":false,"template":"","format":"standard","meta":{"footnotes":""},"categories":[97,75,79],"tags":[1494,199,460,4744],"class_list":["post-35708","post","type-post","status-publish","format-standard","has-post-thumbnail","hentry","category-alcoy","category-noticias","category-politicayeconomia","tag-alcoy","tag-campana","tag-caritas","tag-somos-la-leche"],"yoast_head":"<!-- This site is optimized with the Yoast SEO plugin v27.3 - https:\/\/yoast.com\/product\/yoast-seo-wordpress\/ -->\n<title>La Campa\u00f1a de recogida de leche de C\u00e1ritas supera todas las previsiones - COPE Alcoy<\/title>\n<meta name=\"robots\" content=\"index, follow, max-snippet:-1, max-image-preview:large, max-video-preview:-1\" \/>\n<link rel=\"canonical\" href=\"https:\/\/www.copealcoy.es\/es\/la-campana-de-recogida-de-leche-de-caritas-supera-todas-las-previsiones\/\" \/>\n<meta property=\"og:locale\" content=\"es_ES\" \/>\n<meta property=\"og:type\" content=\"article\" \/>\n<meta property=\"og:title\" content=\"La Campa\u00f1a de recogida de leche de C\u00e1ritas supera todas las previsiones - COPE Alcoy\" \/>\n<meta property=\"og:description\" content=\"C\u00e1ritas Alcoy llev\u00f3 a cabo el pasado\u00a0s\u00e1bado \u00a0la campa\u00f1a solidaria \u2018Somos la Leche\u2019 con la que pretend\u00eda\u00a0conseguir\u00a0la recogida de m\u00e1s...\" \/>\n<meta property=\"og:url\" content=\"https:\/\/www.copealcoy.es\/es\/la-campana-de-recogida-de-leche-de-caritas-supera-todas-las-previsiones\/\" \/>\n<meta property=\"og:site_name\" content=\"COPE Alcoy\" \/>\n<meta property=\"article:published_time\" content=\"2017-10-10T15:11:18+00:00\" \/>\n<meta property=\"article:modified_time\" content=\"2017-10-11T11:34:21+00:00\" \/>\n<meta property=\"og:image\" content=\"https:\/\/www.copealcoy.es\/wp-content\/uploads\/2017\/10\/IMG_2106.jpg\" \/>\n\t<meta property=\"og:image:width\" content=\"1600\" \/>\n\t<meta property=\"og:image:height\" content=\"900\" \/>\n\t<meta property=\"og:image:type\" content=\"image\/jpeg\" \/>\n<meta name=\"author\" content=\"Cope Alcoy\" \/>\n<meta name=\"twitter:label1\" content=\"Escrito por\" \/>\n\t<meta name=\"twitter:data1\" content=\"Cope Alcoy\" \/>\n\t<meta name=\"twitter:label2\" content=\"Tiempo de lectura\" \/>\n\t<meta name=\"twitter:data2\" content=\"1 minuto\" \/>\n<script type=\"application\/ld+json\" class=\"yoast-schema-graph\">{\"@context\":\"https:\\\/\\\/schema.org\",\"@graph\":[{\"@type\":\"Article\",\"@id\":\"https:\\\/\\\/www.copealcoy.es\\\/es\\\/la-campana-de-recogida-de-leche-de-caritas-supera-todas-las-previsiones\\\/#article\",\"isPartOf\":{\"@id\":\"https:\\\/\\\/www.copealcoy.es\\\/es\\\/la-campana-de-recogida-de-leche-de-caritas-supera-todas-las-previsiones\\\/\"},\"author\":{\"name\":\"Cope Alcoy\",\"@id\":\"https:\\\/\\\/www.copealcoy.es\\\/es\\\/#\\\/schema\\\/person\\\/e777c87fa024e57d40170af9df39882c\"},\"headline\":\"La Campa\u00f1a de recogida de leche de C\u00e1ritas supera todas las previsiones\",\"datePublished\":\"2017-10-10T15:11:18+00:00\",\"dateModified\":\"2017-10-11T11:34:21+00:00\",\"mainEntityOfPage\":{\"@id\":\"https:\\\/\\\/www.copealcoy.es\\\/es\\\/la-campana-de-recogida-de-leche-de-caritas-supera-todas-las-previsiones\\\/\"},\"wordCount\":171,\"commentCount\":0,\"image\":{\"@id\":\"https:\\\/\\\/www.copealcoy.es\\\/es\\\/la-campana-de-recogida-de-leche-de-caritas-supera-todas-las-previsiones\\\/#primaryimage\"},\"thumbnailUrl\":\"https:\\\/\\\/www.copealcoy.es\\\/wp-content\\\/uploads\\\/2017\\\/10\\\/IMG_2106.jpg\",\"keywords\":[\"Alcoy\",\"Campa\u00f1a\",\"C\u00e1ritas\",\"Somos la Leche\"],\"articleSection\":[\"Alcoy\",\"Noticias\",\"Pol\u00edtica y Econom\u00eda\"],\"inLanguage\":\"es\"},{\"@type\":\"WebPage\",\"@id\":\"https:\\\/\\\/www.copealcoy.es\\\/es\\\/la-campana-de-recogida-de-leche-de-caritas-supera-todas-las-previsiones\\\/\",\"url\":\"https:\\\/\\\/www.copealcoy.es\\\/es\\\/la-campana-de-recogida-de-leche-de-caritas-supera-todas-las-previsiones\\\/\",\"name\":\"La Campa\u00f1a de recogida de leche de C\u00e1ritas supera todas las previsiones - COPE Alcoy\",\"isPartOf\":{\"@id\":\"https:\\\/\\\/www.copealcoy.es\\\/es\\\/#website\"},\"primaryImageOfPage\":{\"@id\":\"https:\\\/\\\/www.copealcoy.es\\\/es\\\/la-campana-de-recogida-de-leche-de-caritas-supera-todas-las-previsiones\\\/#primaryimage\"},\"image\":{\"@id\":\"https:\\\/\\\/www.copealcoy.es\\\/es\\\/la-campana-de-recogida-de-leche-de-caritas-supera-todas-las-previsiones\\\/#primaryimage\"},\"thumbnailUrl\":\"https:\\\/\\\/www.copealcoy.es\\\/wp-content\\\/uploads\\\/2017\\\/10\\\/IMG_2106.jpg\",\"datePublished\":\"2017-10-10T15:11:18+00:00\",\"dateModified\":\"2017-10-11T11:34:21+00:00\",\"author\":{\"@id\":\"https:\\\/\\\/www.copealcoy.es\\\/es\\\/#\\\/schema\\\/person\\\/e777c87fa024e57d40170af9df39882c\"},\"breadcrumb\":{\"@id\":\"https:\\\/\\\/www.copealcoy.es\\\/es\\\/la-campana-de-recogida-de-leche-de-caritas-supera-todas-las-previsiones\\\/#breadcrumb\"},\"inLanguage\":\"es\",\"potentialAction\":[{\"@type\":\"ReadAction\",\"target\":[\"https:\\\/\\\/www.copealcoy.es\\\/es\\\/la-campana-de-recogida-de-leche-de-caritas-supera-todas-las-previsiones\\\/\"]}]},{\"@type\":\"ImageObject\",\"inLanguage\":\"es\",\"@id\":\"https:\\\/\\\/www.copealcoy.es\\\/es\\\/la-campana-de-recogida-de-leche-de-caritas-supera-todas-las-previsiones\\\/#primaryimage\",\"url\":\"https:\\\/\\\/www.copealcoy.es\\\/wp-content\\\/uploads\\\/2017\\\/10\\\/IMG_2106.jpg\",\"contentUrl\":\"https:\\\/\\\/www.copealcoy.es\\\/wp-content\\\/uploads\\\/2017\\\/10\\\/IMG_2106.jpg\",\"width\":1600,\"height\":900,\"caption\":\"La campa\u00f1a se llev\u00f3 a cabo el pasado s\u00e1bado\"},{\"@type\":\"BreadcrumbList\",\"@id\":\"https:\\\/\\\/www.copealcoy.es\\\/es\\\/la-campana-de-recogida-de-leche-de-caritas-supera-todas-las-previsiones\\\/#breadcrumb\",\"itemListElement\":[{\"@type\":\"ListItem\",\"position\":1,\"name\":\"Portada\",\"item\":\"https:\\\/\\\/www.copealcoy.es\\\/es\\\/\"},{\"@type\":\"ListItem\",\"position\":2,\"name\":\"La Campa\u00f1a de recogida de leche de C\u00e1ritas supera todas las previsiones\"}]},{\"@type\":\"WebSite\",\"@id\":\"https:\\\/\\\/www.copealcoy.es\\\/es\\\/#website\",\"url\":\"https:\\\/\\\/www.copealcoy.es\\\/es\\\/\",\"name\":\"COPE Alcoy\",\"description\":\"Emisora COPE de radio local con emisi\u00f3n online. Pont de Sant Jordi 8-10 03803 Alcoy\",\"potentialAction\":[{\"@type\":\"SearchAction\",\"target\":{\"@type\":\"EntryPoint\",\"urlTemplate\":\"https:\\\/\\\/www.copealcoy.es\\\/es\\\/?s={search_term_string}\"},\"query-input\":{\"@type\":\"PropertyValueSpecification\",\"valueRequired\":true,\"valueName\":\"search_term_string\"}}],\"inLanguage\":\"es\"},{\"@type\":\"Person\",\"@id\":\"https:\\\/\\\/www.copealcoy.es\\\/es\\\/#\\\/schema\\\/person\\\/e777c87fa024e57d40170af9df39882c\",\"name\":\"Cope Alcoy\",\"image\":{\"@type\":\"ImageObject\",\"inLanguage\":\"es\",\"@id\":\"https:\\\/\\\/secure.gravatar.com\\\/avatar\\\/bb65d0283347e303893ba14f0692005417c1e0e690a325a4c5d8bb2b3943ee14?s=96&d=mm&r=g\",\"url\":\"https:\\\/\\\/secure.gravatar.com\\\/avatar\\\/bb65d0283347e303893ba14f0692005417c1e0e690a325a4c5d8bb2b3943ee14?s=96&d=mm&r=g\",\"contentUrl\":\"https:\\\/\\\/secure.gravatar.com\\\/avatar\\\/bb65d0283347e303893ba14f0692005417c1e0e690a325a4c5d8bb2b3943ee14?s=96&d=mm&r=g\",\"caption\":\"Cope Alcoy\"}}]}<\/script>\n<!-- \/ Yoast SEO plugin. -->","yoast_head_json":{"title":"La Campa\u00f1a de recogida de leche de C\u00e1ritas supera todas las previsiones - COPE Alcoy","robots":{"index":"index","follow":"follow","max-snippet":"max-snippet:-1","max-image-preview":"max-image-preview:large","max-video-preview":"max-video-preview:-1"},"canonical":"https:\/\/www.copealcoy.es\/es\/la-campana-de-recogida-de-leche-de-caritas-supera-todas-las-previsiones\/","og_locale":"es_ES","og_type":"article","og_title":"La Campa\u00f1a de recogida de leche de C\u00e1ritas supera todas las previsiones - COPE Alcoy","og_description":"C\u00e1ritas Alcoy llev\u00f3 a cabo el pasado\u00a0s\u00e1bado \u00a0la campa\u00f1a solidaria \u2018Somos la Leche\u2019 con la que pretend\u00eda\u00a0conseguir\u00a0la recogida de m\u00e1s...","og_url":"https:\/\/www.copealcoy.es\/es\/la-campana-de-recogida-de-leche-de-caritas-supera-todas-las-previsiones\/","og_site_name":"COPE Alcoy","article_published_time":"2017-10-10T15:11:18+00:00","article_modified_time":"2017-10-11T11:34:21+00:00","og_image":[{"width":1600,"height":900,"url":"https:\/\/www.copealcoy.es\/wp-content\/uploads\/2017\/10\/IMG_2106.jpg","type":"image\/jpeg"}],"author":"Cope Alcoy","twitter_misc":{"Escrito por":"Cope Alcoy","Tiempo de lectura":"1 minuto"},"schema":{"@context":"https:\/\/schema.org","@graph":[{"@type":"Article","@id":"https:\/\/www.copealcoy.es\/es\/la-campana-de-recogida-de-leche-de-caritas-supera-todas-las-previsiones\/#article","isPartOf":{"@id":"https:\/\/www.copealcoy.es\/es\/la-campana-de-recogida-de-leche-de-caritas-supera-todas-las-previsiones\/"},"author":{"name":"Cope Alcoy","@id":"https:\/\/www.copealcoy.es\/es\/#\/schema\/person\/e777c87fa024e57d40170af9df39882c"},"headline":"La Campa\u00f1a de recogida de leche de C\u00e1ritas supera todas las previsiones","datePublished":"2017-10-10T15:11:18+00:00","dateModified":"2017-10-11T11:34:21+00:00","mainEntityOfPage":{"@id":"https:\/\/www.copealcoy.es\/es\/la-campana-de-recogida-de-leche-de-caritas-supera-todas-las-previsiones\/"},"wordCount":171,"commentCount":0,"image":{"@id":"https:\/\/www.copealcoy.es\/es\/la-campana-de-recogida-de-leche-de-caritas-supera-todas-las-previsiones\/#primaryimage"},"thumbnailUrl":"https:\/\/www.copealcoy.es\/wp-content\/uploads\/2017\/10\/IMG_2106.jpg","keywords":["Alcoy","Campa\u00f1a","C\u00e1ritas","Somos la Leche"],"articleSection":["Alcoy","Noticias","Pol\u00edtica y Econom\u00eda"],"inLanguage":"es"},{"@type":"WebPage","@id":"https:\/\/www.copealcoy.es\/es\/la-campana-de-recogida-de-leche-de-caritas-supera-todas-las-previsiones\/","url":"https:\/\/www.copealcoy.es\/es\/la-campana-de-recogida-de-leche-de-caritas-supera-todas-las-previsiones\/","name":"La Campa\u00f1a de recogida de leche de C\u00e1ritas supera todas las previsiones - COPE Alcoy","isPartOf":{"@id":"https:\/\/www.copealcoy.es\/es\/#website"},"primaryImageOfPage":{"@id":"https:\/\/www.copealcoy.es\/es\/la-campana-de-recogida-de-leche-de-caritas-supera-todas-las-previsiones\/#primaryimage"},"image":{"@id":"https:\/\/www.copealcoy.es\/es\/la-campana-de-recogida-de-leche-de-caritas-supera-todas-las-previsiones\/#primaryimage"},"thumbnailUrl":"https:\/\/www.copealcoy.es\/wp-content\/uploads\/2017\/10\/IMG_2106.jpg","datePublished":"2017-10-10T15:11:18+00:00","dateModified":"2017-10-11T11:34:21+00:00","author":{"@id":"https:\/\/www.copealcoy.es\/es\/#\/schema\/person\/e777c87fa024e57d40170af9df39882c"},"breadcrumb":{"@id":"https:\/\/www.copealcoy.es\/es\/la-campana-de-recogida-de-leche-de-caritas-supera-todas-las-previsiones\/#breadcrumb"},"inLanguage":"es","potentialAction":[{"@type":"ReadAction","target":["https:\/\/www.copealcoy.es\/es\/la-campana-de-recogida-de-leche-de-caritas-supera-todas-las-previsiones\/"]}]},{"@type":"ImageObject","inLanguage":"es","@id":"https:\/\/www.copealcoy.es\/es\/la-campana-de-recogida-de-leche-de-caritas-supera-todas-las-previsiones\/#primaryimage","url":"https:\/\/www.copealcoy.es\/wp-content\/uploads\/2017\/10\/IMG_2106.jpg","contentUrl":"https:\/\/www.copealcoy.es\/wp-content\/uploads\/2017\/10\/IMG_2106.jpg","width":1600,"height":900,"caption":"La campa\u00f1a se llev\u00f3 a cabo el pasado s\u00e1bado"},{"@type":"BreadcrumbList","@id":"https:\/\/www.copealcoy.es\/es\/la-campana-de-recogida-de-leche-de-caritas-supera-todas-las-previsiones\/#breadcrumb","itemListElement":[{"@type":"ListItem","position":1,"name":"Portada","item":"https:\/\/www.copealcoy.es\/es\/"},{"@type":"ListItem","position":2,"name":"La Campa\u00f1a de recogida de leche de C\u00e1ritas supera todas las previsiones"}]},{"@type":"WebSite","@id":"https:\/\/www.copealcoy.es\/es\/#website","url":"https:\/\/www.copealcoy.es\/es\/","name":"COPE Alcoy","description":"Emisora COPE de radio local con emisi\u00f3n online. Pont de Sant Jordi 8-10 03803 Alcoy","potentialAction":[{"@type":"SearchAction","target":{"@type":"EntryPoint","urlTemplate":"https:\/\/www.copealcoy.es\/es\/?s={search_term_string}"},"query-input":{"@type":"PropertyValueSpecification","valueRequired":true,"valueName":"search_term_string"}}],"inLanguage":"es"},{"@type":"Person","@id":"https:\/\/www.copealcoy.es\/es\/#\/schema\/person\/e777c87fa024e57d40170af9df39882c","name":"Cope Alcoy","image":{"@type":"ImageObject","inLanguage":"es","@id":"https:\/\/secure.gravatar.com\/avatar\/bb65d0283347e303893ba14f0692005417c1e0e690a325a4c5d8bb2b3943ee14?s=96&d=mm&r=g","url":"https:\/\/secure.gravatar.com\/avatar\/bb65d0283347e303893ba14f0692005417c1e0e690a325a4c5d8bb2b3943ee14?s=96&d=mm&r=g","contentUrl":"https:\/\/secure.gravatar.com\/avatar\/bb65d0283347e303893ba14f0692005417c1e0e690a325a4c5d8bb2b3943ee14?s=96&d=mm&r=g","caption":"Cope Alcoy"}}]}},"_links":{"self":[{"href":"https:\/\/www.copealcoy.es\/es\/wp-json\/wp\/v2\/posts\/35708","targetHints":{"allow":["GET"]}}],"collection":[{"href":"https:\/\/www.copealcoy.es\/es\/wp-json\/wp\/v2\/posts"}],"about":[{"href":"https:\/\/www.copealcoy.es\/es\/wp-json\/wp\/v2\/types\/post"}],"author":[{"embeddable":true,"href":"https:\/\/www.copealcoy.es\/es\/wp-json\/wp\/v2\/users\/1"}],"replies":[{"embeddable":true,"href":"https:\/\/www.copealcoy.es\/es\/wp-json\/wp\/v2\/comments?post=35708"}],"version-history":[{"count":0,"href":"https:\/\/www.copealcoy.es\/es\/wp-json\/wp\/v2\/posts\/35708\/revisions"}],"wp:featuredmedia":[{"embeddable":true,"href":"https:\/\/www.copealcoy.es\/es\/wp-json\/wp\/v2\/media\/35709"}],"wp:attachment":[{"href":"https:\/\/www.copealcoy.es\/es\/wp-json\/wp\/v2\/media?parent=35708"}],"wp:term":[{"taxonomy":"category","embeddable":true,"href":"https:\/\/www.copealcoy.es\/es\/wp-json\/wp\/v2\/categories?post=35708"},{"taxonomy":"post_tag","embeddable":true,"href":"https:\/\/www.copealcoy.es\/es\/wp-json\/wp\/v2\/tags?post=35708"}],"curies":[{"name":"wp","href":"https:\/\/api.w.org\/{rel}","templated":true}]}}