{"id":35594,"date":"2017-10-05T18:41:56","date_gmt":"2017-10-05T18:41:56","guid":{"rendered":"http:\/\/copealcoi.es\/new\/?p=35594"},"modified":"2017-10-05T18:44:35","modified_gmt":"2017-10-05T18:44:35","slug":"las-obras-del-viaducto-a-punto-de-empezar","status":"publish","type":"post","link":"https:\/\/www.copealcoy.es\/es\/las-obras-del-viaducto-a-punto-de-empezar\/","title":{"rendered":"Las obras del Viaducto, a punto de empezar"},"content":{"rendered":"<div class=\"row\">\n<div class=\"col-sm-12\">\n<p style=\"text-align: justify;\">El <strong>Ayuntamiento de Alcoy<\/strong> contempla que en los pr\u00f3ximos d\u00edas <strong>puedan iniciarse las obras<\/strong> para la reparaci\u00f3n del <strong>Viaducto de Canalejas<\/strong>. La intervenci\u00f3n, que <strong>se realiza con car\u00e1cter urgente<\/strong>, servir\u00e1 para reparar los <strong>da\u00f1os en la estructura existente sobre las aceras<\/strong> y han sido adjudicados en unos <strong>88.000 euros<\/strong> a la empresa Doble Cubierta.<\/p>\n<p style=\"text-align: justify;\">Jordi Mart\u00ednez, <strong>concejal de Obras y Servicios en el Consistorio<\/strong>, explicaba este jueves en COPE ALCOY que los trabajos <strong>podr\u00edan iniciarse tras fiesta del 9 d\u00b4Octubre<\/strong> si as\u00ed <strong>lo consideran oportuno los t\u00e9cnicos y la direcci\u00f3n de obra<\/strong> &#8220;<em>ma\u00f1ana viernes tenemos una reuni\u00f3n para concretar todos los plazos ya que urge actuar en la estructura para evitar que pudiesen producirse males mayores. El proyecto fue adjudicado hace unos meses pero se ha esperado la conveniencia de actuar al finalizar la reforma del tablero del Pont de Sant Jordi para no complicar m\u00e1s el tr\u00e1fico en la ciudad<\/em>&#8220;, asegura.<\/p>\n<p style=\"text-align: justify;\">La mencionada obra <strong>tendr\u00e1 un plazo de ejecuci\u00f3n de unos dos meses<\/strong> y mientras se lleve a cabo la reparaci\u00f3n habr\u00e1 abierto un carril para facilitar el paso de veh\u00edculos.<\/p>\n<p>&nbsp;<\/p>\n<\/div>\n<\/div>\n","protected":false},"excerpt":{"rendered":"<p>El Ayuntamiento de Alcoy contempla que en los pr\u00f3ximos d\u00edas puedan iniciarse las obras para la reparaci\u00f3n del Viaducto de&#8230;<\/p>\n","protected":false},"author":1,"featured_media":35595,"comment_status":"open","ping_status":"open","sticky":false,"template":"","format":"standard","meta":{"footnotes":""},"categories":[97,75,125],"tags":[1494,927,145,367,2277],"class_list":["post-35594","post","type-post","status-publish","format-standard","has-post-thumbnail","hentry","category-alcoy","category-noticias","category-portada","tag-alcoy","tag-jordi-martinez","tag-obras","tag-seguridad","tag-viaducto"],"yoast_head":"<!-- This site is optimized with the Yoast SEO plugin v27.3 - https:\/\/yoast.com\/product\/yoast-seo-wordpress\/ -->\n<title>Las obras del Viaducto, a punto de empezar - COPE Alcoy<\/title>\n<meta name=\"robots\" content=\"index, follow, max-snippet:-1, max-image-preview:large, max-video-preview:-1\" \/>\n<link rel=\"canonical\" href=\"https:\/\/www.copealcoy.es\/es\/las-obras-del-viaducto-a-punto-de-empezar\/\" \/>\n<meta property=\"og:locale\" content=\"es_ES\" \/>\n<meta property=\"og:type\" content=\"article\" \/>\n<meta property=\"og:title\" content=\"Las obras del Viaducto, a punto de empezar - COPE Alcoy\" \/>\n<meta property=\"og:description\" content=\"El Ayuntamiento de Alcoy contempla que en los pr\u00f3ximos d\u00edas puedan iniciarse las obras para la reparaci\u00f3n del Viaducto de...\" \/>\n<meta property=\"og:url\" content=\"https:\/\/www.copealcoy.es\/es\/las-obras-del-viaducto-a-punto-de-empezar\/\" \/>\n<meta property=\"og:site_name\" content=\"COPE Alcoy\" \/>\n<meta property=\"article:published_time\" content=\"2017-10-05T18:41:56+00:00\" \/>\n<meta property=\"article:modified_time\" content=\"2017-10-05T18:44:35+00:00\" \/>\n<meta property=\"og:image\" content=\"https:\/\/www.copealcoy.es\/wp-content\/uploads\/2017\/10\/viaducto_mini-e1507228405461.jpg\" \/>\n\t<meta property=\"og:image:width\" content=\"3648\" \/>\n\t<meta property=\"og:image:height\" content=\"2042\" \/>\n\t<meta property=\"og:image:type\" content=\"image\/jpeg\" \/>\n<meta name=\"author\" content=\"Cope Alcoy\" \/>\n<meta name=\"twitter:label1\" content=\"Escrito por\" \/>\n\t<meta name=\"twitter:data1\" content=\"Cope Alcoy\" \/>\n\t<meta name=\"twitter:label2\" content=\"Tiempo de lectura\" \/>\n\t<meta name=\"twitter:data2\" content=\"1 minuto\" \/>\n<script type=\"application\/ld+json\" class=\"yoast-schema-graph\">{\"@context\":\"https:\\\/\\\/schema.org\",\"@graph\":[{\"@type\":\"Article\",\"@id\":\"https:\\\/\\\/www.copealcoy.es\\\/es\\\/las-obras-del-viaducto-a-punto-de-empezar\\\/#article\",\"isPartOf\":{\"@id\":\"https:\\\/\\\/www.copealcoy.es\\\/es\\\/las-obras-del-viaducto-a-punto-de-empezar\\\/\"},\"author\":{\"name\":\"Cope Alcoy\",\"@id\":\"https:\\\/\\\/www.copealcoy.es\\\/es\\\/#\\\/schema\\\/person\\\/e777c87fa024e57d40170af9df39882c\"},\"headline\":\"Las obras del Viaducto, a punto de empezar\",\"datePublished\":\"2017-10-05T18:41:56+00:00\",\"dateModified\":\"2017-10-05T18:44:35+00:00\",\"mainEntityOfPage\":{\"@id\":\"https:\\\/\\\/www.copealcoy.es\\\/es\\\/las-obras-del-viaducto-a-punto-de-empezar\\\/\"},\"wordCount\":207,\"commentCount\":0,\"image\":{\"@id\":\"https:\\\/\\\/www.copealcoy.es\\\/es\\\/las-obras-del-viaducto-a-punto-de-empezar\\\/#primaryimage\"},\"thumbnailUrl\":\"https:\\\/\\\/www.copealcoy.es\\\/wp-content\\\/uploads\\\/2017\\\/10\\\/viaducto_mini-e1507228405461.jpg\",\"keywords\":[\"Alcoy\",\"Jordi Mart\u00ednez\",\"Obras\",\"Seguridad\",\"viaducto\"],\"articleSection\":[\"Alcoy\",\"Noticias\",\"Portada\"],\"inLanguage\":\"es\"},{\"@type\":\"WebPage\",\"@id\":\"https:\\\/\\\/www.copealcoy.es\\\/es\\\/las-obras-del-viaducto-a-punto-de-empezar\\\/\",\"url\":\"https:\\\/\\\/www.copealcoy.es\\\/es\\\/las-obras-del-viaducto-a-punto-de-empezar\\\/\",\"name\":\"Las obras del Viaducto, a punto de empezar - COPE Alcoy\",\"isPartOf\":{\"@id\":\"https:\\\/\\\/www.copealcoy.es\\\/es\\\/#website\"},\"primaryImageOfPage\":{\"@id\":\"https:\\\/\\\/www.copealcoy.es\\\/es\\\/las-obras-del-viaducto-a-punto-de-empezar\\\/#primaryimage\"},\"image\":{\"@id\":\"https:\\\/\\\/www.copealcoy.es\\\/es\\\/las-obras-del-viaducto-a-punto-de-empezar\\\/#primaryimage\"},\"thumbnailUrl\":\"https:\\\/\\\/www.copealcoy.es\\\/wp-content\\\/uploads\\\/2017\\\/10\\\/viaducto_mini-e1507228405461.jpg\",\"datePublished\":\"2017-10-05T18:41:56+00:00\",\"dateModified\":\"2017-10-05T18:44:35+00:00\",\"author\":{\"@id\":\"https:\\\/\\\/www.copealcoy.es\\\/es\\\/#\\\/schema\\\/person\\\/e777c87fa024e57d40170af9df39882c\"},\"breadcrumb\":{\"@id\":\"https:\\\/\\\/www.copealcoy.es\\\/es\\\/las-obras-del-viaducto-a-punto-de-empezar\\\/#breadcrumb\"},\"inLanguage\":\"es\",\"potentialAction\":[{\"@type\":\"ReadAction\",\"target\":[\"https:\\\/\\\/www.copealcoy.es\\\/es\\\/las-obras-del-viaducto-a-punto-de-empezar\\\/\"]}]},{\"@type\":\"ImageObject\",\"inLanguage\":\"es\",\"@id\":\"https:\\\/\\\/www.copealcoy.es\\\/es\\\/las-obras-del-viaducto-a-punto-de-empezar\\\/#primaryimage\",\"url\":\"https:\\\/\\\/www.copealcoy.es\\\/wp-content\\\/uploads\\\/2017\\\/10\\\/viaducto_mini-e1507228405461.jpg\",\"contentUrl\":\"https:\\\/\\\/www.copealcoy.es\\\/wp-content\\\/uploads\\\/2017\\\/10\\\/viaducto_mini-e1507228405461.jpg\",\"width\":3648,\"height\":2042},{\"@type\":\"BreadcrumbList\",\"@id\":\"https:\\\/\\\/www.copealcoy.es\\\/es\\\/las-obras-del-viaducto-a-punto-de-empezar\\\/#breadcrumb\",\"itemListElement\":[{\"@type\":\"ListItem\",\"position\":1,\"name\":\"Portada\",\"item\":\"https:\\\/\\\/www.copealcoy.es\\\/es\\\/\"},{\"@type\":\"ListItem\",\"position\":2,\"name\":\"Las obras del Viaducto, a punto de empezar\"}]},{\"@type\":\"WebSite\",\"@id\":\"https:\\\/\\\/www.copealcoy.es\\\/es\\\/#website\",\"url\":\"https:\\\/\\\/www.copealcoy.es\\\/es\\\/\",\"name\":\"COPE Alcoy\",\"description\":\"Emisora COPE de radio local con emisi\u00f3n online. Pont de Sant Jordi 8-10 03803 Alcoy\",\"potentialAction\":[{\"@type\":\"SearchAction\",\"target\":{\"@type\":\"EntryPoint\",\"urlTemplate\":\"https:\\\/\\\/www.copealcoy.es\\\/es\\\/?s={search_term_string}\"},\"query-input\":{\"@type\":\"PropertyValueSpecification\",\"valueRequired\":true,\"valueName\":\"search_term_string\"}}],\"inLanguage\":\"es\"},{\"@type\":\"Person\",\"@id\":\"https:\\\/\\\/www.copealcoy.es\\\/es\\\/#\\\/schema\\\/person\\\/e777c87fa024e57d40170af9df39882c\",\"name\":\"Cope Alcoy\",\"image\":{\"@type\":\"ImageObject\",\"inLanguage\":\"es\",\"@id\":\"https:\\\/\\\/secure.gravatar.com\\\/avatar\\\/bb65d0283347e303893ba14f0692005417c1e0e690a325a4c5d8bb2b3943ee14?s=96&d=mm&r=g\",\"url\":\"https:\\\/\\\/secure.gravatar.com\\\/avatar\\\/bb65d0283347e303893ba14f0692005417c1e0e690a325a4c5d8bb2b3943ee14?s=96&d=mm&r=g\",\"contentUrl\":\"https:\\\/\\\/secure.gravatar.com\\\/avatar\\\/bb65d0283347e303893ba14f0692005417c1e0e690a325a4c5d8bb2b3943ee14?s=96&d=mm&r=g\",\"caption\":\"Cope Alcoy\"}}]}<\/script>\n<!-- \/ Yoast SEO plugin. -->","yoast_head_json":{"title":"Las obras del Viaducto, a punto de empezar - COPE Alcoy","robots":{"index":"index","follow":"follow","max-snippet":"max-snippet:-1","max-image-preview":"max-image-preview:large","max-video-preview":"max-video-preview:-1"},"canonical":"https:\/\/www.copealcoy.es\/es\/las-obras-del-viaducto-a-punto-de-empezar\/","og_locale":"es_ES","og_type":"article","og_title":"Las obras del Viaducto, a punto de empezar - COPE Alcoy","og_description":"El Ayuntamiento de Alcoy contempla que en los pr\u00f3ximos d\u00edas puedan iniciarse las obras para la reparaci\u00f3n del Viaducto de...","og_url":"https:\/\/www.copealcoy.es\/es\/las-obras-del-viaducto-a-punto-de-empezar\/","og_site_name":"COPE Alcoy","article_published_time":"2017-10-05T18:41:56+00:00","article_modified_time":"2017-10-05T18:44:35+00:00","og_image":[{"width":3648,"height":2042,"url":"https:\/\/www.copealcoy.es\/wp-content\/uploads\/2017\/10\/viaducto_mini-e1507228405461.jpg","type":"image\/jpeg"}],"author":"Cope Alcoy","twitter_misc":{"Escrito por":"Cope Alcoy","Tiempo de lectura":"1 minuto"},"schema":{"@context":"https:\/\/schema.org","@graph":[{"@type":"Article","@id":"https:\/\/www.copealcoy.es\/es\/las-obras-del-viaducto-a-punto-de-empezar\/#article","isPartOf":{"@id":"https:\/\/www.copealcoy.es\/es\/las-obras-del-viaducto-a-punto-de-empezar\/"},"author":{"name":"Cope Alcoy","@id":"https:\/\/www.copealcoy.es\/es\/#\/schema\/person\/e777c87fa024e57d40170af9df39882c"},"headline":"Las obras del Viaducto, a punto de empezar","datePublished":"2017-10-05T18:41:56+00:00","dateModified":"2017-10-05T18:44:35+00:00","mainEntityOfPage":{"@id":"https:\/\/www.copealcoy.es\/es\/las-obras-del-viaducto-a-punto-de-empezar\/"},"wordCount":207,"commentCount":0,"image":{"@id":"https:\/\/www.copealcoy.es\/es\/las-obras-del-viaducto-a-punto-de-empezar\/#primaryimage"},"thumbnailUrl":"https:\/\/www.copealcoy.es\/wp-content\/uploads\/2017\/10\/viaducto_mini-e1507228405461.jpg","keywords":["Alcoy","Jordi Mart\u00ednez","Obras","Seguridad","viaducto"],"articleSection":["Alcoy","Noticias","Portada"],"inLanguage":"es"},{"@type":"WebPage","@id":"https:\/\/www.copealcoy.es\/es\/las-obras-del-viaducto-a-punto-de-empezar\/","url":"https:\/\/www.copealcoy.es\/es\/las-obras-del-viaducto-a-punto-de-empezar\/","name":"Las obras del Viaducto, a punto de empezar - COPE Alcoy","isPartOf":{"@id":"https:\/\/www.copealcoy.es\/es\/#website"},"primaryImageOfPage":{"@id":"https:\/\/www.copealcoy.es\/es\/las-obras-del-viaducto-a-punto-de-empezar\/#primaryimage"},"image":{"@id":"https:\/\/www.copealcoy.es\/es\/las-obras-del-viaducto-a-punto-de-empezar\/#primaryimage"},"thumbnailUrl":"https:\/\/www.copealcoy.es\/wp-content\/uploads\/2017\/10\/viaducto_mini-e1507228405461.jpg","datePublished":"2017-10-05T18:41:56+00:00","dateModified":"2017-10-05T18:44:35+00:00","author":{"@id":"https:\/\/www.copealcoy.es\/es\/#\/schema\/person\/e777c87fa024e57d40170af9df39882c"},"breadcrumb":{"@id":"https:\/\/www.copealcoy.es\/es\/las-obras-del-viaducto-a-punto-de-empezar\/#breadcrumb"},"inLanguage":"es","potentialAction":[{"@type":"ReadAction","target":["https:\/\/www.copealcoy.es\/es\/las-obras-del-viaducto-a-punto-de-empezar\/"]}]},{"@type":"ImageObject","inLanguage":"es","@id":"https:\/\/www.copealcoy.es\/es\/las-obras-del-viaducto-a-punto-de-empezar\/#primaryimage","url":"https:\/\/www.copealcoy.es\/wp-content\/uploads\/2017\/10\/viaducto_mini-e1507228405461.jpg","contentUrl":"https:\/\/www.copealcoy.es\/wp-content\/uploads\/2017\/10\/viaducto_mini-e1507228405461.jpg","width":3648,"height":2042},{"@type":"BreadcrumbList","@id":"https:\/\/www.copealcoy.es\/es\/las-obras-del-viaducto-a-punto-de-empezar\/#breadcrumb","itemListElement":[{"@type":"ListItem","position":1,"name":"Portada","item":"https:\/\/www.copealcoy.es\/es\/"},{"@type":"ListItem","position":2,"name":"Las obras del Viaducto, a punto de empezar"}]},{"@type":"WebSite","@id":"https:\/\/www.copealcoy.es\/es\/#website","url":"https:\/\/www.copealcoy.es\/es\/","name":"COPE Alcoy","description":"Emisora COPE de radio local con emisi\u00f3n online. Pont de Sant Jordi 8-10 03803 Alcoy","potentialAction":[{"@type":"SearchAction","target":{"@type":"EntryPoint","urlTemplate":"https:\/\/www.copealcoy.es\/es\/?s={search_term_string}"},"query-input":{"@type":"PropertyValueSpecification","valueRequired":true,"valueName":"search_term_string"}}],"inLanguage":"es"},{"@type":"Person","@id":"https:\/\/www.copealcoy.es\/es\/#\/schema\/person\/e777c87fa024e57d40170af9df39882c","name":"Cope Alcoy","image":{"@type":"ImageObject","inLanguage":"es","@id":"https:\/\/secure.gravatar.com\/avatar\/bb65d0283347e303893ba14f0692005417c1e0e690a325a4c5d8bb2b3943ee14?s=96&d=mm&r=g","url":"https:\/\/secure.gravatar.com\/avatar\/bb65d0283347e303893ba14f0692005417c1e0e690a325a4c5d8bb2b3943ee14?s=96&d=mm&r=g","contentUrl":"https:\/\/secure.gravatar.com\/avatar\/bb65d0283347e303893ba14f0692005417c1e0e690a325a4c5d8bb2b3943ee14?s=96&d=mm&r=g","caption":"Cope Alcoy"}}]}},"_links":{"self":[{"href":"https:\/\/www.copealcoy.es\/es\/wp-json\/wp\/v2\/posts\/35594","targetHints":{"allow":["GET"]}}],"collection":[{"href":"https:\/\/www.copealcoy.es\/es\/wp-json\/wp\/v2\/posts"}],"about":[{"href":"https:\/\/www.copealcoy.es\/es\/wp-json\/wp\/v2\/types\/post"}],"author":[{"embeddable":true,"href":"https:\/\/www.copealcoy.es\/es\/wp-json\/wp\/v2\/users\/1"}],"replies":[{"embeddable":true,"href":"https:\/\/www.copealcoy.es\/es\/wp-json\/wp\/v2\/comments?post=35594"}],"version-history":[{"count":0,"href":"https:\/\/www.copealcoy.es\/es\/wp-json\/wp\/v2\/posts\/35594\/revisions"}],"wp:featuredmedia":[{"embeddable":true,"href":"https:\/\/www.copealcoy.es\/es\/wp-json\/wp\/v2\/media\/35595"}],"wp:attachment":[{"href":"https:\/\/www.copealcoy.es\/es\/wp-json\/wp\/v2\/media?parent=35594"}],"wp:term":[{"taxonomy":"category","embeddable":true,"href":"https:\/\/www.copealcoy.es\/es\/wp-json\/wp\/v2\/categories?post=35594"},{"taxonomy":"post_tag","embeddable":true,"href":"https:\/\/www.copealcoy.es\/es\/wp-json\/wp\/v2\/tags?post=35594"}],"curies":[{"name":"wp","href":"https:\/\/api.w.org\/{rel}","templated":true}]}}