{"id":35325,"date":"2017-09-27T15:05:06","date_gmt":"2017-09-27T15:05:06","guid":{"rendered":"http:\/\/copealcoi.es\/new\/?p=35325"},"modified":"2017-09-27T15:07:29","modified_gmt":"2017-09-27T15:07:29","slug":"la-diputacion-aportara-mas-de-200-000-euros-para-los-arreglos-del-parque-del-romeral","status":"publish","type":"post","link":"https:\/\/www.copealcoy.es\/es\/la-diputacion-aportara-mas-de-200-000-euros-para-los-arreglos-del-parque-del-romeral\/","title":{"rendered":"La Diputaci\u00f3n aportar\u00e1 m\u00e1s de 200.000 euros para los arreglos del parque del Romeral"},"content":{"rendered":"<p style=\"text-align: justify;\">La <strong>Diputaci\u00f3n Provincial de Alicante<\/strong> destinar\u00e1 a Alcoy u<strong>n total de\u00a0224.587\u00b413 euros<\/strong> para <strong>reparar los da\u00f1os<\/strong> que los <strong>temporales del pasado invierno<\/strong> causaron en la zona del <strong>parque del Romeral<\/strong>. Esta subvenci\u00f3n, seg\u00fan aclara el Partido Popular alcoyano, <strong>forma parte\u00a0de la l\u00ednea de ayudas<\/strong> que ha aportado durante este a\u00f1o el Gobierno Provincial\u00a0<strong>para hacer frente a\u00a0los gastos ocasionados por\u00a0los fuertes temporales<\/strong> de mediados de enero.<\/p>\n<p style=\"text-align: justify;\">El portavoz del PP en Alcoy, <strong>Rafa Mir\u00f3<\/strong>, aplaude la gesti\u00f3n realizada por la Diputaci\u00f3n y d<strong>efiende la importante labor que desempe\u00f1a la instituci\u00f3n<\/strong> a la hora de respaldar econ\u00f3micamente a los pueblos y ciudades de la provincia. Asimismo recuerda que <strong>la subvenci\u00f3n mencionada anteriormente<\/strong> permitir\u00e1 que el Ayuntamiento <strong>no tenga que desembolsar de las arcas municipales<\/strong> una gran cantidad para reparar los desperfectos de esta zona ajardinada de la ciudad &#8220;<em>para los municipios es muy importante la l\u00ednea de financiaci\u00f3n que se ha dotado, desde la Diputaci\u00f3n de Alicante, para sufragar los desperfectos del temporal. Una plan de ayudas en el que Alcoy va a ser beneficiado por m\u00e1s de doscientos mil euros, una cantidad importante y que contribuye a arreglar nuestro parque del Romeral<\/em>&#8220;, concluye Mir\u00f3.<\/p>\n","protected":false},"excerpt":{"rendered":"<p>La Diputaci\u00f3n Provincial de Alicante destinar\u00e1 a Alcoy un total de\u00a0224.587\u00b413 euros para reparar los da\u00f1os que los temporales del&#8230;<\/p>\n","protected":false},"author":1,"featured_media":28215,"comment_status":"open","ping_status":"open","sticky":false,"template":"","format":"standard","meta":{"footnotes":""},"categories":[97,75,79],"tags":[1494,3614,947,448,563,222],"class_list":["post-35325","post","type-post","status-publish","format-standard","has-post-thumbnail","hentry","category-alcoy","category-noticias","category-politicayeconomia","tag-alcoy","tag-danos-temporal","tag-diputacion-de-alicante","tag-partido-popular","tag-rafa-miro","tag-reparacion"],"yoast_head":"<!-- This site is optimized with the Yoast SEO plugin v27.3 - https:\/\/yoast.com\/product\/yoast-seo-wordpress\/ -->\n<title>La Diputaci\u00f3n aportar\u00e1 m\u00e1s de 200.000 euros para los arreglos del parque del Romeral - COPE Alcoy<\/title>\n<meta name=\"robots\" content=\"index, follow, max-snippet:-1, max-image-preview:large, max-video-preview:-1\" \/>\n<link rel=\"canonical\" href=\"https:\/\/www.copealcoy.es\/es\/la-diputacion-aportara-mas-de-200-000-euros-para-los-arreglos-del-parque-del-romeral\/\" \/>\n<meta property=\"og:locale\" content=\"es_ES\" \/>\n<meta property=\"og:type\" content=\"article\" \/>\n<meta property=\"og:title\" content=\"La Diputaci\u00f3n aportar\u00e1 m\u00e1s de 200.000 euros para los arreglos del parque del Romeral - COPE Alcoy\" \/>\n<meta property=\"og:description\" content=\"La Diputaci\u00f3n Provincial de Alicante destinar\u00e1 a Alcoy un total de\u00a0224.587\u00b413 euros para reparar los da\u00f1os que los temporales del...\" \/>\n<meta property=\"og:url\" content=\"https:\/\/www.copealcoy.es\/es\/la-diputacion-aportara-mas-de-200-000-euros-para-los-arreglos-del-parque-del-romeral\/\" \/>\n<meta property=\"og:site_name\" content=\"COPE Alcoy\" \/>\n<meta property=\"article:published_time\" content=\"2017-09-27T15:05:06+00:00\" \/>\n<meta property=\"article:modified_time\" content=\"2017-09-27T15:07:29+00:00\" \/>\n<meta property=\"og:image\" content=\"https:\/\/www.copealcoy.es\/wp-content\/uploads\/2017\/01\/16142425_1005680816242070_8424350170433265807_n.jpg\" \/>\n\t<meta property=\"og:image:width\" content=\"960\" \/>\n\t<meta property=\"og:image:height\" content=\"540\" \/>\n\t<meta property=\"og:image:type\" content=\"image\/jpeg\" \/>\n<meta name=\"author\" content=\"Cope Alcoy\" \/>\n<meta name=\"twitter:label1\" content=\"Escrito por\" \/>\n\t<meta name=\"twitter:data1\" content=\"Cope Alcoy\" \/>\n\t<meta name=\"twitter:label2\" content=\"Tiempo de lectura\" \/>\n\t<meta name=\"twitter:data2\" content=\"1 minuto\" \/>\n<script type=\"application\/ld+json\" class=\"yoast-schema-graph\">{\"@context\":\"https:\\\/\\\/schema.org\",\"@graph\":[{\"@type\":\"Article\",\"@id\":\"https:\\\/\\\/www.copealcoy.es\\\/es\\\/la-diputacion-aportara-mas-de-200-000-euros-para-los-arreglos-del-parque-del-romeral\\\/#article\",\"isPartOf\":{\"@id\":\"https:\\\/\\\/www.copealcoy.es\\\/es\\\/la-diputacion-aportara-mas-de-200-000-euros-para-los-arreglos-del-parque-del-romeral\\\/\"},\"author\":{\"name\":\"Cope Alcoy\",\"@id\":\"https:\\\/\\\/www.copealcoy.es\\\/es\\\/#\\\/schema\\\/person\\\/e777c87fa024e57d40170af9df39882c\"},\"headline\":\"La Diputaci\u00f3n aportar\u00e1 m\u00e1s de 200.000 euros para los arreglos del parque del Romeral\",\"datePublished\":\"2017-09-27T15:05:06+00:00\",\"dateModified\":\"2017-09-27T15:07:29+00:00\",\"mainEntityOfPage\":{\"@id\":\"https:\\\/\\\/www.copealcoy.es\\\/es\\\/la-diputacion-aportara-mas-de-200-000-euros-para-los-arreglos-del-parque-del-romeral\\\/\"},\"wordCount\":228,\"commentCount\":0,\"image\":{\"@id\":\"https:\\\/\\\/www.copealcoy.es\\\/es\\\/la-diputacion-aportara-mas-de-200-000-euros-para-los-arreglos-del-parque-del-romeral\\\/#primaryimage\"},\"thumbnailUrl\":\"https:\\\/\\\/www.copealcoy.es\\\/wp-content\\\/uploads\\\/2017\\\/01\\\/16142425_1005680816242070_8424350170433265807_n.jpg\",\"keywords\":[\"Alcoy\",\"da\u00f1os temporal\",\"Diputaci\u00f3n de Alicante\",\"Partido Popular\",\"Rafa Mir\u00f3\",\"Reparaci\u00f3n\"],\"articleSection\":[\"Alcoy\",\"Noticias\",\"Pol\u00edtica y Econom\u00eda\"],\"inLanguage\":\"es\"},{\"@type\":\"WebPage\",\"@id\":\"https:\\\/\\\/www.copealcoy.es\\\/es\\\/la-diputacion-aportara-mas-de-200-000-euros-para-los-arreglos-del-parque-del-romeral\\\/\",\"url\":\"https:\\\/\\\/www.copealcoy.es\\\/es\\\/la-diputacion-aportara-mas-de-200-000-euros-para-los-arreglos-del-parque-del-romeral\\\/\",\"name\":\"La Diputaci\u00f3n aportar\u00e1 m\u00e1s de 200.000 euros para los arreglos del parque del Romeral - COPE Alcoy\",\"isPartOf\":{\"@id\":\"https:\\\/\\\/www.copealcoy.es\\\/es\\\/#website\"},\"primaryImageOfPage\":{\"@id\":\"https:\\\/\\\/www.copealcoy.es\\\/es\\\/la-diputacion-aportara-mas-de-200-000-euros-para-los-arreglos-del-parque-del-romeral\\\/#primaryimage\"},\"image\":{\"@id\":\"https:\\\/\\\/www.copealcoy.es\\\/es\\\/la-diputacion-aportara-mas-de-200-000-euros-para-los-arreglos-del-parque-del-romeral\\\/#primaryimage\"},\"thumbnailUrl\":\"https:\\\/\\\/www.copealcoy.es\\\/wp-content\\\/uploads\\\/2017\\\/01\\\/16142425_1005680816242070_8424350170433265807_n.jpg\",\"datePublished\":\"2017-09-27T15:05:06+00:00\",\"dateModified\":\"2017-09-27T15:07:29+00:00\",\"author\":{\"@id\":\"https:\\\/\\\/www.copealcoy.es\\\/es\\\/#\\\/schema\\\/person\\\/e777c87fa024e57d40170af9df39882c\"},\"breadcrumb\":{\"@id\":\"https:\\\/\\\/www.copealcoy.es\\\/es\\\/la-diputacion-aportara-mas-de-200-000-euros-para-los-arreglos-del-parque-del-romeral\\\/#breadcrumb\"},\"inLanguage\":\"es\",\"potentialAction\":[{\"@type\":\"ReadAction\",\"target\":[\"https:\\\/\\\/www.copealcoy.es\\\/es\\\/la-diputacion-aportara-mas-de-200-000-euros-para-los-arreglos-del-parque-del-romeral\\\/\"]}]},{\"@type\":\"ImageObject\",\"inLanguage\":\"es\",\"@id\":\"https:\\\/\\\/www.copealcoy.es\\\/es\\\/la-diputacion-aportara-mas-de-200-000-euros-para-los-arreglos-del-parque-del-romeral\\\/#primaryimage\",\"url\":\"https:\\\/\\\/www.copealcoy.es\\\/wp-content\\\/uploads\\\/2017\\\/01\\\/16142425_1005680816242070_8424350170433265807_n.jpg\",\"contentUrl\":\"https:\\\/\\\/www.copealcoy.es\\\/wp-content\\\/uploads\\\/2017\\\/01\\\/16142425_1005680816242070_8424350170433265807_n.jpg\",\"width\":960,\"height\":540},{\"@type\":\"BreadcrumbList\",\"@id\":\"https:\\\/\\\/www.copealcoy.es\\\/es\\\/la-diputacion-aportara-mas-de-200-000-euros-para-los-arreglos-del-parque-del-romeral\\\/#breadcrumb\",\"itemListElement\":[{\"@type\":\"ListItem\",\"position\":1,\"name\":\"Portada\",\"item\":\"https:\\\/\\\/www.copealcoy.es\\\/es\\\/\"},{\"@type\":\"ListItem\",\"position\":2,\"name\":\"La Diputaci\u00f3n aportar\u00e1 m\u00e1s de 200.000 euros para los arreglos del parque del Romeral\"}]},{\"@type\":\"WebSite\",\"@id\":\"https:\\\/\\\/www.copealcoy.es\\\/es\\\/#website\",\"url\":\"https:\\\/\\\/www.copealcoy.es\\\/es\\\/\",\"name\":\"COPE Alcoy\",\"description\":\"Emisora COPE de radio local con emisi\u00f3n online. Pont de Sant Jordi 8-10 03803 Alcoy\",\"potentialAction\":[{\"@type\":\"SearchAction\",\"target\":{\"@type\":\"EntryPoint\",\"urlTemplate\":\"https:\\\/\\\/www.copealcoy.es\\\/es\\\/?s={search_term_string}\"},\"query-input\":{\"@type\":\"PropertyValueSpecification\",\"valueRequired\":true,\"valueName\":\"search_term_string\"}}],\"inLanguage\":\"es\"},{\"@type\":\"Person\",\"@id\":\"https:\\\/\\\/www.copealcoy.es\\\/es\\\/#\\\/schema\\\/person\\\/e777c87fa024e57d40170af9df39882c\",\"name\":\"Cope Alcoy\",\"image\":{\"@type\":\"ImageObject\",\"inLanguage\":\"es\",\"@id\":\"https:\\\/\\\/secure.gravatar.com\\\/avatar\\\/bb65d0283347e303893ba14f0692005417c1e0e690a325a4c5d8bb2b3943ee14?s=96&d=mm&r=g\",\"url\":\"https:\\\/\\\/secure.gravatar.com\\\/avatar\\\/bb65d0283347e303893ba14f0692005417c1e0e690a325a4c5d8bb2b3943ee14?s=96&d=mm&r=g\",\"contentUrl\":\"https:\\\/\\\/secure.gravatar.com\\\/avatar\\\/bb65d0283347e303893ba14f0692005417c1e0e690a325a4c5d8bb2b3943ee14?s=96&d=mm&r=g\",\"caption\":\"Cope Alcoy\"}}]}<\/script>\n<!-- \/ Yoast SEO plugin. -->","yoast_head_json":{"title":"La Diputaci\u00f3n aportar\u00e1 m\u00e1s de 200.000 euros para los arreglos del parque del Romeral - COPE Alcoy","robots":{"index":"index","follow":"follow","max-snippet":"max-snippet:-1","max-image-preview":"max-image-preview:large","max-video-preview":"max-video-preview:-1"},"canonical":"https:\/\/www.copealcoy.es\/es\/la-diputacion-aportara-mas-de-200-000-euros-para-los-arreglos-del-parque-del-romeral\/","og_locale":"es_ES","og_type":"article","og_title":"La Diputaci\u00f3n aportar\u00e1 m\u00e1s de 200.000 euros para los arreglos del parque del Romeral - COPE Alcoy","og_description":"La Diputaci\u00f3n Provincial de Alicante destinar\u00e1 a Alcoy un total de\u00a0224.587\u00b413 euros para reparar los da\u00f1os que los temporales del...","og_url":"https:\/\/www.copealcoy.es\/es\/la-diputacion-aportara-mas-de-200-000-euros-para-los-arreglos-del-parque-del-romeral\/","og_site_name":"COPE Alcoy","article_published_time":"2017-09-27T15:05:06+00:00","article_modified_time":"2017-09-27T15:07:29+00:00","og_image":[{"width":960,"height":540,"url":"https:\/\/www.copealcoy.es\/wp-content\/uploads\/2017\/01\/16142425_1005680816242070_8424350170433265807_n.jpg","type":"image\/jpeg"}],"author":"Cope Alcoy","twitter_misc":{"Escrito por":"Cope Alcoy","Tiempo de lectura":"1 minuto"},"schema":{"@context":"https:\/\/schema.org","@graph":[{"@type":"Article","@id":"https:\/\/www.copealcoy.es\/es\/la-diputacion-aportara-mas-de-200-000-euros-para-los-arreglos-del-parque-del-romeral\/#article","isPartOf":{"@id":"https:\/\/www.copealcoy.es\/es\/la-diputacion-aportara-mas-de-200-000-euros-para-los-arreglos-del-parque-del-romeral\/"},"author":{"name":"Cope Alcoy","@id":"https:\/\/www.copealcoy.es\/es\/#\/schema\/person\/e777c87fa024e57d40170af9df39882c"},"headline":"La Diputaci\u00f3n aportar\u00e1 m\u00e1s de 200.000 euros para los arreglos del parque del Romeral","datePublished":"2017-09-27T15:05:06+00:00","dateModified":"2017-09-27T15:07:29+00:00","mainEntityOfPage":{"@id":"https:\/\/www.copealcoy.es\/es\/la-diputacion-aportara-mas-de-200-000-euros-para-los-arreglos-del-parque-del-romeral\/"},"wordCount":228,"commentCount":0,"image":{"@id":"https:\/\/www.copealcoy.es\/es\/la-diputacion-aportara-mas-de-200-000-euros-para-los-arreglos-del-parque-del-romeral\/#primaryimage"},"thumbnailUrl":"https:\/\/www.copealcoy.es\/wp-content\/uploads\/2017\/01\/16142425_1005680816242070_8424350170433265807_n.jpg","keywords":["Alcoy","da\u00f1os temporal","Diputaci\u00f3n de Alicante","Partido Popular","Rafa Mir\u00f3","Reparaci\u00f3n"],"articleSection":["Alcoy","Noticias","Pol\u00edtica y Econom\u00eda"],"inLanguage":"es"},{"@type":"WebPage","@id":"https:\/\/www.copealcoy.es\/es\/la-diputacion-aportara-mas-de-200-000-euros-para-los-arreglos-del-parque-del-romeral\/","url":"https:\/\/www.copealcoy.es\/es\/la-diputacion-aportara-mas-de-200-000-euros-para-los-arreglos-del-parque-del-romeral\/","name":"La Diputaci\u00f3n aportar\u00e1 m\u00e1s de 200.000 euros para los arreglos del parque del Romeral - COPE Alcoy","isPartOf":{"@id":"https:\/\/www.copealcoy.es\/es\/#website"},"primaryImageOfPage":{"@id":"https:\/\/www.copealcoy.es\/es\/la-diputacion-aportara-mas-de-200-000-euros-para-los-arreglos-del-parque-del-romeral\/#primaryimage"},"image":{"@id":"https:\/\/www.copealcoy.es\/es\/la-diputacion-aportara-mas-de-200-000-euros-para-los-arreglos-del-parque-del-romeral\/#primaryimage"},"thumbnailUrl":"https:\/\/www.copealcoy.es\/wp-content\/uploads\/2017\/01\/16142425_1005680816242070_8424350170433265807_n.jpg","datePublished":"2017-09-27T15:05:06+00:00","dateModified":"2017-09-27T15:07:29+00:00","author":{"@id":"https:\/\/www.copealcoy.es\/es\/#\/schema\/person\/e777c87fa024e57d40170af9df39882c"},"breadcrumb":{"@id":"https:\/\/www.copealcoy.es\/es\/la-diputacion-aportara-mas-de-200-000-euros-para-los-arreglos-del-parque-del-romeral\/#breadcrumb"},"inLanguage":"es","potentialAction":[{"@type":"ReadAction","target":["https:\/\/www.copealcoy.es\/es\/la-diputacion-aportara-mas-de-200-000-euros-para-los-arreglos-del-parque-del-romeral\/"]}]},{"@type":"ImageObject","inLanguage":"es","@id":"https:\/\/www.copealcoy.es\/es\/la-diputacion-aportara-mas-de-200-000-euros-para-los-arreglos-del-parque-del-romeral\/#primaryimage","url":"https:\/\/www.copealcoy.es\/wp-content\/uploads\/2017\/01\/16142425_1005680816242070_8424350170433265807_n.jpg","contentUrl":"https:\/\/www.copealcoy.es\/wp-content\/uploads\/2017\/01\/16142425_1005680816242070_8424350170433265807_n.jpg","width":960,"height":540},{"@type":"BreadcrumbList","@id":"https:\/\/www.copealcoy.es\/es\/la-diputacion-aportara-mas-de-200-000-euros-para-los-arreglos-del-parque-del-romeral\/#breadcrumb","itemListElement":[{"@type":"ListItem","position":1,"name":"Portada","item":"https:\/\/www.copealcoy.es\/es\/"},{"@type":"ListItem","position":2,"name":"La Diputaci\u00f3n aportar\u00e1 m\u00e1s de 200.000 euros para los arreglos del parque del Romeral"}]},{"@type":"WebSite","@id":"https:\/\/www.copealcoy.es\/es\/#website","url":"https:\/\/www.copealcoy.es\/es\/","name":"COPE Alcoy","description":"Emisora COPE de radio local con emisi\u00f3n online. Pont de Sant Jordi 8-10 03803 Alcoy","potentialAction":[{"@type":"SearchAction","target":{"@type":"EntryPoint","urlTemplate":"https:\/\/www.copealcoy.es\/es\/?s={search_term_string}"},"query-input":{"@type":"PropertyValueSpecification","valueRequired":true,"valueName":"search_term_string"}}],"inLanguage":"es"},{"@type":"Person","@id":"https:\/\/www.copealcoy.es\/es\/#\/schema\/person\/e777c87fa024e57d40170af9df39882c","name":"Cope Alcoy","image":{"@type":"ImageObject","inLanguage":"es","@id":"https:\/\/secure.gravatar.com\/avatar\/bb65d0283347e303893ba14f0692005417c1e0e690a325a4c5d8bb2b3943ee14?s=96&d=mm&r=g","url":"https:\/\/secure.gravatar.com\/avatar\/bb65d0283347e303893ba14f0692005417c1e0e690a325a4c5d8bb2b3943ee14?s=96&d=mm&r=g","contentUrl":"https:\/\/secure.gravatar.com\/avatar\/bb65d0283347e303893ba14f0692005417c1e0e690a325a4c5d8bb2b3943ee14?s=96&d=mm&r=g","caption":"Cope Alcoy"}}]}},"_links":{"self":[{"href":"https:\/\/www.copealcoy.es\/es\/wp-json\/wp\/v2\/posts\/35325","targetHints":{"allow":["GET"]}}],"collection":[{"href":"https:\/\/www.copealcoy.es\/es\/wp-json\/wp\/v2\/posts"}],"about":[{"href":"https:\/\/www.copealcoy.es\/es\/wp-json\/wp\/v2\/types\/post"}],"author":[{"embeddable":true,"href":"https:\/\/www.copealcoy.es\/es\/wp-json\/wp\/v2\/users\/1"}],"replies":[{"embeddable":true,"href":"https:\/\/www.copealcoy.es\/es\/wp-json\/wp\/v2\/comments?post=35325"}],"version-history":[{"count":0,"href":"https:\/\/www.copealcoy.es\/es\/wp-json\/wp\/v2\/posts\/35325\/revisions"}],"wp:featuredmedia":[{"embeddable":true,"href":"https:\/\/www.copealcoy.es\/es\/wp-json\/wp\/v2\/media\/28215"}],"wp:attachment":[{"href":"https:\/\/www.copealcoy.es\/es\/wp-json\/wp\/v2\/media?parent=35325"}],"wp:term":[{"taxonomy":"category","embeddable":true,"href":"https:\/\/www.copealcoy.es\/es\/wp-json\/wp\/v2\/categories?post=35325"},{"taxonomy":"post_tag","embeddable":true,"href":"https:\/\/www.copealcoy.es\/es\/wp-json\/wp\/v2\/tags?post=35325"}],"curies":[{"name":"wp","href":"https:\/\/api.w.org\/{rel}","templated":true}]}}