{"id":35253,"date":"2017-09-25T16:11:22","date_gmt":"2017-09-25T16:11:22","guid":{"rendered":"http:\/\/copealcoi.es\/new\/?p=35253"},"modified":"2017-09-25T16:14:01","modified_gmt":"2017-09-25T16:14:01","slug":"romeral-inicia-las-celebraciones-25-aniversario","status":"publish","type":"post","link":"https:\/\/www.copealcoy.es\/es\/romeral-inicia-las-celebraciones-25-aniversario\/","title":{"rendered":"El Romeral inicia las celebraciones de su 25 aniversario"},"content":{"rendered":"<p style=\"text-align: justify;\">El <strong>colegio El Romeral de Alcoy<\/strong> ha iniciado las celebraciones <strong>para conmemorar su veinticinco aniversario<\/strong> con <strong>el descubrimiento de una placa conmemorativa<\/strong> en presencia del alcalde, Antonio Franc\u00e9s, y del concejal de Educaci\u00f3n; Alberto Belda.<\/p>\n<p style=\"text-align: justify;\">El primer edil <strong>tuvo palabras durante el acto para los alumnos y el personal docente<\/strong> &#8220;<em>aqu\u00ed no obtendr\u00e9is \u00fanicamente conocimientos te\u00f3ricos, sino que tambi\u00e9n os inculcar\u00e1n valores de respeto, tolerancia y la importancia de trabajar en equipo\u00bb afirmaba el alcalde ante su joven audiencia<\/em>&#8220;, destac\u00f3. De igual forma la directora de la escuela, <strong>M\u00aa \u00c1ngeles Juan Dav\u00f3<\/strong>, reafirm\u00f3 la gran tarea del Centro, <strong>donde se forma a los alumnos<\/strong> con el convencimiento que puedan lograr un futuro prometedor. Durante la coreograf\u00eda que cerr\u00f3 el acto, ni\u00f1os y ni\u00f1as p<strong>udieron exhibir unas manoplas amarillas<\/strong> con los n\u00fameros 2 y 5 adheridos.<\/p>\n<p style=\"text-align: justify;\">Las actividades <strong>seguir\u00e1n el\u00a0pr\u00f3ximo viernes en el restaurante Fil\u00e0 Vascos con la celebraci\u00f3n de una cena<\/strong> abierta donde est\u00e1n convocados los antiguos alumnos, familiares y maestros que quieran rememorar los 25 a\u00f1os de historia de El Romeral.<\/p>\n","protected":false},"excerpt":{"rendered":"<p>El colegio El Romeral de Alcoy ha iniciado las celebraciones para conmemorar su veinticinco aniversario con el descubrimiento de una&#8230;<\/p>\n","protected":false},"author":1,"featured_media":35254,"comment_status":"open","ping_status":"open","sticky":false,"template":"","format":"standard","meta":{"footnotes":""},"categories":[97,900,75],"tags":[4687,1752,1494,1793,1627,3596],"class_list":["post-35253","post","type-post","status-publish","format-standard","has-post-thumbnail","hentry","category-alcoy","category-educacion","category-noticias","tag-25-aniversario","tag-alberto-belda","tag-alcoy","tag-antonio-frances","tag-celebraciones","tag-romeral"],"yoast_head":"<!-- This site is optimized with the Yoast SEO plugin v27.3 - https:\/\/yoast.com\/product\/yoast-seo-wordpress\/ -->\n<title>El Romeral inicia las celebraciones de su 25 aniversario - COPE Alcoy<\/title>\n<meta name=\"robots\" content=\"index, follow, max-snippet:-1, max-image-preview:large, max-video-preview:-1\" \/>\n<link rel=\"canonical\" href=\"https:\/\/www.copealcoy.es\/es\/romeral-inicia-las-celebraciones-25-aniversario\/\" \/>\n<meta property=\"og:locale\" content=\"es_ES\" \/>\n<meta property=\"og:type\" content=\"article\" \/>\n<meta property=\"og:title\" content=\"El Romeral inicia las celebraciones de su 25 aniversario - COPE Alcoy\" \/>\n<meta property=\"og:description\" content=\"El colegio El Romeral de Alcoy ha iniciado las celebraciones para conmemorar su veinticinco aniversario con el descubrimiento de una...\" \/>\n<meta property=\"og:url\" content=\"https:\/\/www.copealcoy.es\/es\/romeral-inicia-las-celebraciones-25-aniversario\/\" \/>\n<meta property=\"og:site_name\" content=\"COPE Alcoy\" \/>\n<meta property=\"article:published_time\" content=\"2017-09-25T16:11:22+00:00\" \/>\n<meta property=\"article:modified_time\" content=\"2017-09-25T16:14:01+00:00\" \/>\n<meta property=\"og:image\" content=\"https:\/\/www.copealcoy.es\/wp-content\/uploads\/2017\/09\/Romeral_25-5-1024x683.jpg\" \/>\n\t<meta property=\"og:image:width\" content=\"1024\" \/>\n\t<meta property=\"og:image:height\" content=\"683\" \/>\n\t<meta property=\"og:image:type\" content=\"image\/jpeg\" \/>\n<meta name=\"author\" content=\"Cope Alcoy\" \/>\n<meta name=\"twitter:label1\" content=\"Escrito por\" \/>\n\t<meta name=\"twitter:data1\" content=\"Cope Alcoy\" \/>\n\t<meta name=\"twitter:label2\" content=\"Tiempo de lectura\" \/>\n\t<meta name=\"twitter:data2\" content=\"1 minuto\" \/>\n<script type=\"application\/ld+json\" class=\"yoast-schema-graph\">{\"@context\":\"https:\\\/\\\/schema.org\",\"@graph\":[{\"@type\":\"Article\",\"@id\":\"https:\\\/\\\/www.copealcoy.es\\\/es\\\/romeral-inicia-las-celebraciones-25-aniversario\\\/#article\",\"isPartOf\":{\"@id\":\"https:\\\/\\\/www.copealcoy.es\\\/es\\\/romeral-inicia-las-celebraciones-25-aniversario\\\/\"},\"author\":{\"name\":\"Cope Alcoy\",\"@id\":\"https:\\\/\\\/www.copealcoy.es\\\/es\\\/#\\\/schema\\\/person\\\/e777c87fa024e57d40170af9df39882c\"},\"headline\":\"El Romeral inicia las celebraciones de su 25 aniversario\",\"datePublished\":\"2017-09-25T16:11:22+00:00\",\"dateModified\":\"2017-09-25T16:14:01+00:00\",\"mainEntityOfPage\":{\"@id\":\"https:\\\/\\\/www.copealcoy.es\\\/es\\\/romeral-inicia-las-celebraciones-25-aniversario\\\/\"},\"wordCount\":193,\"commentCount\":0,\"image\":{\"@id\":\"https:\\\/\\\/www.copealcoy.es\\\/es\\\/romeral-inicia-las-celebraciones-25-aniversario\\\/#primaryimage\"},\"thumbnailUrl\":\"https:\\\/\\\/www.copealcoy.es\\\/wp-content\\\/uploads\\\/2017\\\/09\\\/Romeral_25-5.jpg\",\"keywords\":[\"25 aniversario\",\"Alberto Belda\",\"Alcoy\",\"Antonio Franc\u00e9s\",\"Celebraciones\",\"Romeral\"],\"articleSection\":[\"Alcoy\",\"Educaci\u00f3n\",\"Noticias\"],\"inLanguage\":\"es\"},{\"@type\":\"WebPage\",\"@id\":\"https:\\\/\\\/www.copealcoy.es\\\/es\\\/romeral-inicia-las-celebraciones-25-aniversario\\\/\",\"url\":\"https:\\\/\\\/www.copealcoy.es\\\/es\\\/romeral-inicia-las-celebraciones-25-aniversario\\\/\",\"name\":\"El Romeral inicia las celebraciones de su 25 aniversario - COPE Alcoy\",\"isPartOf\":{\"@id\":\"https:\\\/\\\/www.copealcoy.es\\\/es\\\/#website\"},\"primaryImageOfPage\":{\"@id\":\"https:\\\/\\\/www.copealcoy.es\\\/es\\\/romeral-inicia-las-celebraciones-25-aniversario\\\/#primaryimage\"},\"image\":{\"@id\":\"https:\\\/\\\/www.copealcoy.es\\\/es\\\/romeral-inicia-las-celebraciones-25-aniversario\\\/#primaryimage\"},\"thumbnailUrl\":\"https:\\\/\\\/www.copealcoy.es\\\/wp-content\\\/uploads\\\/2017\\\/09\\\/Romeral_25-5.jpg\",\"datePublished\":\"2017-09-25T16:11:22+00:00\",\"dateModified\":\"2017-09-25T16:14:01+00:00\",\"author\":{\"@id\":\"https:\\\/\\\/www.copealcoy.es\\\/es\\\/#\\\/schema\\\/person\\\/e777c87fa024e57d40170af9df39882c\"},\"breadcrumb\":{\"@id\":\"https:\\\/\\\/www.copealcoy.es\\\/es\\\/romeral-inicia-las-celebraciones-25-aniversario\\\/#breadcrumb\"},\"inLanguage\":\"es\",\"potentialAction\":[{\"@type\":\"ReadAction\",\"target\":[\"https:\\\/\\\/www.copealcoy.es\\\/es\\\/romeral-inicia-las-celebraciones-25-aniversario\\\/\"]}]},{\"@type\":\"ImageObject\",\"inLanguage\":\"es\",\"@id\":\"https:\\\/\\\/www.copealcoy.es\\\/es\\\/romeral-inicia-las-celebraciones-25-aniversario\\\/#primaryimage\",\"url\":\"https:\\\/\\\/www.copealcoy.es\\\/wp-content\\\/uploads\\\/2017\\\/09\\\/Romeral_25-5.jpg\",\"contentUrl\":\"https:\\\/\\\/www.copealcoy.es\\\/wp-content\\\/uploads\\\/2017\\\/09\\\/Romeral_25-5.jpg\",\"width\":4272,\"height\":2848},{\"@type\":\"BreadcrumbList\",\"@id\":\"https:\\\/\\\/www.copealcoy.es\\\/es\\\/romeral-inicia-las-celebraciones-25-aniversario\\\/#breadcrumb\",\"itemListElement\":[{\"@type\":\"ListItem\",\"position\":1,\"name\":\"Portada\",\"item\":\"https:\\\/\\\/www.copealcoy.es\\\/es\\\/\"},{\"@type\":\"ListItem\",\"position\":2,\"name\":\"El Romeral inicia las celebraciones de su 25 aniversario\"}]},{\"@type\":\"WebSite\",\"@id\":\"https:\\\/\\\/www.copealcoy.es\\\/es\\\/#website\",\"url\":\"https:\\\/\\\/www.copealcoy.es\\\/es\\\/\",\"name\":\"COPE Alcoy\",\"description\":\"Emisora COPE de radio local con emisi\u00f3n online. Pont de Sant Jordi 8-10 03803 Alcoy\",\"potentialAction\":[{\"@type\":\"SearchAction\",\"target\":{\"@type\":\"EntryPoint\",\"urlTemplate\":\"https:\\\/\\\/www.copealcoy.es\\\/es\\\/?s={search_term_string}\"},\"query-input\":{\"@type\":\"PropertyValueSpecification\",\"valueRequired\":true,\"valueName\":\"search_term_string\"}}],\"inLanguage\":\"es\"},{\"@type\":\"Person\",\"@id\":\"https:\\\/\\\/www.copealcoy.es\\\/es\\\/#\\\/schema\\\/person\\\/e777c87fa024e57d40170af9df39882c\",\"name\":\"Cope Alcoy\",\"image\":{\"@type\":\"ImageObject\",\"inLanguage\":\"es\",\"@id\":\"https:\\\/\\\/secure.gravatar.com\\\/avatar\\\/bb65d0283347e303893ba14f0692005417c1e0e690a325a4c5d8bb2b3943ee14?s=96&d=mm&r=g\",\"url\":\"https:\\\/\\\/secure.gravatar.com\\\/avatar\\\/bb65d0283347e303893ba14f0692005417c1e0e690a325a4c5d8bb2b3943ee14?s=96&d=mm&r=g\",\"contentUrl\":\"https:\\\/\\\/secure.gravatar.com\\\/avatar\\\/bb65d0283347e303893ba14f0692005417c1e0e690a325a4c5d8bb2b3943ee14?s=96&d=mm&r=g\",\"caption\":\"Cope Alcoy\"}}]}<\/script>\n<!-- \/ Yoast SEO plugin. -->","yoast_head_json":{"title":"El Romeral inicia las celebraciones de su 25 aniversario - COPE Alcoy","robots":{"index":"index","follow":"follow","max-snippet":"max-snippet:-1","max-image-preview":"max-image-preview:large","max-video-preview":"max-video-preview:-1"},"canonical":"https:\/\/www.copealcoy.es\/es\/romeral-inicia-las-celebraciones-25-aniversario\/","og_locale":"es_ES","og_type":"article","og_title":"El Romeral inicia las celebraciones de su 25 aniversario - COPE Alcoy","og_description":"El colegio El Romeral de Alcoy ha iniciado las celebraciones para conmemorar su veinticinco aniversario con el descubrimiento de una...","og_url":"https:\/\/www.copealcoy.es\/es\/romeral-inicia-las-celebraciones-25-aniversario\/","og_site_name":"COPE Alcoy","article_published_time":"2017-09-25T16:11:22+00:00","article_modified_time":"2017-09-25T16:14:01+00:00","og_image":[{"width":1024,"height":683,"url":"https:\/\/www.copealcoy.es\/wp-content\/uploads\/2017\/09\/Romeral_25-5-1024x683.jpg","type":"image\/jpeg"}],"author":"Cope Alcoy","twitter_misc":{"Escrito por":"Cope Alcoy","Tiempo de lectura":"1 minuto"},"schema":{"@context":"https:\/\/schema.org","@graph":[{"@type":"Article","@id":"https:\/\/www.copealcoy.es\/es\/romeral-inicia-las-celebraciones-25-aniversario\/#article","isPartOf":{"@id":"https:\/\/www.copealcoy.es\/es\/romeral-inicia-las-celebraciones-25-aniversario\/"},"author":{"name":"Cope Alcoy","@id":"https:\/\/www.copealcoy.es\/es\/#\/schema\/person\/e777c87fa024e57d40170af9df39882c"},"headline":"El Romeral inicia las celebraciones de su 25 aniversario","datePublished":"2017-09-25T16:11:22+00:00","dateModified":"2017-09-25T16:14:01+00:00","mainEntityOfPage":{"@id":"https:\/\/www.copealcoy.es\/es\/romeral-inicia-las-celebraciones-25-aniversario\/"},"wordCount":193,"commentCount":0,"image":{"@id":"https:\/\/www.copealcoy.es\/es\/romeral-inicia-las-celebraciones-25-aniversario\/#primaryimage"},"thumbnailUrl":"https:\/\/www.copealcoy.es\/wp-content\/uploads\/2017\/09\/Romeral_25-5.jpg","keywords":["25 aniversario","Alberto Belda","Alcoy","Antonio Franc\u00e9s","Celebraciones","Romeral"],"articleSection":["Alcoy","Educaci\u00f3n","Noticias"],"inLanguage":"es"},{"@type":"WebPage","@id":"https:\/\/www.copealcoy.es\/es\/romeral-inicia-las-celebraciones-25-aniversario\/","url":"https:\/\/www.copealcoy.es\/es\/romeral-inicia-las-celebraciones-25-aniversario\/","name":"El Romeral inicia las celebraciones de su 25 aniversario - COPE Alcoy","isPartOf":{"@id":"https:\/\/www.copealcoy.es\/es\/#website"},"primaryImageOfPage":{"@id":"https:\/\/www.copealcoy.es\/es\/romeral-inicia-las-celebraciones-25-aniversario\/#primaryimage"},"image":{"@id":"https:\/\/www.copealcoy.es\/es\/romeral-inicia-las-celebraciones-25-aniversario\/#primaryimage"},"thumbnailUrl":"https:\/\/www.copealcoy.es\/wp-content\/uploads\/2017\/09\/Romeral_25-5.jpg","datePublished":"2017-09-25T16:11:22+00:00","dateModified":"2017-09-25T16:14:01+00:00","author":{"@id":"https:\/\/www.copealcoy.es\/es\/#\/schema\/person\/e777c87fa024e57d40170af9df39882c"},"breadcrumb":{"@id":"https:\/\/www.copealcoy.es\/es\/romeral-inicia-las-celebraciones-25-aniversario\/#breadcrumb"},"inLanguage":"es","potentialAction":[{"@type":"ReadAction","target":["https:\/\/www.copealcoy.es\/es\/romeral-inicia-las-celebraciones-25-aniversario\/"]}]},{"@type":"ImageObject","inLanguage":"es","@id":"https:\/\/www.copealcoy.es\/es\/romeral-inicia-las-celebraciones-25-aniversario\/#primaryimage","url":"https:\/\/www.copealcoy.es\/wp-content\/uploads\/2017\/09\/Romeral_25-5.jpg","contentUrl":"https:\/\/www.copealcoy.es\/wp-content\/uploads\/2017\/09\/Romeral_25-5.jpg","width":4272,"height":2848},{"@type":"BreadcrumbList","@id":"https:\/\/www.copealcoy.es\/es\/romeral-inicia-las-celebraciones-25-aniversario\/#breadcrumb","itemListElement":[{"@type":"ListItem","position":1,"name":"Portada","item":"https:\/\/www.copealcoy.es\/es\/"},{"@type":"ListItem","position":2,"name":"El Romeral inicia las celebraciones de su 25 aniversario"}]},{"@type":"WebSite","@id":"https:\/\/www.copealcoy.es\/es\/#website","url":"https:\/\/www.copealcoy.es\/es\/","name":"COPE Alcoy","description":"Emisora COPE de radio local con emisi\u00f3n online. Pont de Sant Jordi 8-10 03803 Alcoy","potentialAction":[{"@type":"SearchAction","target":{"@type":"EntryPoint","urlTemplate":"https:\/\/www.copealcoy.es\/es\/?s={search_term_string}"},"query-input":{"@type":"PropertyValueSpecification","valueRequired":true,"valueName":"search_term_string"}}],"inLanguage":"es"},{"@type":"Person","@id":"https:\/\/www.copealcoy.es\/es\/#\/schema\/person\/e777c87fa024e57d40170af9df39882c","name":"Cope Alcoy","image":{"@type":"ImageObject","inLanguage":"es","@id":"https:\/\/secure.gravatar.com\/avatar\/bb65d0283347e303893ba14f0692005417c1e0e690a325a4c5d8bb2b3943ee14?s=96&d=mm&r=g","url":"https:\/\/secure.gravatar.com\/avatar\/bb65d0283347e303893ba14f0692005417c1e0e690a325a4c5d8bb2b3943ee14?s=96&d=mm&r=g","contentUrl":"https:\/\/secure.gravatar.com\/avatar\/bb65d0283347e303893ba14f0692005417c1e0e690a325a4c5d8bb2b3943ee14?s=96&d=mm&r=g","caption":"Cope Alcoy"}}]}},"_links":{"self":[{"href":"https:\/\/www.copealcoy.es\/es\/wp-json\/wp\/v2\/posts\/35253","targetHints":{"allow":["GET"]}}],"collection":[{"href":"https:\/\/www.copealcoy.es\/es\/wp-json\/wp\/v2\/posts"}],"about":[{"href":"https:\/\/www.copealcoy.es\/es\/wp-json\/wp\/v2\/types\/post"}],"author":[{"embeddable":true,"href":"https:\/\/www.copealcoy.es\/es\/wp-json\/wp\/v2\/users\/1"}],"replies":[{"embeddable":true,"href":"https:\/\/www.copealcoy.es\/es\/wp-json\/wp\/v2\/comments?post=35253"}],"version-history":[{"count":0,"href":"https:\/\/www.copealcoy.es\/es\/wp-json\/wp\/v2\/posts\/35253\/revisions"}],"wp:featuredmedia":[{"embeddable":true,"href":"https:\/\/www.copealcoy.es\/es\/wp-json\/wp\/v2\/media\/35254"}],"wp:attachment":[{"href":"https:\/\/www.copealcoy.es\/es\/wp-json\/wp\/v2\/media?parent=35253"}],"wp:term":[{"taxonomy":"category","embeddable":true,"href":"https:\/\/www.copealcoy.es\/es\/wp-json\/wp\/v2\/categories?post=35253"},{"taxonomy":"post_tag","embeddable":true,"href":"https:\/\/www.copealcoy.es\/es\/wp-json\/wp\/v2\/tags?post=35253"}],"curies":[{"name":"wp","href":"https:\/\/api.w.org\/{rel}","templated":true}]}}