{"id":35164,"date":"2017-09-22T12:00:40","date_gmt":"2017-09-22T12:00:40","guid":{"rendered":"http:\/\/copealcoi.es\/new\/?p=35164"},"modified":"2017-09-21T18:29:21","modified_gmt":"2017-09-21T18:29:21","slug":"duelo-comarcal-en-el-i-certamen-de-interpretacion-de-musica-festera","status":"publish","type":"post","link":"https:\/\/www.copealcoy.es\/es\/duelo-comarcal-en-el-i-certamen-de-interpretacion-de-musica-festera\/","title":{"rendered":"Duelo comarcal en el I Certamen de Interpretaci\u00f3n de M\u00fasica Festera"},"content":{"rendered":"<p style=\"text-align: justify;\">El <strong>Teatro Calder\u00f3n de Alcoy<\/strong> acoger\u00e1 ma\u00f1ana <strong>la primera\u00a0edici\u00f3n del Premi Sant Jordi de interpretaci\u00f3n de m\u00fasica festera<\/strong>, organizado por la Asociaci\u00f3n de San Jorge para conmemorar el bicentenario de la participaci\u00f3n de las bandas de m\u00fasica en la Fiesta de San Jorge de Alcoy. En el mismo participar\u00e1n, tras ser elegidas por sorteo, <strong>la\u00a0Uni\u00f3 Musical de Muro, el Ateneu Musical de Cocentaina y la Uni\u00f3 Musical Contestana<\/strong>.<\/p>\n<p style=\"text-align: justify;\">El certamen<strong> comenzar\u00e1 a las 18.00 horas en la plaza de Ram\u00f3n y Cajal<\/strong>, desde donde partir\u00e1 <strong>un desfile de las tres bandas participantes y la invitada<\/strong>, la Societat Musical Nova d\u2019Alcoi, hasta el Teatro, cuyas localidades est\u00e1n agotadas desde hace semanas. Al certamen han confirmado su asistencia el conseller de Econom\u00eda Sostenible, <strong>Rafael Climent<\/strong>, el diputado provincial <strong>Javier Sendra<\/strong>, el alcalde de Alcoy, <strong>Antonio Franc\u00e9s<\/strong>, y las alcaldesas de Muro y Cocentaina, <strong>Jacqueline Cerd\u00e1 y Mireia Estepa<\/strong>.<\/p>\n<p style=\"text-align: justify;\">La primera banda en participar ser\u00e1 <strong>la Uni\u00f3 Musical de Muro<\/strong>, que abrir\u00e1 repertorio con el pasodoble de presentaci\u00f3n <em>Ecos de Levante<\/em>, de Gonzalo Barrachina. Todas las bandas <strong>interpretar\u00e1n un pasodoble del maestro alcoyano<\/strong>, autor de la pieza declarada Himno de Fiestas hace ahora una centena de a\u00f1os. La <strong>pieza obligada<\/strong> para las tres bandas es<em> Ibn Jafaixa<\/em>, la marcha mora que Enrique Castr\u00f3 dedic\u00f3 al poeta Joan Valls. La marcha cristiana que interpretar\u00e1 la banda de Muro es <em>Marfil<\/em>, del contestano Jos\u00e9 Vicente Egea.<\/p>\n<p style=\"text-align: justify;\">Por su parte <strong>la Societat Ateneu Musical de Cocentaina<\/strong> ser\u00e1 la segunda en subirse al escenario. Aparte de la pieza obligada, interpretar\u00e1 el pasodoble <em>Goya<\/em> y la marcha cristiana <em>Catarsis<\/em>, tambi\u00e9n de Egea.<\/p>\n<p style=\"text-align: justify;\">Finalmente <strong>la Uni\u00f3n Musical Contestana<\/strong> cerrar\u00e1 la fase competitiva con el pasodoble\u00a0<em>Majos y majas<\/em> y la marcha\u00a0<em>Alc\u00e1zar de Elda<\/em>, de Rafael Mullor Grau, uno de los componentes del jurado, del que tambi\u00e9n forman parte Eduard Terol y Daniel Ferrero.<\/p>\n<p style=\"text-align: justify;\">Durante su deliberaci\u00f3n, <strong>la Societat Musical Nova d\u2019Alcoi<\/strong>, invitada con motivo de su 175 aniversario, interpretar\u00e1 <em>Turista<\/em>, de Evaristo P\u00e9rez Monllor, <em>Laia<\/em>, marcha mora de V\u00edctor Vall\u00e9s ganadora del \u00faltimo premio de composici\u00f3n organizado por la Asociaci\u00f3n de San Jorge,<em> La despedida de Abu-Abdala<\/em>, de Gonzalo Blanes, y <em>Barranc del Sinc<\/em>, de Rafael Mullor.<\/p>\n<p style=\"text-align: justify;\">Las tres formaciones musicales <strong>competir\u00e1n por el I Premio de este Certamen<\/strong> valorado en un total de 5.000 euros.<\/p>\n","protected":false},"excerpt":{"rendered":"<p>El Teatro Calder\u00f3n de Alcoy acoger\u00e1 ma\u00f1ana la primera\u00a0edici\u00f3n del Premi Sant Jordi de interpretaci\u00f3n de m\u00fasica festera, organizado por&#8230;<\/p>\n","protected":false},"author":1,"featured_media":35165,"comment_status":"open","ping_status":"open","sticky":false,"template":"","format":"standard","meta":{"footnotes":""},"categories":[97,78,75],"tags":[1494,4679,700,4385],"class_list":["post-35164","post","type-post","status-publish","format-standard","has-post-thumbnail","hentry","category-alcoy","category-fiestaycultura","category-noticias","tag-alcoy","tag-certamen-de-interpretacion","tag-musica-festera","tag-premi-sant-jordi"],"yoast_head":"<!-- This site is optimized with the Yoast SEO plugin v27.3 - https:\/\/yoast.com\/product\/yoast-seo-wordpress\/ -->\n<title>Duelo comarcal en el I Certamen de Interpretaci\u00f3n de M\u00fasica Festera - COPE Alcoy<\/title>\n<meta name=\"robots\" content=\"index, follow, max-snippet:-1, max-image-preview:large, max-video-preview:-1\" \/>\n<link rel=\"canonical\" href=\"https:\/\/www.copealcoy.es\/es\/duelo-comarcal-en-el-i-certamen-de-interpretacion-de-musica-festera\/\" \/>\n<meta property=\"og:locale\" content=\"es_ES\" \/>\n<meta property=\"og:type\" content=\"article\" \/>\n<meta property=\"og:title\" content=\"Duelo comarcal en el I Certamen de Interpretaci\u00f3n de M\u00fasica Festera - COPE Alcoy\" \/>\n<meta property=\"og:description\" content=\"El Teatro Calder\u00f3n de Alcoy acoger\u00e1 ma\u00f1ana la primera\u00a0edici\u00f3n del Premi Sant Jordi de interpretaci\u00f3n de m\u00fasica festera, organizado por...\" \/>\n<meta property=\"og:url\" content=\"https:\/\/www.copealcoy.es\/es\/duelo-comarcal-en-el-i-certamen-de-interpretacion-de-musica-festera\/\" \/>\n<meta property=\"og:site_name\" content=\"COPE Alcoy\" \/>\n<meta property=\"article:published_time\" content=\"2017-09-22T12:00:40+00:00\" \/>\n<meta property=\"og:image\" content=\"https:\/\/www.copealcoy.es\/wp-content\/uploads\/2017\/09\/21558658_1183722695104547_2361348779483837596_n.jpg\" \/>\n\t<meta property=\"og:image:width\" content=\"960\" \/>\n\t<meta property=\"og:image:height\" content=\"720\" \/>\n\t<meta property=\"og:image:type\" content=\"image\/jpeg\" \/>\n<meta name=\"author\" content=\"Cope Alcoy\" \/>\n<meta name=\"twitter:label1\" content=\"Escrito por\" \/>\n\t<meta name=\"twitter:data1\" content=\"Cope Alcoy\" \/>\n\t<meta name=\"twitter:label2\" content=\"Tiempo de lectura\" \/>\n\t<meta name=\"twitter:data2\" content=\"2 minutos\" \/>\n<script type=\"application\/ld+json\" class=\"yoast-schema-graph\">{\"@context\":\"https:\\\/\\\/schema.org\",\"@graph\":[{\"@type\":\"Article\",\"@id\":\"https:\\\/\\\/www.copealcoy.es\\\/es\\\/duelo-comarcal-en-el-i-certamen-de-interpretacion-de-musica-festera\\\/#article\",\"isPartOf\":{\"@id\":\"https:\\\/\\\/www.copealcoy.es\\\/es\\\/duelo-comarcal-en-el-i-certamen-de-interpretacion-de-musica-festera\\\/\"},\"author\":{\"name\":\"Cope Alcoy\",\"@id\":\"https:\\\/\\\/www.copealcoy.es\\\/es\\\/#\\\/schema\\\/person\\\/e777c87fa024e57d40170af9df39882c\"},\"headline\":\"Duelo comarcal en el I Certamen de Interpretaci\u00f3n de M\u00fasica Festera\",\"datePublished\":\"2017-09-22T12:00:40+00:00\",\"mainEntityOfPage\":{\"@id\":\"https:\\\/\\\/www.copealcoy.es\\\/es\\\/duelo-comarcal-en-el-i-certamen-de-interpretacion-de-musica-festera\\\/\"},\"wordCount\":419,\"commentCount\":0,\"image\":{\"@id\":\"https:\\\/\\\/www.copealcoy.es\\\/es\\\/duelo-comarcal-en-el-i-certamen-de-interpretacion-de-musica-festera\\\/#primaryimage\"},\"thumbnailUrl\":\"https:\\\/\\\/www.copealcoy.es\\\/wp-content\\\/uploads\\\/2017\\\/09\\\/21558658_1183722695104547_2361348779483837596_n.jpg\",\"keywords\":[\"Alcoy\",\"Certamen de Interpretaci\u00f3n\",\"M\u00fasica Festera\",\"Premi Sant Jordi\"],\"articleSection\":[\"Alcoy\",\"Fiesta y Cultura\",\"Noticias\"],\"inLanguage\":\"es\"},{\"@type\":\"WebPage\",\"@id\":\"https:\\\/\\\/www.copealcoy.es\\\/es\\\/duelo-comarcal-en-el-i-certamen-de-interpretacion-de-musica-festera\\\/\",\"url\":\"https:\\\/\\\/www.copealcoy.es\\\/es\\\/duelo-comarcal-en-el-i-certamen-de-interpretacion-de-musica-festera\\\/\",\"name\":\"Duelo comarcal en el I Certamen de Interpretaci\u00f3n de M\u00fasica Festera - COPE Alcoy\",\"isPartOf\":{\"@id\":\"https:\\\/\\\/www.copealcoy.es\\\/es\\\/#website\"},\"primaryImageOfPage\":{\"@id\":\"https:\\\/\\\/www.copealcoy.es\\\/es\\\/duelo-comarcal-en-el-i-certamen-de-interpretacion-de-musica-festera\\\/#primaryimage\"},\"image\":{\"@id\":\"https:\\\/\\\/www.copealcoy.es\\\/es\\\/duelo-comarcal-en-el-i-certamen-de-interpretacion-de-musica-festera\\\/#primaryimage\"},\"thumbnailUrl\":\"https:\\\/\\\/www.copealcoy.es\\\/wp-content\\\/uploads\\\/2017\\\/09\\\/21558658_1183722695104547_2361348779483837596_n.jpg\",\"datePublished\":\"2017-09-22T12:00:40+00:00\",\"author\":{\"@id\":\"https:\\\/\\\/www.copealcoy.es\\\/es\\\/#\\\/schema\\\/person\\\/e777c87fa024e57d40170af9df39882c\"},\"breadcrumb\":{\"@id\":\"https:\\\/\\\/www.copealcoy.es\\\/es\\\/duelo-comarcal-en-el-i-certamen-de-interpretacion-de-musica-festera\\\/#breadcrumb\"},\"inLanguage\":\"es\",\"potentialAction\":[{\"@type\":\"ReadAction\",\"target\":[\"https:\\\/\\\/www.copealcoy.es\\\/es\\\/duelo-comarcal-en-el-i-certamen-de-interpretacion-de-musica-festera\\\/\"]}]},{\"@type\":\"ImageObject\",\"inLanguage\":\"es\",\"@id\":\"https:\\\/\\\/www.copealcoy.es\\\/es\\\/duelo-comarcal-en-el-i-certamen-de-interpretacion-de-musica-festera\\\/#primaryimage\",\"url\":\"https:\\\/\\\/www.copealcoy.es\\\/wp-content\\\/uploads\\\/2017\\\/09\\\/21558658_1183722695104547_2361348779483837596_n.jpg\",\"contentUrl\":\"https:\\\/\\\/www.copealcoy.es\\\/wp-content\\\/uploads\\\/2017\\\/09\\\/21558658_1183722695104547_2361348779483837596_n.jpg\",\"width\":960,\"height\":720,\"caption\":\"Los Presidentes de las bandas participantes en el espacio #LaNostraFesta de Cope Alcoy\"},{\"@type\":\"BreadcrumbList\",\"@id\":\"https:\\\/\\\/www.copealcoy.es\\\/es\\\/duelo-comarcal-en-el-i-certamen-de-interpretacion-de-musica-festera\\\/#breadcrumb\",\"itemListElement\":[{\"@type\":\"ListItem\",\"position\":1,\"name\":\"Portada\",\"item\":\"https:\\\/\\\/www.copealcoy.es\\\/es\\\/\"},{\"@type\":\"ListItem\",\"position\":2,\"name\":\"Duelo comarcal en el I Certamen de Interpretaci\u00f3n de M\u00fasica Festera\"}]},{\"@type\":\"WebSite\",\"@id\":\"https:\\\/\\\/www.copealcoy.es\\\/es\\\/#website\",\"url\":\"https:\\\/\\\/www.copealcoy.es\\\/es\\\/\",\"name\":\"COPE Alcoy\",\"description\":\"Emisora COPE de radio local con emisi\u00f3n online. Pont de Sant Jordi 8-10 03803 Alcoy\",\"potentialAction\":[{\"@type\":\"SearchAction\",\"target\":{\"@type\":\"EntryPoint\",\"urlTemplate\":\"https:\\\/\\\/www.copealcoy.es\\\/es\\\/?s={search_term_string}\"},\"query-input\":{\"@type\":\"PropertyValueSpecification\",\"valueRequired\":true,\"valueName\":\"search_term_string\"}}],\"inLanguage\":\"es\"},{\"@type\":\"Person\",\"@id\":\"https:\\\/\\\/www.copealcoy.es\\\/es\\\/#\\\/schema\\\/person\\\/e777c87fa024e57d40170af9df39882c\",\"name\":\"Cope Alcoy\",\"image\":{\"@type\":\"ImageObject\",\"inLanguage\":\"es\",\"@id\":\"https:\\\/\\\/secure.gravatar.com\\\/avatar\\\/bb65d0283347e303893ba14f0692005417c1e0e690a325a4c5d8bb2b3943ee14?s=96&d=mm&r=g\",\"url\":\"https:\\\/\\\/secure.gravatar.com\\\/avatar\\\/bb65d0283347e303893ba14f0692005417c1e0e690a325a4c5d8bb2b3943ee14?s=96&d=mm&r=g\",\"contentUrl\":\"https:\\\/\\\/secure.gravatar.com\\\/avatar\\\/bb65d0283347e303893ba14f0692005417c1e0e690a325a4c5d8bb2b3943ee14?s=96&d=mm&r=g\",\"caption\":\"Cope Alcoy\"}}]}<\/script>\n<!-- \/ Yoast SEO plugin. -->","yoast_head_json":{"title":"Duelo comarcal en el I Certamen de Interpretaci\u00f3n de M\u00fasica Festera - COPE Alcoy","robots":{"index":"index","follow":"follow","max-snippet":"max-snippet:-1","max-image-preview":"max-image-preview:large","max-video-preview":"max-video-preview:-1"},"canonical":"https:\/\/www.copealcoy.es\/es\/duelo-comarcal-en-el-i-certamen-de-interpretacion-de-musica-festera\/","og_locale":"es_ES","og_type":"article","og_title":"Duelo comarcal en el I Certamen de Interpretaci\u00f3n de M\u00fasica Festera - COPE Alcoy","og_description":"El Teatro Calder\u00f3n de Alcoy acoger\u00e1 ma\u00f1ana la primera\u00a0edici\u00f3n del Premi Sant Jordi de interpretaci\u00f3n de m\u00fasica festera, organizado por...","og_url":"https:\/\/www.copealcoy.es\/es\/duelo-comarcal-en-el-i-certamen-de-interpretacion-de-musica-festera\/","og_site_name":"COPE Alcoy","article_published_time":"2017-09-22T12:00:40+00:00","og_image":[{"width":960,"height":720,"url":"https:\/\/www.copealcoy.es\/wp-content\/uploads\/2017\/09\/21558658_1183722695104547_2361348779483837596_n.jpg","type":"image\/jpeg"}],"author":"Cope Alcoy","twitter_misc":{"Escrito por":"Cope Alcoy","Tiempo de lectura":"2 minutos"},"schema":{"@context":"https:\/\/schema.org","@graph":[{"@type":"Article","@id":"https:\/\/www.copealcoy.es\/es\/duelo-comarcal-en-el-i-certamen-de-interpretacion-de-musica-festera\/#article","isPartOf":{"@id":"https:\/\/www.copealcoy.es\/es\/duelo-comarcal-en-el-i-certamen-de-interpretacion-de-musica-festera\/"},"author":{"name":"Cope Alcoy","@id":"https:\/\/www.copealcoy.es\/es\/#\/schema\/person\/e777c87fa024e57d40170af9df39882c"},"headline":"Duelo comarcal en el I Certamen de Interpretaci\u00f3n de M\u00fasica Festera","datePublished":"2017-09-22T12:00:40+00:00","mainEntityOfPage":{"@id":"https:\/\/www.copealcoy.es\/es\/duelo-comarcal-en-el-i-certamen-de-interpretacion-de-musica-festera\/"},"wordCount":419,"commentCount":0,"image":{"@id":"https:\/\/www.copealcoy.es\/es\/duelo-comarcal-en-el-i-certamen-de-interpretacion-de-musica-festera\/#primaryimage"},"thumbnailUrl":"https:\/\/www.copealcoy.es\/wp-content\/uploads\/2017\/09\/21558658_1183722695104547_2361348779483837596_n.jpg","keywords":["Alcoy","Certamen de Interpretaci\u00f3n","M\u00fasica Festera","Premi Sant Jordi"],"articleSection":["Alcoy","Fiesta y Cultura","Noticias"],"inLanguage":"es"},{"@type":"WebPage","@id":"https:\/\/www.copealcoy.es\/es\/duelo-comarcal-en-el-i-certamen-de-interpretacion-de-musica-festera\/","url":"https:\/\/www.copealcoy.es\/es\/duelo-comarcal-en-el-i-certamen-de-interpretacion-de-musica-festera\/","name":"Duelo comarcal en el I Certamen de Interpretaci\u00f3n de M\u00fasica Festera - COPE Alcoy","isPartOf":{"@id":"https:\/\/www.copealcoy.es\/es\/#website"},"primaryImageOfPage":{"@id":"https:\/\/www.copealcoy.es\/es\/duelo-comarcal-en-el-i-certamen-de-interpretacion-de-musica-festera\/#primaryimage"},"image":{"@id":"https:\/\/www.copealcoy.es\/es\/duelo-comarcal-en-el-i-certamen-de-interpretacion-de-musica-festera\/#primaryimage"},"thumbnailUrl":"https:\/\/www.copealcoy.es\/wp-content\/uploads\/2017\/09\/21558658_1183722695104547_2361348779483837596_n.jpg","datePublished":"2017-09-22T12:00:40+00:00","author":{"@id":"https:\/\/www.copealcoy.es\/es\/#\/schema\/person\/e777c87fa024e57d40170af9df39882c"},"breadcrumb":{"@id":"https:\/\/www.copealcoy.es\/es\/duelo-comarcal-en-el-i-certamen-de-interpretacion-de-musica-festera\/#breadcrumb"},"inLanguage":"es","potentialAction":[{"@type":"ReadAction","target":["https:\/\/www.copealcoy.es\/es\/duelo-comarcal-en-el-i-certamen-de-interpretacion-de-musica-festera\/"]}]},{"@type":"ImageObject","inLanguage":"es","@id":"https:\/\/www.copealcoy.es\/es\/duelo-comarcal-en-el-i-certamen-de-interpretacion-de-musica-festera\/#primaryimage","url":"https:\/\/www.copealcoy.es\/wp-content\/uploads\/2017\/09\/21558658_1183722695104547_2361348779483837596_n.jpg","contentUrl":"https:\/\/www.copealcoy.es\/wp-content\/uploads\/2017\/09\/21558658_1183722695104547_2361348779483837596_n.jpg","width":960,"height":720,"caption":"Los Presidentes de las bandas participantes en el espacio #LaNostraFesta de Cope Alcoy"},{"@type":"BreadcrumbList","@id":"https:\/\/www.copealcoy.es\/es\/duelo-comarcal-en-el-i-certamen-de-interpretacion-de-musica-festera\/#breadcrumb","itemListElement":[{"@type":"ListItem","position":1,"name":"Portada","item":"https:\/\/www.copealcoy.es\/es\/"},{"@type":"ListItem","position":2,"name":"Duelo comarcal en el I Certamen de Interpretaci\u00f3n de M\u00fasica Festera"}]},{"@type":"WebSite","@id":"https:\/\/www.copealcoy.es\/es\/#website","url":"https:\/\/www.copealcoy.es\/es\/","name":"COPE Alcoy","description":"Emisora COPE de radio local con emisi\u00f3n online. Pont de Sant Jordi 8-10 03803 Alcoy","potentialAction":[{"@type":"SearchAction","target":{"@type":"EntryPoint","urlTemplate":"https:\/\/www.copealcoy.es\/es\/?s={search_term_string}"},"query-input":{"@type":"PropertyValueSpecification","valueRequired":true,"valueName":"search_term_string"}}],"inLanguage":"es"},{"@type":"Person","@id":"https:\/\/www.copealcoy.es\/es\/#\/schema\/person\/e777c87fa024e57d40170af9df39882c","name":"Cope Alcoy","image":{"@type":"ImageObject","inLanguage":"es","@id":"https:\/\/secure.gravatar.com\/avatar\/bb65d0283347e303893ba14f0692005417c1e0e690a325a4c5d8bb2b3943ee14?s=96&d=mm&r=g","url":"https:\/\/secure.gravatar.com\/avatar\/bb65d0283347e303893ba14f0692005417c1e0e690a325a4c5d8bb2b3943ee14?s=96&d=mm&r=g","contentUrl":"https:\/\/secure.gravatar.com\/avatar\/bb65d0283347e303893ba14f0692005417c1e0e690a325a4c5d8bb2b3943ee14?s=96&d=mm&r=g","caption":"Cope Alcoy"}}]}},"_links":{"self":[{"href":"https:\/\/www.copealcoy.es\/es\/wp-json\/wp\/v2\/posts\/35164","targetHints":{"allow":["GET"]}}],"collection":[{"href":"https:\/\/www.copealcoy.es\/es\/wp-json\/wp\/v2\/posts"}],"about":[{"href":"https:\/\/www.copealcoy.es\/es\/wp-json\/wp\/v2\/types\/post"}],"author":[{"embeddable":true,"href":"https:\/\/www.copealcoy.es\/es\/wp-json\/wp\/v2\/users\/1"}],"replies":[{"embeddable":true,"href":"https:\/\/www.copealcoy.es\/es\/wp-json\/wp\/v2\/comments?post=35164"}],"version-history":[{"count":0,"href":"https:\/\/www.copealcoy.es\/es\/wp-json\/wp\/v2\/posts\/35164\/revisions"}],"wp:featuredmedia":[{"embeddable":true,"href":"https:\/\/www.copealcoy.es\/es\/wp-json\/wp\/v2\/media\/35165"}],"wp:attachment":[{"href":"https:\/\/www.copealcoy.es\/es\/wp-json\/wp\/v2\/media?parent=35164"}],"wp:term":[{"taxonomy":"category","embeddable":true,"href":"https:\/\/www.copealcoy.es\/es\/wp-json\/wp\/v2\/categories?post=35164"},{"taxonomy":"post_tag","embeddable":true,"href":"https:\/\/www.copealcoy.es\/es\/wp-json\/wp\/v2\/tags?post=35164"}],"curies":[{"name":"wp","href":"https:\/\/api.w.org\/{rel}","templated":true}]}}