{"id":35001,"date":"2017-09-17T17:15:13","date_gmt":"2017-09-17T17:15:13","guid":{"rendered":"http:\/\/copealcoi.es\/new\/?p=35001"},"modified":"2017-09-17T17:17:32","modified_gmt":"2017-09-17T17:17:32","slug":"carrefour-cocentaina-celebra-su-decimo-aniversario","status":"publish","type":"post","link":"https:\/\/www.copealcoy.es\/es\/carrefour-cocentaina-celebra-su-decimo-aniversario\/","title":{"rendered":"Carrefour Cocentaina celebra su d\u00e9cimo aniversario"},"content":{"rendered":"<p style=\"text-align: justify;\"><strong>Carrefour Cocentaina<\/strong> ha celebrado durante los \u00faltimos d\u00edas <strong>numerosas\u00a0actividades para conmemorar el d\u00e9cimo aniversario<\/strong> desde que <strong>abriera por primera vez sus puertas<\/strong> en la Villa Condal a finales del verano del a\u00f1o 2007.<\/p>\n<p style=\"text-align: justify;\">En la programaci\u00f3n cultural y de ocio que se ha preparado ha destacado\u00a0<strong>la exposici\u00f3n de trajes de Moros y Cristianos<\/strong> a cargo de la firma contestana Al-Azraq, la exposici\u00f3n de <strong>trabajos realizados por parte de los alumnos de la FPA Beniassent<\/strong>, la <strong>exposici\u00f3n de manualidades<\/strong> de las Amas de Casa de Cocentaina, los <strong>talleres de manualidades para ni\u00f1os<\/strong> y merienda, la <strong>representaci\u00f3n teatral<\/strong> a cargo de Faula Teatre, <strong>bailes<\/strong>, <strong>degustaci\u00f3n<\/strong> de productos locales \u00a0e incluso una <strong>exposici\u00f3n de coches antiguos<\/strong>.<\/p>\n<p style=\"text-align: justify;\">Adem\u00e1s el pasado s\u00e1bado 9 de septiembre se produjo el acto central y conmemorativo de esta efem\u00e9ride que consisti\u00f3 en <strong>la reinauguraci\u00f3n del Hipermercado<\/strong>\u00a0en presencia de numerosos clientes y de la alcaldesa, <strong>Mireia Estepa<\/strong>, y del Diputado Auton\u00f3mico del PSPV; <strong>Rafa Briet<\/strong>. La jornada se aderez\u00f3 con <strong>una degustaci\u00f3n de paella y cerveza<\/strong>.<\/p>\n<p style=\"text-align: justify;\">Desde Cope Alcoy <strong>felicitamos a Carrefour Cocentaina por estos primeros diez a\u00f1os<\/strong> prestando servicio tanto a Cocentaina como a los municipios de las comarcas del Comtat y de l\u00b4Alcoi\u00e0. \u00a1\u00a1\u00a1Enhorabuena !!!<\/p>\n","protected":false},"excerpt":{"rendered":"<p>Carrefour Cocentaina ha celebrado durante los \u00faltimos d\u00edas numerosas\u00a0actividades para conmemorar el d\u00e9cimo aniversario desde que abriera por primera vez&#8230;<\/p>\n","protected":false},"author":1,"featured_media":35002,"comment_status":"open","ping_status":"open","sticky":false,"template":"","format":"standard","meta":{"footnotes":""},"categories":[98,75],"tags":[4645,132,3061,1799],"class_list":["post-35001","post","type-post","status-publish","format-standard","has-post-thumbnail","hentry","category-comarcas","category-noticias","tag-carrefour","tag-cocentaina","tag-decimo-aniversario","tag-mireia-estepa"],"yoast_head":"<!-- This site is optimized with the Yoast SEO plugin v27.3 - https:\/\/yoast.com\/product\/yoast-seo-wordpress\/ -->\n<title>Carrefour Cocentaina celebra su d\u00e9cimo aniversario - COPE Alcoy<\/title>\n<meta name=\"robots\" content=\"index, follow, max-snippet:-1, max-image-preview:large, max-video-preview:-1\" \/>\n<link rel=\"canonical\" href=\"https:\/\/www.copealcoy.es\/es\/carrefour-cocentaina-celebra-su-decimo-aniversario\/\" \/>\n<meta property=\"og:locale\" content=\"es_ES\" \/>\n<meta property=\"og:type\" content=\"article\" \/>\n<meta property=\"og:title\" content=\"Carrefour Cocentaina celebra su d\u00e9cimo aniversario - COPE Alcoy\" \/>\n<meta property=\"og:description\" content=\"Carrefour Cocentaina ha celebrado durante los \u00faltimos d\u00edas numerosas\u00a0actividades para conmemorar el d\u00e9cimo aniversario desde que abriera por primera vez...\" \/>\n<meta property=\"og:url\" content=\"https:\/\/www.copealcoy.es\/es\/carrefour-cocentaina-celebra-su-decimo-aniversario\/\" \/>\n<meta property=\"og:site_name\" content=\"COPE Alcoy\" \/>\n<meta property=\"article:published_time\" content=\"2017-09-17T17:15:13+00:00\" \/>\n<meta property=\"article:modified_time\" content=\"2017-09-17T17:17:32+00:00\" \/>\n<meta property=\"og:image\" content=\"https:\/\/www.copealcoy.es\/wp-content\/uploads\/2017\/09\/21624218_1623505074336968_1043559137_n.jpg\" \/>\n\t<meta property=\"og:image:width\" content=\"960\" \/>\n\t<meta property=\"og:image:height\" content=\"719\" \/>\n\t<meta property=\"og:image:type\" content=\"image\/jpeg\" \/>\n<meta name=\"author\" content=\"Cope Alcoy\" \/>\n<meta name=\"twitter:label1\" content=\"Escrito por\" \/>\n\t<meta name=\"twitter:data1\" content=\"Cope Alcoy\" \/>\n\t<meta name=\"twitter:label2\" content=\"Tiempo de lectura\" \/>\n\t<meta name=\"twitter:data2\" content=\"1 minuto\" \/>\n<script type=\"application\/ld+json\" class=\"yoast-schema-graph\">{\"@context\":\"https:\\\/\\\/schema.org\",\"@graph\":[{\"@type\":\"Article\",\"@id\":\"https:\\\/\\\/www.copealcoy.es\\\/es\\\/carrefour-cocentaina-celebra-su-decimo-aniversario\\\/#article\",\"isPartOf\":{\"@id\":\"https:\\\/\\\/www.copealcoy.es\\\/es\\\/carrefour-cocentaina-celebra-su-decimo-aniversario\\\/\"},\"author\":{\"name\":\"Cope Alcoy\",\"@id\":\"https:\\\/\\\/www.copealcoy.es\\\/es\\\/#\\\/schema\\\/person\\\/e777c87fa024e57d40170af9df39882c\"},\"headline\":\"Carrefour Cocentaina celebra su d\u00e9cimo aniversario\",\"datePublished\":\"2017-09-17T17:15:13+00:00\",\"dateModified\":\"2017-09-17T17:17:32+00:00\",\"mainEntityOfPage\":{\"@id\":\"https:\\\/\\\/www.copealcoy.es\\\/es\\\/carrefour-cocentaina-celebra-su-decimo-aniversario\\\/\"},\"wordCount\":223,\"commentCount\":0,\"image\":{\"@id\":\"https:\\\/\\\/www.copealcoy.es\\\/es\\\/carrefour-cocentaina-celebra-su-decimo-aniversario\\\/#primaryimage\"},\"thumbnailUrl\":\"https:\\\/\\\/www.copealcoy.es\\\/wp-content\\\/uploads\\\/2017\\\/09\\\/21624218_1623505074336968_1043559137_n.jpg\",\"keywords\":[\"Carrefour\",\"Cocentaina\",\"d\u00e9cimo aniversario\",\"Mireia Estepa\"],\"articleSection\":[\"Comarcas\",\"Noticias\"],\"inLanguage\":\"es\"},{\"@type\":\"WebPage\",\"@id\":\"https:\\\/\\\/www.copealcoy.es\\\/es\\\/carrefour-cocentaina-celebra-su-decimo-aniversario\\\/\",\"url\":\"https:\\\/\\\/www.copealcoy.es\\\/es\\\/carrefour-cocentaina-celebra-su-decimo-aniversario\\\/\",\"name\":\"Carrefour Cocentaina celebra su d\u00e9cimo aniversario - COPE Alcoy\",\"isPartOf\":{\"@id\":\"https:\\\/\\\/www.copealcoy.es\\\/es\\\/#website\"},\"primaryImageOfPage\":{\"@id\":\"https:\\\/\\\/www.copealcoy.es\\\/es\\\/carrefour-cocentaina-celebra-su-decimo-aniversario\\\/#primaryimage\"},\"image\":{\"@id\":\"https:\\\/\\\/www.copealcoy.es\\\/es\\\/carrefour-cocentaina-celebra-su-decimo-aniversario\\\/#primaryimage\"},\"thumbnailUrl\":\"https:\\\/\\\/www.copealcoy.es\\\/wp-content\\\/uploads\\\/2017\\\/09\\\/21624218_1623505074336968_1043559137_n.jpg\",\"datePublished\":\"2017-09-17T17:15:13+00:00\",\"dateModified\":\"2017-09-17T17:17:32+00:00\",\"author\":{\"@id\":\"https:\\\/\\\/www.copealcoy.es\\\/es\\\/#\\\/schema\\\/person\\\/e777c87fa024e57d40170af9df39882c\"},\"breadcrumb\":{\"@id\":\"https:\\\/\\\/www.copealcoy.es\\\/es\\\/carrefour-cocentaina-celebra-su-decimo-aniversario\\\/#breadcrumb\"},\"inLanguage\":\"es\",\"potentialAction\":[{\"@type\":\"ReadAction\",\"target\":[\"https:\\\/\\\/www.copealcoy.es\\\/es\\\/carrefour-cocentaina-celebra-su-decimo-aniversario\\\/\"]}]},{\"@type\":\"ImageObject\",\"inLanguage\":\"es\",\"@id\":\"https:\\\/\\\/www.copealcoy.es\\\/es\\\/carrefour-cocentaina-celebra-su-decimo-aniversario\\\/#primaryimage\",\"url\":\"https:\\\/\\\/www.copealcoy.es\\\/wp-content\\\/uploads\\\/2017\\\/09\\\/21624218_1623505074336968_1043559137_n.jpg\",\"contentUrl\":\"https:\\\/\\\/www.copealcoy.es\\\/wp-content\\\/uploads\\\/2017\\\/09\\\/21624218_1623505074336968_1043559137_n.jpg\",\"width\":960,\"height\":719,\"caption\":\"Un instante del acto que tuvo lugar el s\u00e1bado 9 de septiembre\"},{\"@type\":\"BreadcrumbList\",\"@id\":\"https:\\\/\\\/www.copealcoy.es\\\/es\\\/carrefour-cocentaina-celebra-su-decimo-aniversario\\\/#breadcrumb\",\"itemListElement\":[{\"@type\":\"ListItem\",\"position\":1,\"name\":\"Portada\",\"item\":\"https:\\\/\\\/www.copealcoy.es\\\/es\\\/\"},{\"@type\":\"ListItem\",\"position\":2,\"name\":\"Carrefour Cocentaina celebra su d\u00e9cimo aniversario\"}]},{\"@type\":\"WebSite\",\"@id\":\"https:\\\/\\\/www.copealcoy.es\\\/es\\\/#website\",\"url\":\"https:\\\/\\\/www.copealcoy.es\\\/es\\\/\",\"name\":\"COPE Alcoy\",\"description\":\"Emisora COPE de radio local con emisi\u00f3n online. Pont de Sant Jordi 8-10 03803 Alcoy\",\"potentialAction\":[{\"@type\":\"SearchAction\",\"target\":{\"@type\":\"EntryPoint\",\"urlTemplate\":\"https:\\\/\\\/www.copealcoy.es\\\/es\\\/?s={search_term_string}\"},\"query-input\":{\"@type\":\"PropertyValueSpecification\",\"valueRequired\":true,\"valueName\":\"search_term_string\"}}],\"inLanguage\":\"es\"},{\"@type\":\"Person\",\"@id\":\"https:\\\/\\\/www.copealcoy.es\\\/es\\\/#\\\/schema\\\/person\\\/e777c87fa024e57d40170af9df39882c\",\"name\":\"Cope Alcoy\",\"image\":{\"@type\":\"ImageObject\",\"inLanguage\":\"es\",\"@id\":\"https:\\\/\\\/secure.gravatar.com\\\/avatar\\\/bb65d0283347e303893ba14f0692005417c1e0e690a325a4c5d8bb2b3943ee14?s=96&d=mm&r=g\",\"url\":\"https:\\\/\\\/secure.gravatar.com\\\/avatar\\\/bb65d0283347e303893ba14f0692005417c1e0e690a325a4c5d8bb2b3943ee14?s=96&d=mm&r=g\",\"contentUrl\":\"https:\\\/\\\/secure.gravatar.com\\\/avatar\\\/bb65d0283347e303893ba14f0692005417c1e0e690a325a4c5d8bb2b3943ee14?s=96&d=mm&r=g\",\"caption\":\"Cope Alcoy\"}}]}<\/script>\n<!-- \/ Yoast SEO plugin. -->","yoast_head_json":{"title":"Carrefour Cocentaina celebra su d\u00e9cimo aniversario - COPE Alcoy","robots":{"index":"index","follow":"follow","max-snippet":"max-snippet:-1","max-image-preview":"max-image-preview:large","max-video-preview":"max-video-preview:-1"},"canonical":"https:\/\/www.copealcoy.es\/es\/carrefour-cocentaina-celebra-su-decimo-aniversario\/","og_locale":"es_ES","og_type":"article","og_title":"Carrefour Cocentaina celebra su d\u00e9cimo aniversario - COPE Alcoy","og_description":"Carrefour Cocentaina ha celebrado durante los \u00faltimos d\u00edas numerosas\u00a0actividades para conmemorar el d\u00e9cimo aniversario desde que abriera por primera vez...","og_url":"https:\/\/www.copealcoy.es\/es\/carrefour-cocentaina-celebra-su-decimo-aniversario\/","og_site_name":"COPE Alcoy","article_published_time":"2017-09-17T17:15:13+00:00","article_modified_time":"2017-09-17T17:17:32+00:00","og_image":[{"width":960,"height":719,"url":"https:\/\/www.copealcoy.es\/wp-content\/uploads\/2017\/09\/21624218_1623505074336968_1043559137_n.jpg","type":"image\/jpeg"}],"author":"Cope Alcoy","twitter_misc":{"Escrito por":"Cope Alcoy","Tiempo de lectura":"1 minuto"},"schema":{"@context":"https:\/\/schema.org","@graph":[{"@type":"Article","@id":"https:\/\/www.copealcoy.es\/es\/carrefour-cocentaina-celebra-su-decimo-aniversario\/#article","isPartOf":{"@id":"https:\/\/www.copealcoy.es\/es\/carrefour-cocentaina-celebra-su-decimo-aniversario\/"},"author":{"name":"Cope Alcoy","@id":"https:\/\/www.copealcoy.es\/es\/#\/schema\/person\/e777c87fa024e57d40170af9df39882c"},"headline":"Carrefour Cocentaina celebra su d\u00e9cimo aniversario","datePublished":"2017-09-17T17:15:13+00:00","dateModified":"2017-09-17T17:17:32+00:00","mainEntityOfPage":{"@id":"https:\/\/www.copealcoy.es\/es\/carrefour-cocentaina-celebra-su-decimo-aniversario\/"},"wordCount":223,"commentCount":0,"image":{"@id":"https:\/\/www.copealcoy.es\/es\/carrefour-cocentaina-celebra-su-decimo-aniversario\/#primaryimage"},"thumbnailUrl":"https:\/\/www.copealcoy.es\/wp-content\/uploads\/2017\/09\/21624218_1623505074336968_1043559137_n.jpg","keywords":["Carrefour","Cocentaina","d\u00e9cimo aniversario","Mireia Estepa"],"articleSection":["Comarcas","Noticias"],"inLanguage":"es"},{"@type":"WebPage","@id":"https:\/\/www.copealcoy.es\/es\/carrefour-cocentaina-celebra-su-decimo-aniversario\/","url":"https:\/\/www.copealcoy.es\/es\/carrefour-cocentaina-celebra-su-decimo-aniversario\/","name":"Carrefour Cocentaina celebra su d\u00e9cimo aniversario - COPE Alcoy","isPartOf":{"@id":"https:\/\/www.copealcoy.es\/es\/#website"},"primaryImageOfPage":{"@id":"https:\/\/www.copealcoy.es\/es\/carrefour-cocentaina-celebra-su-decimo-aniversario\/#primaryimage"},"image":{"@id":"https:\/\/www.copealcoy.es\/es\/carrefour-cocentaina-celebra-su-decimo-aniversario\/#primaryimage"},"thumbnailUrl":"https:\/\/www.copealcoy.es\/wp-content\/uploads\/2017\/09\/21624218_1623505074336968_1043559137_n.jpg","datePublished":"2017-09-17T17:15:13+00:00","dateModified":"2017-09-17T17:17:32+00:00","author":{"@id":"https:\/\/www.copealcoy.es\/es\/#\/schema\/person\/e777c87fa024e57d40170af9df39882c"},"breadcrumb":{"@id":"https:\/\/www.copealcoy.es\/es\/carrefour-cocentaina-celebra-su-decimo-aniversario\/#breadcrumb"},"inLanguage":"es","potentialAction":[{"@type":"ReadAction","target":["https:\/\/www.copealcoy.es\/es\/carrefour-cocentaina-celebra-su-decimo-aniversario\/"]}]},{"@type":"ImageObject","inLanguage":"es","@id":"https:\/\/www.copealcoy.es\/es\/carrefour-cocentaina-celebra-su-decimo-aniversario\/#primaryimage","url":"https:\/\/www.copealcoy.es\/wp-content\/uploads\/2017\/09\/21624218_1623505074336968_1043559137_n.jpg","contentUrl":"https:\/\/www.copealcoy.es\/wp-content\/uploads\/2017\/09\/21624218_1623505074336968_1043559137_n.jpg","width":960,"height":719,"caption":"Un instante del acto que tuvo lugar el s\u00e1bado 9 de septiembre"},{"@type":"BreadcrumbList","@id":"https:\/\/www.copealcoy.es\/es\/carrefour-cocentaina-celebra-su-decimo-aniversario\/#breadcrumb","itemListElement":[{"@type":"ListItem","position":1,"name":"Portada","item":"https:\/\/www.copealcoy.es\/es\/"},{"@type":"ListItem","position":2,"name":"Carrefour Cocentaina celebra su d\u00e9cimo aniversario"}]},{"@type":"WebSite","@id":"https:\/\/www.copealcoy.es\/es\/#website","url":"https:\/\/www.copealcoy.es\/es\/","name":"COPE Alcoy","description":"Emisora COPE de radio local con emisi\u00f3n online. Pont de Sant Jordi 8-10 03803 Alcoy","potentialAction":[{"@type":"SearchAction","target":{"@type":"EntryPoint","urlTemplate":"https:\/\/www.copealcoy.es\/es\/?s={search_term_string}"},"query-input":{"@type":"PropertyValueSpecification","valueRequired":true,"valueName":"search_term_string"}}],"inLanguage":"es"},{"@type":"Person","@id":"https:\/\/www.copealcoy.es\/es\/#\/schema\/person\/e777c87fa024e57d40170af9df39882c","name":"Cope Alcoy","image":{"@type":"ImageObject","inLanguage":"es","@id":"https:\/\/secure.gravatar.com\/avatar\/bb65d0283347e303893ba14f0692005417c1e0e690a325a4c5d8bb2b3943ee14?s=96&d=mm&r=g","url":"https:\/\/secure.gravatar.com\/avatar\/bb65d0283347e303893ba14f0692005417c1e0e690a325a4c5d8bb2b3943ee14?s=96&d=mm&r=g","contentUrl":"https:\/\/secure.gravatar.com\/avatar\/bb65d0283347e303893ba14f0692005417c1e0e690a325a4c5d8bb2b3943ee14?s=96&d=mm&r=g","caption":"Cope Alcoy"}}]}},"_links":{"self":[{"href":"https:\/\/www.copealcoy.es\/es\/wp-json\/wp\/v2\/posts\/35001","targetHints":{"allow":["GET"]}}],"collection":[{"href":"https:\/\/www.copealcoy.es\/es\/wp-json\/wp\/v2\/posts"}],"about":[{"href":"https:\/\/www.copealcoy.es\/es\/wp-json\/wp\/v2\/types\/post"}],"author":[{"embeddable":true,"href":"https:\/\/www.copealcoy.es\/es\/wp-json\/wp\/v2\/users\/1"}],"replies":[{"embeddable":true,"href":"https:\/\/www.copealcoy.es\/es\/wp-json\/wp\/v2\/comments?post=35001"}],"version-history":[{"count":0,"href":"https:\/\/www.copealcoy.es\/es\/wp-json\/wp\/v2\/posts\/35001\/revisions"}],"wp:featuredmedia":[{"embeddable":true,"href":"https:\/\/www.copealcoy.es\/es\/wp-json\/wp\/v2\/media\/35002"}],"wp:attachment":[{"href":"https:\/\/www.copealcoy.es\/es\/wp-json\/wp\/v2\/media?parent=35001"}],"wp:term":[{"taxonomy":"category","embeddable":true,"href":"https:\/\/www.copealcoy.es\/es\/wp-json\/wp\/v2\/categories?post=35001"},{"taxonomy":"post_tag","embeddable":true,"href":"https:\/\/www.copealcoy.es\/es\/wp-json\/wp\/v2\/tags?post=35001"}],"curies":[{"name":"wp","href":"https:\/\/api.w.org\/{rel}","templated":true}]}}