{"id":34965,"date":"2017-09-16T16:48:08","date_gmt":"2017-09-16T16:48:08","guid":{"rendered":"http:\/\/copealcoi.es\/new\/?p=34965"},"modified":"2017-09-16T16:53:18","modified_gmt":"2017-09-16T16:53:18","slug":"moros-y-cristianos-entran-con-fuerza-en-ibi","status":"publish","type":"post","link":"https:\/\/www.copealcoy.es\/es\/moros-y-cristianos-entran-con-fuerza-en-ibi\/","title":{"rendered":"Moros y Cristianos entran con fuerza en Ibi"},"content":{"rendered":"<p style=\"text-align: justify;\">Ibi vivi\u00f3 ayer el <strong>d\u00eda grande de sus Fiestas de Moros y Cristianos<\/strong> en honor a la Virgen de los Desamparados despu\u00e9s de que <strong>en la tarde del jueves comenzaran los festejos<\/strong> con el preg\u00f3n y la tradicional Nit de l\u00b4Olla.<\/p>\n<p style=\"text-align: justify;\">La jornada comenz\u00f3 con <strong>la Diana<\/strong> y este emotivo acto dio paso a <strong>la Entrada Cristiana<\/strong> que encabez\u00f3 la comparsa de <strong>los Templarios<\/strong> con su capit\u00e1n, <strong>Fernando Linares Lillo<\/strong>, al frente y acompa\u00f1ado de un guerrero boato. Para la ocasi\u00f3n son\u00f3 con fuerza la pieza\u00a0<strong>\u00abL&#8217;Aragon\u00e9s Perfecte\u00bb<\/strong>, interpretada por la Agrupaci\u00f3 Musical \u00abLa Llira de Quatretonda\u00bb. El <strong>m\u00e1ximo representante de las tropas de la cruz<\/strong> recibi\u00f3 las llaves de la Villa Juguetera a su llegada a la tribuna de autoridades en la que se encontraban, entre otros cargos, el alcalde <strong>Rafael Serralta<\/strong> o el Conseller de Econom\u00eda; <strong>Rafael Climent<\/strong>.\u00a0El desfile de las tropas cristianas continu\u00f3 bajo un cielo encapotado pero con una climatolog\u00eda favorable que acompa\u00f1\u00f3 el paso de <strong>los Cides,\u00a0Moz\u00e1rabes, Almog\u00e1vares, Guerreros, Contrabandistas y los Maseros<\/strong>.<\/p>\n<p style=\"text-align: justify;\">Durante la tarde se efectu\u00f3 la <strong>Entrada Mora<\/strong> con lluvia intermitente, viento y una importante bajada de las temperaturas. La comitiva la abri\u00f3\u00a0la comparsa <strong>Chumberos<\/strong> con un suntuoso acompa\u00f1amiento que gui\u00f3 el paso del capit\u00e1n,\u00a0<strong>Francisco Rom\u00e1n Pina<\/strong>. A continuaci\u00f3n desfilaron por las calles de Ibi\u00a0los <strong>Mud\u00e9jares, los Almor\u00e1vides, los Beduinos, los Piratas y los Argelinos<\/strong>.<\/p>\n<p style=\"text-align: justify;\"><strong>Los ibenses veneran a la Virgen de los Desamparados<\/strong><\/p>\n<p style=\"text-align: justify;\">Las Fiestas de Moros y Cristianos de Ibi siguen hoy s\u00e1bado con <strong>la\u00a0Diana<\/strong> a las 8.15 horas seguido de <strong>la<\/strong> <strong>Misa del Fester<\/strong> a las 10 y el <strong>Desfile Infantil<\/strong> a las 11.30 horas de la ma\u00f1ana. A las 17 horas ser\u00e1 el <strong>Alardo<\/strong>, a las 18.30 la <strong>Embajada Mora<\/strong> y a las 21 la <strong>Ofrenda Floral<\/strong> a la patrona. Ma\u00f1ana se llevar\u00e1n a cabo varios <strong>actos religiosos<\/strong> en honor a la <strong>Virgen de los Desamparados<\/strong> entre los que destaca la <strong>Misa Mayor y la Procesi\u00f3n General<\/strong>.<\/p>\n","protected":false},"excerpt":{"rendered":"<p>Ibi vivi\u00f3 ayer el d\u00eda grande de sus Fiestas de Moros y Cristianos en honor a la Virgen de los&#8230;<\/p>\n","protected":false},"author":1,"featured_media":34966,"comment_status":"open","ping_status":"open","sticky":false,"template":"","format":"standard","meta":{"footnotes":""},"categories":[98,75],"tags":[482,1987,565,474,609],"class_list":["post-34965","post","type-post","status-publish","format-standard","has-post-thumbnail","hentry","category-comarcas","category-noticias","tag-alcoia","tag-entrada","tag-fiestas","tag-ibi","tag-moros-y-cristianos"],"yoast_head":"<!-- This site is optimized with the Yoast SEO plugin v27.3 - https:\/\/yoast.com\/product\/yoast-seo-wordpress\/ -->\n<title>Moros y Cristianos entran con fuerza en Ibi - COPE Alcoy<\/title>\n<meta name=\"robots\" content=\"index, follow, max-snippet:-1, max-image-preview:large, max-video-preview:-1\" \/>\n<link rel=\"canonical\" href=\"https:\/\/www.copealcoy.es\/es\/moros-y-cristianos-entran-con-fuerza-en-ibi\/\" \/>\n<meta property=\"og:locale\" content=\"es_ES\" \/>\n<meta property=\"og:type\" content=\"article\" \/>\n<meta property=\"og:title\" content=\"Moros y Cristianos entran con fuerza en Ibi - COPE Alcoy\" \/>\n<meta property=\"og:description\" content=\"Ibi vivi\u00f3 ayer el d\u00eda grande de sus Fiestas de Moros y Cristianos en honor a la Virgen de los...\" \/>\n<meta property=\"og:url\" content=\"https:\/\/www.copealcoy.es\/es\/moros-y-cristianos-entran-con-fuerza-en-ibi\/\" \/>\n<meta property=\"og:site_name\" content=\"COPE Alcoy\" \/>\n<meta property=\"article:published_time\" content=\"2017-09-16T16:48:08+00:00\" \/>\n<meta property=\"article:modified_time\" content=\"2017-09-16T16:53:18+00:00\" \/>\n<meta property=\"og:image\" content=\"https:\/\/www.copealcoy.es\/wp-content\/uploads\/2017\/09\/21739979_1252846834820676_4236823098038594326_n.jpg\" \/>\n\t<meta property=\"og:image:width\" content=\"960\" \/>\n\t<meta property=\"og:image:height\" content=\"540\" \/>\n\t<meta property=\"og:image:type\" content=\"image\/jpeg\" \/>\n<meta name=\"author\" content=\"Cope Alcoy\" \/>\n<meta name=\"twitter:label1\" content=\"Escrito por\" \/>\n\t<meta name=\"twitter:data1\" content=\"Cope Alcoy\" \/>\n\t<meta name=\"twitter:label2\" content=\"Tiempo de lectura\" \/>\n\t<meta name=\"twitter:data2\" content=\"2 minutos\" \/>\n<script type=\"application\/ld+json\" class=\"yoast-schema-graph\">{\"@context\":\"https:\\\/\\\/schema.org\",\"@graph\":[{\"@type\":\"Article\",\"@id\":\"https:\\\/\\\/www.copealcoy.es\\\/es\\\/moros-y-cristianos-entran-con-fuerza-en-ibi\\\/#article\",\"isPartOf\":{\"@id\":\"https:\\\/\\\/www.copealcoy.es\\\/es\\\/moros-y-cristianos-entran-con-fuerza-en-ibi\\\/\"},\"author\":{\"name\":\"Cope Alcoy\",\"@id\":\"https:\\\/\\\/www.copealcoy.es\\\/es\\\/#\\\/schema\\\/person\\\/e777c87fa024e57d40170af9df39882c\"},\"headline\":\"Moros y Cristianos entran con fuerza en Ibi\",\"datePublished\":\"2017-09-16T16:48:08+00:00\",\"dateModified\":\"2017-09-16T16:53:18+00:00\",\"mainEntityOfPage\":{\"@id\":\"https:\\\/\\\/www.copealcoy.es\\\/es\\\/moros-y-cristianos-entran-con-fuerza-en-ibi\\\/\"},\"wordCount\":352,\"commentCount\":0,\"image\":{\"@id\":\"https:\\\/\\\/www.copealcoy.es\\\/es\\\/moros-y-cristianos-entran-con-fuerza-en-ibi\\\/#primaryimage\"},\"thumbnailUrl\":\"https:\\\/\\\/www.copealcoy.es\\\/wp-content\\\/uploads\\\/2017\\\/09\\\/21739979_1252846834820676_4236823098038594326_n.jpg\",\"keywords\":[\"Alcoi\u00e0\",\"Entrada\",\"Fiestas\",\"Ibi\",\"Moros Y Cristianos\"],\"articleSection\":[\"Comarcas\",\"Noticias\"],\"inLanguage\":\"es\"},{\"@type\":\"WebPage\",\"@id\":\"https:\\\/\\\/www.copealcoy.es\\\/es\\\/moros-y-cristianos-entran-con-fuerza-en-ibi\\\/\",\"url\":\"https:\\\/\\\/www.copealcoy.es\\\/es\\\/moros-y-cristianos-entran-con-fuerza-en-ibi\\\/\",\"name\":\"Moros y Cristianos entran con fuerza en Ibi - COPE Alcoy\",\"isPartOf\":{\"@id\":\"https:\\\/\\\/www.copealcoy.es\\\/es\\\/#website\"},\"primaryImageOfPage\":{\"@id\":\"https:\\\/\\\/www.copealcoy.es\\\/es\\\/moros-y-cristianos-entran-con-fuerza-en-ibi\\\/#primaryimage\"},\"image\":{\"@id\":\"https:\\\/\\\/www.copealcoy.es\\\/es\\\/moros-y-cristianos-entran-con-fuerza-en-ibi\\\/#primaryimage\"},\"thumbnailUrl\":\"https:\\\/\\\/www.copealcoy.es\\\/wp-content\\\/uploads\\\/2017\\\/09\\\/21739979_1252846834820676_4236823098038594326_n.jpg\",\"datePublished\":\"2017-09-16T16:48:08+00:00\",\"dateModified\":\"2017-09-16T16:53:18+00:00\",\"author\":{\"@id\":\"https:\\\/\\\/www.copealcoy.es\\\/es\\\/#\\\/schema\\\/person\\\/e777c87fa024e57d40170af9df39882c\"},\"breadcrumb\":{\"@id\":\"https:\\\/\\\/www.copealcoy.es\\\/es\\\/moros-y-cristianos-entran-con-fuerza-en-ibi\\\/#breadcrumb\"},\"inLanguage\":\"es\",\"potentialAction\":[{\"@type\":\"ReadAction\",\"target\":[\"https:\\\/\\\/www.copealcoy.es\\\/es\\\/moros-y-cristianos-entran-con-fuerza-en-ibi\\\/\"]}]},{\"@type\":\"ImageObject\",\"inLanguage\":\"es\",\"@id\":\"https:\\\/\\\/www.copealcoy.es\\\/es\\\/moros-y-cristianos-entran-con-fuerza-en-ibi\\\/#primaryimage\",\"url\":\"https:\\\/\\\/www.copealcoy.es\\\/wp-content\\\/uploads\\\/2017\\\/09\\\/21739979_1252846834820676_4236823098038594326_n.jpg\",\"contentUrl\":\"https:\\\/\\\/www.copealcoy.es\\\/wp-content\\\/uploads\\\/2017\\\/09\\\/21739979_1252846834820676_4236823098038594326_n.jpg\",\"width\":960,\"height\":540,\"caption\":\"La Entrada tuvo lugar ayer viernes\"},{\"@type\":\"BreadcrumbList\",\"@id\":\"https:\\\/\\\/www.copealcoy.es\\\/es\\\/moros-y-cristianos-entran-con-fuerza-en-ibi\\\/#breadcrumb\",\"itemListElement\":[{\"@type\":\"ListItem\",\"position\":1,\"name\":\"Portada\",\"item\":\"https:\\\/\\\/www.copealcoy.es\\\/es\\\/\"},{\"@type\":\"ListItem\",\"position\":2,\"name\":\"Moros y Cristianos entran con fuerza en Ibi\"}]},{\"@type\":\"WebSite\",\"@id\":\"https:\\\/\\\/www.copealcoy.es\\\/es\\\/#website\",\"url\":\"https:\\\/\\\/www.copealcoy.es\\\/es\\\/\",\"name\":\"COPE Alcoy\",\"description\":\"Emisora COPE de radio local con emisi\u00f3n online. Pont de Sant Jordi 8-10 03803 Alcoy\",\"potentialAction\":[{\"@type\":\"SearchAction\",\"target\":{\"@type\":\"EntryPoint\",\"urlTemplate\":\"https:\\\/\\\/www.copealcoy.es\\\/es\\\/?s={search_term_string}\"},\"query-input\":{\"@type\":\"PropertyValueSpecification\",\"valueRequired\":true,\"valueName\":\"search_term_string\"}}],\"inLanguage\":\"es\"},{\"@type\":\"Person\",\"@id\":\"https:\\\/\\\/www.copealcoy.es\\\/es\\\/#\\\/schema\\\/person\\\/e777c87fa024e57d40170af9df39882c\",\"name\":\"Cope Alcoy\",\"image\":{\"@type\":\"ImageObject\",\"inLanguage\":\"es\",\"@id\":\"https:\\\/\\\/secure.gravatar.com\\\/avatar\\\/bb65d0283347e303893ba14f0692005417c1e0e690a325a4c5d8bb2b3943ee14?s=96&d=mm&r=g\",\"url\":\"https:\\\/\\\/secure.gravatar.com\\\/avatar\\\/bb65d0283347e303893ba14f0692005417c1e0e690a325a4c5d8bb2b3943ee14?s=96&d=mm&r=g\",\"contentUrl\":\"https:\\\/\\\/secure.gravatar.com\\\/avatar\\\/bb65d0283347e303893ba14f0692005417c1e0e690a325a4c5d8bb2b3943ee14?s=96&d=mm&r=g\",\"caption\":\"Cope Alcoy\"}}]}<\/script>\n<!-- \/ Yoast SEO plugin. -->","yoast_head_json":{"title":"Moros y Cristianos entran con fuerza en Ibi - COPE Alcoy","robots":{"index":"index","follow":"follow","max-snippet":"max-snippet:-1","max-image-preview":"max-image-preview:large","max-video-preview":"max-video-preview:-1"},"canonical":"https:\/\/www.copealcoy.es\/es\/moros-y-cristianos-entran-con-fuerza-en-ibi\/","og_locale":"es_ES","og_type":"article","og_title":"Moros y Cristianos entran con fuerza en Ibi - COPE Alcoy","og_description":"Ibi vivi\u00f3 ayer el d\u00eda grande de sus Fiestas de Moros y Cristianos en honor a la Virgen de los...","og_url":"https:\/\/www.copealcoy.es\/es\/moros-y-cristianos-entran-con-fuerza-en-ibi\/","og_site_name":"COPE Alcoy","article_published_time":"2017-09-16T16:48:08+00:00","article_modified_time":"2017-09-16T16:53:18+00:00","og_image":[{"width":960,"height":540,"url":"https:\/\/www.copealcoy.es\/wp-content\/uploads\/2017\/09\/21739979_1252846834820676_4236823098038594326_n.jpg","type":"image\/jpeg"}],"author":"Cope Alcoy","twitter_misc":{"Escrito por":"Cope Alcoy","Tiempo de lectura":"2 minutos"},"schema":{"@context":"https:\/\/schema.org","@graph":[{"@type":"Article","@id":"https:\/\/www.copealcoy.es\/es\/moros-y-cristianos-entran-con-fuerza-en-ibi\/#article","isPartOf":{"@id":"https:\/\/www.copealcoy.es\/es\/moros-y-cristianos-entran-con-fuerza-en-ibi\/"},"author":{"name":"Cope Alcoy","@id":"https:\/\/www.copealcoy.es\/es\/#\/schema\/person\/e777c87fa024e57d40170af9df39882c"},"headline":"Moros y Cristianos entran con fuerza en Ibi","datePublished":"2017-09-16T16:48:08+00:00","dateModified":"2017-09-16T16:53:18+00:00","mainEntityOfPage":{"@id":"https:\/\/www.copealcoy.es\/es\/moros-y-cristianos-entran-con-fuerza-en-ibi\/"},"wordCount":352,"commentCount":0,"image":{"@id":"https:\/\/www.copealcoy.es\/es\/moros-y-cristianos-entran-con-fuerza-en-ibi\/#primaryimage"},"thumbnailUrl":"https:\/\/www.copealcoy.es\/wp-content\/uploads\/2017\/09\/21739979_1252846834820676_4236823098038594326_n.jpg","keywords":["Alcoi\u00e0","Entrada","Fiestas","Ibi","Moros Y Cristianos"],"articleSection":["Comarcas","Noticias"],"inLanguage":"es"},{"@type":"WebPage","@id":"https:\/\/www.copealcoy.es\/es\/moros-y-cristianos-entran-con-fuerza-en-ibi\/","url":"https:\/\/www.copealcoy.es\/es\/moros-y-cristianos-entran-con-fuerza-en-ibi\/","name":"Moros y Cristianos entran con fuerza en Ibi - COPE Alcoy","isPartOf":{"@id":"https:\/\/www.copealcoy.es\/es\/#website"},"primaryImageOfPage":{"@id":"https:\/\/www.copealcoy.es\/es\/moros-y-cristianos-entran-con-fuerza-en-ibi\/#primaryimage"},"image":{"@id":"https:\/\/www.copealcoy.es\/es\/moros-y-cristianos-entran-con-fuerza-en-ibi\/#primaryimage"},"thumbnailUrl":"https:\/\/www.copealcoy.es\/wp-content\/uploads\/2017\/09\/21739979_1252846834820676_4236823098038594326_n.jpg","datePublished":"2017-09-16T16:48:08+00:00","dateModified":"2017-09-16T16:53:18+00:00","author":{"@id":"https:\/\/www.copealcoy.es\/es\/#\/schema\/person\/e777c87fa024e57d40170af9df39882c"},"breadcrumb":{"@id":"https:\/\/www.copealcoy.es\/es\/moros-y-cristianos-entran-con-fuerza-en-ibi\/#breadcrumb"},"inLanguage":"es","potentialAction":[{"@type":"ReadAction","target":["https:\/\/www.copealcoy.es\/es\/moros-y-cristianos-entran-con-fuerza-en-ibi\/"]}]},{"@type":"ImageObject","inLanguage":"es","@id":"https:\/\/www.copealcoy.es\/es\/moros-y-cristianos-entran-con-fuerza-en-ibi\/#primaryimage","url":"https:\/\/www.copealcoy.es\/wp-content\/uploads\/2017\/09\/21739979_1252846834820676_4236823098038594326_n.jpg","contentUrl":"https:\/\/www.copealcoy.es\/wp-content\/uploads\/2017\/09\/21739979_1252846834820676_4236823098038594326_n.jpg","width":960,"height":540,"caption":"La Entrada tuvo lugar ayer viernes"},{"@type":"BreadcrumbList","@id":"https:\/\/www.copealcoy.es\/es\/moros-y-cristianos-entran-con-fuerza-en-ibi\/#breadcrumb","itemListElement":[{"@type":"ListItem","position":1,"name":"Portada","item":"https:\/\/www.copealcoy.es\/es\/"},{"@type":"ListItem","position":2,"name":"Moros y Cristianos entran con fuerza en Ibi"}]},{"@type":"WebSite","@id":"https:\/\/www.copealcoy.es\/es\/#website","url":"https:\/\/www.copealcoy.es\/es\/","name":"COPE Alcoy","description":"Emisora COPE de radio local con emisi\u00f3n online. Pont de Sant Jordi 8-10 03803 Alcoy","potentialAction":[{"@type":"SearchAction","target":{"@type":"EntryPoint","urlTemplate":"https:\/\/www.copealcoy.es\/es\/?s={search_term_string}"},"query-input":{"@type":"PropertyValueSpecification","valueRequired":true,"valueName":"search_term_string"}}],"inLanguage":"es"},{"@type":"Person","@id":"https:\/\/www.copealcoy.es\/es\/#\/schema\/person\/e777c87fa024e57d40170af9df39882c","name":"Cope Alcoy","image":{"@type":"ImageObject","inLanguage":"es","@id":"https:\/\/secure.gravatar.com\/avatar\/bb65d0283347e303893ba14f0692005417c1e0e690a325a4c5d8bb2b3943ee14?s=96&d=mm&r=g","url":"https:\/\/secure.gravatar.com\/avatar\/bb65d0283347e303893ba14f0692005417c1e0e690a325a4c5d8bb2b3943ee14?s=96&d=mm&r=g","contentUrl":"https:\/\/secure.gravatar.com\/avatar\/bb65d0283347e303893ba14f0692005417c1e0e690a325a4c5d8bb2b3943ee14?s=96&d=mm&r=g","caption":"Cope Alcoy"}}]}},"_links":{"self":[{"href":"https:\/\/www.copealcoy.es\/es\/wp-json\/wp\/v2\/posts\/34965","targetHints":{"allow":["GET"]}}],"collection":[{"href":"https:\/\/www.copealcoy.es\/es\/wp-json\/wp\/v2\/posts"}],"about":[{"href":"https:\/\/www.copealcoy.es\/es\/wp-json\/wp\/v2\/types\/post"}],"author":[{"embeddable":true,"href":"https:\/\/www.copealcoy.es\/es\/wp-json\/wp\/v2\/users\/1"}],"replies":[{"embeddable":true,"href":"https:\/\/www.copealcoy.es\/es\/wp-json\/wp\/v2\/comments?post=34965"}],"version-history":[{"count":0,"href":"https:\/\/www.copealcoy.es\/es\/wp-json\/wp\/v2\/posts\/34965\/revisions"}],"wp:featuredmedia":[{"embeddable":true,"href":"https:\/\/www.copealcoy.es\/es\/wp-json\/wp\/v2\/media\/34966"}],"wp:attachment":[{"href":"https:\/\/www.copealcoy.es\/es\/wp-json\/wp\/v2\/media?parent=34965"}],"wp:term":[{"taxonomy":"category","embeddable":true,"href":"https:\/\/www.copealcoy.es\/es\/wp-json\/wp\/v2\/categories?post=34965"},{"taxonomy":"post_tag","embeddable":true,"href":"https:\/\/www.copealcoy.es\/es\/wp-json\/wp\/v2\/tags?post=34965"}],"curies":[{"name":"wp","href":"https:\/\/api.w.org\/{rel}","templated":true}]}}