{"id":34697,"date":"2017-08-24T16:16:23","date_gmt":"2017-08-24T16:16:23","guid":{"rendered":"http:\/\/copealcoi.es\/new\/?p=34697"},"modified":"2017-08-24T16:20:08","modified_gmt":"2017-08-24T16:20:08","slug":"educacion-instalara-una-nueva-nueva-aula-prefabricada-en-el-bracal-de-muro","status":"publish","type":"post","link":"https:\/\/www.copealcoy.es\/es\/educacion-instalara-una-nueva-nueva-aula-prefabricada-en-el-bracal-de-muro\/","title":{"rendered":"Educaci\u00f3n instalar\u00e1 una nueva nueva aula prefabricada en El Bracal de Muro"},"content":{"rendered":"<p style=\"text-align: justify;\">La <strong>Conselleria de Educaci\u00f3n<\/strong> ha dado el visto bueno a <strong>la ampliaci\u00f3n del colegio El Bracal<\/strong> de cara al pr\u00f3ximo curso escolar con <strong>la instalaci\u00f3n de una nueva aula prefabricada<\/strong>. Fani Juan, <strong>edil de Educaci\u00f3n<\/strong> en esta localidad del Comtat, ha explicado en el Informativo Comarcal de COPE ALCOY que <strong>esta unidad servir\u00e1 para albergar un sala polivalente de usos m\u00faltiples<\/strong> &#8220;<em>es una petici\u00f3n que se hizo desde el AMPA, la direcci\u00f3n del colegio y el mismo Ayuntamiento porque hasta ahora se empleaban los corredores para realizar algunas actividades. Finalmente nos han dicho que si y nos han asegurado que a principios de septiembre se colocar\u00e1 el nuevo m\u00f3dulo para que entre en funcionamiento en el inicio del curso<\/em>&#8220;, destac\u00f3.<\/p>\n<p style=\"text-align: justify;\">Recordar que <strong>el proceso<\/strong> para la construcci\u00f3n del nuevo colegio El Bracal de Muro <strong>sigue su curso<\/strong>. En el mes de junio se adjudic\u00f3 <strong>la redacci\u00f3n del proyecto<\/strong> y el inicio de las obras se ha demorado hasta mayo de 2018. El plazo de ejecuci\u00f3n de las mismas <strong>ser\u00e1 de aproximadamente 18 meses<\/strong> y si\u00a0este se cumple, el tan esperado nuevo centro educativo <strong>podr\u00eda ser ya una realidad<\/strong> en el curso 2019\/2020.<\/p>\n<p>&nbsp;<\/p>\n<p>&nbsp;<\/p>\n","protected":false},"excerpt":{"rendered":"<p>La Conselleria de Educaci\u00f3n ha dado el visto bueno a la ampliaci\u00f3n del colegio El Bracal de cara al pr\u00f3ximo&#8230;<\/p>\n","protected":false},"author":1,"featured_media":21654,"comment_status":"open","ping_status":"open","sticky":false,"template":"","format":"standard","meta":{"footnotes":""},"categories":[98,75],"tags":[998,424,1784,2266,3375,135,4599],"class_list":["post-34697","post","type-post","status-publish","format-standard","has-post-thumbnail","hentry","category-comarcas","category-noticias","tag-bracal","tag-colegio","tag-conselleria-de-educacion","tag-fani-juan","tag-instalacion","tag-muro","tag-nueva-unidad"],"yoast_head":"<!-- This site is optimized with the Yoast SEO plugin v27.3 - https:\/\/yoast.com\/product\/yoast-seo-wordpress\/ -->\n<title>Educaci\u00f3n instalar\u00e1 una nueva nueva aula prefabricada en El Bracal de Muro - COPE Alcoy<\/title>\n<meta name=\"robots\" content=\"index, follow, max-snippet:-1, max-image-preview:large, max-video-preview:-1\" \/>\n<link rel=\"canonical\" href=\"https:\/\/www.copealcoy.es\/es\/educacion-instalara-una-nueva-nueva-aula-prefabricada-en-el-bracal-de-muro\/\" \/>\n<meta property=\"og:locale\" content=\"es_ES\" \/>\n<meta property=\"og:type\" content=\"article\" \/>\n<meta property=\"og:title\" content=\"Educaci\u00f3n instalar\u00e1 una nueva nueva aula prefabricada en El Bracal de Muro - COPE Alcoy\" \/>\n<meta property=\"og:description\" content=\"La Conselleria de Educaci\u00f3n ha dado el visto bueno a la ampliaci\u00f3n del colegio El Bracal de cara al pr\u00f3ximo...\" \/>\n<meta property=\"og:url\" content=\"https:\/\/www.copealcoy.es\/es\/educacion-instalara-una-nueva-nueva-aula-prefabricada-en-el-bracal-de-muro\/\" \/>\n<meta property=\"og:site_name\" content=\"COPE Alcoy\" \/>\n<meta property=\"article:published_time\" content=\"2017-08-24T16:16:23+00:00\" \/>\n<meta property=\"article:modified_time\" content=\"2017-08-24T16:20:08+00:00\" \/>\n<meta property=\"og:image\" content=\"https:\/\/www.copealcoy.es\/wp-content\/uploads\/2016\/05\/13242129_10209342172611983_1606735369_o.jpg\" \/>\n\t<meta property=\"og:image:width\" content=\"1334\" \/>\n\t<meta property=\"og:image:height\" content=\"832\" \/>\n\t<meta property=\"og:image:type\" content=\"image\/jpeg\" \/>\n<meta name=\"author\" content=\"Cope Alcoy\" \/>\n<meta name=\"twitter:label1\" content=\"Escrito por\" \/>\n\t<meta name=\"twitter:data1\" content=\"Cope Alcoy\" \/>\n\t<meta name=\"twitter:label2\" content=\"Tiempo de lectura\" \/>\n\t<meta name=\"twitter:data2\" content=\"1 minuto\" \/>\n<script type=\"application\/ld+json\" class=\"yoast-schema-graph\">{\"@context\":\"https:\\\/\\\/schema.org\",\"@graph\":[{\"@type\":\"Article\",\"@id\":\"https:\\\/\\\/www.copealcoy.es\\\/es\\\/educacion-instalara-una-nueva-nueva-aula-prefabricada-en-el-bracal-de-muro\\\/#article\",\"isPartOf\":{\"@id\":\"https:\\\/\\\/www.copealcoy.es\\\/es\\\/educacion-instalara-una-nueva-nueva-aula-prefabricada-en-el-bracal-de-muro\\\/\"},\"author\":{\"name\":\"Cope Alcoy\",\"@id\":\"https:\\\/\\\/www.copealcoy.es\\\/es\\\/#\\\/schema\\\/person\\\/e777c87fa024e57d40170af9df39882c\"},\"headline\":\"Educaci\u00f3n instalar\u00e1 una nueva nueva aula prefabricada en El Bracal de Muro\",\"datePublished\":\"2017-08-24T16:16:23+00:00\",\"dateModified\":\"2017-08-24T16:20:08+00:00\",\"mainEntityOfPage\":{\"@id\":\"https:\\\/\\\/www.copealcoy.es\\\/es\\\/educacion-instalara-una-nueva-nueva-aula-prefabricada-en-el-bracal-de-muro\\\/\"},\"wordCount\":218,\"commentCount\":0,\"image\":{\"@id\":\"https:\\\/\\\/www.copealcoy.es\\\/es\\\/educacion-instalara-una-nueva-nueva-aula-prefabricada-en-el-bracal-de-muro\\\/#primaryimage\"},\"thumbnailUrl\":\"https:\\\/\\\/www.copealcoy.es\\\/wp-content\\\/uploads\\\/2016\\\/05\\\/13242129_10209342172611983_1606735369_o.jpg\",\"keywords\":[\"Bracal\",\"Colegio\",\"Conseller\u00eda de Educaci\u00f3n\",\"Fani Juan\",\"instalaci\u00f3n\",\"Muro\",\"nueva unidad\"],\"articleSection\":[\"Comarcas\",\"Noticias\"],\"inLanguage\":\"es\"},{\"@type\":\"WebPage\",\"@id\":\"https:\\\/\\\/www.copealcoy.es\\\/es\\\/educacion-instalara-una-nueva-nueva-aula-prefabricada-en-el-bracal-de-muro\\\/\",\"url\":\"https:\\\/\\\/www.copealcoy.es\\\/es\\\/educacion-instalara-una-nueva-nueva-aula-prefabricada-en-el-bracal-de-muro\\\/\",\"name\":\"Educaci\u00f3n instalar\u00e1 una nueva nueva aula prefabricada en El Bracal de Muro - COPE Alcoy\",\"isPartOf\":{\"@id\":\"https:\\\/\\\/www.copealcoy.es\\\/es\\\/#website\"},\"primaryImageOfPage\":{\"@id\":\"https:\\\/\\\/www.copealcoy.es\\\/es\\\/educacion-instalara-una-nueva-nueva-aula-prefabricada-en-el-bracal-de-muro\\\/#primaryimage\"},\"image\":{\"@id\":\"https:\\\/\\\/www.copealcoy.es\\\/es\\\/educacion-instalara-una-nueva-nueva-aula-prefabricada-en-el-bracal-de-muro\\\/#primaryimage\"},\"thumbnailUrl\":\"https:\\\/\\\/www.copealcoy.es\\\/wp-content\\\/uploads\\\/2016\\\/05\\\/13242129_10209342172611983_1606735369_o.jpg\",\"datePublished\":\"2017-08-24T16:16:23+00:00\",\"dateModified\":\"2017-08-24T16:20:08+00:00\",\"author\":{\"@id\":\"https:\\\/\\\/www.copealcoy.es\\\/es\\\/#\\\/schema\\\/person\\\/e777c87fa024e57d40170af9df39882c\"},\"breadcrumb\":{\"@id\":\"https:\\\/\\\/www.copealcoy.es\\\/es\\\/educacion-instalara-una-nueva-nueva-aula-prefabricada-en-el-bracal-de-muro\\\/#breadcrumb\"},\"inLanguage\":\"es\",\"potentialAction\":[{\"@type\":\"ReadAction\",\"target\":[\"https:\\\/\\\/www.copealcoy.es\\\/es\\\/educacion-instalara-una-nueva-nueva-aula-prefabricada-en-el-bracal-de-muro\\\/\"]}]},{\"@type\":\"ImageObject\",\"inLanguage\":\"es\",\"@id\":\"https:\\\/\\\/www.copealcoy.es\\\/es\\\/educacion-instalara-una-nueva-nueva-aula-prefabricada-en-el-bracal-de-muro\\\/#primaryimage\",\"url\":\"https:\\\/\\\/www.copealcoy.es\\\/wp-content\\\/uploads\\\/2016\\\/05\\\/13242129_10209342172611983_1606735369_o.jpg\",\"contentUrl\":\"https:\\\/\\\/www.copealcoy.es\\\/wp-content\\\/uploads\\\/2016\\\/05\\\/13242129_10209342172611983_1606735369_o.jpg\",\"width\":1334,\"height\":832,\"caption\":\"El colegio el Bracal lleva desde el 2007 en barracones \\\/ Foto: G. Pascual\"},{\"@type\":\"BreadcrumbList\",\"@id\":\"https:\\\/\\\/www.copealcoy.es\\\/es\\\/educacion-instalara-una-nueva-nueva-aula-prefabricada-en-el-bracal-de-muro\\\/#breadcrumb\",\"itemListElement\":[{\"@type\":\"ListItem\",\"position\":1,\"name\":\"Portada\",\"item\":\"https:\\\/\\\/www.copealcoy.es\\\/es\\\/\"},{\"@type\":\"ListItem\",\"position\":2,\"name\":\"Educaci\u00f3n instalar\u00e1 una nueva nueva aula prefabricada en El Bracal de Muro\"}]},{\"@type\":\"WebSite\",\"@id\":\"https:\\\/\\\/www.copealcoy.es\\\/es\\\/#website\",\"url\":\"https:\\\/\\\/www.copealcoy.es\\\/es\\\/\",\"name\":\"COPE Alcoy\",\"description\":\"Emisora COPE de radio local con emisi\u00f3n online. Pont de Sant Jordi 8-10 03803 Alcoy\",\"potentialAction\":[{\"@type\":\"SearchAction\",\"target\":{\"@type\":\"EntryPoint\",\"urlTemplate\":\"https:\\\/\\\/www.copealcoy.es\\\/es\\\/?s={search_term_string}\"},\"query-input\":{\"@type\":\"PropertyValueSpecification\",\"valueRequired\":true,\"valueName\":\"search_term_string\"}}],\"inLanguage\":\"es\"},{\"@type\":\"Person\",\"@id\":\"https:\\\/\\\/www.copealcoy.es\\\/es\\\/#\\\/schema\\\/person\\\/e777c87fa024e57d40170af9df39882c\",\"name\":\"Cope Alcoy\",\"image\":{\"@type\":\"ImageObject\",\"inLanguage\":\"es\",\"@id\":\"https:\\\/\\\/secure.gravatar.com\\\/avatar\\\/bb65d0283347e303893ba14f0692005417c1e0e690a325a4c5d8bb2b3943ee14?s=96&d=mm&r=g\",\"url\":\"https:\\\/\\\/secure.gravatar.com\\\/avatar\\\/bb65d0283347e303893ba14f0692005417c1e0e690a325a4c5d8bb2b3943ee14?s=96&d=mm&r=g\",\"contentUrl\":\"https:\\\/\\\/secure.gravatar.com\\\/avatar\\\/bb65d0283347e303893ba14f0692005417c1e0e690a325a4c5d8bb2b3943ee14?s=96&d=mm&r=g\",\"caption\":\"Cope Alcoy\"}}]}<\/script>\n<!-- \/ Yoast SEO plugin. -->","yoast_head_json":{"title":"Educaci\u00f3n instalar\u00e1 una nueva nueva aula prefabricada en El Bracal de Muro - COPE Alcoy","robots":{"index":"index","follow":"follow","max-snippet":"max-snippet:-1","max-image-preview":"max-image-preview:large","max-video-preview":"max-video-preview:-1"},"canonical":"https:\/\/www.copealcoy.es\/es\/educacion-instalara-una-nueva-nueva-aula-prefabricada-en-el-bracal-de-muro\/","og_locale":"es_ES","og_type":"article","og_title":"Educaci\u00f3n instalar\u00e1 una nueva nueva aula prefabricada en El Bracal de Muro - COPE Alcoy","og_description":"La Conselleria de Educaci\u00f3n ha dado el visto bueno a la ampliaci\u00f3n del colegio El Bracal de cara al pr\u00f3ximo...","og_url":"https:\/\/www.copealcoy.es\/es\/educacion-instalara-una-nueva-nueva-aula-prefabricada-en-el-bracal-de-muro\/","og_site_name":"COPE Alcoy","article_published_time":"2017-08-24T16:16:23+00:00","article_modified_time":"2017-08-24T16:20:08+00:00","og_image":[{"width":1334,"height":832,"url":"https:\/\/www.copealcoy.es\/wp-content\/uploads\/2016\/05\/13242129_10209342172611983_1606735369_o.jpg","type":"image\/jpeg"}],"author":"Cope Alcoy","twitter_misc":{"Escrito por":"Cope Alcoy","Tiempo de lectura":"1 minuto"},"schema":{"@context":"https:\/\/schema.org","@graph":[{"@type":"Article","@id":"https:\/\/www.copealcoy.es\/es\/educacion-instalara-una-nueva-nueva-aula-prefabricada-en-el-bracal-de-muro\/#article","isPartOf":{"@id":"https:\/\/www.copealcoy.es\/es\/educacion-instalara-una-nueva-nueva-aula-prefabricada-en-el-bracal-de-muro\/"},"author":{"name":"Cope Alcoy","@id":"https:\/\/www.copealcoy.es\/es\/#\/schema\/person\/e777c87fa024e57d40170af9df39882c"},"headline":"Educaci\u00f3n instalar\u00e1 una nueva nueva aula prefabricada en El Bracal de Muro","datePublished":"2017-08-24T16:16:23+00:00","dateModified":"2017-08-24T16:20:08+00:00","mainEntityOfPage":{"@id":"https:\/\/www.copealcoy.es\/es\/educacion-instalara-una-nueva-nueva-aula-prefabricada-en-el-bracal-de-muro\/"},"wordCount":218,"commentCount":0,"image":{"@id":"https:\/\/www.copealcoy.es\/es\/educacion-instalara-una-nueva-nueva-aula-prefabricada-en-el-bracal-de-muro\/#primaryimage"},"thumbnailUrl":"https:\/\/www.copealcoy.es\/wp-content\/uploads\/2016\/05\/13242129_10209342172611983_1606735369_o.jpg","keywords":["Bracal","Colegio","Conseller\u00eda de Educaci\u00f3n","Fani Juan","instalaci\u00f3n","Muro","nueva unidad"],"articleSection":["Comarcas","Noticias"],"inLanguage":"es"},{"@type":"WebPage","@id":"https:\/\/www.copealcoy.es\/es\/educacion-instalara-una-nueva-nueva-aula-prefabricada-en-el-bracal-de-muro\/","url":"https:\/\/www.copealcoy.es\/es\/educacion-instalara-una-nueva-nueva-aula-prefabricada-en-el-bracal-de-muro\/","name":"Educaci\u00f3n instalar\u00e1 una nueva nueva aula prefabricada en El Bracal de Muro - COPE Alcoy","isPartOf":{"@id":"https:\/\/www.copealcoy.es\/es\/#website"},"primaryImageOfPage":{"@id":"https:\/\/www.copealcoy.es\/es\/educacion-instalara-una-nueva-nueva-aula-prefabricada-en-el-bracal-de-muro\/#primaryimage"},"image":{"@id":"https:\/\/www.copealcoy.es\/es\/educacion-instalara-una-nueva-nueva-aula-prefabricada-en-el-bracal-de-muro\/#primaryimage"},"thumbnailUrl":"https:\/\/www.copealcoy.es\/wp-content\/uploads\/2016\/05\/13242129_10209342172611983_1606735369_o.jpg","datePublished":"2017-08-24T16:16:23+00:00","dateModified":"2017-08-24T16:20:08+00:00","author":{"@id":"https:\/\/www.copealcoy.es\/es\/#\/schema\/person\/e777c87fa024e57d40170af9df39882c"},"breadcrumb":{"@id":"https:\/\/www.copealcoy.es\/es\/educacion-instalara-una-nueva-nueva-aula-prefabricada-en-el-bracal-de-muro\/#breadcrumb"},"inLanguage":"es","potentialAction":[{"@type":"ReadAction","target":["https:\/\/www.copealcoy.es\/es\/educacion-instalara-una-nueva-nueva-aula-prefabricada-en-el-bracal-de-muro\/"]}]},{"@type":"ImageObject","inLanguage":"es","@id":"https:\/\/www.copealcoy.es\/es\/educacion-instalara-una-nueva-nueva-aula-prefabricada-en-el-bracal-de-muro\/#primaryimage","url":"https:\/\/www.copealcoy.es\/wp-content\/uploads\/2016\/05\/13242129_10209342172611983_1606735369_o.jpg","contentUrl":"https:\/\/www.copealcoy.es\/wp-content\/uploads\/2016\/05\/13242129_10209342172611983_1606735369_o.jpg","width":1334,"height":832,"caption":"El colegio el Bracal lleva desde el 2007 en barracones \/ Foto: G. Pascual"},{"@type":"BreadcrumbList","@id":"https:\/\/www.copealcoy.es\/es\/educacion-instalara-una-nueva-nueva-aula-prefabricada-en-el-bracal-de-muro\/#breadcrumb","itemListElement":[{"@type":"ListItem","position":1,"name":"Portada","item":"https:\/\/www.copealcoy.es\/es\/"},{"@type":"ListItem","position":2,"name":"Educaci\u00f3n instalar\u00e1 una nueva nueva aula prefabricada en El Bracal de Muro"}]},{"@type":"WebSite","@id":"https:\/\/www.copealcoy.es\/es\/#website","url":"https:\/\/www.copealcoy.es\/es\/","name":"COPE Alcoy","description":"Emisora COPE de radio local con emisi\u00f3n online. Pont de Sant Jordi 8-10 03803 Alcoy","potentialAction":[{"@type":"SearchAction","target":{"@type":"EntryPoint","urlTemplate":"https:\/\/www.copealcoy.es\/es\/?s={search_term_string}"},"query-input":{"@type":"PropertyValueSpecification","valueRequired":true,"valueName":"search_term_string"}}],"inLanguage":"es"},{"@type":"Person","@id":"https:\/\/www.copealcoy.es\/es\/#\/schema\/person\/e777c87fa024e57d40170af9df39882c","name":"Cope Alcoy","image":{"@type":"ImageObject","inLanguage":"es","@id":"https:\/\/secure.gravatar.com\/avatar\/bb65d0283347e303893ba14f0692005417c1e0e690a325a4c5d8bb2b3943ee14?s=96&d=mm&r=g","url":"https:\/\/secure.gravatar.com\/avatar\/bb65d0283347e303893ba14f0692005417c1e0e690a325a4c5d8bb2b3943ee14?s=96&d=mm&r=g","contentUrl":"https:\/\/secure.gravatar.com\/avatar\/bb65d0283347e303893ba14f0692005417c1e0e690a325a4c5d8bb2b3943ee14?s=96&d=mm&r=g","caption":"Cope Alcoy"}}]}},"_links":{"self":[{"href":"https:\/\/www.copealcoy.es\/es\/wp-json\/wp\/v2\/posts\/34697","targetHints":{"allow":["GET"]}}],"collection":[{"href":"https:\/\/www.copealcoy.es\/es\/wp-json\/wp\/v2\/posts"}],"about":[{"href":"https:\/\/www.copealcoy.es\/es\/wp-json\/wp\/v2\/types\/post"}],"author":[{"embeddable":true,"href":"https:\/\/www.copealcoy.es\/es\/wp-json\/wp\/v2\/users\/1"}],"replies":[{"embeddable":true,"href":"https:\/\/www.copealcoy.es\/es\/wp-json\/wp\/v2\/comments?post=34697"}],"version-history":[{"count":0,"href":"https:\/\/www.copealcoy.es\/es\/wp-json\/wp\/v2\/posts\/34697\/revisions"}],"wp:featuredmedia":[{"embeddable":true,"href":"https:\/\/www.copealcoy.es\/es\/wp-json\/wp\/v2\/media\/21654"}],"wp:attachment":[{"href":"https:\/\/www.copealcoy.es\/es\/wp-json\/wp\/v2\/media?parent=34697"}],"wp:term":[{"taxonomy":"category","embeddable":true,"href":"https:\/\/www.copealcoy.es\/es\/wp-json\/wp\/v2\/categories?post=34697"},{"taxonomy":"post_tag","embeddable":true,"href":"https:\/\/www.copealcoy.es\/es\/wp-json\/wp\/v2\/tags?post=34697"}],"curies":[{"name":"wp","href":"https:\/\/api.w.org\/{rel}","templated":true}]}}