{"id":34670,"date":"2017-08-23T17:42:35","date_gmt":"2017-08-23T17:42:35","guid":{"rendered":"http:\/\/copealcoi.es\/new\/?p=34670"},"modified":"2017-08-23T17:45:51","modified_gmt":"2017-08-23T17:45:51","slug":"tirisiti-sufre-actos-vandalicos-en-la-glorieta","status":"publish","type":"post","link":"https:\/\/www.copealcoy.es\/es\/tirisiti-sufre-actos-vandalicos-en-la-glorieta\/","title":{"rendered":"Tirisiti sufre actos vand\u00e1licos en La Glorieta"},"content":{"rendered":"<p style=\"text-align: justify;\">El <strong>parque dedicado a Tirisiti en La Glorieta<\/strong>, inaugurado el pasado oto\u00f1o, ha sido v\u00edctima recientemente de un <strong>acto vand\u00e1lico<\/strong> y <strong>sus diferentes figuras<\/strong> amanecieron a principios de semana con <strong>numerosas pintadas<\/strong> con mensajes de car\u00e1cter racista. Desde la Brigada Municipal de Obras <strong>se trabaj\u00f3 ayer para devolver el parque a la normalidad<\/strong> y se encarg\u00f3 a una empresa especializada <strong>la eliminaci\u00f3n de la pintura<\/strong>.<\/p>\n<p style=\"text-align: justify;\">Jordi Mart\u00ednez, <strong>concejal de Obras y Servicios en el Ayuntamiento de Alcoy<\/strong>, explicaba en el informativo mediod\u00eda de COPE ALCOY lo sucedido &#8220;<em>lamentamos que ocurran estos hechos y pedimos\u00a0colaboraci\u00f3n a todos aquellos que presencian o tengan pruebas de los autores de actos vand\u00e1licos para que las hagan llegar a trav\u00e9s de los diferentes canales de comunicaci\u00f3n<\/em>&#8220;, se\u00f1al\u00f3.<\/p>\n","protected":false},"excerpt":{"rendered":"<p>El parque dedicado a Tirisiti en La Glorieta, inaugurado el pasado oto\u00f1o, ha sido v\u00edctima recientemente de un acto vand\u00e1lico&#8230;<\/p>\n","protected":false},"author":1,"featured_media":34671,"comment_status":"open","ping_status":"open","sticky":false,"template":"","format":"standard","meta":{"footnotes":""},"categories":[97,75],"tags":[4591,1494,3882,3835,209],"class_list":["post-34670","post","type-post","status-publish","format-standard","has-post-thumbnail","hentry","category-alcoy","category-noticias","tag-actos-vandalicos","tag-alcoy","tag-la-glorieta","tag-pinturas","tag-tirisiti"],"yoast_head":"<!-- This site is optimized with the Yoast SEO plugin v27.3 - https:\/\/yoast.com\/product\/yoast-seo-wordpress\/ -->\n<title>Tirisiti sufre actos vand\u00e1licos en La Glorieta - COPE Alcoy<\/title>\n<meta name=\"robots\" content=\"index, follow, max-snippet:-1, max-image-preview:large, max-video-preview:-1\" \/>\n<link rel=\"canonical\" href=\"https:\/\/www.copealcoy.es\/es\/tirisiti-sufre-actos-vandalicos-en-la-glorieta\/\" \/>\n<meta property=\"og:locale\" content=\"es_ES\" \/>\n<meta property=\"og:type\" content=\"article\" \/>\n<meta property=\"og:title\" content=\"Tirisiti sufre actos vand\u00e1licos en La Glorieta - COPE Alcoy\" \/>\n<meta property=\"og:description\" content=\"El parque dedicado a Tirisiti en La Glorieta, inaugurado el pasado oto\u00f1o, ha sido v\u00edctima recientemente de un acto vand\u00e1lico...\" \/>\n<meta property=\"og:url\" content=\"https:\/\/www.copealcoy.es\/es\/tirisiti-sufre-actos-vandalicos-en-la-glorieta\/\" \/>\n<meta property=\"og:site_name\" content=\"COPE Alcoy\" \/>\n<meta property=\"article:published_time\" content=\"2017-08-23T17:42:35+00:00\" \/>\n<meta property=\"article:modified_time\" content=\"2017-08-23T17:45:51+00:00\" \/>\n<meta property=\"og:image\" content=\"https:\/\/www.copealcoy.es\/wp-content\/uploads\/2017\/08\/21034291_1814175528600200_2454697214542880672_n.jpg\" \/>\n\t<meta property=\"og:image:width\" content=\"960\" \/>\n\t<meta property=\"og:image:height\" content=\"720\" \/>\n\t<meta property=\"og:image:type\" content=\"image\/jpeg\" \/>\n<meta name=\"author\" content=\"Cope Alcoy\" \/>\n<meta name=\"twitter:label1\" content=\"Escrito por\" \/>\n\t<meta name=\"twitter:data1\" content=\"Cope Alcoy\" \/>\n\t<meta name=\"twitter:label2\" content=\"Tiempo de lectura\" \/>\n\t<meta name=\"twitter:data2\" content=\"1 minuto\" \/>\n<script type=\"application\/ld+json\" class=\"yoast-schema-graph\">{\"@context\":\"https:\\\/\\\/schema.org\",\"@graph\":[{\"@type\":\"Article\",\"@id\":\"https:\\\/\\\/www.copealcoy.es\\\/es\\\/tirisiti-sufre-actos-vandalicos-en-la-glorieta\\\/#article\",\"isPartOf\":{\"@id\":\"https:\\\/\\\/www.copealcoy.es\\\/es\\\/tirisiti-sufre-actos-vandalicos-en-la-glorieta\\\/\"},\"author\":{\"name\":\"Cope Alcoy\",\"@id\":\"https:\\\/\\\/www.copealcoy.es\\\/es\\\/#\\\/schema\\\/person\\\/e777c87fa024e57d40170af9df39882c\"},\"headline\":\"Tirisiti sufre actos vand\u00e1licos en La Glorieta\",\"datePublished\":\"2017-08-23T17:42:35+00:00\",\"dateModified\":\"2017-08-23T17:45:51+00:00\",\"mainEntityOfPage\":{\"@id\":\"https:\\\/\\\/www.copealcoy.es\\\/es\\\/tirisiti-sufre-actos-vandalicos-en-la-glorieta\\\/\"},\"wordCount\":143,\"commentCount\":0,\"image\":{\"@id\":\"https:\\\/\\\/www.copealcoy.es\\\/es\\\/tirisiti-sufre-actos-vandalicos-en-la-glorieta\\\/#primaryimage\"},\"thumbnailUrl\":\"https:\\\/\\\/www.copealcoy.es\\\/wp-content\\\/uploads\\\/2017\\\/08\\\/21034291_1814175528600200_2454697214542880672_n.jpg\",\"keywords\":[\"actos vand\u00e1licos\",\"Alcoy\",\"La Glorieta\",\"pinturas\",\"Tirisiti\"],\"articleSection\":[\"Alcoy\",\"Noticias\"],\"inLanguage\":\"es\"},{\"@type\":\"WebPage\",\"@id\":\"https:\\\/\\\/www.copealcoy.es\\\/es\\\/tirisiti-sufre-actos-vandalicos-en-la-glorieta\\\/\",\"url\":\"https:\\\/\\\/www.copealcoy.es\\\/es\\\/tirisiti-sufre-actos-vandalicos-en-la-glorieta\\\/\",\"name\":\"Tirisiti sufre actos vand\u00e1licos en La Glorieta - COPE Alcoy\",\"isPartOf\":{\"@id\":\"https:\\\/\\\/www.copealcoy.es\\\/es\\\/#website\"},\"primaryImageOfPage\":{\"@id\":\"https:\\\/\\\/www.copealcoy.es\\\/es\\\/tirisiti-sufre-actos-vandalicos-en-la-glorieta\\\/#primaryimage\"},\"image\":{\"@id\":\"https:\\\/\\\/www.copealcoy.es\\\/es\\\/tirisiti-sufre-actos-vandalicos-en-la-glorieta\\\/#primaryimage\"},\"thumbnailUrl\":\"https:\\\/\\\/www.copealcoy.es\\\/wp-content\\\/uploads\\\/2017\\\/08\\\/21034291_1814175528600200_2454697214542880672_n.jpg\",\"datePublished\":\"2017-08-23T17:42:35+00:00\",\"dateModified\":\"2017-08-23T17:45:51+00:00\",\"author\":{\"@id\":\"https:\\\/\\\/www.copealcoy.es\\\/es\\\/#\\\/schema\\\/person\\\/e777c87fa024e57d40170af9df39882c\"},\"breadcrumb\":{\"@id\":\"https:\\\/\\\/www.copealcoy.es\\\/es\\\/tirisiti-sufre-actos-vandalicos-en-la-glorieta\\\/#breadcrumb\"},\"inLanguage\":\"es\",\"potentialAction\":[{\"@type\":\"ReadAction\",\"target\":[\"https:\\\/\\\/www.copealcoy.es\\\/es\\\/tirisiti-sufre-actos-vandalicos-en-la-glorieta\\\/\"]}]},{\"@type\":\"ImageObject\",\"inLanguage\":\"es\",\"@id\":\"https:\\\/\\\/www.copealcoy.es\\\/es\\\/tirisiti-sufre-actos-vandalicos-en-la-glorieta\\\/#primaryimage\",\"url\":\"https:\\\/\\\/www.copealcoy.es\\\/wp-content\\\/uploads\\\/2017\\\/08\\\/21034291_1814175528600200_2454697214542880672_n.jpg\",\"contentUrl\":\"https:\\\/\\\/www.copealcoy.es\\\/wp-content\\\/uploads\\\/2017\\\/08\\\/21034291_1814175528600200_2454697214542880672_n.jpg\",\"width\":960,\"height\":720,\"caption\":\"Las pintadas fueron limpiadas ayer martes \\\/ Foto: Ajuntament d\u00b4Alcoi\"},{\"@type\":\"BreadcrumbList\",\"@id\":\"https:\\\/\\\/www.copealcoy.es\\\/es\\\/tirisiti-sufre-actos-vandalicos-en-la-glorieta\\\/#breadcrumb\",\"itemListElement\":[{\"@type\":\"ListItem\",\"position\":1,\"name\":\"Portada\",\"item\":\"https:\\\/\\\/www.copealcoy.es\\\/es\\\/\"},{\"@type\":\"ListItem\",\"position\":2,\"name\":\"Tirisiti sufre actos vand\u00e1licos en La Glorieta\"}]},{\"@type\":\"WebSite\",\"@id\":\"https:\\\/\\\/www.copealcoy.es\\\/es\\\/#website\",\"url\":\"https:\\\/\\\/www.copealcoy.es\\\/es\\\/\",\"name\":\"COPE Alcoy\",\"description\":\"Emisora COPE de radio local con emisi\u00f3n online. Pont de Sant Jordi 8-10 03803 Alcoy\",\"potentialAction\":[{\"@type\":\"SearchAction\",\"target\":{\"@type\":\"EntryPoint\",\"urlTemplate\":\"https:\\\/\\\/www.copealcoy.es\\\/es\\\/?s={search_term_string}\"},\"query-input\":{\"@type\":\"PropertyValueSpecification\",\"valueRequired\":true,\"valueName\":\"search_term_string\"}}],\"inLanguage\":\"es\"},{\"@type\":\"Person\",\"@id\":\"https:\\\/\\\/www.copealcoy.es\\\/es\\\/#\\\/schema\\\/person\\\/e777c87fa024e57d40170af9df39882c\",\"name\":\"Cope Alcoy\",\"image\":{\"@type\":\"ImageObject\",\"inLanguage\":\"es\",\"@id\":\"https:\\\/\\\/secure.gravatar.com\\\/avatar\\\/bb65d0283347e303893ba14f0692005417c1e0e690a325a4c5d8bb2b3943ee14?s=96&d=mm&r=g\",\"url\":\"https:\\\/\\\/secure.gravatar.com\\\/avatar\\\/bb65d0283347e303893ba14f0692005417c1e0e690a325a4c5d8bb2b3943ee14?s=96&d=mm&r=g\",\"contentUrl\":\"https:\\\/\\\/secure.gravatar.com\\\/avatar\\\/bb65d0283347e303893ba14f0692005417c1e0e690a325a4c5d8bb2b3943ee14?s=96&d=mm&r=g\",\"caption\":\"Cope Alcoy\"}}]}<\/script>\n<!-- \/ Yoast SEO plugin. -->","yoast_head_json":{"title":"Tirisiti sufre actos vand\u00e1licos en La Glorieta - COPE Alcoy","robots":{"index":"index","follow":"follow","max-snippet":"max-snippet:-1","max-image-preview":"max-image-preview:large","max-video-preview":"max-video-preview:-1"},"canonical":"https:\/\/www.copealcoy.es\/es\/tirisiti-sufre-actos-vandalicos-en-la-glorieta\/","og_locale":"es_ES","og_type":"article","og_title":"Tirisiti sufre actos vand\u00e1licos en La Glorieta - COPE Alcoy","og_description":"El parque dedicado a Tirisiti en La Glorieta, inaugurado el pasado oto\u00f1o, ha sido v\u00edctima recientemente de un acto vand\u00e1lico...","og_url":"https:\/\/www.copealcoy.es\/es\/tirisiti-sufre-actos-vandalicos-en-la-glorieta\/","og_site_name":"COPE Alcoy","article_published_time":"2017-08-23T17:42:35+00:00","article_modified_time":"2017-08-23T17:45:51+00:00","og_image":[{"width":960,"height":720,"url":"https:\/\/www.copealcoy.es\/wp-content\/uploads\/2017\/08\/21034291_1814175528600200_2454697214542880672_n.jpg","type":"image\/jpeg"}],"author":"Cope Alcoy","twitter_misc":{"Escrito por":"Cope Alcoy","Tiempo de lectura":"1 minuto"},"schema":{"@context":"https:\/\/schema.org","@graph":[{"@type":"Article","@id":"https:\/\/www.copealcoy.es\/es\/tirisiti-sufre-actos-vandalicos-en-la-glorieta\/#article","isPartOf":{"@id":"https:\/\/www.copealcoy.es\/es\/tirisiti-sufre-actos-vandalicos-en-la-glorieta\/"},"author":{"name":"Cope Alcoy","@id":"https:\/\/www.copealcoy.es\/es\/#\/schema\/person\/e777c87fa024e57d40170af9df39882c"},"headline":"Tirisiti sufre actos vand\u00e1licos en La Glorieta","datePublished":"2017-08-23T17:42:35+00:00","dateModified":"2017-08-23T17:45:51+00:00","mainEntityOfPage":{"@id":"https:\/\/www.copealcoy.es\/es\/tirisiti-sufre-actos-vandalicos-en-la-glorieta\/"},"wordCount":143,"commentCount":0,"image":{"@id":"https:\/\/www.copealcoy.es\/es\/tirisiti-sufre-actos-vandalicos-en-la-glorieta\/#primaryimage"},"thumbnailUrl":"https:\/\/www.copealcoy.es\/wp-content\/uploads\/2017\/08\/21034291_1814175528600200_2454697214542880672_n.jpg","keywords":["actos vand\u00e1licos","Alcoy","La Glorieta","pinturas","Tirisiti"],"articleSection":["Alcoy","Noticias"],"inLanguage":"es"},{"@type":"WebPage","@id":"https:\/\/www.copealcoy.es\/es\/tirisiti-sufre-actos-vandalicos-en-la-glorieta\/","url":"https:\/\/www.copealcoy.es\/es\/tirisiti-sufre-actos-vandalicos-en-la-glorieta\/","name":"Tirisiti sufre actos vand\u00e1licos en La Glorieta - COPE Alcoy","isPartOf":{"@id":"https:\/\/www.copealcoy.es\/es\/#website"},"primaryImageOfPage":{"@id":"https:\/\/www.copealcoy.es\/es\/tirisiti-sufre-actos-vandalicos-en-la-glorieta\/#primaryimage"},"image":{"@id":"https:\/\/www.copealcoy.es\/es\/tirisiti-sufre-actos-vandalicos-en-la-glorieta\/#primaryimage"},"thumbnailUrl":"https:\/\/www.copealcoy.es\/wp-content\/uploads\/2017\/08\/21034291_1814175528600200_2454697214542880672_n.jpg","datePublished":"2017-08-23T17:42:35+00:00","dateModified":"2017-08-23T17:45:51+00:00","author":{"@id":"https:\/\/www.copealcoy.es\/es\/#\/schema\/person\/e777c87fa024e57d40170af9df39882c"},"breadcrumb":{"@id":"https:\/\/www.copealcoy.es\/es\/tirisiti-sufre-actos-vandalicos-en-la-glorieta\/#breadcrumb"},"inLanguage":"es","potentialAction":[{"@type":"ReadAction","target":["https:\/\/www.copealcoy.es\/es\/tirisiti-sufre-actos-vandalicos-en-la-glorieta\/"]}]},{"@type":"ImageObject","inLanguage":"es","@id":"https:\/\/www.copealcoy.es\/es\/tirisiti-sufre-actos-vandalicos-en-la-glorieta\/#primaryimage","url":"https:\/\/www.copealcoy.es\/wp-content\/uploads\/2017\/08\/21034291_1814175528600200_2454697214542880672_n.jpg","contentUrl":"https:\/\/www.copealcoy.es\/wp-content\/uploads\/2017\/08\/21034291_1814175528600200_2454697214542880672_n.jpg","width":960,"height":720,"caption":"Las pintadas fueron limpiadas ayer martes \/ Foto: Ajuntament d\u00b4Alcoi"},{"@type":"BreadcrumbList","@id":"https:\/\/www.copealcoy.es\/es\/tirisiti-sufre-actos-vandalicos-en-la-glorieta\/#breadcrumb","itemListElement":[{"@type":"ListItem","position":1,"name":"Portada","item":"https:\/\/www.copealcoy.es\/es\/"},{"@type":"ListItem","position":2,"name":"Tirisiti sufre actos vand\u00e1licos en La Glorieta"}]},{"@type":"WebSite","@id":"https:\/\/www.copealcoy.es\/es\/#website","url":"https:\/\/www.copealcoy.es\/es\/","name":"COPE Alcoy","description":"Emisora COPE de radio local con emisi\u00f3n online. Pont de Sant Jordi 8-10 03803 Alcoy","potentialAction":[{"@type":"SearchAction","target":{"@type":"EntryPoint","urlTemplate":"https:\/\/www.copealcoy.es\/es\/?s={search_term_string}"},"query-input":{"@type":"PropertyValueSpecification","valueRequired":true,"valueName":"search_term_string"}}],"inLanguage":"es"},{"@type":"Person","@id":"https:\/\/www.copealcoy.es\/es\/#\/schema\/person\/e777c87fa024e57d40170af9df39882c","name":"Cope Alcoy","image":{"@type":"ImageObject","inLanguage":"es","@id":"https:\/\/secure.gravatar.com\/avatar\/bb65d0283347e303893ba14f0692005417c1e0e690a325a4c5d8bb2b3943ee14?s=96&d=mm&r=g","url":"https:\/\/secure.gravatar.com\/avatar\/bb65d0283347e303893ba14f0692005417c1e0e690a325a4c5d8bb2b3943ee14?s=96&d=mm&r=g","contentUrl":"https:\/\/secure.gravatar.com\/avatar\/bb65d0283347e303893ba14f0692005417c1e0e690a325a4c5d8bb2b3943ee14?s=96&d=mm&r=g","caption":"Cope Alcoy"}}]}},"_links":{"self":[{"href":"https:\/\/www.copealcoy.es\/es\/wp-json\/wp\/v2\/posts\/34670","targetHints":{"allow":["GET"]}}],"collection":[{"href":"https:\/\/www.copealcoy.es\/es\/wp-json\/wp\/v2\/posts"}],"about":[{"href":"https:\/\/www.copealcoy.es\/es\/wp-json\/wp\/v2\/types\/post"}],"author":[{"embeddable":true,"href":"https:\/\/www.copealcoy.es\/es\/wp-json\/wp\/v2\/users\/1"}],"replies":[{"embeddable":true,"href":"https:\/\/www.copealcoy.es\/es\/wp-json\/wp\/v2\/comments?post=34670"}],"version-history":[{"count":0,"href":"https:\/\/www.copealcoy.es\/es\/wp-json\/wp\/v2\/posts\/34670\/revisions"}],"wp:featuredmedia":[{"embeddable":true,"href":"https:\/\/www.copealcoy.es\/es\/wp-json\/wp\/v2\/media\/34671"}],"wp:attachment":[{"href":"https:\/\/www.copealcoy.es\/es\/wp-json\/wp\/v2\/media?parent=34670"}],"wp:term":[{"taxonomy":"category","embeddable":true,"href":"https:\/\/www.copealcoy.es\/es\/wp-json\/wp\/v2\/categories?post=34670"},{"taxonomy":"post_tag","embeddable":true,"href":"https:\/\/www.copealcoy.es\/es\/wp-json\/wp\/v2\/tags?post=34670"}],"curies":[{"name":"wp","href":"https:\/\/api.w.org\/{rel}","templated":true}]}}