{"id":34658,"date":"2017-08-23T16:56:30","date_gmt":"2017-08-23T16:56:30","guid":{"rendered":"http:\/\/copealcoi.es\/new\/?p=34658"},"modified":"2017-08-23T16:58:53","modified_gmt":"2017-08-23T16:58:53","slug":"el-ayuntamiento-de-muro-saca-a-licitacion-la-reparacion-de-la-cubierta-del-pabellon-municipal","status":"publish","type":"post","link":"https:\/\/www.copealcoy.es\/es\/el-ayuntamiento-de-muro-saca-a-licitacion-la-reparacion-de-la-cubierta-del-pabellon-municipal\/","title":{"rendered":"El Ayuntamiento de Muro saca a licitaci\u00f3n la reparaci\u00f3n de la cubierta del Pabell\u00f3n Municipal"},"content":{"rendered":"<p style=\"text-align: justify;\">El Ayuntamiento de Muro ha sacado<b>\u00a0a licitaci\u00f3n la reparaci\u00f3n de la cubierta del Pabell\u00f3n Municipal <\/b>por un importe que supera los 100.000 euros.<\/p>\n<p style=\"text-align: justify;\">El concejal de Deportes en esta localidad del Comtat, <strong>Kike Pascual<\/strong>, ha explicado que esta obra es <strong>muy necesaria<\/strong> debido a que <strong>en el recinto existen goteras<\/strong>. El mun\u00edcipe detalla tambi\u00e9n que el origen de este problema est\u00e1 en <strong>la incorrecta instalaci\u00f3n de las placas solares<\/strong> existentes en este lugar y se\u00f1ala que <strong>el pabell\u00f3n tiene que clausurarse cada vez que llueve con intensidad<\/strong> &#8220;<em>se han intentado reparar de\u00a0 m\u00faltiples formas no se ha conseguido nunca eliminar el problema que supone que se inunde todo o parte del pabell\u00f3n cuando caen unas pocas gotas<\/em>&#8220;, afirma.<b>\u00a0<\/b><\/p>\n<p style=\"text-align: justify;\">Pascual a\u00f1ade que la reparaci\u00f3n <strong>se ha demorado en el tiempo<\/strong> debido a que se considera que aqu\u00ed cabe <strong>una ejecuci\u00f3n subsidiaria por la mala gesti\u00f3n<\/strong> que se hizo en la instalaci\u00f3n de las citadas placas solares &#8220;<em>el proyecto\u00a0ha estado en el presupuesto de 2016 y 2017 y por fin despu\u00e9s de realizarse todos los tr\u00e1mites necesarios este a\u00f1o podremos empezar a tener una zona deportiva con m\u00e1s calidad. Siendo que deber\u00e1 sumarse al plan de obras y servicios que se solicit\u00f3 y que consist\u00eda en la renovaci\u00f3n de la zona deportiva, la cual hace much\u00edsimos a\u00f1os que no recibe ninguna inversi\u00f3<\/em>n&#8221;. concluye.<\/p>\n<p style=\"text-align: justify;\">A esta inversi\u00f3n para reparar la cubierta del Pabell\u00f3n de Muro <strong>se suma la\u00a0construcci\u00f3n de un Trinquete Municipal<\/strong>, una obra que se espera que pueda estar terminada\u00a0antes de finalizar el a\u00f1o.<\/p>\n","protected":false},"excerpt":{"rendered":"<p>El Ayuntamiento de Muro ha sacado\u00a0a licitaci\u00f3n la reparaci\u00f3n de la cubierta del Pabell\u00f3n Municipal por un importe que supera&#8230;<\/p>\n","protected":false},"author":1,"featured_media":32852,"comment_status":"open","ping_status":"open","sticky":false,"template":"","format":"standard","meta":{"footnotes":""},"categories":[98,75],"tags":[229,4584,3319,4583,135,4585,222],"class_list":["post-34658","post","type-post","status-publish","format-standard","has-post-thumbnail","hentry","category-comarcas","category-noticias","tag-ayuntamiento","tag-cubierta","tag-kike-pascual","tag-licita","tag-muro","tag-pabellon-municipal","tag-reparacion"],"yoast_head":"<!-- This site is optimized with the Yoast SEO plugin v27.3 - https:\/\/yoast.com\/product\/yoast-seo-wordpress\/ -->\n<title>El Ayuntamiento de Muro saca a licitaci\u00f3n la reparaci\u00f3n de la cubierta del Pabell\u00f3n Municipal - COPE Alcoy<\/title>\n<meta name=\"robots\" content=\"index, follow, max-snippet:-1, max-image-preview:large, max-video-preview:-1\" \/>\n<link rel=\"canonical\" href=\"https:\/\/www.copealcoy.es\/es\/el-ayuntamiento-de-muro-saca-a-licitacion-la-reparacion-de-la-cubierta-del-pabellon-municipal\/\" \/>\n<meta property=\"og:locale\" content=\"es_ES\" \/>\n<meta property=\"og:type\" content=\"article\" \/>\n<meta property=\"og:title\" content=\"El Ayuntamiento de Muro saca a licitaci\u00f3n la reparaci\u00f3n de la cubierta del Pabell\u00f3n Municipal - COPE Alcoy\" \/>\n<meta property=\"og:description\" content=\"El Ayuntamiento de Muro ha sacado\u00a0a licitaci\u00f3n la reparaci\u00f3n de la cubierta del Pabell\u00f3n Municipal por un importe que supera...\" \/>\n<meta property=\"og:url\" content=\"https:\/\/www.copealcoy.es\/es\/el-ayuntamiento-de-muro-saca-a-licitacion-la-reparacion-de-la-cubierta-del-pabellon-municipal\/\" \/>\n<meta property=\"og:site_name\" content=\"COPE Alcoy\" \/>\n<meta property=\"article:published_time\" content=\"2017-08-23T16:56:30+00:00\" \/>\n<meta property=\"article:modified_time\" content=\"2017-08-23T16:58:53+00:00\" \/>\n<meta property=\"og:image\" content=\"https:\/\/www.copealcoy.es\/wp-content\/uploads\/2017\/06\/19366367_1693672964269184_4226290916984990544_n-e1497802241817.jpg\" \/>\n\t<meta property=\"og:image:width\" content=\"892\" \/>\n\t<meta property=\"og:image:height\" content=\"496\" \/>\n\t<meta property=\"og:image:type\" content=\"image\/jpeg\" \/>\n<meta name=\"author\" content=\"Cope Alcoy\" \/>\n<meta name=\"twitter:label1\" content=\"Escrito por\" \/>\n\t<meta name=\"twitter:data1\" content=\"Cope Alcoy\" \/>\n\t<meta name=\"twitter:label2\" content=\"Tiempo de lectura\" \/>\n\t<meta name=\"twitter:data2\" content=\"1 minuto\" \/>\n<script type=\"application\/ld+json\" class=\"yoast-schema-graph\">{\"@context\":\"https:\\\/\\\/schema.org\",\"@graph\":[{\"@type\":\"Article\",\"@id\":\"https:\\\/\\\/www.copealcoy.es\\\/es\\\/el-ayuntamiento-de-muro-saca-a-licitacion-la-reparacion-de-la-cubierta-del-pabellon-municipal\\\/#article\",\"isPartOf\":{\"@id\":\"https:\\\/\\\/www.copealcoy.es\\\/es\\\/el-ayuntamiento-de-muro-saca-a-licitacion-la-reparacion-de-la-cubierta-del-pabellon-municipal\\\/\"},\"author\":{\"name\":\"Cope Alcoy\",\"@id\":\"https:\\\/\\\/www.copealcoy.es\\\/es\\\/#\\\/schema\\\/person\\\/e777c87fa024e57d40170af9df39882c\"},\"headline\":\"El Ayuntamiento de Muro saca a licitaci\u00f3n la reparaci\u00f3n de la cubierta del Pabell\u00f3n Municipal\",\"datePublished\":\"2017-08-23T16:56:30+00:00\",\"dateModified\":\"2017-08-23T16:58:53+00:00\",\"mainEntityOfPage\":{\"@id\":\"https:\\\/\\\/www.copealcoy.es\\\/es\\\/el-ayuntamiento-de-muro-saca-a-licitacion-la-reparacion-de-la-cubierta-del-pabellon-municipal\\\/\"},\"wordCount\":299,\"commentCount\":0,\"image\":{\"@id\":\"https:\\\/\\\/www.copealcoy.es\\\/es\\\/el-ayuntamiento-de-muro-saca-a-licitacion-la-reparacion-de-la-cubierta-del-pabellon-municipal\\\/#primaryimage\"},\"thumbnailUrl\":\"https:\\\/\\\/www.copealcoy.es\\\/wp-content\\\/uploads\\\/2017\\\/06\\\/19366367_1693672964269184_4226290916984990544_n-e1497802241817.jpg\",\"keywords\":[\"Ayuntamiento\",\"cubierta\",\"Kike Pascual\",\"licita\",\"Muro\",\"Pabell\u00f3n Municipal\",\"Reparaci\u00f3n\"],\"articleSection\":[\"Comarcas\",\"Noticias\"],\"inLanguage\":\"es\"},{\"@type\":\"WebPage\",\"@id\":\"https:\\\/\\\/www.copealcoy.es\\\/es\\\/el-ayuntamiento-de-muro-saca-a-licitacion-la-reparacion-de-la-cubierta-del-pabellon-municipal\\\/\",\"url\":\"https:\\\/\\\/www.copealcoy.es\\\/es\\\/el-ayuntamiento-de-muro-saca-a-licitacion-la-reparacion-de-la-cubierta-del-pabellon-municipal\\\/\",\"name\":\"El Ayuntamiento de Muro saca a licitaci\u00f3n la reparaci\u00f3n de la cubierta del Pabell\u00f3n Municipal - COPE Alcoy\",\"isPartOf\":{\"@id\":\"https:\\\/\\\/www.copealcoy.es\\\/es\\\/#website\"},\"primaryImageOfPage\":{\"@id\":\"https:\\\/\\\/www.copealcoy.es\\\/es\\\/el-ayuntamiento-de-muro-saca-a-licitacion-la-reparacion-de-la-cubierta-del-pabellon-municipal\\\/#primaryimage\"},\"image\":{\"@id\":\"https:\\\/\\\/www.copealcoy.es\\\/es\\\/el-ayuntamiento-de-muro-saca-a-licitacion-la-reparacion-de-la-cubierta-del-pabellon-municipal\\\/#primaryimage\"},\"thumbnailUrl\":\"https:\\\/\\\/www.copealcoy.es\\\/wp-content\\\/uploads\\\/2017\\\/06\\\/19366367_1693672964269184_4226290916984990544_n-e1497802241817.jpg\",\"datePublished\":\"2017-08-23T16:56:30+00:00\",\"dateModified\":\"2017-08-23T16:58:53+00:00\",\"author\":{\"@id\":\"https:\\\/\\\/www.copealcoy.es\\\/es\\\/#\\\/schema\\\/person\\\/e777c87fa024e57d40170af9df39882c\"},\"breadcrumb\":{\"@id\":\"https:\\\/\\\/www.copealcoy.es\\\/es\\\/el-ayuntamiento-de-muro-saca-a-licitacion-la-reparacion-de-la-cubierta-del-pabellon-municipal\\\/#breadcrumb\"},\"inLanguage\":\"es\",\"potentialAction\":[{\"@type\":\"ReadAction\",\"target\":[\"https:\\\/\\\/www.copealcoy.es\\\/es\\\/el-ayuntamiento-de-muro-saca-a-licitacion-la-reparacion-de-la-cubierta-del-pabellon-municipal\\\/\"]}]},{\"@type\":\"ImageObject\",\"inLanguage\":\"es\",\"@id\":\"https:\\\/\\\/www.copealcoy.es\\\/es\\\/el-ayuntamiento-de-muro-saca-a-licitacion-la-reparacion-de-la-cubierta-del-pabellon-municipal\\\/#primaryimage\",\"url\":\"https:\\\/\\\/www.copealcoy.es\\\/wp-content\\\/uploads\\\/2017\\\/06\\\/19366367_1693672964269184_4226290916984990544_n-e1497802241817.jpg\",\"contentUrl\":\"https:\\\/\\\/www.copealcoy.es\\\/wp-content\\\/uploads\\\/2017\\\/06\\\/19366367_1693672964269184_4226290916984990544_n-e1497802241817.jpg\",\"width\":892,\"height\":496,\"caption\":\"Competiciones del 'Sol a Sol' de Muro del a\u00f1o 2017\"},{\"@type\":\"BreadcrumbList\",\"@id\":\"https:\\\/\\\/www.copealcoy.es\\\/es\\\/el-ayuntamiento-de-muro-saca-a-licitacion-la-reparacion-de-la-cubierta-del-pabellon-municipal\\\/#breadcrumb\",\"itemListElement\":[{\"@type\":\"ListItem\",\"position\":1,\"name\":\"Portada\",\"item\":\"https:\\\/\\\/www.copealcoy.es\\\/es\\\/\"},{\"@type\":\"ListItem\",\"position\":2,\"name\":\"El Ayuntamiento de Muro saca a licitaci\u00f3n la reparaci\u00f3n de la cubierta del Pabell\u00f3n Municipal\"}]},{\"@type\":\"WebSite\",\"@id\":\"https:\\\/\\\/www.copealcoy.es\\\/es\\\/#website\",\"url\":\"https:\\\/\\\/www.copealcoy.es\\\/es\\\/\",\"name\":\"COPE Alcoy\",\"description\":\"Emisora COPE de radio local con emisi\u00f3n online. Pont de Sant Jordi 8-10 03803 Alcoy\",\"potentialAction\":[{\"@type\":\"SearchAction\",\"target\":{\"@type\":\"EntryPoint\",\"urlTemplate\":\"https:\\\/\\\/www.copealcoy.es\\\/es\\\/?s={search_term_string}\"},\"query-input\":{\"@type\":\"PropertyValueSpecification\",\"valueRequired\":true,\"valueName\":\"search_term_string\"}}],\"inLanguage\":\"es\"},{\"@type\":\"Person\",\"@id\":\"https:\\\/\\\/www.copealcoy.es\\\/es\\\/#\\\/schema\\\/person\\\/e777c87fa024e57d40170af9df39882c\",\"name\":\"Cope Alcoy\",\"image\":{\"@type\":\"ImageObject\",\"inLanguage\":\"es\",\"@id\":\"https:\\\/\\\/secure.gravatar.com\\\/avatar\\\/bb65d0283347e303893ba14f0692005417c1e0e690a325a4c5d8bb2b3943ee14?s=96&d=mm&r=g\",\"url\":\"https:\\\/\\\/secure.gravatar.com\\\/avatar\\\/bb65d0283347e303893ba14f0692005417c1e0e690a325a4c5d8bb2b3943ee14?s=96&d=mm&r=g\",\"contentUrl\":\"https:\\\/\\\/secure.gravatar.com\\\/avatar\\\/bb65d0283347e303893ba14f0692005417c1e0e690a325a4c5d8bb2b3943ee14?s=96&d=mm&r=g\",\"caption\":\"Cope Alcoy\"}}]}<\/script>\n<!-- \/ Yoast SEO plugin. -->","yoast_head_json":{"title":"El Ayuntamiento de Muro saca a licitaci\u00f3n la reparaci\u00f3n de la cubierta del Pabell\u00f3n Municipal - COPE Alcoy","robots":{"index":"index","follow":"follow","max-snippet":"max-snippet:-1","max-image-preview":"max-image-preview:large","max-video-preview":"max-video-preview:-1"},"canonical":"https:\/\/www.copealcoy.es\/es\/el-ayuntamiento-de-muro-saca-a-licitacion-la-reparacion-de-la-cubierta-del-pabellon-municipal\/","og_locale":"es_ES","og_type":"article","og_title":"El Ayuntamiento de Muro saca a licitaci\u00f3n la reparaci\u00f3n de la cubierta del Pabell\u00f3n Municipal - COPE Alcoy","og_description":"El Ayuntamiento de Muro ha sacado\u00a0a licitaci\u00f3n la reparaci\u00f3n de la cubierta del Pabell\u00f3n Municipal por un importe que supera...","og_url":"https:\/\/www.copealcoy.es\/es\/el-ayuntamiento-de-muro-saca-a-licitacion-la-reparacion-de-la-cubierta-del-pabellon-municipal\/","og_site_name":"COPE Alcoy","article_published_time":"2017-08-23T16:56:30+00:00","article_modified_time":"2017-08-23T16:58:53+00:00","og_image":[{"width":892,"height":496,"url":"https:\/\/www.copealcoy.es\/wp-content\/uploads\/2017\/06\/19366367_1693672964269184_4226290916984990544_n-e1497802241817.jpg","type":"image\/jpeg"}],"author":"Cope Alcoy","twitter_misc":{"Escrito por":"Cope Alcoy","Tiempo de lectura":"1 minuto"},"schema":{"@context":"https:\/\/schema.org","@graph":[{"@type":"Article","@id":"https:\/\/www.copealcoy.es\/es\/el-ayuntamiento-de-muro-saca-a-licitacion-la-reparacion-de-la-cubierta-del-pabellon-municipal\/#article","isPartOf":{"@id":"https:\/\/www.copealcoy.es\/es\/el-ayuntamiento-de-muro-saca-a-licitacion-la-reparacion-de-la-cubierta-del-pabellon-municipal\/"},"author":{"name":"Cope Alcoy","@id":"https:\/\/www.copealcoy.es\/es\/#\/schema\/person\/e777c87fa024e57d40170af9df39882c"},"headline":"El Ayuntamiento de Muro saca a licitaci\u00f3n la reparaci\u00f3n de la cubierta del Pabell\u00f3n Municipal","datePublished":"2017-08-23T16:56:30+00:00","dateModified":"2017-08-23T16:58:53+00:00","mainEntityOfPage":{"@id":"https:\/\/www.copealcoy.es\/es\/el-ayuntamiento-de-muro-saca-a-licitacion-la-reparacion-de-la-cubierta-del-pabellon-municipal\/"},"wordCount":299,"commentCount":0,"image":{"@id":"https:\/\/www.copealcoy.es\/es\/el-ayuntamiento-de-muro-saca-a-licitacion-la-reparacion-de-la-cubierta-del-pabellon-municipal\/#primaryimage"},"thumbnailUrl":"https:\/\/www.copealcoy.es\/wp-content\/uploads\/2017\/06\/19366367_1693672964269184_4226290916984990544_n-e1497802241817.jpg","keywords":["Ayuntamiento","cubierta","Kike Pascual","licita","Muro","Pabell\u00f3n Municipal","Reparaci\u00f3n"],"articleSection":["Comarcas","Noticias"],"inLanguage":"es"},{"@type":"WebPage","@id":"https:\/\/www.copealcoy.es\/es\/el-ayuntamiento-de-muro-saca-a-licitacion-la-reparacion-de-la-cubierta-del-pabellon-municipal\/","url":"https:\/\/www.copealcoy.es\/es\/el-ayuntamiento-de-muro-saca-a-licitacion-la-reparacion-de-la-cubierta-del-pabellon-municipal\/","name":"El Ayuntamiento de Muro saca a licitaci\u00f3n la reparaci\u00f3n de la cubierta del Pabell\u00f3n Municipal - COPE Alcoy","isPartOf":{"@id":"https:\/\/www.copealcoy.es\/es\/#website"},"primaryImageOfPage":{"@id":"https:\/\/www.copealcoy.es\/es\/el-ayuntamiento-de-muro-saca-a-licitacion-la-reparacion-de-la-cubierta-del-pabellon-municipal\/#primaryimage"},"image":{"@id":"https:\/\/www.copealcoy.es\/es\/el-ayuntamiento-de-muro-saca-a-licitacion-la-reparacion-de-la-cubierta-del-pabellon-municipal\/#primaryimage"},"thumbnailUrl":"https:\/\/www.copealcoy.es\/wp-content\/uploads\/2017\/06\/19366367_1693672964269184_4226290916984990544_n-e1497802241817.jpg","datePublished":"2017-08-23T16:56:30+00:00","dateModified":"2017-08-23T16:58:53+00:00","author":{"@id":"https:\/\/www.copealcoy.es\/es\/#\/schema\/person\/e777c87fa024e57d40170af9df39882c"},"breadcrumb":{"@id":"https:\/\/www.copealcoy.es\/es\/el-ayuntamiento-de-muro-saca-a-licitacion-la-reparacion-de-la-cubierta-del-pabellon-municipal\/#breadcrumb"},"inLanguage":"es","potentialAction":[{"@type":"ReadAction","target":["https:\/\/www.copealcoy.es\/es\/el-ayuntamiento-de-muro-saca-a-licitacion-la-reparacion-de-la-cubierta-del-pabellon-municipal\/"]}]},{"@type":"ImageObject","inLanguage":"es","@id":"https:\/\/www.copealcoy.es\/es\/el-ayuntamiento-de-muro-saca-a-licitacion-la-reparacion-de-la-cubierta-del-pabellon-municipal\/#primaryimage","url":"https:\/\/www.copealcoy.es\/wp-content\/uploads\/2017\/06\/19366367_1693672964269184_4226290916984990544_n-e1497802241817.jpg","contentUrl":"https:\/\/www.copealcoy.es\/wp-content\/uploads\/2017\/06\/19366367_1693672964269184_4226290916984990544_n-e1497802241817.jpg","width":892,"height":496,"caption":"Competiciones del 'Sol a Sol' de Muro del a\u00f1o 2017"},{"@type":"BreadcrumbList","@id":"https:\/\/www.copealcoy.es\/es\/el-ayuntamiento-de-muro-saca-a-licitacion-la-reparacion-de-la-cubierta-del-pabellon-municipal\/#breadcrumb","itemListElement":[{"@type":"ListItem","position":1,"name":"Portada","item":"https:\/\/www.copealcoy.es\/es\/"},{"@type":"ListItem","position":2,"name":"El Ayuntamiento de Muro saca a licitaci\u00f3n la reparaci\u00f3n de la cubierta del Pabell\u00f3n Municipal"}]},{"@type":"WebSite","@id":"https:\/\/www.copealcoy.es\/es\/#website","url":"https:\/\/www.copealcoy.es\/es\/","name":"COPE Alcoy","description":"Emisora COPE de radio local con emisi\u00f3n online. Pont de Sant Jordi 8-10 03803 Alcoy","potentialAction":[{"@type":"SearchAction","target":{"@type":"EntryPoint","urlTemplate":"https:\/\/www.copealcoy.es\/es\/?s={search_term_string}"},"query-input":{"@type":"PropertyValueSpecification","valueRequired":true,"valueName":"search_term_string"}}],"inLanguage":"es"},{"@type":"Person","@id":"https:\/\/www.copealcoy.es\/es\/#\/schema\/person\/e777c87fa024e57d40170af9df39882c","name":"Cope Alcoy","image":{"@type":"ImageObject","inLanguage":"es","@id":"https:\/\/secure.gravatar.com\/avatar\/bb65d0283347e303893ba14f0692005417c1e0e690a325a4c5d8bb2b3943ee14?s=96&d=mm&r=g","url":"https:\/\/secure.gravatar.com\/avatar\/bb65d0283347e303893ba14f0692005417c1e0e690a325a4c5d8bb2b3943ee14?s=96&d=mm&r=g","contentUrl":"https:\/\/secure.gravatar.com\/avatar\/bb65d0283347e303893ba14f0692005417c1e0e690a325a4c5d8bb2b3943ee14?s=96&d=mm&r=g","caption":"Cope Alcoy"}}]}},"_links":{"self":[{"href":"https:\/\/www.copealcoy.es\/es\/wp-json\/wp\/v2\/posts\/34658","targetHints":{"allow":["GET"]}}],"collection":[{"href":"https:\/\/www.copealcoy.es\/es\/wp-json\/wp\/v2\/posts"}],"about":[{"href":"https:\/\/www.copealcoy.es\/es\/wp-json\/wp\/v2\/types\/post"}],"author":[{"embeddable":true,"href":"https:\/\/www.copealcoy.es\/es\/wp-json\/wp\/v2\/users\/1"}],"replies":[{"embeddable":true,"href":"https:\/\/www.copealcoy.es\/es\/wp-json\/wp\/v2\/comments?post=34658"}],"version-history":[{"count":0,"href":"https:\/\/www.copealcoy.es\/es\/wp-json\/wp\/v2\/posts\/34658\/revisions"}],"wp:featuredmedia":[{"embeddable":true,"href":"https:\/\/www.copealcoy.es\/es\/wp-json\/wp\/v2\/media\/32852"}],"wp:attachment":[{"href":"https:\/\/www.copealcoy.es\/es\/wp-json\/wp\/v2\/media?parent=34658"}],"wp:term":[{"taxonomy":"category","embeddable":true,"href":"https:\/\/www.copealcoy.es\/es\/wp-json\/wp\/v2\/categories?post=34658"},{"taxonomy":"post_tag","embeddable":true,"href":"https:\/\/www.copealcoy.es\/es\/wp-json\/wp\/v2\/tags?post=34658"}],"curies":[{"name":"wp","href":"https:\/\/api.w.org\/{rel}","templated":true}]}}