{"id":34638,"date":"2017-08-22T18:24:28","date_gmt":"2017-08-22T18:24:28","guid":{"rendered":"http:\/\/copealcoi.es\/new\/?p=34638"},"modified":"2017-08-22T18:24:28","modified_gmt":"2017-08-22T18:24:28","slug":"un-informe-para-certificar-la-seguridad-de-la-ladera-de-la-beniata","status":"publish","type":"post","link":"https:\/\/www.copealcoy.es\/es\/un-informe-para-certificar-la-seguridad-de-la-ladera-de-la-beniata\/","title":{"rendered":"Un informe para certificar la seguridad de la ladera de la Beniata"},"content":{"rendered":"<p style=\"text-align: justify;\">Alcoy <strong>sigue esperando la reapertura del carril<\/strong> que lleva cortado en la Beniata desde el pasado invierno. Recordar que a finales de junio <strong>concluy\u00f3 la construcci\u00f3n del muro de contenci\u00f3n de la ladera<\/strong> que persigue <strong>evitar m\u00e1s desprendimientos de la zona<\/strong> como los sucedidos en enero tras los temporales de lluvia, viento y nieve.<\/p>\n<p style=\"text-align: justify;\">El Ministerio de Fomento ha exigido al Ayuntamiento de Alcoy que <strong>garantice la seguridad antes de autorizar la apertura del segundo carril de la Beniata<\/strong>. Por ese motivo, el Consistorio ha encargado <strong>un estudio<\/strong> que tiene que certificar que el muro construido en la citada ladera de la Beniata es seguro y <strong>puede prevenir de un eventual desprendimiento<\/strong> hacia la carretera en caso de nuevos temporales. Manolo Gomicia, <strong>concejal de Urbanismo en el Ayuntamiento de Alcoy<\/strong>, explicaba en Mediod\u00eda COPE ALCOY que el informe <strong>se est\u00e1 redactando en estos momentos<\/strong> &#8220;<em>ha comenzado ya el estudio y estamos a la espera de conocer los resultados. El objetivo de este informe pasa por contar con la m\u00e1xima seguridad\u00a0de que no habr\u00e1 m\u00e1s desprendimientos en la ladera teniendo en cuenta que septiembre y octubre son meses en los que puede producirse gota fr\u00eda. Si todo es favorable se podr\u00eda abrir el carril sin problemas<\/em>&#8220;, afirma el edil.<\/p>\n<p style=\"text-align: justify;\">Se\u00f1alar que en los \u00faltimos d\u00edas <strong>se est\u00e1 plantando vegetaci\u00f3n<\/strong> para reducir el impacto visual de este muro.<\/p>\n<p style=\"text-align: justify;\"><strong>Ciudadanos pide celeridad en el proceso\u00a0<\/strong><\/p>\n<p style=\"text-align: justify;\">El <strong>Grupo Municipal de Ciudadanos<\/strong> tambi\u00e9n se ha\u00a0referido a esta cuesti\u00f3n y destacan que el citado estudio <strong>pod\u00eda haberse encargado con antelaci\u00f3n<\/strong> para evitar m\u00e1s <strong>demoras en la apertura de este vial al tr\u00e1fico<\/strong>. Desde la formaci\u00f3n naranja expresan su preocupaci\u00f3n por la duraci\u00f3n de este estudio y <strong>exigen explicaciones<\/strong> ante la imposibilidad de abrir todav\u00eda el carril cerrado en la Beniata &#8220;<em>desde Ciudadanos no entendemos por qu\u00e9 no se ha previsto con antelaci\u00f3n el estudio que garantice dicha seguridad. C\u00f3mo es posible que un estudio de urgencia pueda tardar un mes, sabiendo los graves problemas de tr\u00e1fico que se avecinan en unos pocos d\u00eda<\/em>s&#8221;, detalla el edil, <strong>Jos\u00e9 Miguel Antol\u00ed<\/strong>.<\/p>\n","protected":false},"excerpt":{"rendered":"<p>Alcoy sigue esperando la reapertura del carril que lleva cortado en la Beniata desde el pasado invierno. Recordar que a&#8230;<\/p>\n","protected":false},"author":1,"featured_media":32521,"comment_status":"open","ping_status":"open","sticky":false,"template":"","format":"standard","meta":{"footnotes":""},"categories":[97,75,125],"tags":[1494,1044,2018,3613,1871,367,401],"class_list":["post-34638","post","type-post","status-publish","format-standard","has-post-thumbnail","hentry","category-alcoy","category-noticias","category-portada","tag-alcoy","tag-beniata","tag-informe","tag-ladera","tag-manolo-gomicia","tag-seguridad","tag-trafico"],"yoast_head":"<!-- This site is optimized with the Yoast SEO plugin v27.3 - https:\/\/yoast.com\/product\/yoast-seo-wordpress\/ -->\n<title>Un informe para certificar la seguridad de la ladera de la Beniata - COPE Alcoy<\/title>\n<meta name=\"robots\" content=\"index, follow, max-snippet:-1, max-image-preview:large, max-video-preview:-1\" \/>\n<link rel=\"canonical\" href=\"https:\/\/www.copealcoy.es\/es\/un-informe-para-certificar-la-seguridad-de-la-ladera-de-la-beniata\/\" \/>\n<meta property=\"og:locale\" content=\"es_ES\" \/>\n<meta property=\"og:type\" content=\"article\" \/>\n<meta property=\"og:title\" content=\"Un informe para certificar la seguridad de la ladera de la Beniata - COPE Alcoy\" \/>\n<meta property=\"og:description\" content=\"Alcoy sigue esperando la reapertura del carril que lleva cortado en la Beniata desde el pasado invierno. Recordar que a...\" \/>\n<meta property=\"og:url\" content=\"https:\/\/www.copealcoy.es\/es\/un-informe-para-certificar-la-seguridad-de-la-ladera-de-la-beniata\/\" \/>\n<meta property=\"og:site_name\" content=\"COPE Alcoy\" \/>\n<meta property=\"article:published_time\" content=\"2017-08-22T18:24:28+00:00\" \/>\n<meta property=\"og:image\" content=\"https:\/\/www.copealcoy.es\/wp-content\/uploads\/2017\/06\/IMG_9219-e1496762653222.jpg\" \/>\n\t<meta property=\"og:image:width\" content=\"1592\" \/>\n\t<meta property=\"og:image:height\" content=\"928\" \/>\n\t<meta property=\"og:image:type\" content=\"image\/jpeg\" \/>\n<meta name=\"author\" content=\"Cope Alcoy\" \/>\n<meta name=\"twitter:label1\" content=\"Escrito por\" \/>\n\t<meta name=\"twitter:data1\" content=\"Cope Alcoy\" \/>\n\t<meta name=\"twitter:label2\" content=\"Tiempo de lectura\" \/>\n\t<meta name=\"twitter:data2\" content=\"2 minutos\" \/>\n<script type=\"application\/ld+json\" class=\"yoast-schema-graph\">{\"@context\":\"https:\\\/\\\/schema.org\",\"@graph\":[{\"@type\":\"Article\",\"@id\":\"https:\\\/\\\/www.copealcoy.es\\\/es\\\/un-informe-para-certificar-la-seguridad-de-la-ladera-de-la-beniata\\\/#article\",\"isPartOf\":{\"@id\":\"https:\\\/\\\/www.copealcoy.es\\\/es\\\/un-informe-para-certificar-la-seguridad-de-la-ladera-de-la-beniata\\\/\"},\"author\":{\"name\":\"Cope Alcoy\",\"@id\":\"https:\\\/\\\/www.copealcoy.es\\\/es\\\/#\\\/schema\\\/person\\\/e777c87fa024e57d40170af9df39882c\"},\"headline\":\"Un informe para certificar la seguridad de la ladera de la Beniata\",\"datePublished\":\"2017-08-22T18:24:28+00:00\",\"mainEntityOfPage\":{\"@id\":\"https:\\\/\\\/www.copealcoy.es\\\/es\\\/un-informe-para-certificar-la-seguridad-de-la-ladera-de-la-beniata\\\/\"},\"wordCount\":382,\"commentCount\":0,\"image\":{\"@id\":\"https:\\\/\\\/www.copealcoy.es\\\/es\\\/un-informe-para-certificar-la-seguridad-de-la-ladera-de-la-beniata\\\/#primaryimage\"},\"thumbnailUrl\":\"https:\\\/\\\/www.copealcoy.es\\\/wp-content\\\/uploads\\\/2017\\\/06\\\/IMG_9219-e1496762653222.jpg\",\"keywords\":[\"Alcoy\",\"Beniata\",\"Informe\",\"ladera\",\"Manolo Gomicia\",\"Seguridad\",\"Tr\u00e1fico\"],\"articleSection\":[\"Alcoy\",\"Noticias\",\"Portada\"],\"inLanguage\":\"es\"},{\"@type\":\"WebPage\",\"@id\":\"https:\\\/\\\/www.copealcoy.es\\\/es\\\/un-informe-para-certificar-la-seguridad-de-la-ladera-de-la-beniata\\\/\",\"url\":\"https:\\\/\\\/www.copealcoy.es\\\/es\\\/un-informe-para-certificar-la-seguridad-de-la-ladera-de-la-beniata\\\/\",\"name\":\"Un informe para certificar la seguridad de la ladera de la Beniata - COPE Alcoy\",\"isPartOf\":{\"@id\":\"https:\\\/\\\/www.copealcoy.es\\\/es\\\/#website\"},\"primaryImageOfPage\":{\"@id\":\"https:\\\/\\\/www.copealcoy.es\\\/es\\\/un-informe-para-certificar-la-seguridad-de-la-ladera-de-la-beniata\\\/#primaryimage\"},\"image\":{\"@id\":\"https:\\\/\\\/www.copealcoy.es\\\/es\\\/un-informe-para-certificar-la-seguridad-de-la-ladera-de-la-beniata\\\/#primaryimage\"},\"thumbnailUrl\":\"https:\\\/\\\/www.copealcoy.es\\\/wp-content\\\/uploads\\\/2017\\\/06\\\/IMG_9219-e1496762653222.jpg\",\"datePublished\":\"2017-08-22T18:24:28+00:00\",\"author\":{\"@id\":\"https:\\\/\\\/www.copealcoy.es\\\/es\\\/#\\\/schema\\\/person\\\/e777c87fa024e57d40170af9df39882c\"},\"breadcrumb\":{\"@id\":\"https:\\\/\\\/www.copealcoy.es\\\/es\\\/un-informe-para-certificar-la-seguridad-de-la-ladera-de-la-beniata\\\/#breadcrumb\"},\"inLanguage\":\"es\",\"potentialAction\":[{\"@type\":\"ReadAction\",\"target\":[\"https:\\\/\\\/www.copealcoy.es\\\/es\\\/un-informe-para-certificar-la-seguridad-de-la-ladera-de-la-beniata\\\/\"]}]},{\"@type\":\"ImageObject\",\"inLanguage\":\"es\",\"@id\":\"https:\\\/\\\/www.copealcoy.es\\\/es\\\/un-informe-para-certificar-la-seguridad-de-la-ladera-de-la-beniata\\\/#primaryimage\",\"url\":\"https:\\\/\\\/www.copealcoy.es\\\/wp-content\\\/uploads\\\/2017\\\/06\\\/IMG_9219-e1496762653222.jpg\",\"contentUrl\":\"https:\\\/\\\/www.copealcoy.es\\\/wp-content\\\/uploads\\\/2017\\\/06\\\/IMG_9219-e1496762653222.jpg\",\"width\":1592,\"height\":928,\"caption\":\"Los trabajos han empezado esta semana\"},{\"@type\":\"BreadcrumbList\",\"@id\":\"https:\\\/\\\/www.copealcoy.es\\\/es\\\/un-informe-para-certificar-la-seguridad-de-la-ladera-de-la-beniata\\\/#breadcrumb\",\"itemListElement\":[{\"@type\":\"ListItem\",\"position\":1,\"name\":\"Portada\",\"item\":\"https:\\\/\\\/www.copealcoy.es\\\/es\\\/\"},{\"@type\":\"ListItem\",\"position\":2,\"name\":\"Un informe para certificar la seguridad de la ladera de la Beniata\"}]},{\"@type\":\"WebSite\",\"@id\":\"https:\\\/\\\/www.copealcoy.es\\\/es\\\/#website\",\"url\":\"https:\\\/\\\/www.copealcoy.es\\\/es\\\/\",\"name\":\"COPE Alcoy\",\"description\":\"Emisora COPE de radio local con emisi\u00f3n online. Pont de Sant Jordi 8-10 03803 Alcoy\",\"potentialAction\":[{\"@type\":\"SearchAction\",\"target\":{\"@type\":\"EntryPoint\",\"urlTemplate\":\"https:\\\/\\\/www.copealcoy.es\\\/es\\\/?s={search_term_string}\"},\"query-input\":{\"@type\":\"PropertyValueSpecification\",\"valueRequired\":true,\"valueName\":\"search_term_string\"}}],\"inLanguage\":\"es\"},{\"@type\":\"Person\",\"@id\":\"https:\\\/\\\/www.copealcoy.es\\\/es\\\/#\\\/schema\\\/person\\\/e777c87fa024e57d40170af9df39882c\",\"name\":\"Cope Alcoy\",\"image\":{\"@type\":\"ImageObject\",\"inLanguage\":\"es\",\"@id\":\"https:\\\/\\\/secure.gravatar.com\\\/avatar\\\/bb65d0283347e303893ba14f0692005417c1e0e690a325a4c5d8bb2b3943ee14?s=96&d=mm&r=g\",\"url\":\"https:\\\/\\\/secure.gravatar.com\\\/avatar\\\/bb65d0283347e303893ba14f0692005417c1e0e690a325a4c5d8bb2b3943ee14?s=96&d=mm&r=g\",\"contentUrl\":\"https:\\\/\\\/secure.gravatar.com\\\/avatar\\\/bb65d0283347e303893ba14f0692005417c1e0e690a325a4c5d8bb2b3943ee14?s=96&d=mm&r=g\",\"caption\":\"Cope Alcoy\"}}]}<\/script>\n<!-- \/ Yoast SEO plugin. -->","yoast_head_json":{"title":"Un informe para certificar la seguridad de la ladera de la Beniata - COPE Alcoy","robots":{"index":"index","follow":"follow","max-snippet":"max-snippet:-1","max-image-preview":"max-image-preview:large","max-video-preview":"max-video-preview:-1"},"canonical":"https:\/\/www.copealcoy.es\/es\/un-informe-para-certificar-la-seguridad-de-la-ladera-de-la-beniata\/","og_locale":"es_ES","og_type":"article","og_title":"Un informe para certificar la seguridad de la ladera de la Beniata - COPE Alcoy","og_description":"Alcoy sigue esperando la reapertura del carril que lleva cortado en la Beniata desde el pasado invierno. Recordar que a...","og_url":"https:\/\/www.copealcoy.es\/es\/un-informe-para-certificar-la-seguridad-de-la-ladera-de-la-beniata\/","og_site_name":"COPE Alcoy","article_published_time":"2017-08-22T18:24:28+00:00","og_image":[{"width":1592,"height":928,"url":"https:\/\/www.copealcoy.es\/wp-content\/uploads\/2017\/06\/IMG_9219-e1496762653222.jpg","type":"image\/jpeg"}],"author":"Cope Alcoy","twitter_misc":{"Escrito por":"Cope Alcoy","Tiempo de lectura":"2 minutos"},"schema":{"@context":"https:\/\/schema.org","@graph":[{"@type":"Article","@id":"https:\/\/www.copealcoy.es\/es\/un-informe-para-certificar-la-seguridad-de-la-ladera-de-la-beniata\/#article","isPartOf":{"@id":"https:\/\/www.copealcoy.es\/es\/un-informe-para-certificar-la-seguridad-de-la-ladera-de-la-beniata\/"},"author":{"name":"Cope Alcoy","@id":"https:\/\/www.copealcoy.es\/es\/#\/schema\/person\/e777c87fa024e57d40170af9df39882c"},"headline":"Un informe para certificar la seguridad de la ladera de la Beniata","datePublished":"2017-08-22T18:24:28+00:00","mainEntityOfPage":{"@id":"https:\/\/www.copealcoy.es\/es\/un-informe-para-certificar-la-seguridad-de-la-ladera-de-la-beniata\/"},"wordCount":382,"commentCount":0,"image":{"@id":"https:\/\/www.copealcoy.es\/es\/un-informe-para-certificar-la-seguridad-de-la-ladera-de-la-beniata\/#primaryimage"},"thumbnailUrl":"https:\/\/www.copealcoy.es\/wp-content\/uploads\/2017\/06\/IMG_9219-e1496762653222.jpg","keywords":["Alcoy","Beniata","Informe","ladera","Manolo Gomicia","Seguridad","Tr\u00e1fico"],"articleSection":["Alcoy","Noticias","Portada"],"inLanguage":"es"},{"@type":"WebPage","@id":"https:\/\/www.copealcoy.es\/es\/un-informe-para-certificar-la-seguridad-de-la-ladera-de-la-beniata\/","url":"https:\/\/www.copealcoy.es\/es\/un-informe-para-certificar-la-seguridad-de-la-ladera-de-la-beniata\/","name":"Un informe para certificar la seguridad de la ladera de la Beniata - COPE Alcoy","isPartOf":{"@id":"https:\/\/www.copealcoy.es\/es\/#website"},"primaryImageOfPage":{"@id":"https:\/\/www.copealcoy.es\/es\/un-informe-para-certificar-la-seguridad-de-la-ladera-de-la-beniata\/#primaryimage"},"image":{"@id":"https:\/\/www.copealcoy.es\/es\/un-informe-para-certificar-la-seguridad-de-la-ladera-de-la-beniata\/#primaryimage"},"thumbnailUrl":"https:\/\/www.copealcoy.es\/wp-content\/uploads\/2017\/06\/IMG_9219-e1496762653222.jpg","datePublished":"2017-08-22T18:24:28+00:00","author":{"@id":"https:\/\/www.copealcoy.es\/es\/#\/schema\/person\/e777c87fa024e57d40170af9df39882c"},"breadcrumb":{"@id":"https:\/\/www.copealcoy.es\/es\/un-informe-para-certificar-la-seguridad-de-la-ladera-de-la-beniata\/#breadcrumb"},"inLanguage":"es","potentialAction":[{"@type":"ReadAction","target":["https:\/\/www.copealcoy.es\/es\/un-informe-para-certificar-la-seguridad-de-la-ladera-de-la-beniata\/"]}]},{"@type":"ImageObject","inLanguage":"es","@id":"https:\/\/www.copealcoy.es\/es\/un-informe-para-certificar-la-seguridad-de-la-ladera-de-la-beniata\/#primaryimage","url":"https:\/\/www.copealcoy.es\/wp-content\/uploads\/2017\/06\/IMG_9219-e1496762653222.jpg","contentUrl":"https:\/\/www.copealcoy.es\/wp-content\/uploads\/2017\/06\/IMG_9219-e1496762653222.jpg","width":1592,"height":928,"caption":"Los trabajos han empezado esta semana"},{"@type":"BreadcrumbList","@id":"https:\/\/www.copealcoy.es\/es\/un-informe-para-certificar-la-seguridad-de-la-ladera-de-la-beniata\/#breadcrumb","itemListElement":[{"@type":"ListItem","position":1,"name":"Portada","item":"https:\/\/www.copealcoy.es\/es\/"},{"@type":"ListItem","position":2,"name":"Un informe para certificar la seguridad de la ladera de la Beniata"}]},{"@type":"WebSite","@id":"https:\/\/www.copealcoy.es\/es\/#website","url":"https:\/\/www.copealcoy.es\/es\/","name":"COPE Alcoy","description":"Emisora COPE de radio local con emisi\u00f3n online. Pont de Sant Jordi 8-10 03803 Alcoy","potentialAction":[{"@type":"SearchAction","target":{"@type":"EntryPoint","urlTemplate":"https:\/\/www.copealcoy.es\/es\/?s={search_term_string}"},"query-input":{"@type":"PropertyValueSpecification","valueRequired":true,"valueName":"search_term_string"}}],"inLanguage":"es"},{"@type":"Person","@id":"https:\/\/www.copealcoy.es\/es\/#\/schema\/person\/e777c87fa024e57d40170af9df39882c","name":"Cope Alcoy","image":{"@type":"ImageObject","inLanguage":"es","@id":"https:\/\/secure.gravatar.com\/avatar\/bb65d0283347e303893ba14f0692005417c1e0e690a325a4c5d8bb2b3943ee14?s=96&d=mm&r=g","url":"https:\/\/secure.gravatar.com\/avatar\/bb65d0283347e303893ba14f0692005417c1e0e690a325a4c5d8bb2b3943ee14?s=96&d=mm&r=g","contentUrl":"https:\/\/secure.gravatar.com\/avatar\/bb65d0283347e303893ba14f0692005417c1e0e690a325a4c5d8bb2b3943ee14?s=96&d=mm&r=g","caption":"Cope Alcoy"}}]}},"_links":{"self":[{"href":"https:\/\/www.copealcoy.es\/es\/wp-json\/wp\/v2\/posts\/34638","targetHints":{"allow":["GET"]}}],"collection":[{"href":"https:\/\/www.copealcoy.es\/es\/wp-json\/wp\/v2\/posts"}],"about":[{"href":"https:\/\/www.copealcoy.es\/es\/wp-json\/wp\/v2\/types\/post"}],"author":[{"embeddable":true,"href":"https:\/\/www.copealcoy.es\/es\/wp-json\/wp\/v2\/users\/1"}],"replies":[{"embeddable":true,"href":"https:\/\/www.copealcoy.es\/es\/wp-json\/wp\/v2\/comments?post=34638"}],"version-history":[{"count":0,"href":"https:\/\/www.copealcoy.es\/es\/wp-json\/wp\/v2\/posts\/34638\/revisions"}],"wp:featuredmedia":[{"embeddable":true,"href":"https:\/\/www.copealcoy.es\/es\/wp-json\/wp\/v2\/media\/32521"}],"wp:attachment":[{"href":"https:\/\/www.copealcoy.es\/es\/wp-json\/wp\/v2\/media?parent=34638"}],"wp:term":[{"taxonomy":"category","embeddable":true,"href":"https:\/\/www.copealcoy.es\/es\/wp-json\/wp\/v2\/categories?post=34638"},{"taxonomy":"post_tag","embeddable":true,"href":"https:\/\/www.copealcoy.es\/es\/wp-json\/wp\/v2\/tags?post=34638"}],"curies":[{"name":"wp","href":"https:\/\/api.w.org\/{rel}","templated":true}]}}