{"id":34632,"date":"2017-08-22T12:23:25","date_gmt":"2017-08-22T12:23:25","guid":{"rendered":"http:\/\/copealcoi.es\/new\/?p=34632"},"modified":"2017-08-23T06:34:33","modified_gmt":"2017-08-23T06:34:33","slug":"la-asociacion-san-jorge-prepara-particular-homenaje-joan-valls","status":"publish","type":"post","link":"https:\/\/www.copealcoy.es\/es\/la-asociacion-san-jorge-prepara-particular-homenaje-joan-valls\/","title":{"rendered":"La Asociaci\u00f3n de San Jorge prepara su particular homenaje a Joan Valls"},"content":{"rendered":"<p style=\"text-align: justify;\">La <strong>Asociaci\u00f3n de San Jorge<\/strong> se sumar\u00e1 a <strong>las conmemoraciones del centenario del nacimiento del poeta Joan Valls<\/strong> con una <strong>representaci\u00f3n extraordinaria de la Embajada Cristiana<\/strong> que tendr\u00e1 lugar el 30 de septiembre. La cita ser\u00e1 por la tarde en la <strong>Torre Na Valora,\u00a0<\/strong>una de las antiguas torres de las murallas medievales que circundaban la ciudad de Alcoy, y que en esta jornada <strong>se engalanar\u00e1<\/strong> especialmente para la ocasi\u00f3n.<\/p>\n<p style=\"text-align: justify;\">Recordar que <strong>Joan Valls adapt\u00f3 la m\u00e9trica de las Embajadas<\/strong>, de autor desconocido, y <strong>las tradujo al Valenciano<\/strong> hace cincuenta a\u00f1os. No obstante el d\u00eda del Alardo, son declamadas siempre en castellano <strong>a excepci\u00f3n del &#8216;Prec a Sant Jordi&#8217;<\/strong>; que recita el Embajador Cristiano en Valenciano <strong>en el momento en el que inicia su parlamento ante el Castillo<\/strong> situado en la Plaza de Espa\u00f1a. Este momento es uno de los m\u00e1s significativos\u00a0de las Embajadas y <strong>suele despertar la emoci\u00f3n de los alcoyanos<\/strong> y visitantes que contemplan el acto.<\/p>\n<p style=\"text-align: justify;\">La representaci\u00f3n extraordinaria de <strong>la Embajada Cristiana<\/strong> estar\u00e1 dirigida por nuestro compa\u00f1ero y conductor del programa semanal\u00a0de COPE ALCOY\u00a0<strong>#LaNostraFesta<\/strong>, <strong>Carlos Tal\u00e9ns<\/strong>, y contar\u00e1 con la participaci\u00f3n de los actuales Embajadores: <strong>Ricard Sanz<\/strong> (cristiano) y <strong>Juan Javier Gisbert<\/strong> (moro). Adem\u00e1s se contar\u00e1 con la colaboraci\u00f3n de La Nova d\u00b4 Alcoi que interpretar\u00e1 diferentes piezas de m\u00fasica festera.<\/p>\n<p>&nbsp;<\/p>\n<p>&nbsp;<\/p>\n","protected":false},"excerpt":{"rendered":"<p>La Asociaci\u00f3n de San Jorge se sumar\u00e1 a las conmemoraciones del centenario del nacimiento del poeta Joan Valls con una&#8230;<\/p>\n","protected":false},"author":1,"featured_media":34633,"comment_status":"open","ping_status":"open","sticky":false,"template":"","format":"standard","meta":{"footnotes":""},"categories":[97,78,75],"tags":[1494,1771,4010,4035,901,2580],"class_list":["post-34632","post","type-post","status-publish","format-standard","has-post-thumbnail","hentry","category-alcoy","category-fiestaycultura","category-noticias","tag-alcoy","tag-asociacion-de-san-jorge","tag-carlos-talens","tag-embajada-cristiana","tag-homenaje","tag-joan-valls"],"yoast_head":"<!-- This site is optimized with the Yoast SEO plugin v27.3 - https:\/\/yoast.com\/product\/yoast-seo-wordpress\/ -->\n<title>La Asociaci\u00f3n de San Jorge prepara su particular homenaje a Joan Valls - COPE Alcoy<\/title>\n<meta name=\"robots\" content=\"index, follow, max-snippet:-1, max-image-preview:large, max-video-preview:-1\" \/>\n<link rel=\"canonical\" href=\"https:\/\/www.copealcoy.es\/es\/la-asociacion-san-jorge-prepara-particular-homenaje-joan-valls\/\" \/>\n<meta property=\"og:locale\" content=\"es_ES\" \/>\n<meta property=\"og:type\" content=\"article\" \/>\n<meta property=\"og:title\" content=\"La Asociaci\u00f3n de San Jorge prepara su particular homenaje a Joan Valls - COPE Alcoy\" \/>\n<meta property=\"og:description\" content=\"La Asociaci\u00f3n de San Jorge se sumar\u00e1 a las conmemoraciones del centenario del nacimiento del poeta Joan Valls con una...\" \/>\n<meta property=\"og:url\" content=\"https:\/\/www.copealcoy.es\/es\/la-asociacion-san-jorge-prepara-particular-homenaje-joan-valls\/\" \/>\n<meta property=\"og:site_name\" content=\"COPE Alcoy\" \/>\n<meta property=\"article:published_time\" content=\"2017-08-22T12:23:25+00:00\" \/>\n<meta property=\"article:modified_time\" content=\"2017-08-23T06:34:33+00:00\" \/>\n<meta property=\"og:image\" content=\"https:\/\/www.copealcoy.es\/wp-content\/uploads\/2017\/08\/21034401_10214435698874405_3738662309168692774_n.jpg\" \/>\n\t<meta property=\"og:image:width\" content=\"960\" \/>\n\t<meta property=\"og:image:height\" content=\"640\" \/>\n\t<meta property=\"og:image:type\" content=\"image\/jpeg\" \/>\n<meta name=\"author\" content=\"Cope Alcoy\" \/>\n<meta name=\"twitter:label1\" content=\"Escrito por\" \/>\n\t<meta name=\"twitter:data1\" content=\"Cope Alcoy\" \/>\n\t<meta name=\"twitter:label2\" content=\"Tiempo de lectura\" \/>\n\t<meta name=\"twitter:data2\" content=\"1 minuto\" \/>\n<script type=\"application\/ld+json\" class=\"yoast-schema-graph\">{\"@context\":\"https:\\\/\\\/schema.org\",\"@graph\":[{\"@type\":\"Article\",\"@id\":\"https:\\\/\\\/www.copealcoy.es\\\/es\\\/la-asociacion-san-jorge-prepara-particular-homenaje-joan-valls\\\/#article\",\"isPartOf\":{\"@id\":\"https:\\\/\\\/www.copealcoy.es\\\/es\\\/la-asociacion-san-jorge-prepara-particular-homenaje-joan-valls\\\/\"},\"author\":{\"name\":\"Cope Alcoy\",\"@id\":\"https:\\\/\\\/www.copealcoy.es\\\/es\\\/#\\\/schema\\\/person\\\/e777c87fa024e57d40170af9df39882c\"},\"headline\":\"La Asociaci\u00f3n de San Jorge prepara su particular homenaje a Joan Valls\",\"datePublished\":\"2017-08-22T12:23:25+00:00\",\"dateModified\":\"2017-08-23T06:34:33+00:00\",\"mainEntityOfPage\":{\"@id\":\"https:\\\/\\\/www.copealcoy.es\\\/es\\\/la-asociacion-san-jorge-prepara-particular-homenaje-joan-valls\\\/\"},\"wordCount\":248,\"commentCount\":0,\"image\":{\"@id\":\"https:\\\/\\\/www.copealcoy.es\\\/es\\\/la-asociacion-san-jorge-prepara-particular-homenaje-joan-valls\\\/#primaryimage\"},\"thumbnailUrl\":\"https:\\\/\\\/www.copealcoy.es\\\/wp-content\\\/uploads\\\/2017\\\/08\\\/21034401_10214435698874405_3738662309168692774_n.jpg\",\"keywords\":[\"Alcoy\",\"Asociaci\u00f3n de San Jorge\",\"Carlos Tal\u00e9ns\",\"embajada cristiana\",\"Homenaje\",\"Joan Valls\"],\"articleSection\":[\"Alcoy\",\"Fiesta y Cultura\",\"Noticias\"],\"inLanguage\":\"es\"},{\"@type\":\"WebPage\",\"@id\":\"https:\\\/\\\/www.copealcoy.es\\\/es\\\/la-asociacion-san-jorge-prepara-particular-homenaje-joan-valls\\\/\",\"url\":\"https:\\\/\\\/www.copealcoy.es\\\/es\\\/la-asociacion-san-jorge-prepara-particular-homenaje-joan-valls\\\/\",\"name\":\"La Asociaci\u00f3n de San Jorge prepara su particular homenaje a Joan Valls - COPE Alcoy\",\"isPartOf\":{\"@id\":\"https:\\\/\\\/www.copealcoy.es\\\/es\\\/#website\"},\"primaryImageOfPage\":{\"@id\":\"https:\\\/\\\/www.copealcoy.es\\\/es\\\/la-asociacion-san-jorge-prepara-particular-homenaje-joan-valls\\\/#primaryimage\"},\"image\":{\"@id\":\"https:\\\/\\\/www.copealcoy.es\\\/es\\\/la-asociacion-san-jorge-prepara-particular-homenaje-joan-valls\\\/#primaryimage\"},\"thumbnailUrl\":\"https:\\\/\\\/www.copealcoy.es\\\/wp-content\\\/uploads\\\/2017\\\/08\\\/21034401_10214435698874405_3738662309168692774_n.jpg\",\"datePublished\":\"2017-08-22T12:23:25+00:00\",\"dateModified\":\"2017-08-23T06:34:33+00:00\",\"author\":{\"@id\":\"https:\\\/\\\/www.copealcoy.es\\\/es\\\/#\\\/schema\\\/person\\\/e777c87fa024e57d40170af9df39882c\"},\"breadcrumb\":{\"@id\":\"https:\\\/\\\/www.copealcoy.es\\\/es\\\/la-asociacion-san-jorge-prepara-particular-homenaje-joan-valls\\\/#breadcrumb\"},\"inLanguage\":\"es\",\"potentialAction\":[{\"@type\":\"ReadAction\",\"target\":[\"https:\\\/\\\/www.copealcoy.es\\\/es\\\/la-asociacion-san-jorge-prepara-particular-homenaje-joan-valls\\\/\"]}]},{\"@type\":\"ImageObject\",\"inLanguage\":\"es\",\"@id\":\"https:\\\/\\\/www.copealcoy.es\\\/es\\\/la-asociacion-san-jorge-prepara-particular-homenaje-joan-valls\\\/#primaryimage\",\"url\":\"https:\\\/\\\/www.copealcoy.es\\\/wp-content\\\/uploads\\\/2017\\\/08\\\/21034401_10214435698874405_3738662309168692774_n.jpg\",\"contentUrl\":\"https:\\\/\\\/www.copealcoy.es\\\/wp-content\\\/uploads\\\/2017\\\/08\\\/21034401_10214435698874405_3738662309168692774_n.jpg\",\"width\":960,\"height\":640},{\"@type\":\"BreadcrumbList\",\"@id\":\"https:\\\/\\\/www.copealcoy.es\\\/es\\\/la-asociacion-san-jorge-prepara-particular-homenaje-joan-valls\\\/#breadcrumb\",\"itemListElement\":[{\"@type\":\"ListItem\",\"position\":1,\"name\":\"Portada\",\"item\":\"https:\\\/\\\/www.copealcoy.es\\\/es\\\/\"},{\"@type\":\"ListItem\",\"position\":2,\"name\":\"La Asociaci\u00f3n de San Jorge prepara su particular homenaje a Joan Valls\"}]},{\"@type\":\"WebSite\",\"@id\":\"https:\\\/\\\/www.copealcoy.es\\\/es\\\/#website\",\"url\":\"https:\\\/\\\/www.copealcoy.es\\\/es\\\/\",\"name\":\"COPE Alcoy\",\"description\":\"Emisora COPE de radio local con emisi\u00f3n online. Pont de Sant Jordi 8-10 03803 Alcoy\",\"potentialAction\":[{\"@type\":\"SearchAction\",\"target\":{\"@type\":\"EntryPoint\",\"urlTemplate\":\"https:\\\/\\\/www.copealcoy.es\\\/es\\\/?s={search_term_string}\"},\"query-input\":{\"@type\":\"PropertyValueSpecification\",\"valueRequired\":true,\"valueName\":\"search_term_string\"}}],\"inLanguage\":\"es\"},{\"@type\":\"Person\",\"@id\":\"https:\\\/\\\/www.copealcoy.es\\\/es\\\/#\\\/schema\\\/person\\\/e777c87fa024e57d40170af9df39882c\",\"name\":\"Cope Alcoy\",\"image\":{\"@type\":\"ImageObject\",\"inLanguage\":\"es\",\"@id\":\"https:\\\/\\\/secure.gravatar.com\\\/avatar\\\/bb65d0283347e303893ba14f0692005417c1e0e690a325a4c5d8bb2b3943ee14?s=96&d=mm&r=g\",\"url\":\"https:\\\/\\\/secure.gravatar.com\\\/avatar\\\/bb65d0283347e303893ba14f0692005417c1e0e690a325a4c5d8bb2b3943ee14?s=96&d=mm&r=g\",\"contentUrl\":\"https:\\\/\\\/secure.gravatar.com\\\/avatar\\\/bb65d0283347e303893ba14f0692005417c1e0e690a325a4c5d8bb2b3943ee14?s=96&d=mm&r=g\",\"caption\":\"Cope Alcoy\"}}]}<\/script>\n<!-- \/ Yoast SEO plugin. -->","yoast_head_json":{"title":"La Asociaci\u00f3n de San Jorge prepara su particular homenaje a Joan Valls - COPE Alcoy","robots":{"index":"index","follow":"follow","max-snippet":"max-snippet:-1","max-image-preview":"max-image-preview:large","max-video-preview":"max-video-preview:-1"},"canonical":"https:\/\/www.copealcoy.es\/es\/la-asociacion-san-jorge-prepara-particular-homenaje-joan-valls\/","og_locale":"es_ES","og_type":"article","og_title":"La Asociaci\u00f3n de San Jorge prepara su particular homenaje a Joan Valls - COPE Alcoy","og_description":"La Asociaci\u00f3n de San Jorge se sumar\u00e1 a las conmemoraciones del centenario del nacimiento del poeta Joan Valls con una...","og_url":"https:\/\/www.copealcoy.es\/es\/la-asociacion-san-jorge-prepara-particular-homenaje-joan-valls\/","og_site_name":"COPE Alcoy","article_published_time":"2017-08-22T12:23:25+00:00","article_modified_time":"2017-08-23T06:34:33+00:00","og_image":[{"width":960,"height":640,"url":"https:\/\/www.copealcoy.es\/wp-content\/uploads\/2017\/08\/21034401_10214435698874405_3738662309168692774_n.jpg","type":"image\/jpeg"}],"author":"Cope Alcoy","twitter_misc":{"Escrito por":"Cope Alcoy","Tiempo de lectura":"1 minuto"},"schema":{"@context":"https:\/\/schema.org","@graph":[{"@type":"Article","@id":"https:\/\/www.copealcoy.es\/es\/la-asociacion-san-jorge-prepara-particular-homenaje-joan-valls\/#article","isPartOf":{"@id":"https:\/\/www.copealcoy.es\/es\/la-asociacion-san-jorge-prepara-particular-homenaje-joan-valls\/"},"author":{"name":"Cope Alcoy","@id":"https:\/\/www.copealcoy.es\/es\/#\/schema\/person\/e777c87fa024e57d40170af9df39882c"},"headline":"La Asociaci\u00f3n de San Jorge prepara su particular homenaje a Joan Valls","datePublished":"2017-08-22T12:23:25+00:00","dateModified":"2017-08-23T06:34:33+00:00","mainEntityOfPage":{"@id":"https:\/\/www.copealcoy.es\/es\/la-asociacion-san-jorge-prepara-particular-homenaje-joan-valls\/"},"wordCount":248,"commentCount":0,"image":{"@id":"https:\/\/www.copealcoy.es\/es\/la-asociacion-san-jorge-prepara-particular-homenaje-joan-valls\/#primaryimage"},"thumbnailUrl":"https:\/\/www.copealcoy.es\/wp-content\/uploads\/2017\/08\/21034401_10214435698874405_3738662309168692774_n.jpg","keywords":["Alcoy","Asociaci\u00f3n de San Jorge","Carlos Tal\u00e9ns","embajada cristiana","Homenaje","Joan Valls"],"articleSection":["Alcoy","Fiesta y Cultura","Noticias"],"inLanguage":"es"},{"@type":"WebPage","@id":"https:\/\/www.copealcoy.es\/es\/la-asociacion-san-jorge-prepara-particular-homenaje-joan-valls\/","url":"https:\/\/www.copealcoy.es\/es\/la-asociacion-san-jorge-prepara-particular-homenaje-joan-valls\/","name":"La Asociaci\u00f3n de San Jorge prepara su particular homenaje a Joan Valls - COPE Alcoy","isPartOf":{"@id":"https:\/\/www.copealcoy.es\/es\/#website"},"primaryImageOfPage":{"@id":"https:\/\/www.copealcoy.es\/es\/la-asociacion-san-jorge-prepara-particular-homenaje-joan-valls\/#primaryimage"},"image":{"@id":"https:\/\/www.copealcoy.es\/es\/la-asociacion-san-jorge-prepara-particular-homenaje-joan-valls\/#primaryimage"},"thumbnailUrl":"https:\/\/www.copealcoy.es\/wp-content\/uploads\/2017\/08\/21034401_10214435698874405_3738662309168692774_n.jpg","datePublished":"2017-08-22T12:23:25+00:00","dateModified":"2017-08-23T06:34:33+00:00","author":{"@id":"https:\/\/www.copealcoy.es\/es\/#\/schema\/person\/e777c87fa024e57d40170af9df39882c"},"breadcrumb":{"@id":"https:\/\/www.copealcoy.es\/es\/la-asociacion-san-jorge-prepara-particular-homenaje-joan-valls\/#breadcrumb"},"inLanguage":"es","potentialAction":[{"@type":"ReadAction","target":["https:\/\/www.copealcoy.es\/es\/la-asociacion-san-jorge-prepara-particular-homenaje-joan-valls\/"]}]},{"@type":"ImageObject","inLanguage":"es","@id":"https:\/\/www.copealcoy.es\/es\/la-asociacion-san-jorge-prepara-particular-homenaje-joan-valls\/#primaryimage","url":"https:\/\/www.copealcoy.es\/wp-content\/uploads\/2017\/08\/21034401_10214435698874405_3738662309168692774_n.jpg","contentUrl":"https:\/\/www.copealcoy.es\/wp-content\/uploads\/2017\/08\/21034401_10214435698874405_3738662309168692774_n.jpg","width":960,"height":640},{"@type":"BreadcrumbList","@id":"https:\/\/www.copealcoy.es\/es\/la-asociacion-san-jorge-prepara-particular-homenaje-joan-valls\/#breadcrumb","itemListElement":[{"@type":"ListItem","position":1,"name":"Portada","item":"https:\/\/www.copealcoy.es\/es\/"},{"@type":"ListItem","position":2,"name":"La Asociaci\u00f3n de San Jorge prepara su particular homenaje a Joan Valls"}]},{"@type":"WebSite","@id":"https:\/\/www.copealcoy.es\/es\/#website","url":"https:\/\/www.copealcoy.es\/es\/","name":"COPE Alcoy","description":"Emisora COPE de radio local con emisi\u00f3n online. Pont de Sant Jordi 8-10 03803 Alcoy","potentialAction":[{"@type":"SearchAction","target":{"@type":"EntryPoint","urlTemplate":"https:\/\/www.copealcoy.es\/es\/?s={search_term_string}"},"query-input":{"@type":"PropertyValueSpecification","valueRequired":true,"valueName":"search_term_string"}}],"inLanguage":"es"},{"@type":"Person","@id":"https:\/\/www.copealcoy.es\/es\/#\/schema\/person\/e777c87fa024e57d40170af9df39882c","name":"Cope Alcoy","image":{"@type":"ImageObject","inLanguage":"es","@id":"https:\/\/secure.gravatar.com\/avatar\/bb65d0283347e303893ba14f0692005417c1e0e690a325a4c5d8bb2b3943ee14?s=96&d=mm&r=g","url":"https:\/\/secure.gravatar.com\/avatar\/bb65d0283347e303893ba14f0692005417c1e0e690a325a4c5d8bb2b3943ee14?s=96&d=mm&r=g","contentUrl":"https:\/\/secure.gravatar.com\/avatar\/bb65d0283347e303893ba14f0692005417c1e0e690a325a4c5d8bb2b3943ee14?s=96&d=mm&r=g","caption":"Cope Alcoy"}}]}},"_links":{"self":[{"href":"https:\/\/www.copealcoy.es\/es\/wp-json\/wp\/v2\/posts\/34632","targetHints":{"allow":["GET"]}}],"collection":[{"href":"https:\/\/www.copealcoy.es\/es\/wp-json\/wp\/v2\/posts"}],"about":[{"href":"https:\/\/www.copealcoy.es\/es\/wp-json\/wp\/v2\/types\/post"}],"author":[{"embeddable":true,"href":"https:\/\/www.copealcoy.es\/es\/wp-json\/wp\/v2\/users\/1"}],"replies":[{"embeddable":true,"href":"https:\/\/www.copealcoy.es\/es\/wp-json\/wp\/v2\/comments?post=34632"}],"version-history":[{"count":0,"href":"https:\/\/www.copealcoy.es\/es\/wp-json\/wp\/v2\/posts\/34632\/revisions"}],"wp:featuredmedia":[{"embeddable":true,"href":"https:\/\/www.copealcoy.es\/es\/wp-json\/wp\/v2\/media\/34633"}],"wp:attachment":[{"href":"https:\/\/www.copealcoy.es\/es\/wp-json\/wp\/v2\/media?parent=34632"}],"wp:term":[{"taxonomy":"category","embeddable":true,"href":"https:\/\/www.copealcoy.es\/es\/wp-json\/wp\/v2\/categories?post=34632"},{"taxonomy":"post_tag","embeddable":true,"href":"https:\/\/www.copealcoy.es\/es\/wp-json\/wp\/v2\/tags?post=34632"}],"curies":[{"name":"wp","href":"https:\/\/api.w.org\/{rel}","templated":true}]}}