{"id":34628,"date":"2017-08-22T17:19:31","date_gmt":"2017-08-22T17:19:31","guid":{"rendered":"http:\/\/copealcoi.es\/new\/?p=34628"},"modified":"2017-08-22T17:22:03","modified_gmt":"2017-08-22T17:22:03","slug":"cocentaina-recogio-mas-de-nueve-mil-kilos-de-ropa-y-calzado-durante-el-primer-semestre","status":"publish","type":"post","link":"https:\/\/www.copealcoy.es\/es\/cocentaina-recogio-mas-de-nueve-mil-kilos-de-ropa-y-calzado-durante-el-primer-semestre\/","title":{"rendered":"Cocentaina recogi\u00f3 m\u00e1s de nueve mil kilos de ropa y calzado durante el primer semestre"},"content":{"rendered":"<p style=\"text-align: justify;\">Cocentaina, a trav\u00e9s de las <strong>empresas Arropa Valencia y Koopera<\/strong><strong>, <\/strong>recogi\u00f3 un total de <strong>9.600 kilos de ropa usada y calzado<\/strong> durante <strong>los seis primeros meses de este a\u00f1o 2017<\/strong> en los <strong>ocho contenedores<\/strong> repartidos por diferentes puntos de la poblaci\u00f3n y tambi\u00e9n sus pedan\u00edas.<\/p>\n<p style=\"text-align: justify;\">Por meses, <strong>mayo es el que ha registrado un mayor volumen de recogida con 2.423 kilos<\/strong> y a este le sigue junio con 2.048 kilos, abril con 1.523, enero con 1.346, febrero con 1.240 y marzo con 1.016. Adem\u00e1s <strong>se han obtenido\u00a06.334 kilos de otras recogidas<\/strong> seg\u00fan informan desde el Consistorio contestano. <strong>Mireia Estepa<\/strong>, alcaldesa de Cocentaina, calificaba estos resultados en el Informativo Comarcal de COPE ALCOY como <strong>muy favorables<\/strong> &#8220;<em>porque demuestran que cada vez hay mayor solidaridad en la ciudadan\u00eda. Adem\u00e1s gracias a estos gestos se consiguen crear puestos de trabajo desde C\u00e1ritas para las personas que est\u00e1n en situaci\u00f3n de exclusi\u00f3n social<\/em>&#8220;, ha afirmado.<\/p>\n<p style=\"text-align: justify;\">Los contenedores de ropa usada y de calzado de Cocentaina <strong>se encuentran ubicados<\/strong> en las pedan\u00edas de <strong>L\u00b4Alc\u00fadia y Els Algars<\/strong>; tambi\u00e7en en la <strong>calle del Convento<\/strong>, <strong>Just SanSalvador<\/strong>, <strong>Font de la Edra<\/strong>, <strong>Pla\u00e7a El Tinte<\/strong>, <strong>Pla\u00e7a El Teular<\/strong> y <strong>Avinguda de X\u00e0tiva<\/strong>.<\/p>\n","protected":false},"excerpt":{"rendered":"<p>Cocentaina, a trav\u00e9s de las empresas Arropa Valencia y Koopera, recogi\u00f3 un total de 9.600 kilos de ropa usada y&#8230;<\/p>\n","protected":false},"author":1,"featured_media":29286,"comment_status":"open","ping_status":"open","sticky":false,"template":"","format":"standard","meta":{"footnotes":""},"categories":[98,75],"tags":[132,1799,4581,2657,2753,4582],"class_list":["post-34628","post","type-post","status-publish","format-standard","has-post-thumbnail","hentry","category-comarcas","category-noticias","tag-cocentaina","tag-mireia-estepa","tag-nueve-mil-kilos","tag-primer-semestre","tag-recogio","tag-ropa-y-calzado"],"yoast_head":"<!-- This site is optimized with the Yoast SEO plugin v27.3 - https:\/\/yoast.com\/product\/yoast-seo-wordpress\/ -->\n<title>Cocentaina recogi\u00f3 m\u00e1s de nueve mil kilos de ropa y calzado durante el primer semestre - COPE Alcoy<\/title>\n<meta name=\"robots\" content=\"index, follow, max-snippet:-1, max-image-preview:large, max-video-preview:-1\" \/>\n<link rel=\"canonical\" href=\"https:\/\/www.copealcoy.es\/es\/cocentaina-recogio-mas-de-nueve-mil-kilos-de-ropa-y-calzado-durante-el-primer-semestre\/\" \/>\n<meta property=\"og:locale\" content=\"es_ES\" \/>\n<meta property=\"og:type\" content=\"article\" \/>\n<meta property=\"og:title\" content=\"Cocentaina recogi\u00f3 m\u00e1s de nueve mil kilos de ropa y calzado durante el primer semestre - COPE Alcoy\" \/>\n<meta property=\"og:description\" content=\"Cocentaina, a trav\u00e9s de las empresas Arropa Valencia y Koopera, recogi\u00f3 un total de 9.600 kilos de ropa usada y...\" \/>\n<meta property=\"og:url\" content=\"https:\/\/www.copealcoy.es\/es\/cocentaina-recogio-mas-de-nueve-mil-kilos-de-ropa-y-calzado-durante-el-primer-semestre\/\" \/>\n<meta property=\"og:site_name\" content=\"COPE Alcoy\" \/>\n<meta property=\"article:published_time\" content=\"2017-08-22T17:19:31+00:00\" \/>\n<meta property=\"article:modified_time\" content=\"2017-08-22T17:22:03+00:00\" \/>\n<meta property=\"og:image\" content=\"https:\/\/www.copealcoy.es\/wp-content\/uploads\/2017\/02\/170228-contenidors-roba-usada.jpg\" \/>\n\t<meta property=\"og:image:width\" content=\"2048\" \/>\n\t<meta property=\"og:image:height\" content=\"1536\" \/>\n\t<meta property=\"og:image:type\" content=\"image\/jpeg\" \/>\n<meta name=\"author\" content=\"Cope Alcoy\" \/>\n<meta name=\"twitter:label1\" content=\"Escrito por\" \/>\n\t<meta name=\"twitter:data1\" content=\"Cope Alcoy\" \/>\n\t<meta name=\"twitter:label2\" content=\"Tiempo de lectura\" \/>\n\t<meta name=\"twitter:data2\" content=\"1 minuto\" \/>\n<script type=\"application\/ld+json\" class=\"yoast-schema-graph\">{\"@context\":\"https:\\\/\\\/schema.org\",\"@graph\":[{\"@type\":\"Article\",\"@id\":\"https:\\\/\\\/www.copealcoy.es\\\/es\\\/cocentaina-recogio-mas-de-nueve-mil-kilos-de-ropa-y-calzado-durante-el-primer-semestre\\\/#article\",\"isPartOf\":{\"@id\":\"https:\\\/\\\/www.copealcoy.es\\\/es\\\/cocentaina-recogio-mas-de-nueve-mil-kilos-de-ropa-y-calzado-durante-el-primer-semestre\\\/\"},\"author\":{\"name\":\"Cope Alcoy\",\"@id\":\"https:\\\/\\\/www.copealcoy.es\\\/es\\\/#\\\/schema\\\/person\\\/e777c87fa024e57d40170af9df39882c\"},\"headline\":\"Cocentaina recogi\u00f3 m\u00e1s de nueve mil kilos de ropa y calzado durante el primer semestre\",\"datePublished\":\"2017-08-22T17:19:31+00:00\",\"dateModified\":\"2017-08-22T17:22:03+00:00\",\"mainEntityOfPage\":{\"@id\":\"https:\\\/\\\/www.copealcoy.es\\\/es\\\/cocentaina-recogio-mas-de-nueve-mil-kilos-de-ropa-y-calzado-durante-el-primer-semestre\\\/\"},\"wordCount\":222,\"commentCount\":0,\"image\":{\"@id\":\"https:\\\/\\\/www.copealcoy.es\\\/es\\\/cocentaina-recogio-mas-de-nueve-mil-kilos-de-ropa-y-calzado-durante-el-primer-semestre\\\/#primaryimage\"},\"thumbnailUrl\":\"https:\\\/\\\/www.copealcoy.es\\\/wp-content\\\/uploads\\\/2017\\\/02\\\/170228-contenidors-roba-usada.jpg\",\"keywords\":[\"Cocentaina\",\"Mireia Estepa\",\"nueve mil kilos\",\"primer semestre\",\"recogi\u00f3\",\"ropa y calzado\"],\"articleSection\":[\"Comarcas\",\"Noticias\"],\"inLanguage\":\"es\"},{\"@type\":\"WebPage\",\"@id\":\"https:\\\/\\\/www.copealcoy.es\\\/es\\\/cocentaina-recogio-mas-de-nueve-mil-kilos-de-ropa-y-calzado-durante-el-primer-semestre\\\/\",\"url\":\"https:\\\/\\\/www.copealcoy.es\\\/es\\\/cocentaina-recogio-mas-de-nueve-mil-kilos-de-ropa-y-calzado-durante-el-primer-semestre\\\/\",\"name\":\"Cocentaina recogi\u00f3 m\u00e1s de nueve mil kilos de ropa y calzado durante el primer semestre - COPE Alcoy\",\"isPartOf\":{\"@id\":\"https:\\\/\\\/www.copealcoy.es\\\/es\\\/#website\"},\"primaryImageOfPage\":{\"@id\":\"https:\\\/\\\/www.copealcoy.es\\\/es\\\/cocentaina-recogio-mas-de-nueve-mil-kilos-de-ropa-y-calzado-durante-el-primer-semestre\\\/#primaryimage\"},\"image\":{\"@id\":\"https:\\\/\\\/www.copealcoy.es\\\/es\\\/cocentaina-recogio-mas-de-nueve-mil-kilos-de-ropa-y-calzado-durante-el-primer-semestre\\\/#primaryimage\"},\"thumbnailUrl\":\"https:\\\/\\\/www.copealcoy.es\\\/wp-content\\\/uploads\\\/2017\\\/02\\\/170228-contenidors-roba-usada.jpg\",\"datePublished\":\"2017-08-22T17:19:31+00:00\",\"dateModified\":\"2017-08-22T17:22:03+00:00\",\"author\":{\"@id\":\"https:\\\/\\\/www.copealcoy.es\\\/es\\\/#\\\/schema\\\/person\\\/e777c87fa024e57d40170af9df39882c\"},\"breadcrumb\":{\"@id\":\"https:\\\/\\\/www.copealcoy.es\\\/es\\\/cocentaina-recogio-mas-de-nueve-mil-kilos-de-ropa-y-calzado-durante-el-primer-semestre\\\/#breadcrumb\"},\"inLanguage\":\"es\",\"potentialAction\":[{\"@type\":\"ReadAction\",\"target\":[\"https:\\\/\\\/www.copealcoy.es\\\/es\\\/cocentaina-recogio-mas-de-nueve-mil-kilos-de-ropa-y-calzado-durante-el-primer-semestre\\\/\"]}]},{\"@type\":\"ImageObject\",\"inLanguage\":\"es\",\"@id\":\"https:\\\/\\\/www.copealcoy.es\\\/es\\\/cocentaina-recogio-mas-de-nueve-mil-kilos-de-ropa-y-calzado-durante-el-primer-semestre\\\/#primaryimage\",\"url\":\"https:\\\/\\\/www.copealcoy.es\\\/wp-content\\\/uploads\\\/2017\\\/02\\\/170228-contenidors-roba-usada.jpg\",\"contentUrl\":\"https:\\\/\\\/www.copealcoy.es\\\/wp-content\\\/uploads\\\/2017\\\/02\\\/170228-contenidors-roba-usada.jpg\",\"width\":2048,\"height\":1536,\"caption\":\"Uno de los contenedores instalados en Cocentaina \\\/ Foto: Ajuntament de Cocentaina\"},{\"@type\":\"BreadcrumbList\",\"@id\":\"https:\\\/\\\/www.copealcoy.es\\\/es\\\/cocentaina-recogio-mas-de-nueve-mil-kilos-de-ropa-y-calzado-durante-el-primer-semestre\\\/#breadcrumb\",\"itemListElement\":[{\"@type\":\"ListItem\",\"position\":1,\"name\":\"Portada\",\"item\":\"https:\\\/\\\/www.copealcoy.es\\\/es\\\/\"},{\"@type\":\"ListItem\",\"position\":2,\"name\":\"Cocentaina recogi\u00f3 m\u00e1s de nueve mil kilos de ropa y calzado durante el primer semestre\"}]},{\"@type\":\"WebSite\",\"@id\":\"https:\\\/\\\/www.copealcoy.es\\\/es\\\/#website\",\"url\":\"https:\\\/\\\/www.copealcoy.es\\\/es\\\/\",\"name\":\"COPE Alcoy\",\"description\":\"Emisora COPE de radio local con emisi\u00f3n online. Pont de Sant Jordi 8-10 03803 Alcoy\",\"potentialAction\":[{\"@type\":\"SearchAction\",\"target\":{\"@type\":\"EntryPoint\",\"urlTemplate\":\"https:\\\/\\\/www.copealcoy.es\\\/es\\\/?s={search_term_string}\"},\"query-input\":{\"@type\":\"PropertyValueSpecification\",\"valueRequired\":true,\"valueName\":\"search_term_string\"}}],\"inLanguage\":\"es\"},{\"@type\":\"Person\",\"@id\":\"https:\\\/\\\/www.copealcoy.es\\\/es\\\/#\\\/schema\\\/person\\\/e777c87fa024e57d40170af9df39882c\",\"name\":\"Cope Alcoy\",\"image\":{\"@type\":\"ImageObject\",\"inLanguage\":\"es\",\"@id\":\"https:\\\/\\\/secure.gravatar.com\\\/avatar\\\/bb65d0283347e303893ba14f0692005417c1e0e690a325a4c5d8bb2b3943ee14?s=96&d=mm&r=g\",\"url\":\"https:\\\/\\\/secure.gravatar.com\\\/avatar\\\/bb65d0283347e303893ba14f0692005417c1e0e690a325a4c5d8bb2b3943ee14?s=96&d=mm&r=g\",\"contentUrl\":\"https:\\\/\\\/secure.gravatar.com\\\/avatar\\\/bb65d0283347e303893ba14f0692005417c1e0e690a325a4c5d8bb2b3943ee14?s=96&d=mm&r=g\",\"caption\":\"Cope Alcoy\"}}]}<\/script>\n<!-- \/ Yoast SEO plugin. -->","yoast_head_json":{"title":"Cocentaina recogi\u00f3 m\u00e1s de nueve mil kilos de ropa y calzado durante el primer semestre - COPE Alcoy","robots":{"index":"index","follow":"follow","max-snippet":"max-snippet:-1","max-image-preview":"max-image-preview:large","max-video-preview":"max-video-preview:-1"},"canonical":"https:\/\/www.copealcoy.es\/es\/cocentaina-recogio-mas-de-nueve-mil-kilos-de-ropa-y-calzado-durante-el-primer-semestre\/","og_locale":"es_ES","og_type":"article","og_title":"Cocentaina recogi\u00f3 m\u00e1s de nueve mil kilos de ropa y calzado durante el primer semestre - COPE Alcoy","og_description":"Cocentaina, a trav\u00e9s de las empresas Arropa Valencia y Koopera, recogi\u00f3 un total de 9.600 kilos de ropa usada y...","og_url":"https:\/\/www.copealcoy.es\/es\/cocentaina-recogio-mas-de-nueve-mil-kilos-de-ropa-y-calzado-durante-el-primer-semestre\/","og_site_name":"COPE Alcoy","article_published_time":"2017-08-22T17:19:31+00:00","article_modified_time":"2017-08-22T17:22:03+00:00","og_image":[{"width":2048,"height":1536,"url":"https:\/\/www.copealcoy.es\/wp-content\/uploads\/2017\/02\/170228-contenidors-roba-usada.jpg","type":"image\/jpeg"}],"author":"Cope Alcoy","twitter_misc":{"Escrito por":"Cope Alcoy","Tiempo de lectura":"1 minuto"},"schema":{"@context":"https:\/\/schema.org","@graph":[{"@type":"Article","@id":"https:\/\/www.copealcoy.es\/es\/cocentaina-recogio-mas-de-nueve-mil-kilos-de-ropa-y-calzado-durante-el-primer-semestre\/#article","isPartOf":{"@id":"https:\/\/www.copealcoy.es\/es\/cocentaina-recogio-mas-de-nueve-mil-kilos-de-ropa-y-calzado-durante-el-primer-semestre\/"},"author":{"name":"Cope Alcoy","@id":"https:\/\/www.copealcoy.es\/es\/#\/schema\/person\/e777c87fa024e57d40170af9df39882c"},"headline":"Cocentaina recogi\u00f3 m\u00e1s de nueve mil kilos de ropa y calzado durante el primer semestre","datePublished":"2017-08-22T17:19:31+00:00","dateModified":"2017-08-22T17:22:03+00:00","mainEntityOfPage":{"@id":"https:\/\/www.copealcoy.es\/es\/cocentaina-recogio-mas-de-nueve-mil-kilos-de-ropa-y-calzado-durante-el-primer-semestre\/"},"wordCount":222,"commentCount":0,"image":{"@id":"https:\/\/www.copealcoy.es\/es\/cocentaina-recogio-mas-de-nueve-mil-kilos-de-ropa-y-calzado-durante-el-primer-semestre\/#primaryimage"},"thumbnailUrl":"https:\/\/www.copealcoy.es\/wp-content\/uploads\/2017\/02\/170228-contenidors-roba-usada.jpg","keywords":["Cocentaina","Mireia Estepa","nueve mil kilos","primer semestre","recogi\u00f3","ropa y calzado"],"articleSection":["Comarcas","Noticias"],"inLanguage":"es"},{"@type":"WebPage","@id":"https:\/\/www.copealcoy.es\/es\/cocentaina-recogio-mas-de-nueve-mil-kilos-de-ropa-y-calzado-durante-el-primer-semestre\/","url":"https:\/\/www.copealcoy.es\/es\/cocentaina-recogio-mas-de-nueve-mil-kilos-de-ropa-y-calzado-durante-el-primer-semestre\/","name":"Cocentaina recogi\u00f3 m\u00e1s de nueve mil kilos de ropa y calzado durante el primer semestre - COPE Alcoy","isPartOf":{"@id":"https:\/\/www.copealcoy.es\/es\/#website"},"primaryImageOfPage":{"@id":"https:\/\/www.copealcoy.es\/es\/cocentaina-recogio-mas-de-nueve-mil-kilos-de-ropa-y-calzado-durante-el-primer-semestre\/#primaryimage"},"image":{"@id":"https:\/\/www.copealcoy.es\/es\/cocentaina-recogio-mas-de-nueve-mil-kilos-de-ropa-y-calzado-durante-el-primer-semestre\/#primaryimage"},"thumbnailUrl":"https:\/\/www.copealcoy.es\/wp-content\/uploads\/2017\/02\/170228-contenidors-roba-usada.jpg","datePublished":"2017-08-22T17:19:31+00:00","dateModified":"2017-08-22T17:22:03+00:00","author":{"@id":"https:\/\/www.copealcoy.es\/es\/#\/schema\/person\/e777c87fa024e57d40170af9df39882c"},"breadcrumb":{"@id":"https:\/\/www.copealcoy.es\/es\/cocentaina-recogio-mas-de-nueve-mil-kilos-de-ropa-y-calzado-durante-el-primer-semestre\/#breadcrumb"},"inLanguage":"es","potentialAction":[{"@type":"ReadAction","target":["https:\/\/www.copealcoy.es\/es\/cocentaina-recogio-mas-de-nueve-mil-kilos-de-ropa-y-calzado-durante-el-primer-semestre\/"]}]},{"@type":"ImageObject","inLanguage":"es","@id":"https:\/\/www.copealcoy.es\/es\/cocentaina-recogio-mas-de-nueve-mil-kilos-de-ropa-y-calzado-durante-el-primer-semestre\/#primaryimage","url":"https:\/\/www.copealcoy.es\/wp-content\/uploads\/2017\/02\/170228-contenidors-roba-usada.jpg","contentUrl":"https:\/\/www.copealcoy.es\/wp-content\/uploads\/2017\/02\/170228-contenidors-roba-usada.jpg","width":2048,"height":1536,"caption":"Uno de los contenedores instalados en Cocentaina \/ Foto: Ajuntament de Cocentaina"},{"@type":"BreadcrumbList","@id":"https:\/\/www.copealcoy.es\/es\/cocentaina-recogio-mas-de-nueve-mil-kilos-de-ropa-y-calzado-durante-el-primer-semestre\/#breadcrumb","itemListElement":[{"@type":"ListItem","position":1,"name":"Portada","item":"https:\/\/www.copealcoy.es\/es\/"},{"@type":"ListItem","position":2,"name":"Cocentaina recogi\u00f3 m\u00e1s de nueve mil kilos de ropa y calzado durante el primer semestre"}]},{"@type":"WebSite","@id":"https:\/\/www.copealcoy.es\/es\/#website","url":"https:\/\/www.copealcoy.es\/es\/","name":"COPE Alcoy","description":"Emisora COPE de radio local con emisi\u00f3n online. Pont de Sant Jordi 8-10 03803 Alcoy","potentialAction":[{"@type":"SearchAction","target":{"@type":"EntryPoint","urlTemplate":"https:\/\/www.copealcoy.es\/es\/?s={search_term_string}"},"query-input":{"@type":"PropertyValueSpecification","valueRequired":true,"valueName":"search_term_string"}}],"inLanguage":"es"},{"@type":"Person","@id":"https:\/\/www.copealcoy.es\/es\/#\/schema\/person\/e777c87fa024e57d40170af9df39882c","name":"Cope Alcoy","image":{"@type":"ImageObject","inLanguage":"es","@id":"https:\/\/secure.gravatar.com\/avatar\/bb65d0283347e303893ba14f0692005417c1e0e690a325a4c5d8bb2b3943ee14?s=96&d=mm&r=g","url":"https:\/\/secure.gravatar.com\/avatar\/bb65d0283347e303893ba14f0692005417c1e0e690a325a4c5d8bb2b3943ee14?s=96&d=mm&r=g","contentUrl":"https:\/\/secure.gravatar.com\/avatar\/bb65d0283347e303893ba14f0692005417c1e0e690a325a4c5d8bb2b3943ee14?s=96&d=mm&r=g","caption":"Cope Alcoy"}}]}},"_links":{"self":[{"href":"https:\/\/www.copealcoy.es\/es\/wp-json\/wp\/v2\/posts\/34628","targetHints":{"allow":["GET"]}}],"collection":[{"href":"https:\/\/www.copealcoy.es\/es\/wp-json\/wp\/v2\/posts"}],"about":[{"href":"https:\/\/www.copealcoy.es\/es\/wp-json\/wp\/v2\/types\/post"}],"author":[{"embeddable":true,"href":"https:\/\/www.copealcoy.es\/es\/wp-json\/wp\/v2\/users\/1"}],"replies":[{"embeddable":true,"href":"https:\/\/www.copealcoy.es\/es\/wp-json\/wp\/v2\/comments?post=34628"}],"version-history":[{"count":0,"href":"https:\/\/www.copealcoy.es\/es\/wp-json\/wp\/v2\/posts\/34628\/revisions"}],"wp:featuredmedia":[{"embeddable":true,"href":"https:\/\/www.copealcoy.es\/es\/wp-json\/wp\/v2\/media\/29286"}],"wp:attachment":[{"href":"https:\/\/www.copealcoy.es\/es\/wp-json\/wp\/v2\/media?parent=34628"}],"wp:term":[{"taxonomy":"category","embeddable":true,"href":"https:\/\/www.copealcoy.es\/es\/wp-json\/wp\/v2\/categories?post=34628"},{"taxonomy":"post_tag","embeddable":true,"href":"https:\/\/www.copealcoy.es\/es\/wp-json\/wp\/v2\/tags?post=34628"}],"curies":[{"name":"wp","href":"https:\/\/api.w.org\/{rel}","templated":true}]}}