{"id":34524,"date":"2017-08-18T17:46:13","date_gmt":"2017-08-18T17:46:13","guid":{"rendered":"http:\/\/copealcoi.es\/new\/?p=34524"},"modified":"2017-08-18T17:46:48","modified_gmt":"2017-08-18T17:46:48","slug":"alcoy-expresa-su-condena-al-terrorismo-tras-los-atentados-de-barcelona","status":"publish","type":"post","link":"https:\/\/www.copealcoy.es\/es\/alcoy-expresa-su-condena-al-terrorismo-tras-los-atentados-de-barcelona\/","title":{"rendered":"Alcoy expresa su condena al terrorismo tras los Atentados de Barcelona"},"content":{"rendered":"<p style=\"text-align: justify;\">Alcoy ha mostrado este viernes <strong>su rechazo al terrorismo<\/strong> y <strong>ha expresado sus condolencias a los familiares de los fallecidos<\/strong> en el Atentado Terrorista ocurrido ayer en Las Ramblas de Barcelona. Un centenar de personas, as\u00ed como la Corporaci\u00f3n Municipal encabezada por el alcalde <strong>Antonio Franc\u00e9s<\/strong>, <strong>se han concentrado en la Plaza de Espa\u00f1a a las 12 del mediod\u00eda<\/strong> para dejar patente la solidaridad de la ciudad con los heridos en estos indiscriminados ataques. En esta concentraci\u00f3n han estado tambi\u00e9n presentes las Diputadas Nacionales del PP y PSOE, <strong>Lola Alba y Patricia Blanquer<\/strong>, as\u00ed como el Diputado Auton\u00f3mico, <strong>Fernando Pastor<\/strong>. Los tres minutos de silencio, que han estado presididos por <strong>las banderas del Ayuntamiento a media asta<\/strong>, han finalizado con <strong>un sonoro aplauso<\/strong>. El primer edil se ha referido a los estrechos lazos que unen a Alcoy y Barcelona y ha destacado <strong>la importancia de la unidad frente al terrorismo<\/strong> &#8220;<em>ante unos pocos radicales que quiere dinamitar nuestro modelo de convivencia tenemos que decirles que nos reafirmamos en los valores del\u00a0di\u00e1logo, entendimiento, respecto y convivencia entre todas las ideolog\u00edas, culturales y religiones. Queremos decirles que no van a conseguir sus objetivos y que van a actuar la justicia, la Democracia y los Cuerpos y Fuerzas de Seguridad del Estado para hacer al fanatismo y radicalismo<\/em>&#8220;, se\u00f1al\u00f3.<\/p>\n<p style=\"text-align: justify;\">Indicar que tambi\u00e9n ha habido <strong>concentraciones en el resto de municipios<\/strong> de las comarcas del Comtat y de l\u00b4Alcoi\u00e0. \u00a0En <strong>Cocentaina<\/strong> unas 60 personas se han reunido a mediod\u00eda\u00a0en la Plaza del Ayuntamiento y las mismas im\u00e1genes de han repetido en <strong>Muro, Agres, Castalla o Ibi<\/strong>.\u00a0En <strong>Benilloba<\/strong> ayer, al final de las Fiestas de Moros y Cristianos, <strong>hubo un minuto de silencio<\/strong> que siguieron con profundo respeto vecinos, Corporaci\u00f3n Municipal y festeros antes de la interpretaci\u00f3n del Himno que concluy\u00f3 los festejos en honor a San Joaqu\u00edn.<\/p>\n<figure id=\"attachment_34526\" aria-describedby=\"caption-attachment-34526\" style=\"width: 960px\" class=\"wp-caption alignnone\"><a href=\"https:\/\/www.copealcoy.es\/wp-content\/uploads\/2017\/08\/20914517_1165332150276935_7868242504816096300_n.jpg\"><img loading=\"lazy\" decoding=\"async\" class=\"wp-image-34526 size-full\" src=\"https:\/\/www.copealcoy.es\/wp-content\/uploads\/2017\/08\/20914517_1165332150276935_7868242504816096300_n.jpg\" alt=\"\" width=\"960\" height=\"516\" srcset=\"https:\/\/www.copealcoy.es\/wp-content\/uploads\/2017\/08\/20914517_1165332150276935_7868242504816096300_n.jpg 960w, https:\/\/www.copealcoy.es\/wp-content\/uploads\/2017\/08\/20914517_1165332150276935_7868242504816096300_n-300x161.jpg 300w, https:\/\/www.copealcoy.es\/wp-content\/uploads\/2017\/08\/20914517_1165332150276935_7868242504816096300_n-768x413.jpg 768w\" sizes=\"auto, (max-width: 960px) 100vw, 960px\" \/><\/a><figcaption id=\"caption-attachment-34526\" class=\"wp-caption-text\">La concentraci\u00f3n en Cocentaina ha tenido lugar en la Pla\u00e7a de la Vila<\/figcaption><\/figure>\n","protected":false},"excerpt":{"rendered":"<p>Alcoy ha mostrado este viernes su rechazo al terrorismo y ha expresado sus condolencias a los familiares de los fallecidos&#8230;<\/p>\n","protected":false},"author":1,"featured_media":34525,"comment_status":"open","ping_status":"open","sticky":false,"template":"","format":"standard","meta":{"footnotes":""},"categories":[97,75,125],"tags":[4564,1494,1594,665,132,4175,4563,135,1596],"class_list":["post-34524","post","type-post","status-publish","format-standard","has-post-thumbnail","hentry","category-alcoy","category-noticias","category-portada","tag-alcoia-comtat","tag-alcoy","tag-atentados","tag-barcelona","tag-cocentaina","tag-condena","tag-expresa","tag-muro","tag-terrorismo"],"yoast_head":"<!-- This site is optimized with the Yoast SEO plugin v27.3 - https:\/\/yoast.com\/product\/yoast-seo-wordpress\/ -->\n<title>Alcoy expresa su condena al terrorismo tras los Atentados de Barcelona - COPE Alcoy<\/title>\n<meta name=\"robots\" content=\"index, follow, max-snippet:-1, max-image-preview:large, max-video-preview:-1\" \/>\n<link rel=\"canonical\" href=\"https:\/\/www.copealcoy.es\/es\/alcoy-expresa-su-condena-al-terrorismo-tras-los-atentados-de-barcelona\/\" \/>\n<meta property=\"og:locale\" content=\"es_ES\" \/>\n<meta property=\"og:type\" content=\"article\" \/>\n<meta property=\"og:title\" content=\"Alcoy expresa su condena al terrorismo tras los Atentados de Barcelona - COPE Alcoy\" \/>\n<meta property=\"og:description\" content=\"Alcoy ha mostrado este viernes su rechazo al terrorismo y ha expresado sus condolencias a los familiares de los fallecidos...\" \/>\n<meta property=\"og:url\" content=\"https:\/\/www.copealcoy.es\/es\/alcoy-expresa-su-condena-al-terrorismo-tras-los-atentados-de-barcelona\/\" \/>\n<meta property=\"og:site_name\" content=\"COPE Alcoy\" \/>\n<meta property=\"article:published_time\" content=\"2017-08-18T17:46:13+00:00\" \/>\n<meta property=\"article:modified_time\" content=\"2017-08-18T17:46:48+00:00\" \/>\n<meta property=\"og:image\" content=\"https:\/\/www.copealcoy.es\/wp-content\/uploads\/2017\/08\/20914707_2038350779524429_7141876454789077519_n.jpg\" \/>\n\t<meta property=\"og:image:width\" content=\"960\" \/>\n\t<meta property=\"og:image:height\" content=\"640\" \/>\n\t<meta property=\"og:image:type\" content=\"image\/jpeg\" \/>\n<meta name=\"author\" content=\"Cope Alcoy\" \/>\n<meta name=\"twitter:label1\" content=\"Escrito por\" \/>\n\t<meta name=\"twitter:data1\" content=\"Cope Alcoy\" \/>\n\t<meta name=\"twitter:label2\" content=\"Tiempo de lectura\" \/>\n\t<meta name=\"twitter:data2\" content=\"2 minutos\" \/>\n<script type=\"application\/ld+json\" class=\"yoast-schema-graph\">{\"@context\":\"https:\\\/\\\/schema.org\",\"@graph\":[{\"@type\":\"Article\",\"@id\":\"https:\\\/\\\/www.copealcoy.es\\\/es\\\/alcoy-expresa-su-condena-al-terrorismo-tras-los-atentados-de-barcelona\\\/#article\",\"isPartOf\":{\"@id\":\"https:\\\/\\\/www.copealcoy.es\\\/es\\\/alcoy-expresa-su-condena-al-terrorismo-tras-los-atentados-de-barcelona\\\/\"},\"author\":{\"name\":\"Cope Alcoy\",\"@id\":\"https:\\\/\\\/www.copealcoy.es\\\/es\\\/#\\\/schema\\\/person\\\/e777c87fa024e57d40170af9df39882c\"},\"headline\":\"Alcoy expresa su condena al terrorismo tras los Atentados de Barcelona\",\"datePublished\":\"2017-08-18T17:46:13+00:00\",\"dateModified\":\"2017-08-18T17:46:48+00:00\",\"mainEntityOfPage\":{\"@id\":\"https:\\\/\\\/www.copealcoy.es\\\/es\\\/alcoy-expresa-su-condena-al-terrorismo-tras-los-atentados-de-barcelona\\\/\"},\"wordCount\":354,\"commentCount\":0,\"image\":{\"@id\":\"https:\\\/\\\/www.copealcoy.es\\\/es\\\/alcoy-expresa-su-condena-al-terrorismo-tras-los-atentados-de-barcelona\\\/#primaryimage\"},\"thumbnailUrl\":\"https:\\\/\\\/www.copealcoy.es\\\/wp-content\\\/uploads\\\/2017\\\/08\\\/20914707_2038350779524429_7141876454789077519_n.jpg\",\"keywords\":[\"Alcoi\u00e0 Comtat\",\"Alcoy\",\"Atentados\",\"Barcelona\",\"Cocentaina\",\"condena\",\"expresa\",\"Muro\",\"Terrorismo\"],\"articleSection\":[\"Alcoy\",\"Noticias\",\"Portada\"],\"inLanguage\":\"es\"},{\"@type\":\"WebPage\",\"@id\":\"https:\\\/\\\/www.copealcoy.es\\\/es\\\/alcoy-expresa-su-condena-al-terrorismo-tras-los-atentados-de-barcelona\\\/\",\"url\":\"https:\\\/\\\/www.copealcoy.es\\\/es\\\/alcoy-expresa-su-condena-al-terrorismo-tras-los-atentados-de-barcelona\\\/\",\"name\":\"Alcoy expresa su condena al terrorismo tras los Atentados de Barcelona - COPE Alcoy\",\"isPartOf\":{\"@id\":\"https:\\\/\\\/www.copealcoy.es\\\/es\\\/#website\"},\"primaryImageOfPage\":{\"@id\":\"https:\\\/\\\/www.copealcoy.es\\\/es\\\/alcoy-expresa-su-condena-al-terrorismo-tras-los-atentados-de-barcelona\\\/#primaryimage\"},\"image\":{\"@id\":\"https:\\\/\\\/www.copealcoy.es\\\/es\\\/alcoy-expresa-su-condena-al-terrorismo-tras-los-atentados-de-barcelona\\\/#primaryimage\"},\"thumbnailUrl\":\"https:\\\/\\\/www.copealcoy.es\\\/wp-content\\\/uploads\\\/2017\\\/08\\\/20914707_2038350779524429_7141876454789077519_n.jpg\",\"datePublished\":\"2017-08-18T17:46:13+00:00\",\"dateModified\":\"2017-08-18T17:46:48+00:00\",\"author\":{\"@id\":\"https:\\\/\\\/www.copealcoy.es\\\/es\\\/#\\\/schema\\\/person\\\/e777c87fa024e57d40170af9df39882c\"},\"breadcrumb\":{\"@id\":\"https:\\\/\\\/www.copealcoy.es\\\/es\\\/alcoy-expresa-su-condena-al-terrorismo-tras-los-atentados-de-barcelona\\\/#breadcrumb\"},\"inLanguage\":\"es\",\"potentialAction\":[{\"@type\":\"ReadAction\",\"target\":[\"https:\\\/\\\/www.copealcoy.es\\\/es\\\/alcoy-expresa-su-condena-al-terrorismo-tras-los-atentados-de-barcelona\\\/\"]}]},{\"@type\":\"ImageObject\",\"inLanguage\":\"es\",\"@id\":\"https:\\\/\\\/www.copealcoy.es\\\/es\\\/alcoy-expresa-su-condena-al-terrorismo-tras-los-atentados-de-barcelona\\\/#primaryimage\",\"url\":\"https:\\\/\\\/www.copealcoy.es\\\/wp-content\\\/uploads\\\/2017\\\/08\\\/20914707_2038350779524429_7141876454789077519_n.jpg\",\"contentUrl\":\"https:\\\/\\\/www.copealcoy.es\\\/wp-content\\\/uploads\\\/2017\\\/08\\\/20914707_2038350779524429_7141876454789077519_n.jpg\",\"width\":960,\"height\":640,\"caption\":\"La concentraci\u00f3n tuvo lugar en la Plaza de Espa\u00f1a de Alcoy \\\/ Foto: Ajuntament d\u00b4Alcoi\"},{\"@type\":\"BreadcrumbList\",\"@id\":\"https:\\\/\\\/www.copealcoy.es\\\/es\\\/alcoy-expresa-su-condena-al-terrorismo-tras-los-atentados-de-barcelona\\\/#breadcrumb\",\"itemListElement\":[{\"@type\":\"ListItem\",\"position\":1,\"name\":\"Portada\",\"item\":\"https:\\\/\\\/www.copealcoy.es\\\/es\\\/\"},{\"@type\":\"ListItem\",\"position\":2,\"name\":\"Alcoy expresa su condena al terrorismo tras los Atentados de Barcelona\"}]},{\"@type\":\"WebSite\",\"@id\":\"https:\\\/\\\/www.copealcoy.es\\\/es\\\/#website\",\"url\":\"https:\\\/\\\/www.copealcoy.es\\\/es\\\/\",\"name\":\"COPE Alcoy\",\"description\":\"Emisora COPE de radio local con emisi\u00f3n online. Pont de Sant Jordi 8-10 03803 Alcoy\",\"potentialAction\":[{\"@type\":\"SearchAction\",\"target\":{\"@type\":\"EntryPoint\",\"urlTemplate\":\"https:\\\/\\\/www.copealcoy.es\\\/es\\\/?s={search_term_string}\"},\"query-input\":{\"@type\":\"PropertyValueSpecification\",\"valueRequired\":true,\"valueName\":\"search_term_string\"}}],\"inLanguage\":\"es\"},{\"@type\":\"Person\",\"@id\":\"https:\\\/\\\/www.copealcoy.es\\\/es\\\/#\\\/schema\\\/person\\\/e777c87fa024e57d40170af9df39882c\",\"name\":\"Cope Alcoy\",\"image\":{\"@type\":\"ImageObject\",\"inLanguage\":\"es\",\"@id\":\"https:\\\/\\\/secure.gravatar.com\\\/avatar\\\/bb65d0283347e303893ba14f0692005417c1e0e690a325a4c5d8bb2b3943ee14?s=96&d=mm&r=g\",\"url\":\"https:\\\/\\\/secure.gravatar.com\\\/avatar\\\/bb65d0283347e303893ba14f0692005417c1e0e690a325a4c5d8bb2b3943ee14?s=96&d=mm&r=g\",\"contentUrl\":\"https:\\\/\\\/secure.gravatar.com\\\/avatar\\\/bb65d0283347e303893ba14f0692005417c1e0e690a325a4c5d8bb2b3943ee14?s=96&d=mm&r=g\",\"caption\":\"Cope Alcoy\"}}]}<\/script>\n<!-- \/ Yoast SEO plugin. -->","yoast_head_json":{"title":"Alcoy expresa su condena al terrorismo tras los Atentados de Barcelona - COPE Alcoy","robots":{"index":"index","follow":"follow","max-snippet":"max-snippet:-1","max-image-preview":"max-image-preview:large","max-video-preview":"max-video-preview:-1"},"canonical":"https:\/\/www.copealcoy.es\/es\/alcoy-expresa-su-condena-al-terrorismo-tras-los-atentados-de-barcelona\/","og_locale":"es_ES","og_type":"article","og_title":"Alcoy expresa su condena al terrorismo tras los Atentados de Barcelona - COPE Alcoy","og_description":"Alcoy ha mostrado este viernes su rechazo al terrorismo y ha expresado sus condolencias a los familiares de los fallecidos...","og_url":"https:\/\/www.copealcoy.es\/es\/alcoy-expresa-su-condena-al-terrorismo-tras-los-atentados-de-barcelona\/","og_site_name":"COPE Alcoy","article_published_time":"2017-08-18T17:46:13+00:00","article_modified_time":"2017-08-18T17:46:48+00:00","og_image":[{"width":960,"height":640,"url":"https:\/\/www.copealcoy.es\/wp-content\/uploads\/2017\/08\/20914707_2038350779524429_7141876454789077519_n.jpg","type":"image\/jpeg"}],"author":"Cope Alcoy","twitter_misc":{"Escrito por":"Cope Alcoy","Tiempo de lectura":"2 minutos"},"schema":{"@context":"https:\/\/schema.org","@graph":[{"@type":"Article","@id":"https:\/\/www.copealcoy.es\/es\/alcoy-expresa-su-condena-al-terrorismo-tras-los-atentados-de-barcelona\/#article","isPartOf":{"@id":"https:\/\/www.copealcoy.es\/es\/alcoy-expresa-su-condena-al-terrorismo-tras-los-atentados-de-barcelona\/"},"author":{"name":"Cope Alcoy","@id":"https:\/\/www.copealcoy.es\/es\/#\/schema\/person\/e777c87fa024e57d40170af9df39882c"},"headline":"Alcoy expresa su condena al terrorismo tras los Atentados de Barcelona","datePublished":"2017-08-18T17:46:13+00:00","dateModified":"2017-08-18T17:46:48+00:00","mainEntityOfPage":{"@id":"https:\/\/www.copealcoy.es\/es\/alcoy-expresa-su-condena-al-terrorismo-tras-los-atentados-de-barcelona\/"},"wordCount":354,"commentCount":0,"image":{"@id":"https:\/\/www.copealcoy.es\/es\/alcoy-expresa-su-condena-al-terrorismo-tras-los-atentados-de-barcelona\/#primaryimage"},"thumbnailUrl":"https:\/\/www.copealcoy.es\/wp-content\/uploads\/2017\/08\/20914707_2038350779524429_7141876454789077519_n.jpg","keywords":["Alcoi\u00e0 Comtat","Alcoy","Atentados","Barcelona","Cocentaina","condena","expresa","Muro","Terrorismo"],"articleSection":["Alcoy","Noticias","Portada"],"inLanguage":"es"},{"@type":"WebPage","@id":"https:\/\/www.copealcoy.es\/es\/alcoy-expresa-su-condena-al-terrorismo-tras-los-atentados-de-barcelona\/","url":"https:\/\/www.copealcoy.es\/es\/alcoy-expresa-su-condena-al-terrorismo-tras-los-atentados-de-barcelona\/","name":"Alcoy expresa su condena al terrorismo tras los Atentados de Barcelona - COPE Alcoy","isPartOf":{"@id":"https:\/\/www.copealcoy.es\/es\/#website"},"primaryImageOfPage":{"@id":"https:\/\/www.copealcoy.es\/es\/alcoy-expresa-su-condena-al-terrorismo-tras-los-atentados-de-barcelona\/#primaryimage"},"image":{"@id":"https:\/\/www.copealcoy.es\/es\/alcoy-expresa-su-condena-al-terrorismo-tras-los-atentados-de-barcelona\/#primaryimage"},"thumbnailUrl":"https:\/\/www.copealcoy.es\/wp-content\/uploads\/2017\/08\/20914707_2038350779524429_7141876454789077519_n.jpg","datePublished":"2017-08-18T17:46:13+00:00","dateModified":"2017-08-18T17:46:48+00:00","author":{"@id":"https:\/\/www.copealcoy.es\/es\/#\/schema\/person\/e777c87fa024e57d40170af9df39882c"},"breadcrumb":{"@id":"https:\/\/www.copealcoy.es\/es\/alcoy-expresa-su-condena-al-terrorismo-tras-los-atentados-de-barcelona\/#breadcrumb"},"inLanguage":"es","potentialAction":[{"@type":"ReadAction","target":["https:\/\/www.copealcoy.es\/es\/alcoy-expresa-su-condena-al-terrorismo-tras-los-atentados-de-barcelona\/"]}]},{"@type":"ImageObject","inLanguage":"es","@id":"https:\/\/www.copealcoy.es\/es\/alcoy-expresa-su-condena-al-terrorismo-tras-los-atentados-de-barcelona\/#primaryimage","url":"https:\/\/www.copealcoy.es\/wp-content\/uploads\/2017\/08\/20914707_2038350779524429_7141876454789077519_n.jpg","contentUrl":"https:\/\/www.copealcoy.es\/wp-content\/uploads\/2017\/08\/20914707_2038350779524429_7141876454789077519_n.jpg","width":960,"height":640,"caption":"La concentraci\u00f3n tuvo lugar en la Plaza de Espa\u00f1a de Alcoy \/ Foto: Ajuntament d\u00b4Alcoi"},{"@type":"BreadcrumbList","@id":"https:\/\/www.copealcoy.es\/es\/alcoy-expresa-su-condena-al-terrorismo-tras-los-atentados-de-barcelona\/#breadcrumb","itemListElement":[{"@type":"ListItem","position":1,"name":"Portada","item":"https:\/\/www.copealcoy.es\/es\/"},{"@type":"ListItem","position":2,"name":"Alcoy expresa su condena al terrorismo tras los Atentados de Barcelona"}]},{"@type":"WebSite","@id":"https:\/\/www.copealcoy.es\/es\/#website","url":"https:\/\/www.copealcoy.es\/es\/","name":"COPE Alcoy","description":"Emisora COPE de radio local con emisi\u00f3n online. Pont de Sant Jordi 8-10 03803 Alcoy","potentialAction":[{"@type":"SearchAction","target":{"@type":"EntryPoint","urlTemplate":"https:\/\/www.copealcoy.es\/es\/?s={search_term_string}"},"query-input":{"@type":"PropertyValueSpecification","valueRequired":true,"valueName":"search_term_string"}}],"inLanguage":"es"},{"@type":"Person","@id":"https:\/\/www.copealcoy.es\/es\/#\/schema\/person\/e777c87fa024e57d40170af9df39882c","name":"Cope Alcoy","image":{"@type":"ImageObject","inLanguage":"es","@id":"https:\/\/secure.gravatar.com\/avatar\/bb65d0283347e303893ba14f0692005417c1e0e690a325a4c5d8bb2b3943ee14?s=96&d=mm&r=g","url":"https:\/\/secure.gravatar.com\/avatar\/bb65d0283347e303893ba14f0692005417c1e0e690a325a4c5d8bb2b3943ee14?s=96&d=mm&r=g","contentUrl":"https:\/\/secure.gravatar.com\/avatar\/bb65d0283347e303893ba14f0692005417c1e0e690a325a4c5d8bb2b3943ee14?s=96&d=mm&r=g","caption":"Cope Alcoy"}}]}},"_links":{"self":[{"href":"https:\/\/www.copealcoy.es\/es\/wp-json\/wp\/v2\/posts\/34524","targetHints":{"allow":["GET"]}}],"collection":[{"href":"https:\/\/www.copealcoy.es\/es\/wp-json\/wp\/v2\/posts"}],"about":[{"href":"https:\/\/www.copealcoy.es\/es\/wp-json\/wp\/v2\/types\/post"}],"author":[{"embeddable":true,"href":"https:\/\/www.copealcoy.es\/es\/wp-json\/wp\/v2\/users\/1"}],"replies":[{"embeddable":true,"href":"https:\/\/www.copealcoy.es\/es\/wp-json\/wp\/v2\/comments?post=34524"}],"version-history":[{"count":0,"href":"https:\/\/www.copealcoy.es\/es\/wp-json\/wp\/v2\/posts\/34524\/revisions"}],"wp:featuredmedia":[{"embeddable":true,"href":"https:\/\/www.copealcoy.es\/es\/wp-json\/wp\/v2\/media\/34525"}],"wp:attachment":[{"href":"https:\/\/www.copealcoy.es\/es\/wp-json\/wp\/v2\/media?parent=34524"}],"wp:term":[{"taxonomy":"category","embeddable":true,"href":"https:\/\/www.copealcoy.es\/es\/wp-json\/wp\/v2\/categories?post=34524"},{"taxonomy":"post_tag","embeddable":true,"href":"https:\/\/www.copealcoy.es\/es\/wp-json\/wp\/v2\/tags?post=34524"}],"curies":[{"name":"wp","href":"https:\/\/api.w.org\/{rel}","templated":true}]}}