{"id":34379,"date":"2017-08-13T12:45:31","date_gmt":"2017-08-13T12:45:31","guid":{"rendered":"http:\/\/copealcoi.es\/new\/?p=34379"},"modified":"2017-08-13T12:47:35","modified_gmt":"2017-08-13T12:47:35","slug":"futuro-la-festa-toma-las-calles-cocentaina","status":"publish","type":"post","link":"https:\/\/www.copealcoy.es\/es\/futuro-la-festa-toma-las-calles-cocentaina\/","title":{"rendered":"El futuro de la Festa toma las calles de Cocentaina"},"content":{"rendered":"<p style=\"text-align: justify;\">El <strong>segundo d\u00eda de la trilog\u00eda festera<\/strong> de Cocentaina, dedicado al patr\u00f3n <strong>San Hip\u00f3lito M\u00e1rtir<\/strong>, ha comenzado este domingo con el acto de la<strong> Segunda Diana<\/strong>. El desfile ha dado inicio a las siete y media de la ma\u00f1ana en la Pla\u00e7a de la Vila y <strong>ha estado encabezado por la Fil\u00e0 Gentils<\/strong> al ostentar este a\u00f1o la capitan\u00eda cristiana. Tras ellos han llegado el resto de formaciones del bando cristiano destacando en el ecuador el paso de la <strong>Fil\u00e0 Cavaller\u00eda Ministerial<\/strong>, formaci\u00f3n que en este 2017 desempe\u00f1a el cargo de abanderado cristiano. A continuaci\u00f3n ha sido el turno de los moros y en este caso<strong> la Fil\u00e0 Guardia Jalifiana <\/strong><em><strong>Sahorins<\/strong> <\/em>ha abierto el paso por su condici\u00f3n de capit\u00e1n de las fuerzas \u00e1rabes. Despu\u00e9s de efectuar \u2018la arranc\u00e0\u2019 han dado paso al resto de formaciones mahometanas hasta llegar a la <strong>Fil\u00e0 Bequeteros<\/strong> que, como es habitual, <strong>ha cerrado la Segunda Diana<\/strong> con su caracter\u00edstica forma de desfilar.<\/p>\n<p style=\"text-align: justify;\">Indicar que <strong>la Segunda Diana ha tenido un marcado protagonismo infantil<\/strong> y ha demostrado una vez m\u00e1s que e<strong>l futuro de la festa contestana est\u00e1 m\u00e1s que asegurado<\/strong> ya que en las diferentes escuadras se han podido ver la participaci\u00f3n de numerosos peque\u00f1os.<\/p>\n<p style=\"text-align: justify;\"><strong>\u00a0<\/strong><\/p>\n<p style=\"text-align: justify;\"><strong>\u00a0<\/strong><\/p>\n","protected":false},"excerpt":{"rendered":"<p>El segundo d\u00eda de la trilog\u00eda festera de Cocentaina, dedicado al patr\u00f3n San Hip\u00f3lito M\u00e1rtir, ha comenzado este domingo con&#8230;<\/p>\n","protected":false},"author":1,"featured_media":34380,"comment_status":"open","ping_status":"open","sticky":false,"template":"","format":"standard","meta":{"footnotes":""},"categories":[98,75],"tags":[132,237,609,1307,2161],"class_list":["post-34379","post","type-post","status-publish","format-standard","has-post-thumbnail","hentry","category-comarcas","category-noticias","tag-cocentaina","tag-comtat","tag-moros-y-cristianos","tag-san-hipolito","tag-segunda-diana"],"yoast_head":"<!-- This site is optimized with the Yoast SEO plugin v27.3 - https:\/\/yoast.com\/product\/yoast-seo-wordpress\/ -->\n<title>El futuro de la Festa toma las calles de Cocentaina - COPE Alcoy<\/title>\n<meta name=\"robots\" content=\"index, follow, max-snippet:-1, max-image-preview:large, max-video-preview:-1\" \/>\n<link rel=\"canonical\" href=\"https:\/\/www.copealcoy.es\/es\/futuro-la-festa-toma-las-calles-cocentaina\/\" \/>\n<meta property=\"og:locale\" content=\"es_ES\" \/>\n<meta property=\"og:type\" content=\"article\" \/>\n<meta property=\"og:title\" content=\"El futuro de la Festa toma las calles de Cocentaina - COPE Alcoy\" \/>\n<meta property=\"og:description\" content=\"El segundo d\u00eda de la trilog\u00eda festera de Cocentaina, dedicado al patr\u00f3n San Hip\u00f3lito M\u00e1rtir, ha comenzado este domingo con...\" \/>\n<meta property=\"og:url\" content=\"https:\/\/www.copealcoy.es\/es\/futuro-la-festa-toma-las-calles-cocentaina\/\" \/>\n<meta property=\"og:site_name\" content=\"COPE Alcoy\" \/>\n<meta property=\"article:published_time\" content=\"2017-08-13T12:45:31+00:00\" \/>\n<meta property=\"article:modified_time\" content=\"2017-08-13T12:47:35+00:00\" \/>\n<meta property=\"og:image\" content=\"https:\/\/www.copealcoy.es\/wp-content\/uploads\/2017\/08\/IMG_0556-e1502628366679.jpg\" \/>\n\t<meta property=\"og:image:width\" content=\"3215\" \/>\n\t<meta property=\"og:image:height\" content=\"1824\" \/>\n\t<meta property=\"og:image:type\" content=\"image\/jpeg\" \/>\n<meta name=\"author\" content=\"Cope Alcoy\" \/>\n<meta name=\"twitter:label1\" content=\"Escrito por\" \/>\n\t<meta name=\"twitter:data1\" content=\"Cope Alcoy\" \/>\n\t<meta name=\"twitter:label2\" content=\"Tiempo de lectura\" \/>\n\t<meta name=\"twitter:data2\" content=\"1 minuto\" \/>\n<script type=\"application\/ld+json\" class=\"yoast-schema-graph\">{\"@context\":\"https:\\\/\\\/schema.org\",\"@graph\":[{\"@type\":\"Article\",\"@id\":\"https:\\\/\\\/www.copealcoy.es\\\/es\\\/futuro-la-festa-toma-las-calles-cocentaina\\\/#article\",\"isPartOf\":{\"@id\":\"https:\\\/\\\/www.copealcoy.es\\\/es\\\/futuro-la-festa-toma-las-calles-cocentaina\\\/\"},\"author\":{\"name\":\"Cope Alcoy\",\"@id\":\"https:\\\/\\\/www.copealcoy.es\\\/es\\\/#\\\/schema\\\/person\\\/e777c87fa024e57d40170af9df39882c\"},\"headline\":\"El futuro de la Festa toma las calles de Cocentaina\",\"datePublished\":\"2017-08-13T12:45:31+00:00\",\"dateModified\":\"2017-08-13T12:47:35+00:00\",\"mainEntityOfPage\":{\"@id\":\"https:\\\/\\\/www.copealcoy.es\\\/es\\\/futuro-la-festa-toma-las-calles-cocentaina\\\/\"},\"wordCount\":231,\"commentCount\":0,\"image\":{\"@id\":\"https:\\\/\\\/www.copealcoy.es\\\/es\\\/futuro-la-festa-toma-las-calles-cocentaina\\\/#primaryimage\"},\"thumbnailUrl\":\"https:\\\/\\\/www.copealcoy.es\\\/wp-content\\\/uploads\\\/2017\\\/08\\\/IMG_0556-e1502628366679.jpg\",\"keywords\":[\"Cocentaina\",\"Comtat\",\"Moros Y Cristianos\",\"San Hip\u00f3lito\",\"Segunda Diana\"],\"articleSection\":[\"Comarcas\",\"Noticias\"],\"inLanguage\":\"es\"},{\"@type\":\"WebPage\",\"@id\":\"https:\\\/\\\/www.copealcoy.es\\\/es\\\/futuro-la-festa-toma-las-calles-cocentaina\\\/\",\"url\":\"https:\\\/\\\/www.copealcoy.es\\\/es\\\/futuro-la-festa-toma-las-calles-cocentaina\\\/\",\"name\":\"El futuro de la Festa toma las calles de Cocentaina - COPE Alcoy\",\"isPartOf\":{\"@id\":\"https:\\\/\\\/www.copealcoy.es\\\/es\\\/#website\"},\"primaryImageOfPage\":{\"@id\":\"https:\\\/\\\/www.copealcoy.es\\\/es\\\/futuro-la-festa-toma-las-calles-cocentaina\\\/#primaryimage\"},\"image\":{\"@id\":\"https:\\\/\\\/www.copealcoy.es\\\/es\\\/futuro-la-festa-toma-las-calles-cocentaina\\\/#primaryimage\"},\"thumbnailUrl\":\"https:\\\/\\\/www.copealcoy.es\\\/wp-content\\\/uploads\\\/2017\\\/08\\\/IMG_0556-e1502628366679.jpg\",\"datePublished\":\"2017-08-13T12:45:31+00:00\",\"dateModified\":\"2017-08-13T12:47:35+00:00\",\"author\":{\"@id\":\"https:\\\/\\\/www.copealcoy.es\\\/es\\\/#\\\/schema\\\/person\\\/e777c87fa024e57d40170af9df39882c\"},\"breadcrumb\":{\"@id\":\"https:\\\/\\\/www.copealcoy.es\\\/es\\\/futuro-la-festa-toma-las-calles-cocentaina\\\/#breadcrumb\"},\"inLanguage\":\"es\",\"potentialAction\":[{\"@type\":\"ReadAction\",\"target\":[\"https:\\\/\\\/www.copealcoy.es\\\/es\\\/futuro-la-festa-toma-las-calles-cocentaina\\\/\"]}]},{\"@type\":\"ImageObject\",\"inLanguage\":\"es\",\"@id\":\"https:\\\/\\\/www.copealcoy.es\\\/es\\\/futuro-la-festa-toma-las-calles-cocentaina\\\/#primaryimage\",\"url\":\"https:\\\/\\\/www.copealcoy.es\\\/wp-content\\\/uploads\\\/2017\\\/08\\\/IMG_0556-e1502628366679.jpg\",\"contentUrl\":\"https:\\\/\\\/www.copealcoy.es\\\/wp-content\\\/uploads\\\/2017\\\/08\\\/IMG_0556-e1502628366679.jpg\",\"width\":3215,\"height\":1824,\"caption\":\"La Segunda Diana ha tenido un marcado protagonismo infantil \\\/ Foto: G. Pascual\"},{\"@type\":\"BreadcrumbList\",\"@id\":\"https:\\\/\\\/www.copealcoy.es\\\/es\\\/futuro-la-festa-toma-las-calles-cocentaina\\\/#breadcrumb\",\"itemListElement\":[{\"@type\":\"ListItem\",\"position\":1,\"name\":\"Portada\",\"item\":\"https:\\\/\\\/www.copealcoy.es\\\/es\\\/\"},{\"@type\":\"ListItem\",\"position\":2,\"name\":\"El futuro de la Festa toma las calles de Cocentaina\"}]},{\"@type\":\"WebSite\",\"@id\":\"https:\\\/\\\/www.copealcoy.es\\\/es\\\/#website\",\"url\":\"https:\\\/\\\/www.copealcoy.es\\\/es\\\/\",\"name\":\"COPE Alcoy\",\"description\":\"Emisora COPE de radio local con emisi\u00f3n online. Pont de Sant Jordi 8-10 03803 Alcoy\",\"potentialAction\":[{\"@type\":\"SearchAction\",\"target\":{\"@type\":\"EntryPoint\",\"urlTemplate\":\"https:\\\/\\\/www.copealcoy.es\\\/es\\\/?s={search_term_string}\"},\"query-input\":{\"@type\":\"PropertyValueSpecification\",\"valueRequired\":true,\"valueName\":\"search_term_string\"}}],\"inLanguage\":\"es\"},{\"@type\":\"Person\",\"@id\":\"https:\\\/\\\/www.copealcoy.es\\\/es\\\/#\\\/schema\\\/person\\\/e777c87fa024e57d40170af9df39882c\",\"name\":\"Cope Alcoy\",\"image\":{\"@type\":\"ImageObject\",\"inLanguage\":\"es\",\"@id\":\"https:\\\/\\\/secure.gravatar.com\\\/avatar\\\/bb65d0283347e303893ba14f0692005417c1e0e690a325a4c5d8bb2b3943ee14?s=96&d=mm&r=g\",\"url\":\"https:\\\/\\\/secure.gravatar.com\\\/avatar\\\/bb65d0283347e303893ba14f0692005417c1e0e690a325a4c5d8bb2b3943ee14?s=96&d=mm&r=g\",\"contentUrl\":\"https:\\\/\\\/secure.gravatar.com\\\/avatar\\\/bb65d0283347e303893ba14f0692005417c1e0e690a325a4c5d8bb2b3943ee14?s=96&d=mm&r=g\",\"caption\":\"Cope Alcoy\"}}]}<\/script>\n<!-- \/ Yoast SEO plugin. -->","yoast_head_json":{"title":"El futuro de la Festa toma las calles de Cocentaina - COPE Alcoy","robots":{"index":"index","follow":"follow","max-snippet":"max-snippet:-1","max-image-preview":"max-image-preview:large","max-video-preview":"max-video-preview:-1"},"canonical":"https:\/\/www.copealcoy.es\/es\/futuro-la-festa-toma-las-calles-cocentaina\/","og_locale":"es_ES","og_type":"article","og_title":"El futuro de la Festa toma las calles de Cocentaina - COPE Alcoy","og_description":"El segundo d\u00eda de la trilog\u00eda festera de Cocentaina, dedicado al patr\u00f3n San Hip\u00f3lito M\u00e1rtir, ha comenzado este domingo con...","og_url":"https:\/\/www.copealcoy.es\/es\/futuro-la-festa-toma-las-calles-cocentaina\/","og_site_name":"COPE Alcoy","article_published_time":"2017-08-13T12:45:31+00:00","article_modified_time":"2017-08-13T12:47:35+00:00","og_image":[{"width":3215,"height":1824,"url":"https:\/\/www.copealcoy.es\/wp-content\/uploads\/2017\/08\/IMG_0556-e1502628366679.jpg","type":"image\/jpeg"}],"author":"Cope Alcoy","twitter_misc":{"Escrito por":"Cope Alcoy","Tiempo de lectura":"1 minuto"},"schema":{"@context":"https:\/\/schema.org","@graph":[{"@type":"Article","@id":"https:\/\/www.copealcoy.es\/es\/futuro-la-festa-toma-las-calles-cocentaina\/#article","isPartOf":{"@id":"https:\/\/www.copealcoy.es\/es\/futuro-la-festa-toma-las-calles-cocentaina\/"},"author":{"name":"Cope Alcoy","@id":"https:\/\/www.copealcoy.es\/es\/#\/schema\/person\/e777c87fa024e57d40170af9df39882c"},"headline":"El futuro de la Festa toma las calles de Cocentaina","datePublished":"2017-08-13T12:45:31+00:00","dateModified":"2017-08-13T12:47:35+00:00","mainEntityOfPage":{"@id":"https:\/\/www.copealcoy.es\/es\/futuro-la-festa-toma-las-calles-cocentaina\/"},"wordCount":231,"commentCount":0,"image":{"@id":"https:\/\/www.copealcoy.es\/es\/futuro-la-festa-toma-las-calles-cocentaina\/#primaryimage"},"thumbnailUrl":"https:\/\/www.copealcoy.es\/wp-content\/uploads\/2017\/08\/IMG_0556-e1502628366679.jpg","keywords":["Cocentaina","Comtat","Moros Y Cristianos","San Hip\u00f3lito","Segunda Diana"],"articleSection":["Comarcas","Noticias"],"inLanguage":"es"},{"@type":"WebPage","@id":"https:\/\/www.copealcoy.es\/es\/futuro-la-festa-toma-las-calles-cocentaina\/","url":"https:\/\/www.copealcoy.es\/es\/futuro-la-festa-toma-las-calles-cocentaina\/","name":"El futuro de la Festa toma las calles de Cocentaina - COPE Alcoy","isPartOf":{"@id":"https:\/\/www.copealcoy.es\/es\/#website"},"primaryImageOfPage":{"@id":"https:\/\/www.copealcoy.es\/es\/futuro-la-festa-toma-las-calles-cocentaina\/#primaryimage"},"image":{"@id":"https:\/\/www.copealcoy.es\/es\/futuro-la-festa-toma-las-calles-cocentaina\/#primaryimage"},"thumbnailUrl":"https:\/\/www.copealcoy.es\/wp-content\/uploads\/2017\/08\/IMG_0556-e1502628366679.jpg","datePublished":"2017-08-13T12:45:31+00:00","dateModified":"2017-08-13T12:47:35+00:00","author":{"@id":"https:\/\/www.copealcoy.es\/es\/#\/schema\/person\/e777c87fa024e57d40170af9df39882c"},"breadcrumb":{"@id":"https:\/\/www.copealcoy.es\/es\/futuro-la-festa-toma-las-calles-cocentaina\/#breadcrumb"},"inLanguage":"es","potentialAction":[{"@type":"ReadAction","target":["https:\/\/www.copealcoy.es\/es\/futuro-la-festa-toma-las-calles-cocentaina\/"]}]},{"@type":"ImageObject","inLanguage":"es","@id":"https:\/\/www.copealcoy.es\/es\/futuro-la-festa-toma-las-calles-cocentaina\/#primaryimage","url":"https:\/\/www.copealcoy.es\/wp-content\/uploads\/2017\/08\/IMG_0556-e1502628366679.jpg","contentUrl":"https:\/\/www.copealcoy.es\/wp-content\/uploads\/2017\/08\/IMG_0556-e1502628366679.jpg","width":3215,"height":1824,"caption":"La Segunda Diana ha tenido un marcado protagonismo infantil \/ Foto: G. Pascual"},{"@type":"BreadcrumbList","@id":"https:\/\/www.copealcoy.es\/es\/futuro-la-festa-toma-las-calles-cocentaina\/#breadcrumb","itemListElement":[{"@type":"ListItem","position":1,"name":"Portada","item":"https:\/\/www.copealcoy.es\/es\/"},{"@type":"ListItem","position":2,"name":"El futuro de la Festa toma las calles de Cocentaina"}]},{"@type":"WebSite","@id":"https:\/\/www.copealcoy.es\/es\/#website","url":"https:\/\/www.copealcoy.es\/es\/","name":"COPE Alcoy","description":"Emisora COPE de radio local con emisi\u00f3n online. Pont de Sant Jordi 8-10 03803 Alcoy","potentialAction":[{"@type":"SearchAction","target":{"@type":"EntryPoint","urlTemplate":"https:\/\/www.copealcoy.es\/es\/?s={search_term_string}"},"query-input":{"@type":"PropertyValueSpecification","valueRequired":true,"valueName":"search_term_string"}}],"inLanguage":"es"},{"@type":"Person","@id":"https:\/\/www.copealcoy.es\/es\/#\/schema\/person\/e777c87fa024e57d40170af9df39882c","name":"Cope Alcoy","image":{"@type":"ImageObject","inLanguage":"es","@id":"https:\/\/secure.gravatar.com\/avatar\/bb65d0283347e303893ba14f0692005417c1e0e690a325a4c5d8bb2b3943ee14?s=96&d=mm&r=g","url":"https:\/\/secure.gravatar.com\/avatar\/bb65d0283347e303893ba14f0692005417c1e0e690a325a4c5d8bb2b3943ee14?s=96&d=mm&r=g","contentUrl":"https:\/\/secure.gravatar.com\/avatar\/bb65d0283347e303893ba14f0692005417c1e0e690a325a4c5d8bb2b3943ee14?s=96&d=mm&r=g","caption":"Cope Alcoy"}}]}},"_links":{"self":[{"href":"https:\/\/www.copealcoy.es\/es\/wp-json\/wp\/v2\/posts\/34379","targetHints":{"allow":["GET"]}}],"collection":[{"href":"https:\/\/www.copealcoy.es\/es\/wp-json\/wp\/v2\/posts"}],"about":[{"href":"https:\/\/www.copealcoy.es\/es\/wp-json\/wp\/v2\/types\/post"}],"author":[{"embeddable":true,"href":"https:\/\/www.copealcoy.es\/es\/wp-json\/wp\/v2\/users\/1"}],"replies":[{"embeddable":true,"href":"https:\/\/www.copealcoy.es\/es\/wp-json\/wp\/v2\/comments?post=34379"}],"version-history":[{"count":0,"href":"https:\/\/www.copealcoy.es\/es\/wp-json\/wp\/v2\/posts\/34379\/revisions"}],"wp:featuredmedia":[{"embeddable":true,"href":"https:\/\/www.copealcoy.es\/es\/wp-json\/wp\/v2\/media\/34380"}],"wp:attachment":[{"href":"https:\/\/www.copealcoy.es\/es\/wp-json\/wp\/v2\/media?parent=34379"}],"wp:term":[{"taxonomy":"category","embeddable":true,"href":"https:\/\/www.copealcoy.es\/es\/wp-json\/wp\/v2\/categories?post=34379"},{"taxonomy":"post_tag","embeddable":true,"href":"https:\/\/www.copealcoy.es\/es\/wp-json\/wp\/v2\/tags?post=34379"}],"curies":[{"name":"wp","href":"https:\/\/api.w.org\/{rel}","templated":true}]}}