{"id":34370,"date":"2017-08-13T08:56:09","date_gmt":"2017-08-13T08:56:09","guid":{"rendered":"http:\/\/copealcoi.es\/new\/?p=34370"},"modified":"2017-08-20T17:10:07","modified_gmt":"2017-08-20T17:10:07","slug":"cocentaina-vibra-con-el-gran-espectaculo-de-sus-entradas","status":"publish","type":"post","link":"https:\/\/www.copealcoy.es\/es\/cocentaina-vibra-con-el-gran-espectaculo-de-sus-entradas\/","title":{"rendered":"Cocentaina vibra con el gran espect\u00e1culo de sus Entradas"},"content":{"rendered":"<p style=\"text-align: justify;\">Cocentaia volvi\u00f3 a vibrar ayer con el <strong>gran espect\u00e1culo de sus Entradas de moros y cristianos<\/strong>, un desfile que este a\u00f1o <strong>recuper\u00f3 su anterior horario de inicio<\/strong> para arrancar desde la parte alta del Passeig del Comtat a las <strong>siete en punto de la tarde<\/strong>. Miles de personas, sentados en las sillas repartidas por el trayecto, en las tribunas de El Pla o en las terrazas de los bares, disfrutaron de este acto festero que comenz\u00f3 pidiendo <strong>la protecci\u00f3n del patr\u00f3n<\/strong> al grito de \u2018Visca Sant Hip\u00f2lit\u2019.<\/p>\n<p style=\"text-align: justify;\"><strong>Una Entrada Cristiana guerrera y al ritmo marcial dels Cavallets<\/strong><\/p>\n<p style=\"text-align: justify;\">La <strong>Colla Mal Passet<\/strong> se encarg\u00f3 una vez m\u00e1s de abrir la Entrada Cristiana dando paso seguidamente al bander\u00edn de la <strong>Fil\u00e0 Gentils<\/strong>, formaci\u00f3n fundada en 1963, y que este a\u00f1o tiene la responsabilidad de asumir el <strong>cargo de capit\u00e1n<\/strong>. Las <strong>danzas guerreras<\/strong>, protagonizadas por peque\u00f1as y adultos, fueron la avanzadilla del <strong>m\u00e1ximo representante de las tropas de la cruz<\/strong>. <strong>Sergio Moncho Moya<\/strong> lleg\u00f3 precedido de su guardia personal as\u00ed como rodeado de su favorita y rodellas; su mujer <strong>Mar\u00eda del Mar Albadalejo,<\/strong>\u00a0su sobrina <strong>Julia Moncho\u00a0<\/strong>y sus hijos <strong>Mateo y Adri\u00e1n<\/strong>. Este \u00faltimo hizo su Entrada <strong>a lomos de un caballo<\/strong> y precediendo a sus padres.\u00a0El capit\u00e1n del bando cristiano tuvo adem\u00e1s <strong>el acompa\u00f1amiento musical de la marcha cristiana <em>Monchalba <\/em><\/strong>de Francisco Valor Llor\u00e9ns interpretada en este caso por la Agrupaci\u00f3n Musical \u2018El Delirio de Gorga\u2019. El dise\u00f1o del cargo, realizado por Roper\u00eda Chimo, <strong>destac\u00f3 por la presencia de los tonos verdes<\/strong> en relaci\u00f3n a la indumentaria oficial de la fil\u00e0 as\u00ed como por <strong>el uso de complementos<\/strong> como\u00a0pieles y cueros. Finalmente una guerrera\u00a0escuadra de negros, con <strong>un imponente casco en forma de animal<\/strong>, <strong>puso el colof\u00f3n<\/strong> al paso de la capitan\u00eda.<\/p>\n<figure id=\"attachment_34564\" aria-describedby=\"caption-attachment-34564\" style=\"width: 960px\" class=\"wp-caption alignnone\"><a href=\"https:\/\/www.copealcoy.es\/wp-content\/uploads\/2017\/08\/Esquadra-Gentils.jpg\"><img loading=\"lazy\" decoding=\"async\" class=\"wp-image-34564 size-full\" src=\"https:\/\/www.copealcoy.es\/wp-content\/uploads\/2017\/08\/Esquadra-Gentils.jpg\" alt=\"\" width=\"960\" height=\"640\" srcset=\"https:\/\/www.copealcoy.es\/wp-content\/uploads\/2017\/08\/Esquadra-Gentils.jpg 960w, https:\/\/www.copealcoy.es\/wp-content\/uploads\/2017\/08\/Esquadra-Gentils-300x200.jpg 300w, https:\/\/www.copealcoy.es\/wp-content\/uploads\/2017\/08\/Esquadra-Gentils-768x512.jpg 768w\" sizes=\"auto, (max-width: 960px) 100vw, 960px\" \/><\/a><figcaption id=\"caption-attachment-34564\" class=\"wp-caption-text\">Escuadra Especial del capit\u00e1n cristiano de la Fil\u00e0 Gentils \/ Foto: Fletxa<\/figcaption><\/figure>\n<p style=\"text-align: justify;\">A continuaci\u00f3n llegaron las filaes <strong>Cavallers de Ll\u00faria, Contestanos, Contrabandistas y Cavaller\u00eda Ministerial<\/strong>. Estos \u00faltimos desempe\u00f1aron la bandera cristiana y su boato lo encabez\u00f3 su cl\u00e1sica <strong>Escuadra Seria<\/strong>\u00a0a los sones de la pieza &#8216;Cavalleria Ministerial&#8217; de Enrique Torr\u00f3 Insa. Despu\u00e9s pudimos ver una <strong>exhibici\u00f3n de animales de cetrer\u00eda<\/strong> y una simb\u00f3lica <strong>coreograf\u00eda<\/strong> de Gabriel Amador basada en la mitolog\u00eda\u00a0que dio paso <strong>a las carrozas de los caballeros y las damas<\/strong>. Un caballo de respeto anunci\u00f3 la venida del abanderado, <strong>Sergio Navarro Cant\u00f3<\/strong>, que para la ocasi\u00f3n luci\u00f3 <strong>un traje de corte guerrero<\/strong> con colores blancos y rojos y negros. Al cargo le flanqueaban <strong>la favorita<\/strong> (Cristina Flores) y <strong>la rodella<\/strong> (Julia Navarro) luciendo un dise\u00f1o de similares caracter\u00edsticas con el color rojo como protagonista. Por \u00faltimo la escuadra de negros, con el <strong>Caballo<\/strong> como s\u00edmbolo identificativo, <strong>marc\u00f3 el punto y final a esta puesta en escena<\/strong> a los sones de la Banda de Muro y \u2018Antebellum\u2019 de Francisco Valor. Por \u00faltimo las filaes <strong>Maseros, Cruzados y Almog\u00e1vares<\/strong> echaron el cierre al desembarco de las tropas de Jaume I en la Villa Condal.<\/p>\n<p style=\"text-align: justify;\"><a href=\"https:\/\/www.copealcoy.es\/wp-content\/uploads\/2017\/08\/20953783_1376536635800913_7434276119809194530_n.jpg\"><img loading=\"lazy\" decoding=\"async\" class=\"wp-image-34566 size-full aligncenter\" src=\"https:\/\/www.copealcoy.es\/wp-content\/uploads\/2017\/08\/20953783_1376536635800913_7434276119809194530_n.jpg\" alt=\"\" width=\"480\" height=\"720\" srcset=\"https:\/\/www.copealcoy.es\/wp-content\/uploads\/2017\/08\/20953783_1376536635800913_7434276119809194530_n.jpg 480w, https:\/\/www.copealcoy.es\/wp-content\/uploads\/2017\/08\/20953783_1376536635800913_7434276119809194530_n-200x300.jpg 200w\" sizes=\"auto, (max-width: 480px) 100vw, 480px\" \/><\/a><\/p>\n<figure id=\"attachment_34565\" aria-describedby=\"caption-attachment-34565\" style=\"width: 960px\" class=\"wp-caption alignnone\"><a href=\"https:\/\/www.copealcoy.es\/wp-content\/uploads\/2017\/08\/Esquadra-Cavallets.jpg\"><img loading=\"lazy\" decoding=\"async\" class=\"wp-image-34565 size-full\" src=\"https:\/\/www.copealcoy.es\/wp-content\/uploads\/2017\/08\/Esquadra-Cavallets.jpg\" alt=\"\" width=\"960\" height=\"640\" srcset=\"https:\/\/www.copealcoy.es\/wp-content\/uploads\/2017\/08\/Esquadra-Cavallets.jpg 960w, https:\/\/www.copealcoy.es\/wp-content\/uploads\/2017\/08\/Esquadra-Cavallets-300x200.jpg 300w, https:\/\/www.copealcoy.es\/wp-content\/uploads\/2017\/08\/Esquadra-Cavallets-768x512.jpg 768w\" sizes=\"auto, (max-width: 960px) 100vw, 960px\" \/><\/a><figcaption id=\"caption-attachment-34565\" class=\"wp-caption-text\">Escuadra Especial del Abanderado Cristiano de la Fil\u00e0 Cavallets \/ Fotos: Fletxa<\/figcaption><\/figure>\n<p style=\"text-align: justify;\"><strong>Elegancia y evocaci\u00f3n \u00e1rabe en la Entrada Mora<\/strong><\/p>\n<p style=\"text-align: justify;\">Pasadas las nueve de la noche comenz\u00f3 <strong>la Entrada Mora<\/strong> al ritmo de las suntuosas piezas que interpret\u00f3 <strong>la Colla Mal Passet<\/strong>. En esta ocasi\u00f3n fue <strong>el bander\u00edn de la Fil\u00e0 Guardia Jalifiana <em>Sahorins <\/em><\/strong>el que anunci\u00f3 el inicio de esta parte del desfile y en el boato de su capitan\u00eda mora ya se pudieron ver desde el primer instante <strong>coreograf\u00edas y danzas \u00e1rabes<\/strong> que trasladaron al espectador hasta la \u00e9poca en la que los sarracenos dominaban la Pen\u00ednsula Ib\u00e9rica. Las <strong>Damas del Capit\u00e1n en carroza y la escolta a caballo<\/strong> anunciaron la llegada del m\u00e1ximo representante de las fuerzas mahometanas sobre una gran carroza. Jaime P\u00e9rez Cardona, luci\u00f3 un traje elegante y se\u00f1orial, en el que destacaban los colores marfil, amarillos y verdes en relaci\u00f3n clara hacia su Fil\u00e0. Le acompa\u00f1\u00f3 en este ba\u00f1o de multitudes por el Passeig del Comtat y El Pla <strong>el Ateneu Musical<\/strong> con <strong>la marcha mora \u2018Al Karmel\u2019<\/strong> de Santi Revert. Seguidamente la <strong>escuadra de negros<\/strong>, con un gran tocado de plumas en la cabeza de los componentes, <strong>despidi\u00f3 esta majestuosa capitan\u00eda<\/strong> que cautiv\u00f3 al p\u00fablico.<\/p>\n<figure id=\"attachment_34567\" aria-describedby=\"caption-attachment-34567\" style=\"width: 960px\" class=\"wp-caption alignnone\"><a href=\"https:\/\/www.copealcoy.es\/wp-content\/uploads\/2017\/08\/Esquadra-Sahorins.jpg\"><img loading=\"lazy\" decoding=\"async\" class=\"wp-image-34567 size-full\" src=\"https:\/\/www.copealcoy.es\/wp-content\/uploads\/2017\/08\/Esquadra-Sahorins.jpg\" alt=\"\" width=\"960\" height=\"681\" srcset=\"https:\/\/www.copealcoy.es\/wp-content\/uploads\/2017\/08\/Esquadra-Sahorins.jpg 960w, https:\/\/www.copealcoy.es\/wp-content\/uploads\/2017\/08\/Esquadra-Sahorins-300x213.jpg 300w, https:\/\/www.copealcoy.es\/wp-content\/uploads\/2017\/08\/Esquadra-Sahorins-768x545.jpg 768w\" sizes=\"auto, (max-width: 960px) 100vw, 960px\" \/><\/a><figcaption id=\"caption-attachment-34567\" class=\"wp-caption-text\">Escuadra Especial del Capit\u00e1n Moro de la Fil\u00e0 Sahorins \/ Fotos: Paco Sempere<\/figcaption><\/figure>\n<p style=\"text-align: justify;\">La Entrada Mora sigui\u00f3 despu\u00e9s con el paso de las filaes<strong> Kabile\u00f1os, Bereberes \u2013 Borts y Bequeteros<\/strong>. Esta \u00faltima formaci\u00f3n present\u00f3 <strong>una escuadra especial con motivo del 75 aniversario de su fundaci\u00f3n<\/strong>, que se cumpli\u00f3 el pasado a\u00f1o, pero que han celebrado en 2017 para evitar coincidir con el <strong>cargo de bandera<\/strong> que desempe\u00f1aron en las pasadas fiestas. El dise\u00f1o de esta escuadra fue atrevido y de reminiscencias africanas, con tonos rojos, azules y blancos, y desfil\u00f3 a los sones de <strong>\u2018Roper\u00eda Chimo\u2019 y \u2018Al Botij\u00f3\u2019<\/strong> de Francisco Valor. Despu\u00e9s fue el turno de <strong>la fil\u00e0 Mulad\u00eds, la Manta Roja y los Mud\u00e9jares<\/strong>. Tambi\u00e9n esta Fil\u00e0 sac\u00f3 a la calle <strong>una Escuadra Especial por el 75 aniversario de su fundaci\u00f3n<\/strong> y en este caso el traje apost\u00f3 por los colores identificativos de su dise\u00f1o original como son el amarillo y el verde. La m\u00fasica interpreada en esta ocasi\u00f3n fueron <strong>las piezas \u2018Als Ligeros\u2019, \u2018El Moro del Cinc\u2019 y \u2018El President\u2019<\/strong>.<\/p>\n<figure id=\"attachment_34568\" aria-describedby=\"caption-attachment-34568\" style=\"width: 960px\" class=\"wp-caption alignnone\"><a href=\"https:\/\/www.copealcoy.es\/wp-content\/uploads\/2017\/08\/Esquadra-Bequeteros.jpg\"><img loading=\"lazy\" decoding=\"async\" class=\"wp-image-34568 size-full\" src=\"https:\/\/www.copealcoy.es\/wp-content\/uploads\/2017\/08\/Esquadra-Bequeteros.jpg\" alt=\"\" width=\"960\" height=\"583\" srcset=\"https:\/\/www.copealcoy.es\/wp-content\/uploads\/2017\/08\/Esquadra-Bequeteros.jpg 960w, https:\/\/www.copealcoy.es\/wp-content\/uploads\/2017\/08\/Esquadra-Bequeteros-300x182.jpg 300w, https:\/\/www.copealcoy.es\/wp-content\/uploads\/2017\/08\/Esquadra-Bequeteros-768x466.jpg 768w\" sizes=\"auto, (max-width: 960px) 100vw, 960px\" \/><\/a><figcaption id=\"caption-attachment-34568\" class=\"wp-caption-text\">Escuadra Especial del 75 aniversario de la Fil\u00e0 Bequeteros \/ Fotos: Paco Sempere<\/figcaption><\/figure>\n<figure id=\"attachment_34569\" aria-describedby=\"caption-attachment-34569\" style=\"width: 960px\" class=\"wp-caption alignnone\"><a href=\"https:\/\/www.copealcoy.es\/wp-content\/uploads\/2017\/08\/Esquadra-75-aniversario-Mud\u00e9jares.jpg\"><img loading=\"lazy\" decoding=\"async\" class=\"wp-image-34569 size-full\" src=\"https:\/\/www.copealcoy.es\/wp-content\/uploads\/2017\/08\/Esquadra-75-aniversario-Mud\u00e9jares.jpg\" alt=\"\" width=\"960\" height=\"640\" srcset=\"https:\/\/www.copealcoy.es\/wp-content\/uploads\/2017\/08\/Esquadra-75-aniversario-Mud\u00e9jares.jpg 960w, https:\/\/www.copealcoy.es\/wp-content\/uploads\/2017\/08\/Esquadra-75-aniversario-Mud\u00e9jares-300x200.jpg 300w, https:\/\/www.copealcoy.es\/wp-content\/uploads\/2017\/08\/Esquadra-75-aniversario-Mud\u00e9jares-768x512.jpg 768w\" sizes=\"auto, (max-width: 960px) 100vw, 960px\" \/><\/a><figcaption id=\"caption-attachment-34569\" class=\"wp-caption-text\">Escuadra Especial del 75 aniversario de la Fil\u00e0 Mud\u00e9jares \/ Fotos: Fletxa<\/figcaption><\/figure>\n<p style=\"text-align: justify;\">El <strong>broche de oro<\/strong> a este m\u00e1gico desfile lo puso <strong>la Fil\u00e0 Llana<\/strong>, con su cargo de abanderado moro, en el que se <strong>recre\u00f3 la vida de los \u00e1rabes<\/strong> que poblaron el <strong>Raval de Cocentaina y las tierras de El Comtat<\/strong> en el siglo XIII. Los bailes orientales de Alicia Montava, recreando <strong>las especies arom\u00e1ticas de la cocina moruna<\/strong>, y los caballeros sobre caballos anunciaron la venida de <strong>Christian Molines Castell\u00e1<\/strong>. El joven abanderado moro, que tambi\u00e9n es miembro\u00a0de la Uni\u00f3n Musical Contestana, <strong>luci\u00f3 un traje\u00a0<\/strong>de estilo guerrero\u00a0en el que destacaba el bombacho granate y la faja de color verde. Le acompa\u00f1aron sus favoritas (Mireia Gisbert y Aitana Gisbert) y rodella (Ernesto Franc\u00e9s) en una carroza que simul\u00f3 una jaima mientras sonaba con fuerza <strong>la marcha mora \u2018Al Karis\u2019 de Mario Coloma Cerver<\/strong>. La <strong>Escuadra de Negros<\/strong> formada por mujeres cont\u00f3 con el <strong>cabo batidor en camello<\/strong> y\u00a0con un dise\u00f1o en el que el amarillo fue el color dominante. De esta forma se cerr\u00f3 el acto rozando\u00a0la una de la madrugada en la Plaza de El Pla.<\/p>\n<figure id=\"attachment_34570\" aria-describedby=\"caption-attachment-34570\" style=\"width: 480px\" class=\"wp-caption aligncenter\"><a href=\"https:\/\/www.copealcoy.es\/wp-content\/uploads\/2017\/08\/20882020_1376536619134248_1687010945574542351_n.jpg\"><img loading=\"lazy\" decoding=\"async\" class=\"wp-image-34570 size-full\" src=\"https:\/\/www.copealcoy.es\/wp-content\/uploads\/2017\/08\/20882020_1376536619134248_1687010945574542351_n.jpg\" alt=\"\" width=\"480\" height=\"720\" srcset=\"https:\/\/www.copealcoy.es\/wp-content\/uploads\/2017\/08\/20882020_1376536619134248_1687010945574542351_n.jpg 480w, https:\/\/www.copealcoy.es\/wp-content\/uploads\/2017\/08\/20882020_1376536619134248_1687010945574542351_n-200x300.jpg 200w\" sizes=\"auto, (max-width: 480px) 100vw, 480px\" \/><\/a><figcaption id=\"caption-attachment-34570\" class=\"wp-caption-text\">Christian Molines Castell\u00e0, Abanderado Moro de la Fil\u00e0 Llana, en su Entrada a Cocentaina \/ Foto: ulldepeix fotograf\u00eda<\/figcaption><\/figure>\n<figure id=\"attachment_34573\" aria-describedby=\"caption-attachment-34573\" style=\"width: 960px\" class=\"wp-caption alignnone\"><a href=\"https:\/\/www.copealcoy.es\/wp-content\/uploads\/2017\/08\/20800264_10213559117002080_9129511537975611734_n.jpg\"><img loading=\"lazy\" decoding=\"async\" class=\"wp-image-34573 size-full\" src=\"https:\/\/www.copealcoy.es\/wp-content\/uploads\/2017\/08\/20800264_10213559117002080_9129511537975611734_n.jpg\" alt=\"\" width=\"960\" height=\"720\" srcset=\"https:\/\/www.copealcoy.es\/wp-content\/uploads\/2017\/08\/20800264_10213559117002080_9129511537975611734_n.jpg 960w, https:\/\/www.copealcoy.es\/wp-content\/uploads\/2017\/08\/20800264_10213559117002080_9129511537975611734_n-300x225.jpg 300w, https:\/\/www.copealcoy.es\/wp-content\/uploads\/2017\/08\/20800264_10213559117002080_9129511537975611734_n-768x576.jpg 768w\" sizes=\"auto, (max-width: 960px) 100vw, 960px\" \/><\/a><figcaption id=\"caption-attachment-34573\" class=\"wp-caption-text\">Escuadra Especial del Abanderado Moro de la Fil\u00e0 Llana \/ Fotos:\u00a0Aida Pl Jrd<\/figcaption><\/figure>\n","protected":false},"excerpt":{"rendered":"<p>Cocentaia volvi\u00f3 a vibrar ayer con el gran espect\u00e1culo de sus Entradas de moros y cristianos, un desfile que este&#8230;<\/p>\n","protected":false},"author":1,"featured_media":34372,"comment_status":"open","ping_status":"open","sticky":false,"template":"","format":"standard","meta":{"footnotes":""},"categories":[98,75,125],"tags":[4528,132,237,1987,1662,4519,4144,609],"class_list":["post-34370","post","type-post","status-publish","format-standard","has-post-thumbnail","hentry","category-comarcas","category-noticias","category-portada","tag-cavalleria-ministerial","tag-cocentaina","tag-comtat","tag-entrada","tag-gentils","tag-guardia-jalifiana","tag-llana","tag-moros-y-cristianos"],"yoast_head":"<!-- This site is optimized with the Yoast SEO plugin v27.3 - https:\/\/yoast.com\/product\/yoast-seo-wordpress\/ -->\n<title>Cocentaina vibra con el gran espect\u00e1culo de sus Entradas - COPE Alcoy<\/title>\n<meta name=\"robots\" content=\"index, follow, max-snippet:-1, max-image-preview:large, max-video-preview:-1\" \/>\n<link rel=\"canonical\" href=\"https:\/\/www.copealcoy.es\/es\/cocentaina-vibra-con-el-gran-espectaculo-de-sus-entradas\/\" \/>\n<meta property=\"og:locale\" content=\"es_ES\" \/>\n<meta property=\"og:type\" content=\"article\" \/>\n<meta property=\"og:title\" content=\"Cocentaina vibra con el gran espect\u00e1culo de sus Entradas - COPE Alcoy\" \/>\n<meta property=\"og:description\" content=\"Cocentaia volvi\u00f3 a vibrar ayer con el gran espect\u00e1culo de sus Entradas de moros y cristianos, un desfile que este...\" \/>\n<meta property=\"og:url\" content=\"https:\/\/www.copealcoy.es\/es\/cocentaina-vibra-con-el-gran-espectaculo-de-sus-entradas\/\" \/>\n<meta property=\"og:site_name\" content=\"COPE Alcoy\" \/>\n<meta property=\"article:published_time\" content=\"2017-08-13T08:56:09+00:00\" \/>\n<meta property=\"article:modified_time\" content=\"2017-08-20T17:10:07+00:00\" \/>\n<meta property=\"og:image\" content=\"https:\/\/www.copealcoy.es\/wp-content\/uploads\/2017\/08\/Captura-de-pantalla-2017-08-11-a-las-17.42.44-e1502466246602-547x330.jpg\" \/>\n\t<meta property=\"og:image:width\" content=\"547\" \/>\n\t<meta property=\"og:image:height\" content=\"330\" \/>\n\t<meta property=\"og:image:type\" content=\"image\/jpeg\" \/>\n<meta name=\"author\" content=\"Cope Alcoy\" \/>\n<meta name=\"twitter:label1\" content=\"Escrito por\" \/>\n\t<meta name=\"twitter:data1\" content=\"Cope Alcoy\" \/>\n\t<meta name=\"twitter:label2\" content=\"Tiempo de lectura\" \/>\n\t<meta name=\"twitter:data2\" content=\"6 minutos\" \/>\n<script type=\"application\/ld+json\" class=\"yoast-schema-graph\">{\"@context\":\"https:\\\/\\\/schema.org\",\"@graph\":[{\"@type\":\"Article\",\"@id\":\"https:\\\/\\\/www.copealcoy.es\\\/es\\\/cocentaina-vibra-con-el-gran-espectaculo-de-sus-entradas\\\/#article\",\"isPartOf\":{\"@id\":\"https:\\\/\\\/www.copealcoy.es\\\/es\\\/cocentaina-vibra-con-el-gran-espectaculo-de-sus-entradas\\\/\"},\"author\":{\"name\":\"Cope Alcoy\",\"@id\":\"https:\\\/\\\/www.copealcoy.es\\\/es\\\/#\\\/schema\\\/person\\\/e777c87fa024e57d40170af9df39882c\"},\"headline\":\"Cocentaina vibra con el gran espect\u00e1culo de sus Entradas\",\"datePublished\":\"2017-08-13T08:56:09+00:00\",\"dateModified\":\"2017-08-20T17:10:07+00:00\",\"mainEntityOfPage\":{\"@id\":\"https:\\\/\\\/www.copealcoy.es\\\/es\\\/cocentaina-vibra-con-el-gran-espectaculo-de-sus-entradas\\\/\"},\"wordCount\":1231,\"commentCount\":0,\"image\":{\"@id\":\"https:\\\/\\\/www.copealcoy.es\\\/es\\\/cocentaina-vibra-con-el-gran-espectaculo-de-sus-entradas\\\/#primaryimage\"},\"thumbnailUrl\":\"https:\\\/\\\/www.copealcoy.es\\\/wp-content\\\/uploads\\\/2017\\\/08\\\/Captura-de-pantalla-2017-08-11-a-las-17.42.44-e1502466246602-547x330.jpg\",\"keywords\":[\"Cavaller\u00eda Ministerial\",\"Cocentaina\",\"Comtat\",\"Entrada\",\"Gentils\",\"Guardia Jalifiana\",\"Llana\",\"Moros Y Cristianos\"],\"articleSection\":[\"Comarcas\",\"Noticias\",\"Portada\"],\"inLanguage\":\"es\"},{\"@type\":\"WebPage\",\"@id\":\"https:\\\/\\\/www.copealcoy.es\\\/es\\\/cocentaina-vibra-con-el-gran-espectaculo-de-sus-entradas\\\/\",\"url\":\"https:\\\/\\\/www.copealcoy.es\\\/es\\\/cocentaina-vibra-con-el-gran-espectaculo-de-sus-entradas\\\/\",\"name\":\"Cocentaina vibra con el gran espect\u00e1culo de sus Entradas - COPE Alcoy\",\"isPartOf\":{\"@id\":\"https:\\\/\\\/www.copealcoy.es\\\/es\\\/#website\"},\"primaryImageOfPage\":{\"@id\":\"https:\\\/\\\/www.copealcoy.es\\\/es\\\/cocentaina-vibra-con-el-gran-espectaculo-de-sus-entradas\\\/#primaryimage\"},\"image\":{\"@id\":\"https:\\\/\\\/www.copealcoy.es\\\/es\\\/cocentaina-vibra-con-el-gran-espectaculo-de-sus-entradas\\\/#primaryimage\"},\"thumbnailUrl\":\"https:\\\/\\\/www.copealcoy.es\\\/wp-content\\\/uploads\\\/2017\\\/08\\\/Captura-de-pantalla-2017-08-11-a-las-17.42.44-e1502466246602-547x330.jpg\",\"datePublished\":\"2017-08-13T08:56:09+00:00\",\"dateModified\":\"2017-08-20T17:10:07+00:00\",\"author\":{\"@id\":\"https:\\\/\\\/www.copealcoy.es\\\/es\\\/#\\\/schema\\\/person\\\/e777c87fa024e57d40170af9df39882c\"},\"breadcrumb\":{\"@id\":\"https:\\\/\\\/www.copealcoy.es\\\/es\\\/cocentaina-vibra-con-el-gran-espectaculo-de-sus-entradas\\\/#breadcrumb\"},\"inLanguage\":\"es\",\"potentialAction\":[{\"@type\":\"ReadAction\",\"target\":[\"https:\\\/\\\/www.copealcoy.es\\\/es\\\/cocentaina-vibra-con-el-gran-espectaculo-de-sus-entradas\\\/\"]}]},{\"@type\":\"ImageObject\",\"inLanguage\":\"es\",\"@id\":\"https:\\\/\\\/www.copealcoy.es\\\/es\\\/cocentaina-vibra-con-el-gran-espectaculo-de-sus-entradas\\\/#primaryimage\",\"url\":\"https:\\\/\\\/www.copealcoy.es\\\/wp-content\\\/uploads\\\/2017\\\/08\\\/Captura-de-pantalla-2017-08-11-a-las-17.42.44-e1502466246602-547x330.jpg\",\"contentUrl\":\"https:\\\/\\\/www.copealcoy.es\\\/wp-content\\\/uploads\\\/2017\\\/08\\\/Captura-de-pantalla-2017-08-11-a-las-17.42.44-e1502466246602-547x330.jpg\",\"width\":547,\"height\":330,\"caption\":\"Sergio Moncho (capit\u00e1n cristiano de la Fil\u00e0 Gentils) y Jaime P\u00e9rez (capit\u00e1n moro de la Guardia Jalifiana) brillaron en la tarde de ayer \\\/ Foto: ulldepeix fotograf\u00eda\"},{\"@type\":\"BreadcrumbList\",\"@id\":\"https:\\\/\\\/www.copealcoy.es\\\/es\\\/cocentaina-vibra-con-el-gran-espectaculo-de-sus-entradas\\\/#breadcrumb\",\"itemListElement\":[{\"@type\":\"ListItem\",\"position\":1,\"name\":\"Portada\",\"item\":\"https:\\\/\\\/www.copealcoy.es\\\/es\\\/\"},{\"@type\":\"ListItem\",\"position\":2,\"name\":\"Cocentaina vibra con el gran espect\u00e1culo de sus Entradas\"}]},{\"@type\":\"WebSite\",\"@id\":\"https:\\\/\\\/www.copealcoy.es\\\/es\\\/#website\",\"url\":\"https:\\\/\\\/www.copealcoy.es\\\/es\\\/\",\"name\":\"COPE Alcoy\",\"description\":\"Emisora COPE de radio local con emisi\u00f3n online. Pont de Sant Jordi 8-10 03803 Alcoy\",\"potentialAction\":[{\"@type\":\"SearchAction\",\"target\":{\"@type\":\"EntryPoint\",\"urlTemplate\":\"https:\\\/\\\/www.copealcoy.es\\\/es\\\/?s={search_term_string}\"},\"query-input\":{\"@type\":\"PropertyValueSpecification\",\"valueRequired\":true,\"valueName\":\"search_term_string\"}}],\"inLanguage\":\"es\"},{\"@type\":\"Person\",\"@id\":\"https:\\\/\\\/www.copealcoy.es\\\/es\\\/#\\\/schema\\\/person\\\/e777c87fa024e57d40170af9df39882c\",\"name\":\"Cope Alcoy\",\"image\":{\"@type\":\"ImageObject\",\"inLanguage\":\"es\",\"@id\":\"https:\\\/\\\/secure.gravatar.com\\\/avatar\\\/bb65d0283347e303893ba14f0692005417c1e0e690a325a4c5d8bb2b3943ee14?s=96&d=mm&r=g\",\"url\":\"https:\\\/\\\/secure.gravatar.com\\\/avatar\\\/bb65d0283347e303893ba14f0692005417c1e0e690a325a4c5d8bb2b3943ee14?s=96&d=mm&r=g\",\"contentUrl\":\"https:\\\/\\\/secure.gravatar.com\\\/avatar\\\/bb65d0283347e303893ba14f0692005417c1e0e690a325a4c5d8bb2b3943ee14?s=96&d=mm&r=g\",\"caption\":\"Cope Alcoy\"}}]}<\/script>\n<!-- \/ Yoast SEO plugin. -->","yoast_head_json":{"title":"Cocentaina vibra con el gran espect\u00e1culo de sus Entradas - COPE Alcoy","robots":{"index":"index","follow":"follow","max-snippet":"max-snippet:-1","max-image-preview":"max-image-preview:large","max-video-preview":"max-video-preview:-1"},"canonical":"https:\/\/www.copealcoy.es\/es\/cocentaina-vibra-con-el-gran-espectaculo-de-sus-entradas\/","og_locale":"es_ES","og_type":"article","og_title":"Cocentaina vibra con el gran espect\u00e1culo de sus Entradas - COPE Alcoy","og_description":"Cocentaia volvi\u00f3 a vibrar ayer con el gran espect\u00e1culo de sus Entradas de moros y cristianos, un desfile que este...","og_url":"https:\/\/www.copealcoy.es\/es\/cocentaina-vibra-con-el-gran-espectaculo-de-sus-entradas\/","og_site_name":"COPE Alcoy","article_published_time":"2017-08-13T08:56:09+00:00","article_modified_time":"2017-08-20T17:10:07+00:00","og_image":[{"width":547,"height":330,"url":"https:\/\/www.copealcoy.es\/wp-content\/uploads\/2017\/08\/Captura-de-pantalla-2017-08-11-a-las-17.42.44-e1502466246602-547x330.jpg","type":"image\/jpeg"}],"author":"Cope Alcoy","twitter_misc":{"Escrito por":"Cope Alcoy","Tiempo de lectura":"6 minutos"},"schema":{"@context":"https:\/\/schema.org","@graph":[{"@type":"Article","@id":"https:\/\/www.copealcoy.es\/es\/cocentaina-vibra-con-el-gran-espectaculo-de-sus-entradas\/#article","isPartOf":{"@id":"https:\/\/www.copealcoy.es\/es\/cocentaina-vibra-con-el-gran-espectaculo-de-sus-entradas\/"},"author":{"name":"Cope Alcoy","@id":"https:\/\/www.copealcoy.es\/es\/#\/schema\/person\/e777c87fa024e57d40170af9df39882c"},"headline":"Cocentaina vibra con el gran espect\u00e1culo de sus Entradas","datePublished":"2017-08-13T08:56:09+00:00","dateModified":"2017-08-20T17:10:07+00:00","mainEntityOfPage":{"@id":"https:\/\/www.copealcoy.es\/es\/cocentaina-vibra-con-el-gran-espectaculo-de-sus-entradas\/"},"wordCount":1231,"commentCount":0,"image":{"@id":"https:\/\/www.copealcoy.es\/es\/cocentaina-vibra-con-el-gran-espectaculo-de-sus-entradas\/#primaryimage"},"thumbnailUrl":"https:\/\/www.copealcoy.es\/wp-content\/uploads\/2017\/08\/Captura-de-pantalla-2017-08-11-a-las-17.42.44-e1502466246602-547x330.jpg","keywords":["Cavaller\u00eda Ministerial","Cocentaina","Comtat","Entrada","Gentils","Guardia Jalifiana","Llana","Moros Y Cristianos"],"articleSection":["Comarcas","Noticias","Portada"],"inLanguage":"es"},{"@type":"WebPage","@id":"https:\/\/www.copealcoy.es\/es\/cocentaina-vibra-con-el-gran-espectaculo-de-sus-entradas\/","url":"https:\/\/www.copealcoy.es\/es\/cocentaina-vibra-con-el-gran-espectaculo-de-sus-entradas\/","name":"Cocentaina vibra con el gran espect\u00e1culo de sus Entradas - COPE Alcoy","isPartOf":{"@id":"https:\/\/www.copealcoy.es\/es\/#website"},"primaryImageOfPage":{"@id":"https:\/\/www.copealcoy.es\/es\/cocentaina-vibra-con-el-gran-espectaculo-de-sus-entradas\/#primaryimage"},"image":{"@id":"https:\/\/www.copealcoy.es\/es\/cocentaina-vibra-con-el-gran-espectaculo-de-sus-entradas\/#primaryimage"},"thumbnailUrl":"https:\/\/www.copealcoy.es\/wp-content\/uploads\/2017\/08\/Captura-de-pantalla-2017-08-11-a-las-17.42.44-e1502466246602-547x330.jpg","datePublished":"2017-08-13T08:56:09+00:00","dateModified":"2017-08-20T17:10:07+00:00","author":{"@id":"https:\/\/www.copealcoy.es\/es\/#\/schema\/person\/e777c87fa024e57d40170af9df39882c"},"breadcrumb":{"@id":"https:\/\/www.copealcoy.es\/es\/cocentaina-vibra-con-el-gran-espectaculo-de-sus-entradas\/#breadcrumb"},"inLanguage":"es","potentialAction":[{"@type":"ReadAction","target":["https:\/\/www.copealcoy.es\/es\/cocentaina-vibra-con-el-gran-espectaculo-de-sus-entradas\/"]}]},{"@type":"ImageObject","inLanguage":"es","@id":"https:\/\/www.copealcoy.es\/es\/cocentaina-vibra-con-el-gran-espectaculo-de-sus-entradas\/#primaryimage","url":"https:\/\/www.copealcoy.es\/wp-content\/uploads\/2017\/08\/Captura-de-pantalla-2017-08-11-a-las-17.42.44-e1502466246602-547x330.jpg","contentUrl":"https:\/\/www.copealcoy.es\/wp-content\/uploads\/2017\/08\/Captura-de-pantalla-2017-08-11-a-las-17.42.44-e1502466246602-547x330.jpg","width":547,"height":330,"caption":"Sergio Moncho (capit\u00e1n cristiano de la Fil\u00e0 Gentils) y Jaime P\u00e9rez (capit\u00e1n moro de la Guardia Jalifiana) brillaron en la tarde de ayer \/ Foto: ulldepeix fotograf\u00eda"},{"@type":"BreadcrumbList","@id":"https:\/\/www.copealcoy.es\/es\/cocentaina-vibra-con-el-gran-espectaculo-de-sus-entradas\/#breadcrumb","itemListElement":[{"@type":"ListItem","position":1,"name":"Portada","item":"https:\/\/www.copealcoy.es\/es\/"},{"@type":"ListItem","position":2,"name":"Cocentaina vibra con el gran espect\u00e1culo de sus Entradas"}]},{"@type":"WebSite","@id":"https:\/\/www.copealcoy.es\/es\/#website","url":"https:\/\/www.copealcoy.es\/es\/","name":"COPE Alcoy","description":"Emisora COPE de radio local con emisi\u00f3n online. Pont de Sant Jordi 8-10 03803 Alcoy","potentialAction":[{"@type":"SearchAction","target":{"@type":"EntryPoint","urlTemplate":"https:\/\/www.copealcoy.es\/es\/?s={search_term_string}"},"query-input":{"@type":"PropertyValueSpecification","valueRequired":true,"valueName":"search_term_string"}}],"inLanguage":"es"},{"@type":"Person","@id":"https:\/\/www.copealcoy.es\/es\/#\/schema\/person\/e777c87fa024e57d40170af9df39882c","name":"Cope Alcoy","image":{"@type":"ImageObject","inLanguage":"es","@id":"https:\/\/secure.gravatar.com\/avatar\/bb65d0283347e303893ba14f0692005417c1e0e690a325a4c5d8bb2b3943ee14?s=96&d=mm&r=g","url":"https:\/\/secure.gravatar.com\/avatar\/bb65d0283347e303893ba14f0692005417c1e0e690a325a4c5d8bb2b3943ee14?s=96&d=mm&r=g","contentUrl":"https:\/\/secure.gravatar.com\/avatar\/bb65d0283347e303893ba14f0692005417c1e0e690a325a4c5d8bb2b3943ee14?s=96&d=mm&r=g","caption":"Cope Alcoy"}}]}},"_links":{"self":[{"href":"https:\/\/www.copealcoy.es\/es\/wp-json\/wp\/v2\/posts\/34370","targetHints":{"allow":["GET"]}}],"collection":[{"href":"https:\/\/www.copealcoy.es\/es\/wp-json\/wp\/v2\/posts"}],"about":[{"href":"https:\/\/www.copealcoy.es\/es\/wp-json\/wp\/v2\/types\/post"}],"author":[{"embeddable":true,"href":"https:\/\/www.copealcoy.es\/es\/wp-json\/wp\/v2\/users\/1"}],"replies":[{"embeddable":true,"href":"https:\/\/www.copealcoy.es\/es\/wp-json\/wp\/v2\/comments?post=34370"}],"version-history":[{"count":0,"href":"https:\/\/www.copealcoy.es\/es\/wp-json\/wp\/v2\/posts\/34370\/revisions"}],"wp:featuredmedia":[{"embeddable":true,"href":"https:\/\/www.copealcoy.es\/es\/wp-json\/wp\/v2\/media\/34372"}],"wp:attachment":[{"href":"https:\/\/www.copealcoy.es\/es\/wp-json\/wp\/v2\/media?parent=34370"}],"wp:term":[{"taxonomy":"category","embeddable":true,"href":"https:\/\/www.copealcoy.es\/es\/wp-json\/wp\/v2\/categories?post=34370"},{"taxonomy":"post_tag","embeddable":true,"href":"https:\/\/www.copealcoy.es\/es\/wp-json\/wp\/v2\/tags?post=34370"}],"curies":[{"name":"wp","href":"https:\/\/api.w.org\/{rel}","templated":true}]}}