{"id":34365,"date":"2017-08-12T16:50:15","date_gmt":"2017-08-12T16:50:15","guid":{"rendered":"http:\/\/copealcoi.es\/new\/?p=34365"},"modified":"2017-08-12T16:50:15","modified_gmt":"2017-08-12T16:50:15","slug":"cocentaina-disfruta-de-su-entrada-de-moros-y-cristianos-de-cocentaina","status":"publish","type":"post","link":"https:\/\/www.copealcoy.es\/es\/cocentaina-disfruta-de-su-entrada-de-moros-y-cristianos-de-cocentaina\/","title":{"rendered":"Cocentaina disfruta de su Entrada de moros y cristianos de Cocentaina"},"content":{"rendered":"<p style=\"text-align: justify;\">Cocentaina ya vive <strong>el espect\u00e1culo de su gran Entrada de moros y cristianos<\/strong> que <strong>ha comenzado a las 7 en punto de la tarde<\/strong> desde la parte alta del Passeig del Comtat. El desfile, tras votarlo por unanimidad los <em>Caps de Fil\u00e0,<\/em> <strong>recupera este a\u00f1o su anterior horario<\/strong> despu\u00e9s de que en 2014 <strong>se decidiese retardar<\/strong> su comienzo a las 20 horas.<\/p>\n<p style=\"text-align: justify;\">La gran Entrada la encabeza la <strong>Fil\u00e0 Gentils<\/strong> con su capit\u00e1n cristiano al frente, <strong>Sergio Moncho Moya<\/strong>. A continuaci\u00f3n desfilar\u00e1n las filaes <strong>Cavallers de Ll\u00faria, Contestanos, Contrabandistas, Cavalleria Ministerial<\/strong>, con su abanderado <strong>Sergio Navarro Cant\u00f3<\/strong>, <strong>Maseros, Cruzados y Almog\u00e1vares<\/strong>. Pasadas las nueve de la noche est\u00e1 previsto el comienzo de la Entrada mora que encabezar\u00e1 la <strong>Fil\u00e0 Guardiana Jalifiana <em>Sahorins <\/em><\/strong> con su capit\u00e1n, <strong>Jaime P\u00e9rez Cardona<\/strong>. A esta fil\u00e0 le seguir\u00e1n los <strong>Kabile\u00f1os, Bereberes \u2013 Borts, Bequeteros, Llana, Mulad\u00eds y Manta Roja<\/strong>. Se\u00f1alar que tanto <strong>los Bequeteros como los Mud\u00e9jares<\/strong> aportar\u00e1n al acto <strong>una escuadra especial para dejar constancia del 75 aniversario de su fundaci\u00f3n<\/strong>. Por \u00faltimo desfilar\u00e1 la <strong>Fil\u00e0 Llana<\/strong> al ostentar este a\u00f1o el cargo de abanderado moro que desempe\u00f1a el joven <strong>Christian Molines Castell\u00e0<\/strong>.<\/p>\n<p style=\"text-align: justify;\">El Presidente de la Federaci\u00f3n Junta de Fiestas de Cocentaina, <strong>Hip\u00f2lit Borr\u00e0s<\/strong>, incide en que la decisi\u00f3n de <strong>adelantar el inicio de la Entrada<\/strong> a las siete de la tarde <strong>no es firme<\/strong> \u201c<em>se ha adoptado para evitar que el desfile acabe demasiado tarde debido a que este a\u00f1o a los boatos de los cuatro cargos se suman las escuadras especiales de Mud\u00e9jares y Bequeteros. Una vez pase el verano se evaluar\u00e1 el cambio y decidiremos si se mantiene para 2018 o si se adoptan nuevas modificaciones<\/em>\u201d, asegura.<\/p>\n<p style=\"text-align: justify;\">Indicar que en la Entrada de este a\u00f1o <strong>participan unas 3.500 personas entre festeros, m\u00fasicos y acompa\u00f1amientos<\/strong>. El acto discurre por el Passeig del Comtat y El Pla hasta finalizar en la Placeta dels Ap\u00f2stols.<\/p>\n","protected":false},"excerpt":{"rendered":"<p>Cocentaina ya vive el espect\u00e1culo de su gran Entrada de moros y cristianos que ha comenzado a las 7 en&#8230;<\/p>\n","protected":false},"author":1,"featured_media":34369,"comment_status":"open","ping_status":"open","sticky":false,"template":"","format":"standard","meta":{"footnotes":""},"categories":[98,75,125],"tags":[132,237,4541,1987,609],"class_list":["post-34365","post","type-post","status-publish","format-standard","has-post-thumbnail","hentry","category-comarcas","category-noticias","category-portada","tag-cocentaina","tag-comtat","tag-disfruta","tag-entrada","tag-moros-y-cristianos"],"yoast_head":"<!-- This site is optimized with the Yoast SEO plugin v27.3 - https:\/\/yoast.com\/product\/yoast-seo-wordpress\/ -->\n<title>Cocentaina disfruta de su Entrada de moros y cristianos de Cocentaina - COPE Alcoy<\/title>\n<meta name=\"robots\" content=\"index, follow, max-snippet:-1, max-image-preview:large, max-video-preview:-1\" \/>\n<link rel=\"canonical\" href=\"https:\/\/www.copealcoy.es\/es\/cocentaina-disfruta-de-su-entrada-de-moros-y-cristianos-de-cocentaina\/\" \/>\n<meta property=\"og:locale\" content=\"es_ES\" \/>\n<meta property=\"og:type\" content=\"article\" \/>\n<meta property=\"og:title\" content=\"Cocentaina disfruta de su Entrada de moros y cristianos de Cocentaina - COPE Alcoy\" \/>\n<meta property=\"og:description\" content=\"Cocentaina ya vive el espect\u00e1culo de su gran Entrada de moros y cristianos que ha comenzado a las 7 en...\" \/>\n<meta property=\"og:url\" content=\"https:\/\/www.copealcoy.es\/es\/cocentaina-disfruta-de-su-entrada-de-moros-y-cristianos-de-cocentaina\/\" \/>\n<meta property=\"og:site_name\" content=\"COPE Alcoy\" \/>\n<meta property=\"article:published_time\" content=\"2017-08-12T16:50:15+00:00\" \/>\n<meta property=\"og:image\" content=\"https:\/\/www.copealcoy.es\/wp-content\/uploads\/2017\/08\/IMG_0512-1024x768.jpg\" \/>\n\t<meta property=\"og:image:width\" content=\"1024\" \/>\n\t<meta property=\"og:image:height\" content=\"768\" \/>\n\t<meta property=\"og:image:type\" content=\"image\/jpeg\" \/>\n<meta name=\"author\" content=\"Cope Alcoy\" \/>\n<meta name=\"twitter:label1\" content=\"Escrito por\" \/>\n\t<meta name=\"twitter:data1\" content=\"Cope Alcoy\" \/>\n\t<meta name=\"twitter:label2\" content=\"Tiempo de lectura\" \/>\n\t<meta name=\"twitter:data2\" content=\"2 minutos\" \/>\n<script type=\"application\/ld+json\" class=\"yoast-schema-graph\">{\"@context\":\"https:\\\/\\\/schema.org\",\"@graph\":[{\"@type\":\"Article\",\"@id\":\"https:\\\/\\\/www.copealcoy.es\\\/es\\\/cocentaina-disfruta-de-su-entrada-de-moros-y-cristianos-de-cocentaina\\\/#article\",\"isPartOf\":{\"@id\":\"https:\\\/\\\/www.copealcoy.es\\\/es\\\/cocentaina-disfruta-de-su-entrada-de-moros-y-cristianos-de-cocentaina\\\/\"},\"author\":{\"name\":\"Cope Alcoy\",\"@id\":\"https:\\\/\\\/www.copealcoy.es\\\/es\\\/#\\\/schema\\\/person\\\/e777c87fa024e57d40170af9df39882c\"},\"headline\":\"Cocentaina disfruta de su Entrada de moros y cristianos de Cocentaina\",\"datePublished\":\"2017-08-12T16:50:15+00:00\",\"mainEntityOfPage\":{\"@id\":\"https:\\\/\\\/www.copealcoy.es\\\/es\\\/cocentaina-disfruta-de-su-entrada-de-moros-y-cristianos-de-cocentaina\\\/\"},\"wordCount\":345,\"commentCount\":0,\"image\":{\"@id\":\"https:\\\/\\\/www.copealcoy.es\\\/es\\\/cocentaina-disfruta-de-su-entrada-de-moros-y-cristianos-de-cocentaina\\\/#primaryimage\"},\"thumbnailUrl\":\"https:\\\/\\\/www.copealcoy.es\\\/wp-content\\\/uploads\\\/2017\\\/08\\\/IMG_0512.jpg\",\"keywords\":[\"Cocentaina\",\"Comtat\",\"disfruta\",\"Entrada\",\"Moros Y Cristianos\"],\"articleSection\":[\"Comarcas\",\"Noticias\",\"Portada\"],\"inLanguage\":\"es\"},{\"@type\":\"WebPage\",\"@id\":\"https:\\\/\\\/www.copealcoy.es\\\/es\\\/cocentaina-disfruta-de-su-entrada-de-moros-y-cristianos-de-cocentaina\\\/\",\"url\":\"https:\\\/\\\/www.copealcoy.es\\\/es\\\/cocentaina-disfruta-de-su-entrada-de-moros-y-cristianos-de-cocentaina\\\/\",\"name\":\"Cocentaina disfruta de su Entrada de moros y cristianos de Cocentaina - COPE Alcoy\",\"isPartOf\":{\"@id\":\"https:\\\/\\\/www.copealcoy.es\\\/es\\\/#website\"},\"primaryImageOfPage\":{\"@id\":\"https:\\\/\\\/www.copealcoy.es\\\/es\\\/cocentaina-disfruta-de-su-entrada-de-moros-y-cristianos-de-cocentaina\\\/#primaryimage\"},\"image\":{\"@id\":\"https:\\\/\\\/www.copealcoy.es\\\/es\\\/cocentaina-disfruta-de-su-entrada-de-moros-y-cristianos-de-cocentaina\\\/#primaryimage\"},\"thumbnailUrl\":\"https:\\\/\\\/www.copealcoy.es\\\/wp-content\\\/uploads\\\/2017\\\/08\\\/IMG_0512.jpg\",\"datePublished\":\"2017-08-12T16:50:15+00:00\",\"author\":{\"@id\":\"https:\\\/\\\/www.copealcoy.es\\\/es\\\/#\\\/schema\\\/person\\\/e777c87fa024e57d40170af9df39882c\"},\"breadcrumb\":{\"@id\":\"https:\\\/\\\/www.copealcoy.es\\\/es\\\/cocentaina-disfruta-de-su-entrada-de-moros-y-cristianos-de-cocentaina\\\/#breadcrumb\"},\"inLanguage\":\"es\",\"potentialAction\":[{\"@type\":\"ReadAction\",\"target\":[\"https:\\\/\\\/www.copealcoy.es\\\/es\\\/cocentaina-disfruta-de-su-entrada-de-moros-y-cristianos-de-cocentaina\\\/\"]}]},{\"@type\":\"ImageObject\",\"inLanguage\":\"es\",\"@id\":\"https:\\\/\\\/www.copealcoy.es\\\/es\\\/cocentaina-disfruta-de-su-entrada-de-moros-y-cristianos-de-cocentaina\\\/#primaryimage\",\"url\":\"https:\\\/\\\/www.copealcoy.es\\\/wp-content\\\/uploads\\\/2017\\\/08\\\/IMG_0512.jpg\",\"contentUrl\":\"https:\\\/\\\/www.copealcoy.es\\\/wp-content\\\/uploads\\\/2017\\\/08\\\/IMG_0512.jpg\",\"width\":4032,\"height\":3024},{\"@type\":\"BreadcrumbList\",\"@id\":\"https:\\\/\\\/www.copealcoy.es\\\/es\\\/cocentaina-disfruta-de-su-entrada-de-moros-y-cristianos-de-cocentaina\\\/#breadcrumb\",\"itemListElement\":[{\"@type\":\"ListItem\",\"position\":1,\"name\":\"Portada\",\"item\":\"https:\\\/\\\/www.copealcoy.es\\\/es\\\/\"},{\"@type\":\"ListItem\",\"position\":2,\"name\":\"Cocentaina disfruta de su Entrada de moros y cristianos de Cocentaina\"}]},{\"@type\":\"WebSite\",\"@id\":\"https:\\\/\\\/www.copealcoy.es\\\/es\\\/#website\",\"url\":\"https:\\\/\\\/www.copealcoy.es\\\/es\\\/\",\"name\":\"COPE Alcoy\",\"description\":\"Emisora COPE de radio local con emisi\u00f3n online. Pont de Sant Jordi 8-10 03803 Alcoy\",\"potentialAction\":[{\"@type\":\"SearchAction\",\"target\":{\"@type\":\"EntryPoint\",\"urlTemplate\":\"https:\\\/\\\/www.copealcoy.es\\\/es\\\/?s={search_term_string}\"},\"query-input\":{\"@type\":\"PropertyValueSpecification\",\"valueRequired\":true,\"valueName\":\"search_term_string\"}}],\"inLanguage\":\"es\"},{\"@type\":\"Person\",\"@id\":\"https:\\\/\\\/www.copealcoy.es\\\/es\\\/#\\\/schema\\\/person\\\/e777c87fa024e57d40170af9df39882c\",\"name\":\"Cope Alcoy\",\"image\":{\"@type\":\"ImageObject\",\"inLanguage\":\"es\",\"@id\":\"https:\\\/\\\/secure.gravatar.com\\\/avatar\\\/bb65d0283347e303893ba14f0692005417c1e0e690a325a4c5d8bb2b3943ee14?s=96&d=mm&r=g\",\"url\":\"https:\\\/\\\/secure.gravatar.com\\\/avatar\\\/bb65d0283347e303893ba14f0692005417c1e0e690a325a4c5d8bb2b3943ee14?s=96&d=mm&r=g\",\"contentUrl\":\"https:\\\/\\\/secure.gravatar.com\\\/avatar\\\/bb65d0283347e303893ba14f0692005417c1e0e690a325a4c5d8bb2b3943ee14?s=96&d=mm&r=g\",\"caption\":\"Cope Alcoy\"}}]}<\/script>\n<!-- \/ Yoast SEO plugin. -->","yoast_head_json":{"title":"Cocentaina disfruta de su Entrada de moros y cristianos de Cocentaina - COPE Alcoy","robots":{"index":"index","follow":"follow","max-snippet":"max-snippet:-1","max-image-preview":"max-image-preview:large","max-video-preview":"max-video-preview:-1"},"canonical":"https:\/\/www.copealcoy.es\/es\/cocentaina-disfruta-de-su-entrada-de-moros-y-cristianos-de-cocentaina\/","og_locale":"es_ES","og_type":"article","og_title":"Cocentaina disfruta de su Entrada de moros y cristianos de Cocentaina - COPE Alcoy","og_description":"Cocentaina ya vive el espect\u00e1culo de su gran Entrada de moros y cristianos que ha comenzado a las 7 en...","og_url":"https:\/\/www.copealcoy.es\/es\/cocentaina-disfruta-de-su-entrada-de-moros-y-cristianos-de-cocentaina\/","og_site_name":"COPE Alcoy","article_published_time":"2017-08-12T16:50:15+00:00","og_image":[{"width":1024,"height":768,"url":"https:\/\/www.copealcoy.es\/wp-content\/uploads\/2017\/08\/IMG_0512-1024x768.jpg","type":"image\/jpeg"}],"author":"Cope Alcoy","twitter_misc":{"Escrito por":"Cope Alcoy","Tiempo de lectura":"2 minutos"},"schema":{"@context":"https:\/\/schema.org","@graph":[{"@type":"Article","@id":"https:\/\/www.copealcoy.es\/es\/cocentaina-disfruta-de-su-entrada-de-moros-y-cristianos-de-cocentaina\/#article","isPartOf":{"@id":"https:\/\/www.copealcoy.es\/es\/cocentaina-disfruta-de-su-entrada-de-moros-y-cristianos-de-cocentaina\/"},"author":{"name":"Cope Alcoy","@id":"https:\/\/www.copealcoy.es\/es\/#\/schema\/person\/e777c87fa024e57d40170af9df39882c"},"headline":"Cocentaina disfruta de su Entrada de moros y cristianos de Cocentaina","datePublished":"2017-08-12T16:50:15+00:00","mainEntityOfPage":{"@id":"https:\/\/www.copealcoy.es\/es\/cocentaina-disfruta-de-su-entrada-de-moros-y-cristianos-de-cocentaina\/"},"wordCount":345,"commentCount":0,"image":{"@id":"https:\/\/www.copealcoy.es\/es\/cocentaina-disfruta-de-su-entrada-de-moros-y-cristianos-de-cocentaina\/#primaryimage"},"thumbnailUrl":"https:\/\/www.copealcoy.es\/wp-content\/uploads\/2017\/08\/IMG_0512.jpg","keywords":["Cocentaina","Comtat","disfruta","Entrada","Moros Y Cristianos"],"articleSection":["Comarcas","Noticias","Portada"],"inLanguage":"es"},{"@type":"WebPage","@id":"https:\/\/www.copealcoy.es\/es\/cocentaina-disfruta-de-su-entrada-de-moros-y-cristianos-de-cocentaina\/","url":"https:\/\/www.copealcoy.es\/es\/cocentaina-disfruta-de-su-entrada-de-moros-y-cristianos-de-cocentaina\/","name":"Cocentaina disfruta de su Entrada de moros y cristianos de Cocentaina - COPE Alcoy","isPartOf":{"@id":"https:\/\/www.copealcoy.es\/es\/#website"},"primaryImageOfPage":{"@id":"https:\/\/www.copealcoy.es\/es\/cocentaina-disfruta-de-su-entrada-de-moros-y-cristianos-de-cocentaina\/#primaryimage"},"image":{"@id":"https:\/\/www.copealcoy.es\/es\/cocentaina-disfruta-de-su-entrada-de-moros-y-cristianos-de-cocentaina\/#primaryimage"},"thumbnailUrl":"https:\/\/www.copealcoy.es\/wp-content\/uploads\/2017\/08\/IMG_0512.jpg","datePublished":"2017-08-12T16:50:15+00:00","author":{"@id":"https:\/\/www.copealcoy.es\/es\/#\/schema\/person\/e777c87fa024e57d40170af9df39882c"},"breadcrumb":{"@id":"https:\/\/www.copealcoy.es\/es\/cocentaina-disfruta-de-su-entrada-de-moros-y-cristianos-de-cocentaina\/#breadcrumb"},"inLanguage":"es","potentialAction":[{"@type":"ReadAction","target":["https:\/\/www.copealcoy.es\/es\/cocentaina-disfruta-de-su-entrada-de-moros-y-cristianos-de-cocentaina\/"]}]},{"@type":"ImageObject","inLanguage":"es","@id":"https:\/\/www.copealcoy.es\/es\/cocentaina-disfruta-de-su-entrada-de-moros-y-cristianos-de-cocentaina\/#primaryimage","url":"https:\/\/www.copealcoy.es\/wp-content\/uploads\/2017\/08\/IMG_0512.jpg","contentUrl":"https:\/\/www.copealcoy.es\/wp-content\/uploads\/2017\/08\/IMG_0512.jpg","width":4032,"height":3024},{"@type":"BreadcrumbList","@id":"https:\/\/www.copealcoy.es\/es\/cocentaina-disfruta-de-su-entrada-de-moros-y-cristianos-de-cocentaina\/#breadcrumb","itemListElement":[{"@type":"ListItem","position":1,"name":"Portada","item":"https:\/\/www.copealcoy.es\/es\/"},{"@type":"ListItem","position":2,"name":"Cocentaina disfruta de su Entrada de moros y cristianos de Cocentaina"}]},{"@type":"WebSite","@id":"https:\/\/www.copealcoy.es\/es\/#website","url":"https:\/\/www.copealcoy.es\/es\/","name":"COPE Alcoy","description":"Emisora COPE de radio local con emisi\u00f3n online. Pont de Sant Jordi 8-10 03803 Alcoy","potentialAction":[{"@type":"SearchAction","target":{"@type":"EntryPoint","urlTemplate":"https:\/\/www.copealcoy.es\/es\/?s={search_term_string}"},"query-input":{"@type":"PropertyValueSpecification","valueRequired":true,"valueName":"search_term_string"}}],"inLanguage":"es"},{"@type":"Person","@id":"https:\/\/www.copealcoy.es\/es\/#\/schema\/person\/e777c87fa024e57d40170af9df39882c","name":"Cope Alcoy","image":{"@type":"ImageObject","inLanguage":"es","@id":"https:\/\/secure.gravatar.com\/avatar\/bb65d0283347e303893ba14f0692005417c1e0e690a325a4c5d8bb2b3943ee14?s=96&d=mm&r=g","url":"https:\/\/secure.gravatar.com\/avatar\/bb65d0283347e303893ba14f0692005417c1e0e690a325a4c5d8bb2b3943ee14?s=96&d=mm&r=g","contentUrl":"https:\/\/secure.gravatar.com\/avatar\/bb65d0283347e303893ba14f0692005417c1e0e690a325a4c5d8bb2b3943ee14?s=96&d=mm&r=g","caption":"Cope Alcoy"}}]}},"_links":{"self":[{"href":"https:\/\/www.copealcoy.es\/es\/wp-json\/wp\/v2\/posts\/34365","targetHints":{"allow":["GET"]}}],"collection":[{"href":"https:\/\/www.copealcoy.es\/es\/wp-json\/wp\/v2\/posts"}],"about":[{"href":"https:\/\/www.copealcoy.es\/es\/wp-json\/wp\/v2\/types\/post"}],"author":[{"embeddable":true,"href":"https:\/\/www.copealcoy.es\/es\/wp-json\/wp\/v2\/users\/1"}],"replies":[{"embeddable":true,"href":"https:\/\/www.copealcoy.es\/es\/wp-json\/wp\/v2\/comments?post=34365"}],"version-history":[{"count":0,"href":"https:\/\/www.copealcoy.es\/es\/wp-json\/wp\/v2\/posts\/34365\/revisions"}],"wp:featuredmedia":[{"embeddable":true,"href":"https:\/\/www.copealcoy.es\/es\/wp-json\/wp\/v2\/media\/34369"}],"wp:attachment":[{"href":"https:\/\/www.copealcoy.es\/es\/wp-json\/wp\/v2\/media?parent=34365"}],"wp:term":[{"taxonomy":"category","embeddable":true,"href":"https:\/\/www.copealcoy.es\/es\/wp-json\/wp\/v2\/categories?post=34365"},{"taxonomy":"post_tag","embeddable":true,"href":"https:\/\/www.copealcoy.es\/es\/wp-json\/wp\/v2\/tags?post=34365"}],"curies":[{"name":"wp","href":"https:\/\/api.w.org\/{rel}","templated":true}]}}