{"id":34362,"date":"2017-08-12T12:44:27","date_gmt":"2017-08-12T12:44:27","guid":{"rendered":"http:\/\/copealcoi.es\/new\/?p=34362"},"modified":"2017-08-12T12:44:27","modified_gmt":"2017-08-12T12:44:27","slug":"maseros-contrabandistas-protagonizan-lambaixada-del-contrabando","status":"publish","type":"post","link":"https:\/\/www.copealcoy.es\/es\/maseros-contrabandistas-protagonizan-lambaixada-del-contrabando\/","title":{"rendered":"Maseros y Contrabandistas protagonizan \u2018L\u00b4Ambaixada del Contrabando\u2019"},"content":{"rendered":"<p style=\"text-align: justify;\">La <strong>trilog\u00eda festera de Cocentaina<\/strong> en honor a San Hip\u00f3lito M\u00e1rtir ha continuado este s\u00e1bado con <strong>el tradicional acto de la \u2018Ambaixada del Contrabando\u2019<\/strong> que han protagonizado a mediod\u00eda las filaes Maseros y Contrabandistas.<\/p>\n<p style=\"text-align: justify;\">Hasta la Villa Condal han llegado <strong>los feroces andaluces provenientes de Sierra Morena<\/strong> para ayudar a los Maseros a vencer a los sarracenos que est\u00e1n a punto de tomar la poblaci\u00f3n. Los <strong>Contrabandistas<\/strong>, provistos de caballos y arcabuces, <strong>han puesto sobre la mesa los argumentos que les ha llevado hasta llegar a las monta\u00f1as de nuestras comarcas<\/strong> \u201c<em>LLoma Grossa, Escorrup\u00e8nia, Rac\u00f3 Llobet, Bassa dels Peixos, Font de l\u00b4Edra, Esquererola, Huit Piletes y altos cerros hemos recorrido en balde, pues los moros se escondieron \u00a1Con que, si de algo aprovecha, nuestro trabuco ofrecemos!,<\/em>\u00a0<strong>pronunci\u00f3 con fuerza el embajador<\/strong> al avistar los muros de la poblaci\u00f3n.<\/p>\n<p style=\"text-align: justify;\">La \u2018Ambaixada del Contrabando\u2019 <strong>ha sido seguida por numeroso p\u00fablico<\/strong> y los embajadores, papeles encarnados este a\u00f1o por Xavi Albero, \u00c0ngel Colomina, Jos\u00e9 Vicente Sancho y Jos\u00e9 Lu\u00eds Molina, <strong>han vuelto a hacer referencias a la actualidad<\/strong> sin dejar de lado la iron\u00eda y el buen humor.<\/p>\n<p style=\"text-align: justify;\">El encuentro dial\u00e9ctico, que ha ha vuelto a tener lugar en <strong>la plaza de la iglesia de Santa Mar\u00eda, la calle Conde de Cocentaina y tambi\u00e9n la plaza de El Pla<\/strong>; ha finalizado con acuerdo. Los Maseros <strong>han aceptado la ayuda de los Contrabadistas<\/strong> para hacer frente a los moros en el momento en el que hagan su Entrada triunfal a Cocentaina.<\/p>\n","protected":false},"excerpt":{"rendered":"<p>La trilog\u00eda festera de Cocentaina en honor a San Hip\u00f3lito M\u00e1rtir ha continuado este s\u00e1bado con el tradicional acto de&#8230;<\/p>\n","protected":false},"author":1,"featured_media":34363,"comment_status":"open","ping_status":"open","sticky":false,"template":"","format":"standard","meta":{"footnotes":""},"categories":[98,75],"tags":[4540,132,237,2263,2166,856],"class_list":["post-34362","post","type-post","status-publish","format-standard","has-post-thumbnail","hentry","category-comarcas","category-noticias","tag-ambaixada-contrabando","tag-cocentaina","tag-comtat","tag-contrabandistas","tag-maseros","tag-moros-i-cristians"],"yoast_head":"<!-- This site is optimized with the Yoast SEO plugin v27.3 - https:\/\/yoast.com\/product\/yoast-seo-wordpress\/ -->\n<title>Maseros y Contrabandistas protagonizan \u2018L\u00b4Ambaixada del Contrabando\u2019 - COPE Alcoy<\/title>\n<meta name=\"robots\" content=\"index, follow, max-snippet:-1, max-image-preview:large, max-video-preview:-1\" \/>\n<link rel=\"canonical\" href=\"https:\/\/www.copealcoy.es\/es\/maseros-contrabandistas-protagonizan-lambaixada-del-contrabando\/\" \/>\n<meta property=\"og:locale\" content=\"es_ES\" \/>\n<meta property=\"og:type\" content=\"article\" \/>\n<meta property=\"og:title\" content=\"Maseros y Contrabandistas protagonizan \u2018L\u00b4Ambaixada del Contrabando\u2019 - COPE Alcoy\" \/>\n<meta property=\"og:description\" content=\"La trilog\u00eda festera de Cocentaina en honor a San Hip\u00f3lito M\u00e1rtir ha continuado este s\u00e1bado con el tradicional acto de...\" \/>\n<meta property=\"og:url\" content=\"https:\/\/www.copealcoy.es\/es\/maseros-contrabandistas-protagonizan-lambaixada-del-contrabando\/\" \/>\n<meta property=\"og:site_name\" content=\"COPE Alcoy\" \/>\n<meta property=\"article:published_time\" content=\"2017-08-12T12:44:27+00:00\" \/>\n<meta property=\"og:image\" content=\"https:\/\/www.copealcoy.es\/wp-content\/uploads\/2017\/08\/20708195_1370575456397031_1544649493855997673_n-e1502541783808.jpg\" \/>\n\t<meta property=\"og:image:width\" content=\"902\" \/>\n\t<meta property=\"og:image:height\" content=\"501\" \/>\n\t<meta property=\"og:image:type\" content=\"image\/jpeg\" \/>\n<meta name=\"author\" content=\"Cope Alcoy\" \/>\n<meta name=\"twitter:label1\" content=\"Escrito por\" \/>\n\t<meta name=\"twitter:data1\" content=\"Cope Alcoy\" \/>\n\t<meta name=\"twitter:label2\" content=\"Tiempo de lectura\" \/>\n\t<meta name=\"twitter:data2\" content=\"1 minuto\" \/>\n<script type=\"application\/ld+json\" class=\"yoast-schema-graph\">{\"@context\":\"https:\\\/\\\/schema.org\",\"@graph\":[{\"@type\":\"Article\",\"@id\":\"https:\\\/\\\/www.copealcoy.es\\\/es\\\/maseros-contrabandistas-protagonizan-lambaixada-del-contrabando\\\/#article\",\"isPartOf\":{\"@id\":\"https:\\\/\\\/www.copealcoy.es\\\/es\\\/maseros-contrabandistas-protagonizan-lambaixada-del-contrabando\\\/\"},\"author\":{\"name\":\"Cope Alcoy\",\"@id\":\"https:\\\/\\\/www.copealcoy.es\\\/es\\\/#\\\/schema\\\/person\\\/e777c87fa024e57d40170af9df39882c\"},\"headline\":\"Maseros y Contrabandistas protagonizan \u2018L\u00b4Ambaixada del Contrabando\u2019\",\"datePublished\":\"2017-08-12T12:44:27+00:00\",\"mainEntityOfPage\":{\"@id\":\"https:\\\/\\\/www.copealcoy.es\\\/es\\\/maseros-contrabandistas-protagonizan-lambaixada-del-contrabando\\\/\"},\"wordCount\":273,\"commentCount\":0,\"image\":{\"@id\":\"https:\\\/\\\/www.copealcoy.es\\\/es\\\/maseros-contrabandistas-protagonizan-lambaixada-del-contrabando\\\/#primaryimage\"},\"thumbnailUrl\":\"https:\\\/\\\/www.copealcoy.es\\\/wp-content\\\/uploads\\\/2017\\\/08\\\/20708195_1370575456397031_1544649493855997673_n-e1502541783808.jpg\",\"keywords\":[\"Ambaixada Contrabando\",\"Cocentaina\",\"Comtat\",\"Contrabandistas\",\"Maseros\",\"Moros i Cristians\"],\"articleSection\":[\"Comarcas\",\"Noticias\"],\"inLanguage\":\"es\"},{\"@type\":\"WebPage\",\"@id\":\"https:\\\/\\\/www.copealcoy.es\\\/es\\\/maseros-contrabandistas-protagonizan-lambaixada-del-contrabando\\\/\",\"url\":\"https:\\\/\\\/www.copealcoy.es\\\/es\\\/maseros-contrabandistas-protagonizan-lambaixada-del-contrabando\\\/\",\"name\":\"Maseros y Contrabandistas protagonizan \u2018L\u00b4Ambaixada del Contrabando\u2019 - COPE Alcoy\",\"isPartOf\":{\"@id\":\"https:\\\/\\\/www.copealcoy.es\\\/es\\\/#website\"},\"primaryImageOfPage\":{\"@id\":\"https:\\\/\\\/www.copealcoy.es\\\/es\\\/maseros-contrabandistas-protagonizan-lambaixada-del-contrabando\\\/#primaryimage\"},\"image\":{\"@id\":\"https:\\\/\\\/www.copealcoy.es\\\/es\\\/maseros-contrabandistas-protagonizan-lambaixada-del-contrabando\\\/#primaryimage\"},\"thumbnailUrl\":\"https:\\\/\\\/www.copealcoy.es\\\/wp-content\\\/uploads\\\/2017\\\/08\\\/20708195_1370575456397031_1544649493855997673_n-e1502541783808.jpg\",\"datePublished\":\"2017-08-12T12:44:27+00:00\",\"author\":{\"@id\":\"https:\\\/\\\/www.copealcoy.es\\\/es\\\/#\\\/schema\\\/person\\\/e777c87fa024e57d40170af9df39882c\"},\"breadcrumb\":{\"@id\":\"https:\\\/\\\/www.copealcoy.es\\\/es\\\/maseros-contrabandistas-protagonizan-lambaixada-del-contrabando\\\/#breadcrumb\"},\"inLanguage\":\"es\",\"potentialAction\":[{\"@type\":\"ReadAction\",\"target\":[\"https:\\\/\\\/www.copealcoy.es\\\/es\\\/maseros-contrabandistas-protagonizan-lambaixada-del-contrabando\\\/\"]}]},{\"@type\":\"ImageObject\",\"inLanguage\":\"es\",\"@id\":\"https:\\\/\\\/www.copealcoy.es\\\/es\\\/maseros-contrabandistas-protagonizan-lambaixada-del-contrabando\\\/#primaryimage\",\"url\":\"https:\\\/\\\/www.copealcoy.es\\\/wp-content\\\/uploads\\\/2017\\\/08\\\/20708195_1370575456397031_1544649493855997673_n-e1502541783808.jpg\",\"contentUrl\":\"https:\\\/\\\/www.copealcoy.es\\\/wp-content\\\/uploads\\\/2017\\\/08\\\/20708195_1370575456397031_1544649493855997673_n-e1502541783808.jpg\",\"width\":902,\"height\":501,\"caption\":\"Contrabandistas y Maseros han protagonizado esta singular tradici\u00f3n \\\/ Foto: G. Pascual\"},{\"@type\":\"BreadcrumbList\",\"@id\":\"https:\\\/\\\/www.copealcoy.es\\\/es\\\/maseros-contrabandistas-protagonizan-lambaixada-del-contrabando\\\/#breadcrumb\",\"itemListElement\":[{\"@type\":\"ListItem\",\"position\":1,\"name\":\"Portada\",\"item\":\"https:\\\/\\\/www.copealcoy.es\\\/es\\\/\"},{\"@type\":\"ListItem\",\"position\":2,\"name\":\"Maseros y Contrabandistas protagonizan \u2018L\u00b4Ambaixada del Contrabando\u2019\"}]},{\"@type\":\"WebSite\",\"@id\":\"https:\\\/\\\/www.copealcoy.es\\\/es\\\/#website\",\"url\":\"https:\\\/\\\/www.copealcoy.es\\\/es\\\/\",\"name\":\"COPE Alcoy\",\"description\":\"Emisora COPE de radio local con emisi\u00f3n online. Pont de Sant Jordi 8-10 03803 Alcoy\",\"potentialAction\":[{\"@type\":\"SearchAction\",\"target\":{\"@type\":\"EntryPoint\",\"urlTemplate\":\"https:\\\/\\\/www.copealcoy.es\\\/es\\\/?s={search_term_string}\"},\"query-input\":{\"@type\":\"PropertyValueSpecification\",\"valueRequired\":true,\"valueName\":\"search_term_string\"}}],\"inLanguage\":\"es\"},{\"@type\":\"Person\",\"@id\":\"https:\\\/\\\/www.copealcoy.es\\\/es\\\/#\\\/schema\\\/person\\\/e777c87fa024e57d40170af9df39882c\",\"name\":\"Cope Alcoy\",\"image\":{\"@type\":\"ImageObject\",\"inLanguage\":\"es\",\"@id\":\"https:\\\/\\\/secure.gravatar.com\\\/avatar\\\/bb65d0283347e303893ba14f0692005417c1e0e690a325a4c5d8bb2b3943ee14?s=96&d=mm&r=g\",\"url\":\"https:\\\/\\\/secure.gravatar.com\\\/avatar\\\/bb65d0283347e303893ba14f0692005417c1e0e690a325a4c5d8bb2b3943ee14?s=96&d=mm&r=g\",\"contentUrl\":\"https:\\\/\\\/secure.gravatar.com\\\/avatar\\\/bb65d0283347e303893ba14f0692005417c1e0e690a325a4c5d8bb2b3943ee14?s=96&d=mm&r=g\",\"caption\":\"Cope Alcoy\"}}]}<\/script>\n<!-- \/ Yoast SEO plugin. -->","yoast_head_json":{"title":"Maseros y Contrabandistas protagonizan \u2018L\u00b4Ambaixada del Contrabando\u2019 - COPE Alcoy","robots":{"index":"index","follow":"follow","max-snippet":"max-snippet:-1","max-image-preview":"max-image-preview:large","max-video-preview":"max-video-preview:-1"},"canonical":"https:\/\/www.copealcoy.es\/es\/maseros-contrabandistas-protagonizan-lambaixada-del-contrabando\/","og_locale":"es_ES","og_type":"article","og_title":"Maseros y Contrabandistas protagonizan \u2018L\u00b4Ambaixada del Contrabando\u2019 - COPE Alcoy","og_description":"La trilog\u00eda festera de Cocentaina en honor a San Hip\u00f3lito M\u00e1rtir ha continuado este s\u00e1bado con el tradicional acto de...","og_url":"https:\/\/www.copealcoy.es\/es\/maseros-contrabandistas-protagonizan-lambaixada-del-contrabando\/","og_site_name":"COPE Alcoy","article_published_time":"2017-08-12T12:44:27+00:00","og_image":[{"width":902,"height":501,"url":"https:\/\/www.copealcoy.es\/wp-content\/uploads\/2017\/08\/20708195_1370575456397031_1544649493855997673_n-e1502541783808.jpg","type":"image\/jpeg"}],"author":"Cope Alcoy","twitter_misc":{"Escrito por":"Cope Alcoy","Tiempo de lectura":"1 minuto"},"schema":{"@context":"https:\/\/schema.org","@graph":[{"@type":"Article","@id":"https:\/\/www.copealcoy.es\/es\/maseros-contrabandistas-protagonizan-lambaixada-del-contrabando\/#article","isPartOf":{"@id":"https:\/\/www.copealcoy.es\/es\/maseros-contrabandistas-protagonizan-lambaixada-del-contrabando\/"},"author":{"name":"Cope Alcoy","@id":"https:\/\/www.copealcoy.es\/es\/#\/schema\/person\/e777c87fa024e57d40170af9df39882c"},"headline":"Maseros y Contrabandistas protagonizan \u2018L\u00b4Ambaixada del Contrabando\u2019","datePublished":"2017-08-12T12:44:27+00:00","mainEntityOfPage":{"@id":"https:\/\/www.copealcoy.es\/es\/maseros-contrabandistas-protagonizan-lambaixada-del-contrabando\/"},"wordCount":273,"commentCount":0,"image":{"@id":"https:\/\/www.copealcoy.es\/es\/maseros-contrabandistas-protagonizan-lambaixada-del-contrabando\/#primaryimage"},"thumbnailUrl":"https:\/\/www.copealcoy.es\/wp-content\/uploads\/2017\/08\/20708195_1370575456397031_1544649493855997673_n-e1502541783808.jpg","keywords":["Ambaixada Contrabando","Cocentaina","Comtat","Contrabandistas","Maseros","Moros i Cristians"],"articleSection":["Comarcas","Noticias"],"inLanguage":"es"},{"@type":"WebPage","@id":"https:\/\/www.copealcoy.es\/es\/maseros-contrabandistas-protagonizan-lambaixada-del-contrabando\/","url":"https:\/\/www.copealcoy.es\/es\/maseros-contrabandistas-protagonizan-lambaixada-del-contrabando\/","name":"Maseros y Contrabandistas protagonizan \u2018L\u00b4Ambaixada del Contrabando\u2019 - COPE Alcoy","isPartOf":{"@id":"https:\/\/www.copealcoy.es\/es\/#website"},"primaryImageOfPage":{"@id":"https:\/\/www.copealcoy.es\/es\/maseros-contrabandistas-protagonizan-lambaixada-del-contrabando\/#primaryimage"},"image":{"@id":"https:\/\/www.copealcoy.es\/es\/maseros-contrabandistas-protagonizan-lambaixada-del-contrabando\/#primaryimage"},"thumbnailUrl":"https:\/\/www.copealcoy.es\/wp-content\/uploads\/2017\/08\/20708195_1370575456397031_1544649493855997673_n-e1502541783808.jpg","datePublished":"2017-08-12T12:44:27+00:00","author":{"@id":"https:\/\/www.copealcoy.es\/es\/#\/schema\/person\/e777c87fa024e57d40170af9df39882c"},"breadcrumb":{"@id":"https:\/\/www.copealcoy.es\/es\/maseros-contrabandistas-protagonizan-lambaixada-del-contrabando\/#breadcrumb"},"inLanguage":"es","potentialAction":[{"@type":"ReadAction","target":["https:\/\/www.copealcoy.es\/es\/maseros-contrabandistas-protagonizan-lambaixada-del-contrabando\/"]}]},{"@type":"ImageObject","inLanguage":"es","@id":"https:\/\/www.copealcoy.es\/es\/maseros-contrabandistas-protagonizan-lambaixada-del-contrabando\/#primaryimage","url":"https:\/\/www.copealcoy.es\/wp-content\/uploads\/2017\/08\/20708195_1370575456397031_1544649493855997673_n-e1502541783808.jpg","contentUrl":"https:\/\/www.copealcoy.es\/wp-content\/uploads\/2017\/08\/20708195_1370575456397031_1544649493855997673_n-e1502541783808.jpg","width":902,"height":501,"caption":"Contrabandistas y Maseros han protagonizado esta singular tradici\u00f3n \/ Foto: G. Pascual"},{"@type":"BreadcrumbList","@id":"https:\/\/www.copealcoy.es\/es\/maseros-contrabandistas-protagonizan-lambaixada-del-contrabando\/#breadcrumb","itemListElement":[{"@type":"ListItem","position":1,"name":"Portada","item":"https:\/\/www.copealcoy.es\/es\/"},{"@type":"ListItem","position":2,"name":"Maseros y Contrabandistas protagonizan \u2018L\u00b4Ambaixada del Contrabando\u2019"}]},{"@type":"WebSite","@id":"https:\/\/www.copealcoy.es\/es\/#website","url":"https:\/\/www.copealcoy.es\/es\/","name":"COPE Alcoy","description":"Emisora COPE de radio local con emisi\u00f3n online. Pont de Sant Jordi 8-10 03803 Alcoy","potentialAction":[{"@type":"SearchAction","target":{"@type":"EntryPoint","urlTemplate":"https:\/\/www.copealcoy.es\/es\/?s={search_term_string}"},"query-input":{"@type":"PropertyValueSpecification","valueRequired":true,"valueName":"search_term_string"}}],"inLanguage":"es"},{"@type":"Person","@id":"https:\/\/www.copealcoy.es\/es\/#\/schema\/person\/e777c87fa024e57d40170af9df39882c","name":"Cope Alcoy","image":{"@type":"ImageObject","inLanguage":"es","@id":"https:\/\/secure.gravatar.com\/avatar\/bb65d0283347e303893ba14f0692005417c1e0e690a325a4c5d8bb2b3943ee14?s=96&d=mm&r=g","url":"https:\/\/secure.gravatar.com\/avatar\/bb65d0283347e303893ba14f0692005417c1e0e690a325a4c5d8bb2b3943ee14?s=96&d=mm&r=g","contentUrl":"https:\/\/secure.gravatar.com\/avatar\/bb65d0283347e303893ba14f0692005417c1e0e690a325a4c5d8bb2b3943ee14?s=96&d=mm&r=g","caption":"Cope Alcoy"}}]}},"_links":{"self":[{"href":"https:\/\/www.copealcoy.es\/es\/wp-json\/wp\/v2\/posts\/34362","targetHints":{"allow":["GET"]}}],"collection":[{"href":"https:\/\/www.copealcoy.es\/es\/wp-json\/wp\/v2\/posts"}],"about":[{"href":"https:\/\/www.copealcoy.es\/es\/wp-json\/wp\/v2\/types\/post"}],"author":[{"embeddable":true,"href":"https:\/\/www.copealcoy.es\/es\/wp-json\/wp\/v2\/users\/1"}],"replies":[{"embeddable":true,"href":"https:\/\/www.copealcoy.es\/es\/wp-json\/wp\/v2\/comments?post=34362"}],"version-history":[{"count":0,"href":"https:\/\/www.copealcoy.es\/es\/wp-json\/wp\/v2\/posts\/34362\/revisions"}],"wp:featuredmedia":[{"embeddable":true,"href":"https:\/\/www.copealcoy.es\/es\/wp-json\/wp\/v2\/media\/34363"}],"wp:attachment":[{"href":"https:\/\/www.copealcoy.es\/es\/wp-json\/wp\/v2\/media?parent=34362"}],"wp:term":[{"taxonomy":"category","embeddable":true,"href":"https:\/\/www.copealcoy.es\/es\/wp-json\/wp\/v2\/categories?post=34362"},{"taxonomy":"post_tag","embeddable":true,"href":"https:\/\/www.copealcoy.es\/es\/wp-json\/wp\/v2\/tags?post=34362"}],"curies":[{"name":"wp","href":"https:\/\/api.w.org\/{rel}","templated":true}]}}