{"id":34295,"date":"2017-08-10T14:54:45","date_gmt":"2017-08-10T14:54:45","guid":{"rendered":"http:\/\/copealcoi.es\/new\/?p=34295"},"modified":"2017-08-10T15:01:11","modified_gmt":"2017-08-10T15:01:11","slug":"christian-molines-abanderado-moro-de-la-fila-llana-soy-festero-desde-que-naci","status":"publish","type":"post","link":"https:\/\/www.copealcoy.es\/es\/christian-molines-abanderado-moro-de-la-fila-llana-soy-festero-desde-que-naci\/","title":{"rendered":"Christian Molines, abanderado moro de la Fil\u00e0 Llana &#8220;soy festero desde que nac\u00ed&#8221;"},"content":{"rendered":"<p style=\"text-align: justify;\">La <strong>Fil\u00e0 Llana<\/strong> desempe\u00f1a este a\u00f1o el cargo de <strong>abanderado moro<\/strong> y lo hace de la mano de <strong>Christian Molines Castell\u00e0<\/strong>. El joven abanderado ha pasado este jueves por La Ma\u00f1ana de COPE ALCOY y ha destacado\u00a0que <strong>forma parte de la Llana desde que naci\u00f3<\/strong>, hace casi veinticinco a\u00f1os, al mismo tiempo que ha afirmado que <strong>decidi\u00f3 hacer el cargo en la pasada Olleta de la Pur\u00edssima del 7 de diciembre<\/strong> \u201c<em>mis padres escucharon que el Cap de Fil\u00e0 dec\u00eda que no hab\u00eda nadie para hacer la bandera y como lo hab\u00edamos comentado en casa m\u00e1s de una vez, vinieron a buscarme y decid\u00ed lanzarme<\/em>\u201d, indica.<\/p>\n<p style=\"text-align: justify;\">Christian Molines vive intensamente la fiesta, <strong>como festero y como m\u00fasico de la Uni\u00f3n Musical Contestana<\/strong>, y asegura que tanto su familia como los amigos <strong>se han volcado en esta aventura<\/strong> \u201c<em>me acompa\u00f1ar\u00e1n Mireia Gisbert y Aitana Gisbert como favoritas, mientras que Ernesto Franc\u00e9s asumir\u00e1 el papel de Rodella<\/em>\u201d, afirma.<\/p>\n<p style=\"text-align: justify;\">En cuanto al boato ha desvelado\u00a0que <strong>tendr\u00e1 reminiscencias hist\u00f3ricas<\/strong> y apunta que <strong>lo ha dise\u00f1ado Jordi Sell\u00e9s y Roberto P\u00e9rez<\/strong> \u201c<em>la m\u00fasica ha sido cosa de mi amigo Mario Coloma que me ha regalado la marcha mora \u2018Al Karis\u2019. Siempre dec\u00edamos de broma que cuando hiciese el cargo me crear\u00eda una pieza y al final esto se ha hecho realidad<\/em>\u201d bromea.<\/p>\n<p style=\"text-align: justify;\">A partir del minuto <strong>38:24<\/strong> puedes escuchar <strong>la entrevista\u00a0que hemos mantenido este jueves\u00a0<\/strong>con Christian Molines Castell\u00e0<\/p>\n<p><iframe loading=\"lazy\" title=\"La Ma\u00f1ana En Alcoy Jueves 10 De Agosto 2017\" width=\"100%\" height=\"120\" src=\"https:\/\/www.mixcloud.com\/widget\/iframe\/?feed=https%3A%2F%2Fwww.mixcloud.com%2FCOPEAlcoy%2Fla-ma%25C3%25B1ana-en-alcoy-jueves-10-de-agosto-2017%2F&amp;hide_cover=1\" frameborder=\"0\"><\/iframe><\/p>\n","protected":false},"excerpt":{"rendered":"<p>La Fil\u00e0 Llana desempe\u00f1a este a\u00f1o el cargo de abanderado moro y lo hace de la mano de Christian Molines&#8230;<\/p>\n","protected":false},"author":1,"featured_media":34296,"comment_status":"open","ping_status":"open","sticky":false,"template":"","format":"standard","meta":{"footnotes":""},"categories":[98,75],"tags":[2745,4531,132,237,4532,856],"class_list":["post-34295","post","type-post","status-publish","format-standard","has-post-thumbnail","hentry","category-comarcas","category-noticias","tag-abanderado-moro","tag-christian-molines","tag-cocentaina","tag-comtat","tag-fila-llana","tag-moros-i-cristians"],"yoast_head":"<!-- This site is optimized with the Yoast SEO plugin v27.3 - https:\/\/yoast.com\/product\/yoast-seo-wordpress\/ -->\n<title>Christian Molines, abanderado moro de la Fil\u00e0 Llana &quot;soy festero desde que nac\u00ed&quot; - COPE Alcoy<\/title>\n<meta name=\"robots\" content=\"index, follow, max-snippet:-1, max-image-preview:large, max-video-preview:-1\" \/>\n<link rel=\"canonical\" href=\"https:\/\/www.copealcoy.es\/es\/christian-molines-abanderado-moro-de-la-fila-llana-soy-festero-desde-que-naci\/\" \/>\n<meta property=\"og:locale\" content=\"es_ES\" \/>\n<meta property=\"og:type\" content=\"article\" \/>\n<meta property=\"og:title\" content=\"Christian Molines, abanderado moro de la Fil\u00e0 Llana &quot;soy festero desde que nac\u00ed&quot; - COPE Alcoy\" \/>\n<meta property=\"og:description\" content=\"La Fil\u00e0 Llana desempe\u00f1a este a\u00f1o el cargo de abanderado moro y lo hace de la mano de Christian Molines...\" \/>\n<meta property=\"og:url\" content=\"https:\/\/www.copealcoy.es\/es\/christian-molines-abanderado-moro-de-la-fila-llana-soy-festero-desde-que-naci\/\" \/>\n<meta property=\"og:site_name\" content=\"COPE Alcoy\" \/>\n<meta property=\"article:published_time\" content=\"2017-08-10T14:54:45+00:00\" \/>\n<meta property=\"article:modified_time\" content=\"2017-08-10T15:01:11+00:00\" \/>\n<meta property=\"og:image\" content=\"https:\/\/www.copealcoy.es\/wp-content\/uploads\/2017\/08\/20638950_1159353700874780_8977884805219412079_n-e1502376529144.jpg\" \/>\n\t<meta property=\"og:image:width\" content=\"960\" \/>\n\t<meta property=\"og:image:height\" content=\"506\" \/>\n\t<meta property=\"og:image:type\" content=\"image\/jpeg\" \/>\n<meta name=\"author\" content=\"Cope Alcoy\" \/>\n<meta name=\"twitter:label1\" content=\"Escrito por\" \/>\n\t<meta name=\"twitter:data1\" content=\"Cope Alcoy\" \/>\n\t<meta name=\"twitter:label2\" content=\"Tiempo de lectura\" \/>\n\t<meta name=\"twitter:data2\" content=\"1 minuto\" \/>\n<script type=\"application\/ld+json\" class=\"yoast-schema-graph\">{\"@context\":\"https:\\\/\\\/schema.org\",\"@graph\":[{\"@type\":\"Article\",\"@id\":\"https:\\\/\\\/www.copealcoy.es\\\/es\\\/christian-molines-abanderado-moro-de-la-fila-llana-soy-festero-desde-que-naci\\\/#article\",\"isPartOf\":{\"@id\":\"https:\\\/\\\/www.copealcoy.es\\\/es\\\/christian-molines-abanderado-moro-de-la-fila-llana-soy-festero-desde-que-naci\\\/\"},\"author\":{\"name\":\"Cope Alcoy\",\"@id\":\"https:\\\/\\\/www.copealcoy.es\\\/es\\\/#\\\/schema\\\/person\\\/e777c87fa024e57d40170af9df39882c\"},\"headline\":\"Christian Molines, abanderado moro de la Fil\u00e0 Llana &#8220;soy festero desde que nac\u00ed&#8221;\",\"datePublished\":\"2017-08-10T14:54:45+00:00\",\"dateModified\":\"2017-08-10T15:01:11+00:00\",\"mainEntityOfPage\":{\"@id\":\"https:\\\/\\\/www.copealcoy.es\\\/es\\\/christian-molines-abanderado-moro-de-la-fila-llana-soy-festero-desde-que-naci\\\/\"},\"wordCount\":279,\"commentCount\":0,\"image\":{\"@id\":\"https:\\\/\\\/www.copealcoy.es\\\/es\\\/christian-molines-abanderado-moro-de-la-fila-llana-soy-festero-desde-que-naci\\\/#primaryimage\"},\"thumbnailUrl\":\"https:\\\/\\\/www.copealcoy.es\\\/wp-content\\\/uploads\\\/2017\\\/08\\\/20638950_1159353700874780_8977884805219412079_n-e1502376529144.jpg\",\"keywords\":[\"Abanderado Moro\",\"Christian Molines\",\"Cocentaina\",\"Comtat\",\"Fil\u00e0 Llana\",\"Moros i Cristians\"],\"articleSection\":[\"Comarcas\",\"Noticias\"],\"inLanguage\":\"es\"},{\"@type\":\"WebPage\",\"@id\":\"https:\\\/\\\/www.copealcoy.es\\\/es\\\/christian-molines-abanderado-moro-de-la-fila-llana-soy-festero-desde-que-naci\\\/\",\"url\":\"https:\\\/\\\/www.copealcoy.es\\\/es\\\/christian-molines-abanderado-moro-de-la-fila-llana-soy-festero-desde-que-naci\\\/\",\"name\":\"Christian Molines, abanderado moro de la Fil\u00e0 Llana \\\"soy festero desde que nac\u00ed\\\" - COPE Alcoy\",\"isPartOf\":{\"@id\":\"https:\\\/\\\/www.copealcoy.es\\\/es\\\/#website\"},\"primaryImageOfPage\":{\"@id\":\"https:\\\/\\\/www.copealcoy.es\\\/es\\\/christian-molines-abanderado-moro-de-la-fila-llana-soy-festero-desde-que-naci\\\/#primaryimage\"},\"image\":{\"@id\":\"https:\\\/\\\/www.copealcoy.es\\\/es\\\/christian-molines-abanderado-moro-de-la-fila-llana-soy-festero-desde-que-naci\\\/#primaryimage\"},\"thumbnailUrl\":\"https:\\\/\\\/www.copealcoy.es\\\/wp-content\\\/uploads\\\/2017\\\/08\\\/20638950_1159353700874780_8977884805219412079_n-e1502376529144.jpg\",\"datePublished\":\"2017-08-10T14:54:45+00:00\",\"dateModified\":\"2017-08-10T15:01:11+00:00\",\"author\":{\"@id\":\"https:\\\/\\\/www.copealcoy.es\\\/es\\\/#\\\/schema\\\/person\\\/e777c87fa024e57d40170af9df39882c\"},\"breadcrumb\":{\"@id\":\"https:\\\/\\\/www.copealcoy.es\\\/es\\\/christian-molines-abanderado-moro-de-la-fila-llana-soy-festero-desde-que-naci\\\/#breadcrumb\"},\"inLanguage\":\"es\",\"potentialAction\":[{\"@type\":\"ReadAction\",\"target\":[\"https:\\\/\\\/www.copealcoy.es\\\/es\\\/christian-molines-abanderado-moro-de-la-fila-llana-soy-festero-desde-que-naci\\\/\"]}]},{\"@type\":\"ImageObject\",\"inLanguage\":\"es\",\"@id\":\"https:\\\/\\\/www.copealcoy.es\\\/es\\\/christian-molines-abanderado-moro-de-la-fila-llana-soy-festero-desde-que-naci\\\/#primaryimage\",\"url\":\"https:\\\/\\\/www.copealcoy.es\\\/wp-content\\\/uploads\\\/2017\\\/08\\\/20638950_1159353700874780_8977884805219412079_n-e1502376529144.jpg\",\"contentUrl\":\"https:\\\/\\\/www.copealcoy.es\\\/wp-content\\\/uploads\\\/2017\\\/08\\\/20638950_1159353700874780_8977884805219412079_n-e1502376529144.jpg\",\"width\":960,\"height\":506,\"caption\":\"Chirstian Molines Castell\u00e0 ha estado este jueves en La Ma\u00f1ana en Alcoy \\\/ Foto: G. Pascual\"},{\"@type\":\"BreadcrumbList\",\"@id\":\"https:\\\/\\\/www.copealcoy.es\\\/es\\\/christian-molines-abanderado-moro-de-la-fila-llana-soy-festero-desde-que-naci\\\/#breadcrumb\",\"itemListElement\":[{\"@type\":\"ListItem\",\"position\":1,\"name\":\"Portada\",\"item\":\"https:\\\/\\\/www.copealcoy.es\\\/es\\\/\"},{\"@type\":\"ListItem\",\"position\":2,\"name\":\"Christian Molines, abanderado moro de la Fil\u00e0 Llana &#8220;soy festero desde que nac\u00ed&#8221;\"}]},{\"@type\":\"WebSite\",\"@id\":\"https:\\\/\\\/www.copealcoy.es\\\/es\\\/#website\",\"url\":\"https:\\\/\\\/www.copealcoy.es\\\/es\\\/\",\"name\":\"COPE Alcoy\",\"description\":\"Emisora COPE de radio local con emisi\u00f3n online. Pont de Sant Jordi 8-10 03803 Alcoy\",\"potentialAction\":[{\"@type\":\"SearchAction\",\"target\":{\"@type\":\"EntryPoint\",\"urlTemplate\":\"https:\\\/\\\/www.copealcoy.es\\\/es\\\/?s={search_term_string}\"},\"query-input\":{\"@type\":\"PropertyValueSpecification\",\"valueRequired\":true,\"valueName\":\"search_term_string\"}}],\"inLanguage\":\"es\"},{\"@type\":\"Person\",\"@id\":\"https:\\\/\\\/www.copealcoy.es\\\/es\\\/#\\\/schema\\\/person\\\/e777c87fa024e57d40170af9df39882c\",\"name\":\"Cope Alcoy\",\"image\":{\"@type\":\"ImageObject\",\"inLanguage\":\"es\",\"@id\":\"https:\\\/\\\/secure.gravatar.com\\\/avatar\\\/bb65d0283347e303893ba14f0692005417c1e0e690a325a4c5d8bb2b3943ee14?s=96&d=mm&r=g\",\"url\":\"https:\\\/\\\/secure.gravatar.com\\\/avatar\\\/bb65d0283347e303893ba14f0692005417c1e0e690a325a4c5d8bb2b3943ee14?s=96&d=mm&r=g\",\"contentUrl\":\"https:\\\/\\\/secure.gravatar.com\\\/avatar\\\/bb65d0283347e303893ba14f0692005417c1e0e690a325a4c5d8bb2b3943ee14?s=96&d=mm&r=g\",\"caption\":\"Cope Alcoy\"}}]}<\/script>\n<!-- \/ Yoast SEO plugin. -->","yoast_head_json":{"title":"Christian Molines, abanderado moro de la Fil\u00e0 Llana \"soy festero desde que nac\u00ed\" - COPE Alcoy","robots":{"index":"index","follow":"follow","max-snippet":"max-snippet:-1","max-image-preview":"max-image-preview:large","max-video-preview":"max-video-preview:-1"},"canonical":"https:\/\/www.copealcoy.es\/es\/christian-molines-abanderado-moro-de-la-fila-llana-soy-festero-desde-que-naci\/","og_locale":"es_ES","og_type":"article","og_title":"Christian Molines, abanderado moro de la Fil\u00e0 Llana \"soy festero desde que nac\u00ed\" - COPE Alcoy","og_description":"La Fil\u00e0 Llana desempe\u00f1a este a\u00f1o el cargo de abanderado moro y lo hace de la mano de Christian Molines...","og_url":"https:\/\/www.copealcoy.es\/es\/christian-molines-abanderado-moro-de-la-fila-llana-soy-festero-desde-que-naci\/","og_site_name":"COPE Alcoy","article_published_time":"2017-08-10T14:54:45+00:00","article_modified_time":"2017-08-10T15:01:11+00:00","og_image":[{"width":960,"height":506,"url":"https:\/\/www.copealcoy.es\/wp-content\/uploads\/2017\/08\/20638950_1159353700874780_8977884805219412079_n-e1502376529144.jpg","type":"image\/jpeg"}],"author":"Cope Alcoy","twitter_misc":{"Escrito por":"Cope Alcoy","Tiempo de lectura":"1 minuto"},"schema":{"@context":"https:\/\/schema.org","@graph":[{"@type":"Article","@id":"https:\/\/www.copealcoy.es\/es\/christian-molines-abanderado-moro-de-la-fila-llana-soy-festero-desde-que-naci\/#article","isPartOf":{"@id":"https:\/\/www.copealcoy.es\/es\/christian-molines-abanderado-moro-de-la-fila-llana-soy-festero-desde-que-naci\/"},"author":{"name":"Cope Alcoy","@id":"https:\/\/www.copealcoy.es\/es\/#\/schema\/person\/e777c87fa024e57d40170af9df39882c"},"headline":"Christian Molines, abanderado moro de la Fil\u00e0 Llana &#8220;soy festero desde que nac\u00ed&#8221;","datePublished":"2017-08-10T14:54:45+00:00","dateModified":"2017-08-10T15:01:11+00:00","mainEntityOfPage":{"@id":"https:\/\/www.copealcoy.es\/es\/christian-molines-abanderado-moro-de-la-fila-llana-soy-festero-desde-que-naci\/"},"wordCount":279,"commentCount":0,"image":{"@id":"https:\/\/www.copealcoy.es\/es\/christian-molines-abanderado-moro-de-la-fila-llana-soy-festero-desde-que-naci\/#primaryimage"},"thumbnailUrl":"https:\/\/www.copealcoy.es\/wp-content\/uploads\/2017\/08\/20638950_1159353700874780_8977884805219412079_n-e1502376529144.jpg","keywords":["Abanderado Moro","Christian Molines","Cocentaina","Comtat","Fil\u00e0 Llana","Moros i Cristians"],"articleSection":["Comarcas","Noticias"],"inLanguage":"es"},{"@type":"WebPage","@id":"https:\/\/www.copealcoy.es\/es\/christian-molines-abanderado-moro-de-la-fila-llana-soy-festero-desde-que-naci\/","url":"https:\/\/www.copealcoy.es\/es\/christian-molines-abanderado-moro-de-la-fila-llana-soy-festero-desde-que-naci\/","name":"Christian Molines, abanderado moro de la Fil\u00e0 Llana \"soy festero desde que nac\u00ed\" - COPE Alcoy","isPartOf":{"@id":"https:\/\/www.copealcoy.es\/es\/#website"},"primaryImageOfPage":{"@id":"https:\/\/www.copealcoy.es\/es\/christian-molines-abanderado-moro-de-la-fila-llana-soy-festero-desde-que-naci\/#primaryimage"},"image":{"@id":"https:\/\/www.copealcoy.es\/es\/christian-molines-abanderado-moro-de-la-fila-llana-soy-festero-desde-que-naci\/#primaryimage"},"thumbnailUrl":"https:\/\/www.copealcoy.es\/wp-content\/uploads\/2017\/08\/20638950_1159353700874780_8977884805219412079_n-e1502376529144.jpg","datePublished":"2017-08-10T14:54:45+00:00","dateModified":"2017-08-10T15:01:11+00:00","author":{"@id":"https:\/\/www.copealcoy.es\/es\/#\/schema\/person\/e777c87fa024e57d40170af9df39882c"},"breadcrumb":{"@id":"https:\/\/www.copealcoy.es\/es\/christian-molines-abanderado-moro-de-la-fila-llana-soy-festero-desde-que-naci\/#breadcrumb"},"inLanguage":"es","potentialAction":[{"@type":"ReadAction","target":["https:\/\/www.copealcoy.es\/es\/christian-molines-abanderado-moro-de-la-fila-llana-soy-festero-desde-que-naci\/"]}]},{"@type":"ImageObject","inLanguage":"es","@id":"https:\/\/www.copealcoy.es\/es\/christian-molines-abanderado-moro-de-la-fila-llana-soy-festero-desde-que-naci\/#primaryimage","url":"https:\/\/www.copealcoy.es\/wp-content\/uploads\/2017\/08\/20638950_1159353700874780_8977884805219412079_n-e1502376529144.jpg","contentUrl":"https:\/\/www.copealcoy.es\/wp-content\/uploads\/2017\/08\/20638950_1159353700874780_8977884805219412079_n-e1502376529144.jpg","width":960,"height":506,"caption":"Chirstian Molines Castell\u00e0 ha estado este jueves en La Ma\u00f1ana en Alcoy \/ Foto: G. Pascual"},{"@type":"BreadcrumbList","@id":"https:\/\/www.copealcoy.es\/es\/christian-molines-abanderado-moro-de-la-fila-llana-soy-festero-desde-que-naci\/#breadcrumb","itemListElement":[{"@type":"ListItem","position":1,"name":"Portada","item":"https:\/\/www.copealcoy.es\/es\/"},{"@type":"ListItem","position":2,"name":"Christian Molines, abanderado moro de la Fil\u00e0 Llana &#8220;soy festero desde que nac\u00ed&#8221;"}]},{"@type":"WebSite","@id":"https:\/\/www.copealcoy.es\/es\/#website","url":"https:\/\/www.copealcoy.es\/es\/","name":"COPE Alcoy","description":"Emisora COPE de radio local con emisi\u00f3n online. Pont de Sant Jordi 8-10 03803 Alcoy","potentialAction":[{"@type":"SearchAction","target":{"@type":"EntryPoint","urlTemplate":"https:\/\/www.copealcoy.es\/es\/?s={search_term_string}"},"query-input":{"@type":"PropertyValueSpecification","valueRequired":true,"valueName":"search_term_string"}}],"inLanguage":"es"},{"@type":"Person","@id":"https:\/\/www.copealcoy.es\/es\/#\/schema\/person\/e777c87fa024e57d40170af9df39882c","name":"Cope Alcoy","image":{"@type":"ImageObject","inLanguage":"es","@id":"https:\/\/secure.gravatar.com\/avatar\/bb65d0283347e303893ba14f0692005417c1e0e690a325a4c5d8bb2b3943ee14?s=96&d=mm&r=g","url":"https:\/\/secure.gravatar.com\/avatar\/bb65d0283347e303893ba14f0692005417c1e0e690a325a4c5d8bb2b3943ee14?s=96&d=mm&r=g","contentUrl":"https:\/\/secure.gravatar.com\/avatar\/bb65d0283347e303893ba14f0692005417c1e0e690a325a4c5d8bb2b3943ee14?s=96&d=mm&r=g","caption":"Cope Alcoy"}}]}},"_links":{"self":[{"href":"https:\/\/www.copealcoy.es\/es\/wp-json\/wp\/v2\/posts\/34295","targetHints":{"allow":["GET"]}}],"collection":[{"href":"https:\/\/www.copealcoy.es\/es\/wp-json\/wp\/v2\/posts"}],"about":[{"href":"https:\/\/www.copealcoy.es\/es\/wp-json\/wp\/v2\/types\/post"}],"author":[{"embeddable":true,"href":"https:\/\/www.copealcoy.es\/es\/wp-json\/wp\/v2\/users\/1"}],"replies":[{"embeddable":true,"href":"https:\/\/www.copealcoy.es\/es\/wp-json\/wp\/v2\/comments?post=34295"}],"version-history":[{"count":0,"href":"https:\/\/www.copealcoy.es\/es\/wp-json\/wp\/v2\/posts\/34295\/revisions"}],"wp:featuredmedia":[{"embeddable":true,"href":"https:\/\/www.copealcoy.es\/es\/wp-json\/wp\/v2\/media\/34296"}],"wp:attachment":[{"href":"https:\/\/www.copealcoy.es\/es\/wp-json\/wp\/v2\/media?parent=34295"}],"wp:term":[{"taxonomy":"category","embeddable":true,"href":"https:\/\/www.copealcoy.es\/es\/wp-json\/wp\/v2\/categories?post=34295"},{"taxonomy":"post_tag","embeddable":true,"href":"https:\/\/www.copealcoy.es\/es\/wp-json\/wp\/v2\/tags?post=34295"}],"curies":[{"name":"wp","href":"https:\/\/api.w.org\/{rel}","templated":true}]}}