{"id":34268,"date":"2017-08-09T19:41:12","date_gmt":"2017-08-09T19:41:12","guid":{"rendered":"http:\/\/copealcoi.es\/new\/?p=34268"},"modified":"2017-08-10T14:55:30","modified_gmt":"2017-08-10T14:55:30","slug":"sergio-navarro-abanderado-cristiano-la-fila-cavallets-la-bandera-coincide-mis-25-anos-la-fila","status":"publish","type":"post","link":"https:\/\/www.copealcoy.es\/es\/sergio-navarro-abanderado-cristiano-la-fila-cavallets-la-bandera-coincide-mis-25-anos-la-fila\/","title":{"rendered":"Sergio Navarro, abanderado cristiano de la Fil\u00e0 Cavallets &#8220;la bandera coincide con mis 25 a\u00f1os en la Fil\u00e0&#8221;"},"content":{"rendered":"<p style=\"text-align: justify;\">El <strong>bando cristiano<\/strong> de Cocentaina tendr\u00e1 este a\u00f1o a <strong>Sergio Navarro Cant\u00f3<\/strong> como abanderado, un festero que cumple <strong>su veinticinco aniversario<\/strong> como miembro en activo de la <strong>Fil\u00e0 Cavalleria Ministerial<\/strong> \u201c<em>llegu\u00e9 en 1992 para ser Publicador Infantil y aqu\u00ed sigo desde entonces\u201d<\/em>, afirmaba hoy en La Ma\u00f1ana de COPE ALCOY.<\/p>\n<p style=\"text-align: justify;\">El abanderado cristiano se define como <strong>un fiel seguidor del Alardo<\/strong> y puede presumir de tener <strong>cierta experiencia en las tareas de desempe\u00f1ar un cargo<\/strong> en las fiestas de Cocentaina \u201c<em>mi padre fue abanderado en 2004 y capit\u00e1n en 2013 y yo viv\u00ed intensamente aquellas fiestas. En las dos ocasiones le acompa\u00f1\u00f3 mi madre y toda mi familia se volc\u00f3 en el cargo al igual que est\u00e1 haciendo ahora<\/em>\u201d, asevera. Sergio Navarro <strong>espera con ilusi\u00f3n el momento de la Entrada<\/strong> y tan solo explica que <strong>su traje lo ha dise\u00f1ado Roberto P\u00e9rez<\/strong> \u201c<em>estar\u00e9 acompa\u00f1ado por mi esposa Cristiana Flores en el papel de favorita y tambi\u00e9n estar\u00e1 mi hija, que aunque tiene pocos meses de vida, participar\u00e1 en todo lo que le permita su edad<\/em>\u201d, detalla.<\/p>\n<p style=\"text-align: justify;\">Indicar que en el desfile del s\u00e1bado <strong>le acompa\u00f1ar\u00e1n las piezas<\/strong> <em>Eucrisma <\/em>y <em>Rovira Palacios <\/em>de Santi Revert as\u00ed como <em>L\u00b4Ambaixador Cristi\u00e0 <\/em>de Rafael Mullor <em>\u201cel momento m\u00e1s especial ser\u00e1 cuando pase por debajo de donde viv\u00eda mi abuela. Me acordar\u00e9 mucho de ella\u201d<\/em>,\u00a0concluye.<\/p>\n<p style=\"text-align: justify;\">A partir del minuto 41:29\u00a0puedes escuchar <strong>la entrevista\u00a0que hemos mantenido este mi\u00e9rcoles\u00a0<\/strong>con\u00a0Sergio Navarro Cant\u00f3.<\/p>\n<p><iframe loading=\"lazy\" title=\"La Ma\u00f1ana En Alcoy Mi\u00e9rcoles 9 De Agosto 2017\" width=\"100%\" height=\"120\" src=\"https:\/\/www.mixcloud.com\/widget\/iframe\/?feed=https%3A%2F%2Fwww.mixcloud.com%2FCOPEAlcoy%2Fla-ma%25C3%25B1ana-en-alcoy-mi%25C3%25A9rcoles-9-de-agosto-2017%2F&amp;hide_cover=1\" frameborder=\"0\"><\/iframe><\/p>\n","protected":false},"excerpt":{"rendered":"<p>El bando cristiano de Cocentaina tendr\u00e1 este a\u00f1o a Sergio Navarro Cant\u00f3 como abanderado, un festero que cumple su veinticinco&#8230;<\/p>\n","protected":false},"author":1,"featured_media":34269,"comment_status":"open","ping_status":"open","sticky":false,"template":"","format":"standard","meta":{"footnotes":""},"categories":[98,75],"tags":[2747,4528,132,237,856,4527],"class_list":["post-34268","post","type-post","status-publish","format-standard","has-post-thumbnail","hentry","category-comarcas","category-noticias","tag-abanderado-cristiano","tag-cavalleria-ministerial","tag-cocentaina","tag-comtat","tag-moros-i-cristians","tag-sergio-navarro-canto"],"yoast_head":"<!-- This site is optimized with the Yoast SEO plugin v27.3 - https:\/\/yoast.com\/product\/yoast-seo-wordpress\/ -->\n<title>Sergio Navarro, abanderado cristiano de la Fil\u00e0 Cavallets &quot;la bandera coincide con mis 25 a\u00f1os en la Fil\u00e0&quot; - COPE Alcoy<\/title>\n<meta name=\"robots\" content=\"index, follow, max-snippet:-1, max-image-preview:large, max-video-preview:-1\" \/>\n<link rel=\"canonical\" href=\"https:\/\/www.copealcoy.es\/es\/sergio-navarro-abanderado-cristiano-la-fila-cavallets-la-bandera-coincide-mis-25-anos-la-fila\/\" \/>\n<meta property=\"og:locale\" content=\"es_ES\" \/>\n<meta property=\"og:type\" content=\"article\" \/>\n<meta property=\"og:title\" content=\"Sergio Navarro, abanderado cristiano de la Fil\u00e0 Cavallets &quot;la bandera coincide con mis 25 a\u00f1os en la Fil\u00e0&quot; - COPE Alcoy\" \/>\n<meta property=\"og:description\" content=\"El bando cristiano de Cocentaina tendr\u00e1 este a\u00f1o a Sergio Navarro Cant\u00f3 como abanderado, un festero que cumple su veinticinco...\" \/>\n<meta property=\"og:url\" content=\"https:\/\/www.copealcoy.es\/es\/sergio-navarro-abanderado-cristiano-la-fila-cavallets-la-bandera-coincide-mis-25-anos-la-fila\/\" \/>\n<meta property=\"og:site_name\" content=\"COPE Alcoy\" \/>\n<meta property=\"article:published_time\" content=\"2017-08-09T19:41:12+00:00\" \/>\n<meta property=\"article:modified_time\" content=\"2017-08-10T14:55:30+00:00\" \/>\n<meta property=\"og:image\" content=\"https:\/\/www.copealcoy.es\/wp-content\/uploads\/2017\/08\/20638051_1158631487613668_4435837869780726608_n-e1502307438624.jpg\" \/>\n\t<meta property=\"og:image:width\" content=\"960\" \/>\n\t<meta property=\"og:image:height\" content=\"552\" \/>\n\t<meta property=\"og:image:type\" content=\"image\/jpeg\" \/>\n<meta name=\"author\" content=\"Cope Alcoy\" \/>\n<meta name=\"twitter:label1\" content=\"Escrito por\" \/>\n\t<meta name=\"twitter:data1\" content=\"Cope Alcoy\" \/>\n\t<meta name=\"twitter:label2\" content=\"Tiempo de lectura\" \/>\n\t<meta name=\"twitter:data2\" content=\"1 minuto\" \/>\n<script type=\"application\/ld+json\" class=\"yoast-schema-graph\">{\"@context\":\"https:\\\/\\\/schema.org\",\"@graph\":[{\"@type\":\"Article\",\"@id\":\"https:\\\/\\\/www.copealcoy.es\\\/es\\\/sergio-navarro-abanderado-cristiano-la-fila-cavallets-la-bandera-coincide-mis-25-anos-la-fila\\\/#article\",\"isPartOf\":{\"@id\":\"https:\\\/\\\/www.copealcoy.es\\\/es\\\/sergio-navarro-abanderado-cristiano-la-fila-cavallets-la-bandera-coincide-mis-25-anos-la-fila\\\/\"},\"author\":{\"name\":\"Cope Alcoy\",\"@id\":\"https:\\\/\\\/www.copealcoy.es\\\/es\\\/#\\\/schema\\\/person\\\/e777c87fa024e57d40170af9df39882c\"},\"headline\":\"Sergio Navarro, abanderado cristiano de la Fil\u00e0 Cavallets &#8220;la bandera coincide con mis 25 a\u00f1os en la Fil\u00e0&#8221;\",\"datePublished\":\"2017-08-09T19:41:12+00:00\",\"dateModified\":\"2017-08-10T14:55:30+00:00\",\"mainEntityOfPage\":{\"@id\":\"https:\\\/\\\/www.copealcoy.es\\\/es\\\/sergio-navarro-abanderado-cristiano-la-fila-cavallets-la-bandera-coincide-mis-25-anos-la-fila\\\/\"},\"wordCount\":282,\"commentCount\":0,\"image\":{\"@id\":\"https:\\\/\\\/www.copealcoy.es\\\/es\\\/sergio-navarro-abanderado-cristiano-la-fila-cavallets-la-bandera-coincide-mis-25-anos-la-fila\\\/#primaryimage\"},\"thumbnailUrl\":\"https:\\\/\\\/www.copealcoy.es\\\/wp-content\\\/uploads\\\/2017\\\/08\\\/20638051_1158631487613668_4435837869780726608_n-e1502307438624.jpg\",\"keywords\":[\"Abanderado Cristiano\",\"Cavaller\u00eda Ministerial\",\"Cocentaina\",\"Comtat\",\"Moros i Cristians\",\"Sergio Navarro Cant\u00f3\"],\"articleSection\":[\"Comarcas\",\"Noticias\"],\"inLanguage\":\"es\"},{\"@type\":\"WebPage\",\"@id\":\"https:\\\/\\\/www.copealcoy.es\\\/es\\\/sergio-navarro-abanderado-cristiano-la-fila-cavallets-la-bandera-coincide-mis-25-anos-la-fila\\\/\",\"url\":\"https:\\\/\\\/www.copealcoy.es\\\/es\\\/sergio-navarro-abanderado-cristiano-la-fila-cavallets-la-bandera-coincide-mis-25-anos-la-fila\\\/\",\"name\":\"Sergio Navarro, abanderado cristiano de la Fil\u00e0 Cavallets \\\"la bandera coincide con mis 25 a\u00f1os en la Fil\u00e0\\\" - COPE Alcoy\",\"isPartOf\":{\"@id\":\"https:\\\/\\\/www.copealcoy.es\\\/es\\\/#website\"},\"primaryImageOfPage\":{\"@id\":\"https:\\\/\\\/www.copealcoy.es\\\/es\\\/sergio-navarro-abanderado-cristiano-la-fila-cavallets-la-bandera-coincide-mis-25-anos-la-fila\\\/#primaryimage\"},\"image\":{\"@id\":\"https:\\\/\\\/www.copealcoy.es\\\/es\\\/sergio-navarro-abanderado-cristiano-la-fila-cavallets-la-bandera-coincide-mis-25-anos-la-fila\\\/#primaryimage\"},\"thumbnailUrl\":\"https:\\\/\\\/www.copealcoy.es\\\/wp-content\\\/uploads\\\/2017\\\/08\\\/20638051_1158631487613668_4435837869780726608_n-e1502307438624.jpg\",\"datePublished\":\"2017-08-09T19:41:12+00:00\",\"dateModified\":\"2017-08-10T14:55:30+00:00\",\"author\":{\"@id\":\"https:\\\/\\\/www.copealcoy.es\\\/es\\\/#\\\/schema\\\/person\\\/e777c87fa024e57d40170af9df39882c\"},\"breadcrumb\":{\"@id\":\"https:\\\/\\\/www.copealcoy.es\\\/es\\\/sergio-navarro-abanderado-cristiano-la-fila-cavallets-la-bandera-coincide-mis-25-anos-la-fila\\\/#breadcrumb\"},\"inLanguage\":\"es\",\"potentialAction\":[{\"@type\":\"ReadAction\",\"target\":[\"https:\\\/\\\/www.copealcoy.es\\\/es\\\/sergio-navarro-abanderado-cristiano-la-fila-cavallets-la-bandera-coincide-mis-25-anos-la-fila\\\/\"]}]},{\"@type\":\"ImageObject\",\"inLanguage\":\"es\",\"@id\":\"https:\\\/\\\/www.copealcoy.es\\\/es\\\/sergio-navarro-abanderado-cristiano-la-fila-cavallets-la-bandera-coincide-mis-25-anos-la-fila\\\/#primaryimage\",\"url\":\"https:\\\/\\\/www.copealcoy.es\\\/wp-content\\\/uploads\\\/2017\\\/08\\\/20638051_1158631487613668_4435837869780726608_n-e1502307438624.jpg\",\"contentUrl\":\"https:\\\/\\\/www.copealcoy.es\\\/wp-content\\\/uploads\\\/2017\\\/08\\\/20638051_1158631487613668_4435837869780726608_n-e1502307438624.jpg\",\"width\":960,\"height\":552,\"caption\":\"Sergio Navarro Cant\u00f3 ha estado este mi\u00e9rcoles en La Ma\u00f1ana en Alcoy \\\/ Foto: G. Pascual\"},{\"@type\":\"BreadcrumbList\",\"@id\":\"https:\\\/\\\/www.copealcoy.es\\\/es\\\/sergio-navarro-abanderado-cristiano-la-fila-cavallets-la-bandera-coincide-mis-25-anos-la-fila\\\/#breadcrumb\",\"itemListElement\":[{\"@type\":\"ListItem\",\"position\":1,\"name\":\"Portada\",\"item\":\"https:\\\/\\\/www.copealcoy.es\\\/es\\\/\"},{\"@type\":\"ListItem\",\"position\":2,\"name\":\"Sergio Navarro, abanderado cristiano de la Fil\u00e0 Cavallets &#8220;la bandera coincide con mis 25 a\u00f1os en la Fil\u00e0&#8221;\"}]},{\"@type\":\"WebSite\",\"@id\":\"https:\\\/\\\/www.copealcoy.es\\\/es\\\/#website\",\"url\":\"https:\\\/\\\/www.copealcoy.es\\\/es\\\/\",\"name\":\"COPE Alcoy\",\"description\":\"Emisora COPE de radio local con emisi\u00f3n online. Pont de Sant Jordi 8-10 03803 Alcoy\",\"potentialAction\":[{\"@type\":\"SearchAction\",\"target\":{\"@type\":\"EntryPoint\",\"urlTemplate\":\"https:\\\/\\\/www.copealcoy.es\\\/es\\\/?s={search_term_string}\"},\"query-input\":{\"@type\":\"PropertyValueSpecification\",\"valueRequired\":true,\"valueName\":\"search_term_string\"}}],\"inLanguage\":\"es\"},{\"@type\":\"Person\",\"@id\":\"https:\\\/\\\/www.copealcoy.es\\\/es\\\/#\\\/schema\\\/person\\\/e777c87fa024e57d40170af9df39882c\",\"name\":\"Cope Alcoy\",\"image\":{\"@type\":\"ImageObject\",\"inLanguage\":\"es\",\"@id\":\"https:\\\/\\\/secure.gravatar.com\\\/avatar\\\/bb65d0283347e303893ba14f0692005417c1e0e690a325a4c5d8bb2b3943ee14?s=96&d=mm&r=g\",\"url\":\"https:\\\/\\\/secure.gravatar.com\\\/avatar\\\/bb65d0283347e303893ba14f0692005417c1e0e690a325a4c5d8bb2b3943ee14?s=96&d=mm&r=g\",\"contentUrl\":\"https:\\\/\\\/secure.gravatar.com\\\/avatar\\\/bb65d0283347e303893ba14f0692005417c1e0e690a325a4c5d8bb2b3943ee14?s=96&d=mm&r=g\",\"caption\":\"Cope Alcoy\"}}]}<\/script>\n<!-- \/ Yoast SEO plugin. -->","yoast_head_json":{"title":"Sergio Navarro, abanderado cristiano de la Fil\u00e0 Cavallets \"la bandera coincide con mis 25 a\u00f1os en la Fil\u00e0\" - COPE Alcoy","robots":{"index":"index","follow":"follow","max-snippet":"max-snippet:-1","max-image-preview":"max-image-preview:large","max-video-preview":"max-video-preview:-1"},"canonical":"https:\/\/www.copealcoy.es\/es\/sergio-navarro-abanderado-cristiano-la-fila-cavallets-la-bandera-coincide-mis-25-anos-la-fila\/","og_locale":"es_ES","og_type":"article","og_title":"Sergio Navarro, abanderado cristiano de la Fil\u00e0 Cavallets \"la bandera coincide con mis 25 a\u00f1os en la Fil\u00e0\" - COPE Alcoy","og_description":"El bando cristiano de Cocentaina tendr\u00e1 este a\u00f1o a Sergio Navarro Cant\u00f3 como abanderado, un festero que cumple su veinticinco...","og_url":"https:\/\/www.copealcoy.es\/es\/sergio-navarro-abanderado-cristiano-la-fila-cavallets-la-bandera-coincide-mis-25-anos-la-fila\/","og_site_name":"COPE Alcoy","article_published_time":"2017-08-09T19:41:12+00:00","article_modified_time":"2017-08-10T14:55:30+00:00","og_image":[{"width":960,"height":552,"url":"https:\/\/www.copealcoy.es\/wp-content\/uploads\/2017\/08\/20638051_1158631487613668_4435837869780726608_n-e1502307438624.jpg","type":"image\/jpeg"}],"author":"Cope Alcoy","twitter_misc":{"Escrito por":"Cope Alcoy","Tiempo de lectura":"1 minuto"},"schema":{"@context":"https:\/\/schema.org","@graph":[{"@type":"Article","@id":"https:\/\/www.copealcoy.es\/es\/sergio-navarro-abanderado-cristiano-la-fila-cavallets-la-bandera-coincide-mis-25-anos-la-fila\/#article","isPartOf":{"@id":"https:\/\/www.copealcoy.es\/es\/sergio-navarro-abanderado-cristiano-la-fila-cavallets-la-bandera-coincide-mis-25-anos-la-fila\/"},"author":{"name":"Cope Alcoy","@id":"https:\/\/www.copealcoy.es\/es\/#\/schema\/person\/e777c87fa024e57d40170af9df39882c"},"headline":"Sergio Navarro, abanderado cristiano de la Fil\u00e0 Cavallets &#8220;la bandera coincide con mis 25 a\u00f1os en la Fil\u00e0&#8221;","datePublished":"2017-08-09T19:41:12+00:00","dateModified":"2017-08-10T14:55:30+00:00","mainEntityOfPage":{"@id":"https:\/\/www.copealcoy.es\/es\/sergio-navarro-abanderado-cristiano-la-fila-cavallets-la-bandera-coincide-mis-25-anos-la-fila\/"},"wordCount":282,"commentCount":0,"image":{"@id":"https:\/\/www.copealcoy.es\/es\/sergio-navarro-abanderado-cristiano-la-fila-cavallets-la-bandera-coincide-mis-25-anos-la-fila\/#primaryimage"},"thumbnailUrl":"https:\/\/www.copealcoy.es\/wp-content\/uploads\/2017\/08\/20638051_1158631487613668_4435837869780726608_n-e1502307438624.jpg","keywords":["Abanderado Cristiano","Cavaller\u00eda Ministerial","Cocentaina","Comtat","Moros i Cristians","Sergio Navarro Cant\u00f3"],"articleSection":["Comarcas","Noticias"],"inLanguage":"es"},{"@type":"WebPage","@id":"https:\/\/www.copealcoy.es\/es\/sergio-navarro-abanderado-cristiano-la-fila-cavallets-la-bandera-coincide-mis-25-anos-la-fila\/","url":"https:\/\/www.copealcoy.es\/es\/sergio-navarro-abanderado-cristiano-la-fila-cavallets-la-bandera-coincide-mis-25-anos-la-fila\/","name":"Sergio Navarro, abanderado cristiano de la Fil\u00e0 Cavallets \"la bandera coincide con mis 25 a\u00f1os en la Fil\u00e0\" - COPE Alcoy","isPartOf":{"@id":"https:\/\/www.copealcoy.es\/es\/#website"},"primaryImageOfPage":{"@id":"https:\/\/www.copealcoy.es\/es\/sergio-navarro-abanderado-cristiano-la-fila-cavallets-la-bandera-coincide-mis-25-anos-la-fila\/#primaryimage"},"image":{"@id":"https:\/\/www.copealcoy.es\/es\/sergio-navarro-abanderado-cristiano-la-fila-cavallets-la-bandera-coincide-mis-25-anos-la-fila\/#primaryimage"},"thumbnailUrl":"https:\/\/www.copealcoy.es\/wp-content\/uploads\/2017\/08\/20638051_1158631487613668_4435837869780726608_n-e1502307438624.jpg","datePublished":"2017-08-09T19:41:12+00:00","dateModified":"2017-08-10T14:55:30+00:00","author":{"@id":"https:\/\/www.copealcoy.es\/es\/#\/schema\/person\/e777c87fa024e57d40170af9df39882c"},"breadcrumb":{"@id":"https:\/\/www.copealcoy.es\/es\/sergio-navarro-abanderado-cristiano-la-fila-cavallets-la-bandera-coincide-mis-25-anos-la-fila\/#breadcrumb"},"inLanguage":"es","potentialAction":[{"@type":"ReadAction","target":["https:\/\/www.copealcoy.es\/es\/sergio-navarro-abanderado-cristiano-la-fila-cavallets-la-bandera-coincide-mis-25-anos-la-fila\/"]}]},{"@type":"ImageObject","inLanguage":"es","@id":"https:\/\/www.copealcoy.es\/es\/sergio-navarro-abanderado-cristiano-la-fila-cavallets-la-bandera-coincide-mis-25-anos-la-fila\/#primaryimage","url":"https:\/\/www.copealcoy.es\/wp-content\/uploads\/2017\/08\/20638051_1158631487613668_4435837869780726608_n-e1502307438624.jpg","contentUrl":"https:\/\/www.copealcoy.es\/wp-content\/uploads\/2017\/08\/20638051_1158631487613668_4435837869780726608_n-e1502307438624.jpg","width":960,"height":552,"caption":"Sergio Navarro Cant\u00f3 ha estado este mi\u00e9rcoles en La Ma\u00f1ana en Alcoy \/ Foto: G. Pascual"},{"@type":"BreadcrumbList","@id":"https:\/\/www.copealcoy.es\/es\/sergio-navarro-abanderado-cristiano-la-fila-cavallets-la-bandera-coincide-mis-25-anos-la-fila\/#breadcrumb","itemListElement":[{"@type":"ListItem","position":1,"name":"Portada","item":"https:\/\/www.copealcoy.es\/es\/"},{"@type":"ListItem","position":2,"name":"Sergio Navarro, abanderado cristiano de la Fil\u00e0 Cavallets &#8220;la bandera coincide con mis 25 a\u00f1os en la Fil\u00e0&#8221;"}]},{"@type":"WebSite","@id":"https:\/\/www.copealcoy.es\/es\/#website","url":"https:\/\/www.copealcoy.es\/es\/","name":"COPE Alcoy","description":"Emisora COPE de radio local con emisi\u00f3n online. Pont de Sant Jordi 8-10 03803 Alcoy","potentialAction":[{"@type":"SearchAction","target":{"@type":"EntryPoint","urlTemplate":"https:\/\/www.copealcoy.es\/es\/?s={search_term_string}"},"query-input":{"@type":"PropertyValueSpecification","valueRequired":true,"valueName":"search_term_string"}}],"inLanguage":"es"},{"@type":"Person","@id":"https:\/\/www.copealcoy.es\/es\/#\/schema\/person\/e777c87fa024e57d40170af9df39882c","name":"Cope Alcoy","image":{"@type":"ImageObject","inLanguage":"es","@id":"https:\/\/secure.gravatar.com\/avatar\/bb65d0283347e303893ba14f0692005417c1e0e690a325a4c5d8bb2b3943ee14?s=96&d=mm&r=g","url":"https:\/\/secure.gravatar.com\/avatar\/bb65d0283347e303893ba14f0692005417c1e0e690a325a4c5d8bb2b3943ee14?s=96&d=mm&r=g","contentUrl":"https:\/\/secure.gravatar.com\/avatar\/bb65d0283347e303893ba14f0692005417c1e0e690a325a4c5d8bb2b3943ee14?s=96&d=mm&r=g","caption":"Cope Alcoy"}}]}},"_links":{"self":[{"href":"https:\/\/www.copealcoy.es\/es\/wp-json\/wp\/v2\/posts\/34268","targetHints":{"allow":["GET"]}}],"collection":[{"href":"https:\/\/www.copealcoy.es\/es\/wp-json\/wp\/v2\/posts"}],"about":[{"href":"https:\/\/www.copealcoy.es\/es\/wp-json\/wp\/v2\/types\/post"}],"author":[{"embeddable":true,"href":"https:\/\/www.copealcoy.es\/es\/wp-json\/wp\/v2\/users\/1"}],"replies":[{"embeddable":true,"href":"https:\/\/www.copealcoy.es\/es\/wp-json\/wp\/v2\/comments?post=34268"}],"version-history":[{"count":0,"href":"https:\/\/www.copealcoy.es\/es\/wp-json\/wp\/v2\/posts\/34268\/revisions"}],"wp:featuredmedia":[{"embeddable":true,"href":"https:\/\/www.copealcoy.es\/es\/wp-json\/wp\/v2\/media\/34269"}],"wp:attachment":[{"href":"https:\/\/www.copealcoy.es\/es\/wp-json\/wp\/v2\/media?parent=34268"}],"wp:term":[{"taxonomy":"category","embeddable":true,"href":"https:\/\/www.copealcoy.es\/es\/wp-json\/wp\/v2\/categories?post=34268"},{"taxonomy":"post_tag","embeddable":true,"href":"https:\/\/www.copealcoy.es\/es\/wp-json\/wp\/v2\/tags?post=34268"}],"curies":[{"name":"wp","href":"https:\/\/api.w.org\/{rel}","templated":true}]}}