{"id":34205,"date":"2017-08-07T23:58:40","date_gmt":"2017-08-07T23:58:40","guid":{"rendered":"http:\/\/copealcoi.es\/new\/?p=34205"},"modified":"2017-08-09T18:45:44","modified_gmt":"2017-08-09T18:45:44","slug":"el-ateneu-musical-inunda-el-palau-comtal-de-musica-festera","status":"publish","type":"post","link":"https:\/\/www.copealcoy.es\/es\/el-ateneu-musical-inunda-el-palau-comtal-de-musica-festera\/","title":{"rendered":"El Ateneu Musical inunda el Palau Comtal de m\u00fasica festera"},"content":{"rendered":"<p style=\"text-align: justify;\">El <strong>Ateneu Musical de Cocentaina<\/strong> ha ofrecido esta noche en el patio de armas del Palau Comtal <strong>la XXXII edici\u00f3n de su tradicional concierto de m\u00fasica festera<\/strong>, que cont\u00f3 con la participaci\u00f3n de <strong>La Xafig\u00e0 de Muro<\/strong>, y que sirve tambi\u00e9n de <strong>antesala a los d\u00edas grandes de las fiestas de moros y cristianos<\/strong> en honor a San Hip\u00f3lito M\u00e1rtir.<\/p>\n<p style=\"text-align: justify;\">La audici\u00f3n, conducida en esta ocasi\u00f3n por <strong>Mariola Reig<\/strong>, ha estado <strong>dividida en dos partes<\/strong> y <strong>la primera<\/strong> ha comenzado con las notas del pasodoble <em>Pepito Gisbert <\/em>del recordado m\u00fasico y compositor <strong>Jos\u00e9 Insa Mart\u00ednez<\/strong>, fundador tambi\u00e9n del Ateneu en 1985. A continuaci\u00f3n la banda ha interpretado la marcha cristiana <em>Sir Driu <\/em>de <strong>Enrique Alborch Tarras\u00f3<\/strong>, la marcha mora <em>Bon Capit\u00e0 <\/em>de <strong>Jos\u00e9 Mar\u00eda Ferrero<\/strong> y el pasodoble <em>Goya <\/em>del alcoyano <strong>Gonzalo Barrachina<\/strong>. Tambi\u00e9n pudimos escuchar la marcha cristiana <em>El Barranc del Cint<\/em>, de <strong>Rafael Mullor Grau<\/strong>, y que sirvi\u00f3 de homenaje para el director del Himno de Fiestas de este a\u00f1o. Por \u00faltimo son\u00f3 <em>Navarro El Bort<\/em> del contestano <strong>Gustavo Pascual Falc\u00f3<\/strong>.<\/p>\n<p style=\"text-align: justify;\">La <strong>segunda parte<\/strong> del concierto arranc\u00f3 con la interpretaci\u00f3n del pasodoble <em>Lo Cant del Valenci\u00e0 <\/em>de <strong>Pedro Sosa<\/strong> seguido de la marcha mora <em>Laia <\/em>de <strong>V\u00edctor Vall\u00e9s<\/strong> y la marcha cristiana <em>Se\u00f1or Jos\u00e9 Antonio <\/em>del murero <strong>Jos\u00e9 Rafael Pascual Vilaplana<\/strong>. Seguidamente los m\u00fasicos del Ateneu Musical ofrecieron el pasodoble <em>Franjo EL Sahor\u00ed <\/em>de <strong>Jos\u00e9 Vicente Egea Insa<\/strong>, la marcha mora <em>Al Munastir <\/em>de <strong>Ram\u00f3n Garc\u00eda i Soler<\/strong> y por \u00faltimo la marcha cristiana <em>Catarsis <\/em>del mencionado y tambi\u00e9n fundador de la banda, <strong>Jos\u00e9 Vicente Egea Insa<\/strong>. Indicar que en el inicio de esta segunda parte\u00a0<strong>la lluvia oblig\u00f3 a suspender el concierto durante unos minutos<\/strong> y al cesar la precipitaci\u00f3n el Ateneu Musical retom\u00f3 la actividad con total normalidad.<\/p>\n<p style=\"text-align: justify;\">Los minutos finales de este espectacular concierto estuvieron reservados para las intervenciones de <strong>Franjo Reig<\/strong> (presidente del Ateneu Musical), <strong>Hip\u00f2lit Borr\u00e0s<\/strong> (presidente de la Junta de Fiestas) y <strong>Mireia Estepa<\/strong> (alcaldesa de Cocentaina). Todos ellos agradecieron <strong>el trabajo realizado por los m\u00fasicos para hacer posible este concierto<\/strong> y desearon buenas fiestas a todo el pueblo de Cocentaina. Una vez m\u00e1s el Himno de Fiestas, <strong>con m\u00fasica de Jos\u00e9 Insa Mart\u00ednez y letra de Gerard Mur<\/strong>, puso el colof\u00f3n a este <strong>XXXII concierto de m\u00fasica festera<\/strong> de la Societat Ateneu Musical de Cocentaina.<\/p>\n","protected":false},"excerpt":{"rendered":"<p>El Ateneu Musical de Cocentaina ha ofrecido esta noche en el patio de armas del Palau Comtal la XXXII edici\u00f3n&#8230;<\/p>\n","protected":false},"author":1,"featured_media":34209,"comment_status":"open","ping_status":"open","sticky":false,"template":"","format":"standard","meta":{"footnotes":""},"categories":[98,75],"tags":[1251,132,237,701,856,700,782],"class_list":["post-34205","post","type-post","status-publish","format-standard","has-post-thumbnail","hentry","category-comarcas","category-noticias","tag-ateneu-musical","tag-cocentaina","tag-comtat","tag-concierto","tag-moros-i-cristians","tag-musica-festera","tag-palau-comtal"],"yoast_head":"<!-- This site is optimized with the Yoast SEO plugin v27.3 - https:\/\/yoast.com\/product\/yoast-seo-wordpress\/ -->\n<title>El Ateneu Musical inunda el Palau Comtal de m\u00fasica festera - COPE Alcoy<\/title>\n<meta name=\"robots\" content=\"index, follow, max-snippet:-1, max-image-preview:large, max-video-preview:-1\" \/>\n<link rel=\"canonical\" href=\"https:\/\/www.copealcoy.es\/es\/el-ateneu-musical-inunda-el-palau-comtal-de-musica-festera\/\" \/>\n<meta property=\"og:locale\" content=\"es_ES\" \/>\n<meta property=\"og:type\" content=\"article\" \/>\n<meta property=\"og:title\" content=\"El Ateneu Musical inunda el Palau Comtal de m\u00fasica festera - COPE Alcoy\" \/>\n<meta property=\"og:description\" content=\"El Ateneu Musical de Cocentaina ha ofrecido esta noche en el patio de armas del Palau Comtal la XXXII edici\u00f3n...\" \/>\n<meta property=\"og:url\" content=\"https:\/\/www.copealcoy.es\/es\/el-ateneu-musical-inunda-el-palau-comtal-de-musica-festera\/\" \/>\n<meta property=\"og:site_name\" content=\"COPE Alcoy\" \/>\n<meta property=\"article:published_time\" content=\"2017-08-07T23:58:40+00:00\" \/>\n<meta property=\"article:modified_time\" content=\"2017-08-09T18:45:44+00:00\" \/>\n<meta property=\"og:image\" content=\"https:\/\/www.copealcoy.es\/wp-content\/uploads\/2017\/08\/IMG_0423.jpg\" \/>\n\t<meta property=\"og:image:width\" content=\"4032\" \/>\n\t<meta property=\"og:image:height\" content=\"3024\" \/>\n\t<meta property=\"og:image:type\" content=\"image\/jpeg\" \/>\n<meta name=\"author\" content=\"Cope Alcoy\" \/>\n<meta name=\"twitter:label1\" content=\"Escrito por\" \/>\n\t<meta name=\"twitter:data1\" content=\"Cope Alcoy\" \/>\n\t<meta name=\"twitter:label2\" content=\"Tiempo de lectura\" \/>\n\t<meta name=\"twitter:data2\" content=\"2 minutos\" \/>\n<script type=\"application\/ld+json\" class=\"yoast-schema-graph\">{\"@context\":\"https:\\\/\\\/schema.org\",\"@graph\":[{\"@type\":\"Article\",\"@id\":\"https:\\\/\\\/www.copealcoy.es\\\/es\\\/el-ateneu-musical-inunda-el-palau-comtal-de-musica-festera\\\/#article\",\"isPartOf\":{\"@id\":\"https:\\\/\\\/www.copealcoy.es\\\/es\\\/el-ateneu-musical-inunda-el-palau-comtal-de-musica-festera\\\/\"},\"author\":{\"name\":\"Cope Alcoy\",\"@id\":\"https:\\\/\\\/www.copealcoy.es\\\/es\\\/#\\\/schema\\\/person\\\/e777c87fa024e57d40170af9df39882c\"},\"headline\":\"El Ateneu Musical inunda el Palau Comtal de m\u00fasica festera\",\"datePublished\":\"2017-08-07T23:58:40+00:00\",\"dateModified\":\"2017-08-09T18:45:44+00:00\",\"mainEntityOfPage\":{\"@id\":\"https:\\\/\\\/www.copealcoy.es\\\/es\\\/el-ateneu-musical-inunda-el-palau-comtal-de-musica-festera\\\/\"},\"wordCount\":427,\"commentCount\":0,\"image\":{\"@id\":\"https:\\\/\\\/www.copealcoy.es\\\/es\\\/el-ateneu-musical-inunda-el-palau-comtal-de-musica-festera\\\/#primaryimage\"},\"thumbnailUrl\":\"https:\\\/\\\/www.copealcoy.es\\\/wp-content\\\/uploads\\\/2017\\\/08\\\/IMG_0423.jpg\",\"keywords\":[\"Ateneu Musical\",\"Cocentaina\",\"Comtat\",\"Concierto\",\"Moros i Cristians\",\"M\u00fasica Festera\",\"Palau Comtal\"],\"articleSection\":[\"Comarcas\",\"Noticias\"],\"inLanguage\":\"es\"},{\"@type\":\"WebPage\",\"@id\":\"https:\\\/\\\/www.copealcoy.es\\\/es\\\/el-ateneu-musical-inunda-el-palau-comtal-de-musica-festera\\\/\",\"url\":\"https:\\\/\\\/www.copealcoy.es\\\/es\\\/el-ateneu-musical-inunda-el-palau-comtal-de-musica-festera\\\/\",\"name\":\"El Ateneu Musical inunda el Palau Comtal de m\u00fasica festera - COPE Alcoy\",\"isPartOf\":{\"@id\":\"https:\\\/\\\/www.copealcoy.es\\\/es\\\/#website\"},\"primaryImageOfPage\":{\"@id\":\"https:\\\/\\\/www.copealcoy.es\\\/es\\\/el-ateneu-musical-inunda-el-palau-comtal-de-musica-festera\\\/#primaryimage\"},\"image\":{\"@id\":\"https:\\\/\\\/www.copealcoy.es\\\/es\\\/el-ateneu-musical-inunda-el-palau-comtal-de-musica-festera\\\/#primaryimage\"},\"thumbnailUrl\":\"https:\\\/\\\/www.copealcoy.es\\\/wp-content\\\/uploads\\\/2017\\\/08\\\/IMG_0423.jpg\",\"datePublished\":\"2017-08-07T23:58:40+00:00\",\"dateModified\":\"2017-08-09T18:45:44+00:00\",\"author\":{\"@id\":\"https:\\\/\\\/www.copealcoy.es\\\/es\\\/#\\\/schema\\\/person\\\/e777c87fa024e57d40170af9df39882c\"},\"breadcrumb\":{\"@id\":\"https:\\\/\\\/www.copealcoy.es\\\/es\\\/el-ateneu-musical-inunda-el-palau-comtal-de-musica-festera\\\/#breadcrumb\"},\"inLanguage\":\"es\",\"potentialAction\":[{\"@type\":\"ReadAction\",\"target\":[\"https:\\\/\\\/www.copealcoy.es\\\/es\\\/el-ateneu-musical-inunda-el-palau-comtal-de-musica-festera\\\/\"]}]},{\"@type\":\"ImageObject\",\"inLanguage\":\"es\",\"@id\":\"https:\\\/\\\/www.copealcoy.es\\\/es\\\/el-ateneu-musical-inunda-el-palau-comtal-de-musica-festera\\\/#primaryimage\",\"url\":\"https:\\\/\\\/www.copealcoy.es\\\/wp-content\\\/uploads\\\/2017\\\/08\\\/IMG_0423.jpg\",\"contentUrl\":\"https:\\\/\\\/www.copealcoy.es\\\/wp-content\\\/uploads\\\/2017\\\/08\\\/IMG_0423.jpg\",\"width\":4032,\"height\":3024,\"caption\":\"El concierto fue seguido ayer por numeroso p\u00fablico\"},{\"@type\":\"BreadcrumbList\",\"@id\":\"https:\\\/\\\/www.copealcoy.es\\\/es\\\/el-ateneu-musical-inunda-el-palau-comtal-de-musica-festera\\\/#breadcrumb\",\"itemListElement\":[{\"@type\":\"ListItem\",\"position\":1,\"name\":\"Portada\",\"item\":\"https:\\\/\\\/www.copealcoy.es\\\/es\\\/\"},{\"@type\":\"ListItem\",\"position\":2,\"name\":\"El Ateneu Musical inunda el Palau Comtal de m\u00fasica festera\"}]},{\"@type\":\"WebSite\",\"@id\":\"https:\\\/\\\/www.copealcoy.es\\\/es\\\/#website\",\"url\":\"https:\\\/\\\/www.copealcoy.es\\\/es\\\/\",\"name\":\"COPE Alcoy\",\"description\":\"Emisora COPE de radio local con emisi\u00f3n online. Pont de Sant Jordi 8-10 03803 Alcoy\",\"potentialAction\":[{\"@type\":\"SearchAction\",\"target\":{\"@type\":\"EntryPoint\",\"urlTemplate\":\"https:\\\/\\\/www.copealcoy.es\\\/es\\\/?s={search_term_string}\"},\"query-input\":{\"@type\":\"PropertyValueSpecification\",\"valueRequired\":true,\"valueName\":\"search_term_string\"}}],\"inLanguage\":\"es\"},{\"@type\":\"Person\",\"@id\":\"https:\\\/\\\/www.copealcoy.es\\\/es\\\/#\\\/schema\\\/person\\\/e777c87fa024e57d40170af9df39882c\",\"name\":\"Cope Alcoy\",\"image\":{\"@type\":\"ImageObject\",\"inLanguage\":\"es\",\"@id\":\"https:\\\/\\\/secure.gravatar.com\\\/avatar\\\/bb65d0283347e303893ba14f0692005417c1e0e690a325a4c5d8bb2b3943ee14?s=96&d=mm&r=g\",\"url\":\"https:\\\/\\\/secure.gravatar.com\\\/avatar\\\/bb65d0283347e303893ba14f0692005417c1e0e690a325a4c5d8bb2b3943ee14?s=96&d=mm&r=g\",\"contentUrl\":\"https:\\\/\\\/secure.gravatar.com\\\/avatar\\\/bb65d0283347e303893ba14f0692005417c1e0e690a325a4c5d8bb2b3943ee14?s=96&d=mm&r=g\",\"caption\":\"Cope Alcoy\"}}]}<\/script>\n<!-- \/ Yoast SEO plugin. -->","yoast_head_json":{"title":"El Ateneu Musical inunda el Palau Comtal de m\u00fasica festera - COPE Alcoy","robots":{"index":"index","follow":"follow","max-snippet":"max-snippet:-1","max-image-preview":"max-image-preview:large","max-video-preview":"max-video-preview:-1"},"canonical":"https:\/\/www.copealcoy.es\/es\/el-ateneu-musical-inunda-el-palau-comtal-de-musica-festera\/","og_locale":"es_ES","og_type":"article","og_title":"El Ateneu Musical inunda el Palau Comtal de m\u00fasica festera - COPE Alcoy","og_description":"El Ateneu Musical de Cocentaina ha ofrecido esta noche en el patio de armas del Palau Comtal la XXXII edici\u00f3n...","og_url":"https:\/\/www.copealcoy.es\/es\/el-ateneu-musical-inunda-el-palau-comtal-de-musica-festera\/","og_site_name":"COPE Alcoy","article_published_time":"2017-08-07T23:58:40+00:00","article_modified_time":"2017-08-09T18:45:44+00:00","og_image":[{"width":4032,"height":3024,"url":"https:\/\/www.copealcoy.es\/wp-content\/uploads\/2017\/08\/IMG_0423.jpg","type":"image\/jpeg"}],"author":"Cope Alcoy","twitter_misc":{"Escrito por":"Cope Alcoy","Tiempo de lectura":"2 minutos"},"schema":{"@context":"https:\/\/schema.org","@graph":[{"@type":"Article","@id":"https:\/\/www.copealcoy.es\/es\/el-ateneu-musical-inunda-el-palau-comtal-de-musica-festera\/#article","isPartOf":{"@id":"https:\/\/www.copealcoy.es\/es\/el-ateneu-musical-inunda-el-palau-comtal-de-musica-festera\/"},"author":{"name":"Cope Alcoy","@id":"https:\/\/www.copealcoy.es\/es\/#\/schema\/person\/e777c87fa024e57d40170af9df39882c"},"headline":"El Ateneu Musical inunda el Palau Comtal de m\u00fasica festera","datePublished":"2017-08-07T23:58:40+00:00","dateModified":"2017-08-09T18:45:44+00:00","mainEntityOfPage":{"@id":"https:\/\/www.copealcoy.es\/es\/el-ateneu-musical-inunda-el-palau-comtal-de-musica-festera\/"},"wordCount":427,"commentCount":0,"image":{"@id":"https:\/\/www.copealcoy.es\/es\/el-ateneu-musical-inunda-el-palau-comtal-de-musica-festera\/#primaryimage"},"thumbnailUrl":"https:\/\/www.copealcoy.es\/wp-content\/uploads\/2017\/08\/IMG_0423.jpg","keywords":["Ateneu Musical","Cocentaina","Comtat","Concierto","Moros i Cristians","M\u00fasica Festera","Palau Comtal"],"articleSection":["Comarcas","Noticias"],"inLanguage":"es"},{"@type":"WebPage","@id":"https:\/\/www.copealcoy.es\/es\/el-ateneu-musical-inunda-el-palau-comtal-de-musica-festera\/","url":"https:\/\/www.copealcoy.es\/es\/el-ateneu-musical-inunda-el-palau-comtal-de-musica-festera\/","name":"El Ateneu Musical inunda el Palau Comtal de m\u00fasica festera - COPE Alcoy","isPartOf":{"@id":"https:\/\/www.copealcoy.es\/es\/#website"},"primaryImageOfPage":{"@id":"https:\/\/www.copealcoy.es\/es\/el-ateneu-musical-inunda-el-palau-comtal-de-musica-festera\/#primaryimage"},"image":{"@id":"https:\/\/www.copealcoy.es\/es\/el-ateneu-musical-inunda-el-palau-comtal-de-musica-festera\/#primaryimage"},"thumbnailUrl":"https:\/\/www.copealcoy.es\/wp-content\/uploads\/2017\/08\/IMG_0423.jpg","datePublished":"2017-08-07T23:58:40+00:00","dateModified":"2017-08-09T18:45:44+00:00","author":{"@id":"https:\/\/www.copealcoy.es\/es\/#\/schema\/person\/e777c87fa024e57d40170af9df39882c"},"breadcrumb":{"@id":"https:\/\/www.copealcoy.es\/es\/el-ateneu-musical-inunda-el-palau-comtal-de-musica-festera\/#breadcrumb"},"inLanguage":"es","potentialAction":[{"@type":"ReadAction","target":["https:\/\/www.copealcoy.es\/es\/el-ateneu-musical-inunda-el-palau-comtal-de-musica-festera\/"]}]},{"@type":"ImageObject","inLanguage":"es","@id":"https:\/\/www.copealcoy.es\/es\/el-ateneu-musical-inunda-el-palau-comtal-de-musica-festera\/#primaryimage","url":"https:\/\/www.copealcoy.es\/wp-content\/uploads\/2017\/08\/IMG_0423.jpg","contentUrl":"https:\/\/www.copealcoy.es\/wp-content\/uploads\/2017\/08\/IMG_0423.jpg","width":4032,"height":3024,"caption":"El concierto fue seguido ayer por numeroso p\u00fablico"},{"@type":"BreadcrumbList","@id":"https:\/\/www.copealcoy.es\/es\/el-ateneu-musical-inunda-el-palau-comtal-de-musica-festera\/#breadcrumb","itemListElement":[{"@type":"ListItem","position":1,"name":"Portada","item":"https:\/\/www.copealcoy.es\/es\/"},{"@type":"ListItem","position":2,"name":"El Ateneu Musical inunda el Palau Comtal de m\u00fasica festera"}]},{"@type":"WebSite","@id":"https:\/\/www.copealcoy.es\/es\/#website","url":"https:\/\/www.copealcoy.es\/es\/","name":"COPE Alcoy","description":"Emisora COPE de radio local con emisi\u00f3n online. Pont de Sant Jordi 8-10 03803 Alcoy","potentialAction":[{"@type":"SearchAction","target":{"@type":"EntryPoint","urlTemplate":"https:\/\/www.copealcoy.es\/es\/?s={search_term_string}"},"query-input":{"@type":"PropertyValueSpecification","valueRequired":true,"valueName":"search_term_string"}}],"inLanguage":"es"},{"@type":"Person","@id":"https:\/\/www.copealcoy.es\/es\/#\/schema\/person\/e777c87fa024e57d40170af9df39882c","name":"Cope Alcoy","image":{"@type":"ImageObject","inLanguage":"es","@id":"https:\/\/secure.gravatar.com\/avatar\/bb65d0283347e303893ba14f0692005417c1e0e690a325a4c5d8bb2b3943ee14?s=96&d=mm&r=g","url":"https:\/\/secure.gravatar.com\/avatar\/bb65d0283347e303893ba14f0692005417c1e0e690a325a4c5d8bb2b3943ee14?s=96&d=mm&r=g","contentUrl":"https:\/\/secure.gravatar.com\/avatar\/bb65d0283347e303893ba14f0692005417c1e0e690a325a4c5d8bb2b3943ee14?s=96&d=mm&r=g","caption":"Cope Alcoy"}}]}},"_links":{"self":[{"href":"https:\/\/www.copealcoy.es\/es\/wp-json\/wp\/v2\/posts\/34205","targetHints":{"allow":["GET"]}}],"collection":[{"href":"https:\/\/www.copealcoy.es\/es\/wp-json\/wp\/v2\/posts"}],"about":[{"href":"https:\/\/www.copealcoy.es\/es\/wp-json\/wp\/v2\/types\/post"}],"author":[{"embeddable":true,"href":"https:\/\/www.copealcoy.es\/es\/wp-json\/wp\/v2\/users\/1"}],"replies":[{"embeddable":true,"href":"https:\/\/www.copealcoy.es\/es\/wp-json\/wp\/v2\/comments?post=34205"}],"version-history":[{"count":0,"href":"https:\/\/www.copealcoy.es\/es\/wp-json\/wp\/v2\/posts\/34205\/revisions"}],"wp:featuredmedia":[{"embeddable":true,"href":"https:\/\/www.copealcoy.es\/es\/wp-json\/wp\/v2\/media\/34209"}],"wp:attachment":[{"href":"https:\/\/www.copealcoy.es\/es\/wp-json\/wp\/v2\/media?parent=34205"}],"wp:term":[{"taxonomy":"category","embeddable":true,"href":"https:\/\/www.copealcoy.es\/es\/wp-json\/wp\/v2\/categories?post=34205"},{"taxonomy":"post_tag","embeddable":true,"href":"https:\/\/www.copealcoy.es\/es\/wp-json\/wp\/v2\/tags?post=34205"}],"curies":[{"name":"wp","href":"https:\/\/api.w.org\/{rel}","templated":true}]}}