{"id":34197,"date":"2017-08-07T15:54:08","date_gmt":"2017-08-07T15:54:08","guid":{"rendered":"http:\/\/copealcoi.es\/new\/?p=34197"},"modified":"2017-08-07T15:59:46","modified_gmt":"2017-08-07T15:59:46","slug":"sergio-moncho-capitan-cristiano-de-la-fila-gentils-este-cargo-es-compartido","status":"publish","type":"post","link":"https:\/\/www.copealcoy.es\/es\/sergio-moncho-capitan-cristiano-de-la-fila-gentils-este-cargo-es-compartido\/","title":{"rendered":"Sergio Moncho, capit\u00e1n cristiano de la Fil\u00e0 Gentils: &#8220;este cargo es compartido&#8221;"},"content":{"rendered":"<p style=\"text-align: justify;\">La <strong>Fil\u00e0 Gentils de Cocentaina<\/strong> asume este a\u00f1o la capitan\u00eda cristiana y el encargado de llevar adelante esta tarea es <strong>Sergio Moncho Moya<\/strong>, una persona que vive intensamente la fiesta contestana y que nos ha visitado hoy el lunes en La Ma\u00f1ana de Cope Alcoy.<\/p>\n<p style=\"text-align: justify;\">Sergio Moncho <strong>lleg\u00f3 a esta formaci\u00f3n festera cuando todav\u00eda era un ni\u00f1o<\/strong>, de la mano de su padre, y en la misma <strong>ha asumido responsabilidades<\/strong> tales como ser el <strong>Cap de Fil\u00e0 o el Publicador<\/strong> en varias ocasiones. La \u00faltima fue en La Publicaci\u00f3 del pasado 24 de junio, d\u00eda en el que <strong>tuvo oportunidad de representar de nuevo a su fil\u00e0 junto a su esposa como formadora<\/strong> \u201c<em>no pude evitar que me salieran las l\u00e1grimas cuando giramos la escuadra hacia el balc\u00f3n del Ayuntamiento<\/em>\u201d se\u00f1ala.<\/p>\n<p style=\"text-align: justify;\">Para llevar a cabo este cargo, el capit\u00e1n cristiano <strong>cuenta con la inestimable colaboraci\u00f3n de sus compa\u00f1eros Gentils<\/strong> as\u00ed como de sus amigos y la totalidad de su familia \u201c<em>mi mujer Mar\u00eda del Mar Albadalejo me acompa\u00f1a como favorita y los rodellas son mis hijos, Mateo y Adri\u00e1n, y mi sobrina Julia<\/em>\u201d, explica. El m\u00e1ximo representante de las tropas de la cruz desvela que <strong>la Fil\u00e0 Gentils sacar\u00e1 a la calle un boato guerrero<\/strong> que ha sido dise\u00f1ado por Ximo Pascual y <strong>estrenar\u00e1 para la ocasi\u00f3n la marcha cristiana <em>Monchalba <\/em>de Francisco Valor<\/strong> <em>\u201ces una pieza que me regalaron por reyes mi cu\u00f1ada y mi hermano. Su nombre surge a partir de los apellidos de la familia para reflejar que este cargo es compartido<\/em>\u201d,\u00a0concluye Sergio Moncho.<\/p>\n<p style=\"text-align: justify;\">A partir del <strong>minuto 39:49<\/strong> puedes escuchar <strong>la entrevista que hemos mantenido<\/strong> en esta jornada con Sergio Moncho Moya<\/p>\n<p><iframe loading=\"lazy\" title=\"La Ma\u00f1ana En Alcoy Lunes 7 De Agosto 2017\" width=\"100%\" height=\"120\" src=\"https:\/\/www.mixcloud.com\/widget\/iframe\/?feed=https%3A%2F%2Fwww.mixcloud.com%2FCOPEAlcoy%2Fla-ma%25C3%25B1ana-en-alcoy-lunes-7-de-agosto-2017%2F&amp;hide_cover=1\" frameborder=\"0\"><\/iframe><\/p>\n<p style=\"text-align: justify;\">\n","protected":false},"excerpt":{"rendered":"<p>La Fil\u00e0 Gentils de Cocentaina asume este a\u00f1o la capitan\u00eda cristiana y el encargado de llevar adelante esta tarea es&#8230;<\/p>\n","protected":false},"author":1,"featured_media":34198,"comment_status":"open","ping_status":"open","sticky":false,"template":"","format":"standard","meta":{"footnotes":""},"categories":[98,75],"tags":[1311,132,237,4518,856,4517],"class_list":["post-34197","post","type-post","status-publish","format-standard","has-post-thumbnail","hentry","category-comarcas","category-noticias","tag-capitan-cristiano","tag-cocentaina","tag-comtat","tag-fila-gentils","tag-moros-i-cristians","tag-sergio-moncho"],"yoast_head":"<!-- This site is optimized with the Yoast SEO plugin v27.3 - https:\/\/yoast.com\/product\/yoast-seo-wordpress\/ -->\n<title>Sergio Moncho, capit\u00e1n cristiano de la Fil\u00e0 Gentils: &quot;este cargo es compartido&quot; - COPE Alcoy<\/title>\n<meta name=\"robots\" content=\"index, follow, max-snippet:-1, max-image-preview:large, max-video-preview:-1\" \/>\n<link rel=\"canonical\" href=\"https:\/\/www.copealcoy.es\/es\/sergio-moncho-capitan-cristiano-de-la-fila-gentils-este-cargo-es-compartido\/\" \/>\n<meta property=\"og:locale\" content=\"es_ES\" \/>\n<meta property=\"og:type\" content=\"article\" \/>\n<meta property=\"og:title\" content=\"Sergio Moncho, capit\u00e1n cristiano de la Fil\u00e0 Gentils: &quot;este cargo es compartido&quot; - COPE Alcoy\" \/>\n<meta property=\"og:description\" content=\"La Fil\u00e0 Gentils de Cocentaina asume este a\u00f1o la capitan\u00eda cristiana y el encargado de llevar adelante esta tarea es...\" \/>\n<meta property=\"og:url\" content=\"https:\/\/www.copealcoy.es\/es\/sergio-moncho-capitan-cristiano-de-la-fila-gentils-este-cargo-es-compartido\/\" \/>\n<meta property=\"og:site_name\" content=\"COPE Alcoy\" \/>\n<meta property=\"article:published_time\" content=\"2017-08-07T15:54:08+00:00\" \/>\n<meta property=\"article:modified_time\" content=\"2017-08-07T15:59:46+00:00\" \/>\n<meta property=\"og:image\" content=\"https:\/\/www.copealcoy.es\/wp-content\/uploads\/2017\/08\/20621904_1157185177758299_6250902332695625648_n-e1502121542360.jpg\" \/>\n\t<meta property=\"og:image:width\" content=\"959\" \/>\n\t<meta property=\"og:image:height\" content=\"501\" \/>\n\t<meta property=\"og:image:type\" content=\"image\/jpeg\" \/>\n<meta name=\"author\" content=\"Cope Alcoy\" \/>\n<meta name=\"twitter:label1\" content=\"Escrito por\" \/>\n\t<meta name=\"twitter:data1\" content=\"Cope Alcoy\" \/>\n\t<meta name=\"twitter:label2\" content=\"Tiempo de lectura\" \/>\n\t<meta name=\"twitter:data2\" content=\"2 minutos\" \/>\n<script type=\"application\/ld+json\" class=\"yoast-schema-graph\">{\"@context\":\"https:\\\/\\\/schema.org\",\"@graph\":[{\"@type\":\"Article\",\"@id\":\"https:\\\/\\\/www.copealcoy.es\\\/es\\\/sergio-moncho-capitan-cristiano-de-la-fila-gentils-este-cargo-es-compartido\\\/#article\",\"isPartOf\":{\"@id\":\"https:\\\/\\\/www.copealcoy.es\\\/es\\\/sergio-moncho-capitan-cristiano-de-la-fila-gentils-este-cargo-es-compartido\\\/\"},\"author\":{\"name\":\"Cope Alcoy\",\"@id\":\"https:\\\/\\\/www.copealcoy.es\\\/es\\\/#\\\/schema\\\/person\\\/e777c87fa024e57d40170af9df39882c\"},\"headline\":\"Sergio Moncho, capit\u00e1n cristiano de la Fil\u00e0 Gentils: &#8220;este cargo es compartido&#8221;\",\"datePublished\":\"2017-08-07T15:54:08+00:00\",\"dateModified\":\"2017-08-07T15:59:46+00:00\",\"mainEntityOfPage\":{\"@id\":\"https:\\\/\\\/www.copealcoy.es\\\/es\\\/sergio-moncho-capitan-cristiano-de-la-fila-gentils-este-cargo-es-compartido\\\/\"},\"wordCount\":318,\"commentCount\":0,\"image\":{\"@id\":\"https:\\\/\\\/www.copealcoy.es\\\/es\\\/sergio-moncho-capitan-cristiano-de-la-fila-gentils-este-cargo-es-compartido\\\/#primaryimage\"},\"thumbnailUrl\":\"https:\\\/\\\/www.copealcoy.es\\\/wp-content\\\/uploads\\\/2017\\\/08\\\/20621904_1157185177758299_6250902332695625648_n-e1502121542360.jpg\",\"keywords\":[\"capit\u00e1n cristiano\",\"Cocentaina\",\"Comtat\",\"Fil\u00e0 Gentils\",\"Moros i Cristians\",\"Sergio Moncho\"],\"articleSection\":[\"Comarcas\",\"Noticias\"],\"inLanguage\":\"es\"},{\"@type\":\"WebPage\",\"@id\":\"https:\\\/\\\/www.copealcoy.es\\\/es\\\/sergio-moncho-capitan-cristiano-de-la-fila-gentils-este-cargo-es-compartido\\\/\",\"url\":\"https:\\\/\\\/www.copealcoy.es\\\/es\\\/sergio-moncho-capitan-cristiano-de-la-fila-gentils-este-cargo-es-compartido\\\/\",\"name\":\"Sergio Moncho, capit\u00e1n cristiano de la Fil\u00e0 Gentils: \\\"este cargo es compartido\\\" - COPE Alcoy\",\"isPartOf\":{\"@id\":\"https:\\\/\\\/www.copealcoy.es\\\/es\\\/#website\"},\"primaryImageOfPage\":{\"@id\":\"https:\\\/\\\/www.copealcoy.es\\\/es\\\/sergio-moncho-capitan-cristiano-de-la-fila-gentils-este-cargo-es-compartido\\\/#primaryimage\"},\"image\":{\"@id\":\"https:\\\/\\\/www.copealcoy.es\\\/es\\\/sergio-moncho-capitan-cristiano-de-la-fila-gentils-este-cargo-es-compartido\\\/#primaryimage\"},\"thumbnailUrl\":\"https:\\\/\\\/www.copealcoy.es\\\/wp-content\\\/uploads\\\/2017\\\/08\\\/20621904_1157185177758299_6250902332695625648_n-e1502121542360.jpg\",\"datePublished\":\"2017-08-07T15:54:08+00:00\",\"dateModified\":\"2017-08-07T15:59:46+00:00\",\"author\":{\"@id\":\"https:\\\/\\\/www.copealcoy.es\\\/es\\\/#\\\/schema\\\/person\\\/e777c87fa024e57d40170af9df39882c\"},\"breadcrumb\":{\"@id\":\"https:\\\/\\\/www.copealcoy.es\\\/es\\\/sergio-moncho-capitan-cristiano-de-la-fila-gentils-este-cargo-es-compartido\\\/#breadcrumb\"},\"inLanguage\":\"es\",\"potentialAction\":[{\"@type\":\"ReadAction\",\"target\":[\"https:\\\/\\\/www.copealcoy.es\\\/es\\\/sergio-moncho-capitan-cristiano-de-la-fila-gentils-este-cargo-es-compartido\\\/\"]}]},{\"@type\":\"ImageObject\",\"inLanguage\":\"es\",\"@id\":\"https:\\\/\\\/www.copealcoy.es\\\/es\\\/sergio-moncho-capitan-cristiano-de-la-fila-gentils-este-cargo-es-compartido\\\/#primaryimage\",\"url\":\"https:\\\/\\\/www.copealcoy.es\\\/wp-content\\\/uploads\\\/2017\\\/08\\\/20621904_1157185177758299_6250902332695625648_n-e1502121542360.jpg\",\"contentUrl\":\"https:\\\/\\\/www.copealcoy.es\\\/wp-content\\\/uploads\\\/2017\\\/08\\\/20621904_1157185177758299_6250902332695625648_n-e1502121542360.jpg\",\"width\":959,\"height\":501,\"caption\":\"Sergio Moncho Moya ha estado este lunes en La Ma\u00f1ana en Alcoy \\\/ Foto: G. Pascual\"},{\"@type\":\"BreadcrumbList\",\"@id\":\"https:\\\/\\\/www.copealcoy.es\\\/es\\\/sergio-moncho-capitan-cristiano-de-la-fila-gentils-este-cargo-es-compartido\\\/#breadcrumb\",\"itemListElement\":[{\"@type\":\"ListItem\",\"position\":1,\"name\":\"Portada\",\"item\":\"https:\\\/\\\/www.copealcoy.es\\\/es\\\/\"},{\"@type\":\"ListItem\",\"position\":2,\"name\":\"Sergio Moncho, capit\u00e1n cristiano de la Fil\u00e0 Gentils: &#8220;este cargo es compartido&#8221;\"}]},{\"@type\":\"WebSite\",\"@id\":\"https:\\\/\\\/www.copealcoy.es\\\/es\\\/#website\",\"url\":\"https:\\\/\\\/www.copealcoy.es\\\/es\\\/\",\"name\":\"COPE Alcoy\",\"description\":\"Emisora COPE de radio local con emisi\u00f3n online. Pont de Sant Jordi 8-10 03803 Alcoy\",\"potentialAction\":[{\"@type\":\"SearchAction\",\"target\":{\"@type\":\"EntryPoint\",\"urlTemplate\":\"https:\\\/\\\/www.copealcoy.es\\\/es\\\/?s={search_term_string}\"},\"query-input\":{\"@type\":\"PropertyValueSpecification\",\"valueRequired\":true,\"valueName\":\"search_term_string\"}}],\"inLanguage\":\"es\"},{\"@type\":\"Person\",\"@id\":\"https:\\\/\\\/www.copealcoy.es\\\/es\\\/#\\\/schema\\\/person\\\/e777c87fa024e57d40170af9df39882c\",\"name\":\"Cope Alcoy\",\"image\":{\"@type\":\"ImageObject\",\"inLanguage\":\"es\",\"@id\":\"https:\\\/\\\/secure.gravatar.com\\\/avatar\\\/bb65d0283347e303893ba14f0692005417c1e0e690a325a4c5d8bb2b3943ee14?s=96&d=mm&r=g\",\"url\":\"https:\\\/\\\/secure.gravatar.com\\\/avatar\\\/bb65d0283347e303893ba14f0692005417c1e0e690a325a4c5d8bb2b3943ee14?s=96&d=mm&r=g\",\"contentUrl\":\"https:\\\/\\\/secure.gravatar.com\\\/avatar\\\/bb65d0283347e303893ba14f0692005417c1e0e690a325a4c5d8bb2b3943ee14?s=96&d=mm&r=g\",\"caption\":\"Cope Alcoy\"}}]}<\/script>\n<!-- \/ Yoast SEO plugin. -->","yoast_head_json":{"title":"Sergio Moncho, capit\u00e1n cristiano de la Fil\u00e0 Gentils: \"este cargo es compartido\" - COPE Alcoy","robots":{"index":"index","follow":"follow","max-snippet":"max-snippet:-1","max-image-preview":"max-image-preview:large","max-video-preview":"max-video-preview:-1"},"canonical":"https:\/\/www.copealcoy.es\/es\/sergio-moncho-capitan-cristiano-de-la-fila-gentils-este-cargo-es-compartido\/","og_locale":"es_ES","og_type":"article","og_title":"Sergio Moncho, capit\u00e1n cristiano de la Fil\u00e0 Gentils: \"este cargo es compartido\" - COPE Alcoy","og_description":"La Fil\u00e0 Gentils de Cocentaina asume este a\u00f1o la capitan\u00eda cristiana y el encargado de llevar adelante esta tarea es...","og_url":"https:\/\/www.copealcoy.es\/es\/sergio-moncho-capitan-cristiano-de-la-fila-gentils-este-cargo-es-compartido\/","og_site_name":"COPE Alcoy","article_published_time":"2017-08-07T15:54:08+00:00","article_modified_time":"2017-08-07T15:59:46+00:00","og_image":[{"width":959,"height":501,"url":"https:\/\/www.copealcoy.es\/wp-content\/uploads\/2017\/08\/20621904_1157185177758299_6250902332695625648_n-e1502121542360.jpg","type":"image\/jpeg"}],"author":"Cope Alcoy","twitter_misc":{"Escrito por":"Cope Alcoy","Tiempo de lectura":"2 minutos"},"schema":{"@context":"https:\/\/schema.org","@graph":[{"@type":"Article","@id":"https:\/\/www.copealcoy.es\/es\/sergio-moncho-capitan-cristiano-de-la-fila-gentils-este-cargo-es-compartido\/#article","isPartOf":{"@id":"https:\/\/www.copealcoy.es\/es\/sergio-moncho-capitan-cristiano-de-la-fila-gentils-este-cargo-es-compartido\/"},"author":{"name":"Cope Alcoy","@id":"https:\/\/www.copealcoy.es\/es\/#\/schema\/person\/e777c87fa024e57d40170af9df39882c"},"headline":"Sergio Moncho, capit\u00e1n cristiano de la Fil\u00e0 Gentils: &#8220;este cargo es compartido&#8221;","datePublished":"2017-08-07T15:54:08+00:00","dateModified":"2017-08-07T15:59:46+00:00","mainEntityOfPage":{"@id":"https:\/\/www.copealcoy.es\/es\/sergio-moncho-capitan-cristiano-de-la-fila-gentils-este-cargo-es-compartido\/"},"wordCount":318,"commentCount":0,"image":{"@id":"https:\/\/www.copealcoy.es\/es\/sergio-moncho-capitan-cristiano-de-la-fila-gentils-este-cargo-es-compartido\/#primaryimage"},"thumbnailUrl":"https:\/\/www.copealcoy.es\/wp-content\/uploads\/2017\/08\/20621904_1157185177758299_6250902332695625648_n-e1502121542360.jpg","keywords":["capit\u00e1n cristiano","Cocentaina","Comtat","Fil\u00e0 Gentils","Moros i Cristians","Sergio Moncho"],"articleSection":["Comarcas","Noticias"],"inLanguage":"es"},{"@type":"WebPage","@id":"https:\/\/www.copealcoy.es\/es\/sergio-moncho-capitan-cristiano-de-la-fila-gentils-este-cargo-es-compartido\/","url":"https:\/\/www.copealcoy.es\/es\/sergio-moncho-capitan-cristiano-de-la-fila-gentils-este-cargo-es-compartido\/","name":"Sergio Moncho, capit\u00e1n cristiano de la Fil\u00e0 Gentils: \"este cargo es compartido\" - COPE Alcoy","isPartOf":{"@id":"https:\/\/www.copealcoy.es\/es\/#website"},"primaryImageOfPage":{"@id":"https:\/\/www.copealcoy.es\/es\/sergio-moncho-capitan-cristiano-de-la-fila-gentils-este-cargo-es-compartido\/#primaryimage"},"image":{"@id":"https:\/\/www.copealcoy.es\/es\/sergio-moncho-capitan-cristiano-de-la-fila-gentils-este-cargo-es-compartido\/#primaryimage"},"thumbnailUrl":"https:\/\/www.copealcoy.es\/wp-content\/uploads\/2017\/08\/20621904_1157185177758299_6250902332695625648_n-e1502121542360.jpg","datePublished":"2017-08-07T15:54:08+00:00","dateModified":"2017-08-07T15:59:46+00:00","author":{"@id":"https:\/\/www.copealcoy.es\/es\/#\/schema\/person\/e777c87fa024e57d40170af9df39882c"},"breadcrumb":{"@id":"https:\/\/www.copealcoy.es\/es\/sergio-moncho-capitan-cristiano-de-la-fila-gentils-este-cargo-es-compartido\/#breadcrumb"},"inLanguage":"es","potentialAction":[{"@type":"ReadAction","target":["https:\/\/www.copealcoy.es\/es\/sergio-moncho-capitan-cristiano-de-la-fila-gentils-este-cargo-es-compartido\/"]}]},{"@type":"ImageObject","inLanguage":"es","@id":"https:\/\/www.copealcoy.es\/es\/sergio-moncho-capitan-cristiano-de-la-fila-gentils-este-cargo-es-compartido\/#primaryimage","url":"https:\/\/www.copealcoy.es\/wp-content\/uploads\/2017\/08\/20621904_1157185177758299_6250902332695625648_n-e1502121542360.jpg","contentUrl":"https:\/\/www.copealcoy.es\/wp-content\/uploads\/2017\/08\/20621904_1157185177758299_6250902332695625648_n-e1502121542360.jpg","width":959,"height":501,"caption":"Sergio Moncho Moya ha estado este lunes en La Ma\u00f1ana en Alcoy \/ Foto: G. Pascual"},{"@type":"BreadcrumbList","@id":"https:\/\/www.copealcoy.es\/es\/sergio-moncho-capitan-cristiano-de-la-fila-gentils-este-cargo-es-compartido\/#breadcrumb","itemListElement":[{"@type":"ListItem","position":1,"name":"Portada","item":"https:\/\/www.copealcoy.es\/es\/"},{"@type":"ListItem","position":2,"name":"Sergio Moncho, capit\u00e1n cristiano de la Fil\u00e0 Gentils: &#8220;este cargo es compartido&#8221;"}]},{"@type":"WebSite","@id":"https:\/\/www.copealcoy.es\/es\/#website","url":"https:\/\/www.copealcoy.es\/es\/","name":"COPE Alcoy","description":"Emisora COPE de radio local con emisi\u00f3n online. Pont de Sant Jordi 8-10 03803 Alcoy","potentialAction":[{"@type":"SearchAction","target":{"@type":"EntryPoint","urlTemplate":"https:\/\/www.copealcoy.es\/es\/?s={search_term_string}"},"query-input":{"@type":"PropertyValueSpecification","valueRequired":true,"valueName":"search_term_string"}}],"inLanguage":"es"},{"@type":"Person","@id":"https:\/\/www.copealcoy.es\/es\/#\/schema\/person\/e777c87fa024e57d40170af9df39882c","name":"Cope Alcoy","image":{"@type":"ImageObject","inLanguage":"es","@id":"https:\/\/secure.gravatar.com\/avatar\/bb65d0283347e303893ba14f0692005417c1e0e690a325a4c5d8bb2b3943ee14?s=96&d=mm&r=g","url":"https:\/\/secure.gravatar.com\/avatar\/bb65d0283347e303893ba14f0692005417c1e0e690a325a4c5d8bb2b3943ee14?s=96&d=mm&r=g","contentUrl":"https:\/\/secure.gravatar.com\/avatar\/bb65d0283347e303893ba14f0692005417c1e0e690a325a4c5d8bb2b3943ee14?s=96&d=mm&r=g","caption":"Cope Alcoy"}}]}},"_links":{"self":[{"href":"https:\/\/www.copealcoy.es\/es\/wp-json\/wp\/v2\/posts\/34197","targetHints":{"allow":["GET"]}}],"collection":[{"href":"https:\/\/www.copealcoy.es\/es\/wp-json\/wp\/v2\/posts"}],"about":[{"href":"https:\/\/www.copealcoy.es\/es\/wp-json\/wp\/v2\/types\/post"}],"author":[{"embeddable":true,"href":"https:\/\/www.copealcoy.es\/es\/wp-json\/wp\/v2\/users\/1"}],"replies":[{"embeddable":true,"href":"https:\/\/www.copealcoy.es\/es\/wp-json\/wp\/v2\/comments?post=34197"}],"version-history":[{"count":0,"href":"https:\/\/www.copealcoy.es\/es\/wp-json\/wp\/v2\/posts\/34197\/revisions"}],"wp:featuredmedia":[{"embeddable":true,"href":"https:\/\/www.copealcoy.es\/es\/wp-json\/wp\/v2\/media\/34198"}],"wp:attachment":[{"href":"https:\/\/www.copealcoy.es\/es\/wp-json\/wp\/v2\/media?parent=34197"}],"wp:term":[{"taxonomy":"category","embeddable":true,"href":"https:\/\/www.copealcoy.es\/es\/wp-json\/wp\/v2\/categories?post=34197"},{"taxonomy":"post_tag","embeddable":true,"href":"https:\/\/www.copealcoy.es\/es\/wp-json\/wp\/v2\/tags?post=34197"}],"curies":[{"name":"wp","href":"https:\/\/api.w.org\/{rel}","templated":true}]}}