{"id":34160,"date":"2017-08-06T22:28:45","date_gmt":"2017-08-06T22:28:45","guid":{"rendered":"http:\/\/copealcoi.es\/new\/?p=34160"},"modified":"2017-08-09T18:34:51","modified_gmt":"2017-08-09T18:34:51","slug":"mal-passet-marca-inicio-la-semana-festera-cocentaina","status":"publish","type":"post","link":"https:\/\/www.copealcoy.es\/es\/mal-passet-marca-inicio-la-semana-festera-cocentaina\/","title":{"rendered":"El Mal Passet marca el inicio de la Semana Festera en Cocentaina"},"content":{"rendered":"<p style=\"text-align: justify;\">La <strong>Colla de Dol\u00e7aines i Tabals Mal Passet<\/strong> ha iniciado este domingo la Semana Festera de Cocentaina y lo ha hecho con <strong>su tradicional concierto<\/strong> dedicado a las fiestas de moros y cristianos, dirigido por Francisco Valor, y que ha alcanzado en este 2017 <strong>la XIV edici\u00f3n<\/strong>. La audici\u00f3n, que ha estado presentada por <strong>Mari Nieves Pascual<\/strong>, ha tenido un fin solidario y <strong>los dos euros del precio de la entrada<\/strong> servir\u00e1n para recaudar <strong>fondos que se destinar\u00e1n al colectivo TAPIS<\/strong> de la Villa Condal. Adem\u00e1s en el concierto tres nuevos m\u00fasicos han entrado a formar parte de la Colla. Se trata de <strong>Guillem Barcel\u00f3, Adri Ferr\u00e0ndiz y Elena Franc\u00e9s<\/strong>. Todos ellos han sido recibidos con aplausos en el patio de armas del Palau Comtal despu\u00e9s de que en la ma\u00f1ana de ayer s\u00e1bado <strong>se efectuase la \u2018arrepleg\u00e0\u2019 en sus domicilios<\/strong> durante el transcurso de un pasacalles.<\/p>\n<p style=\"text-align: justify;\">En la <strong>primera parte del concierto<\/strong> la Colla Mal Passet interpret\u00f3 la marcha mora <em>El Ball del Moret <\/em>del recordado <strong>Gustavo Pascual<\/strong> y con arreglos de <strong>Hip\u00f2lit Agull\u00f3<\/strong>. Adem\u00e1s el p\u00fablico pudo disfrutar de la marcha cristiana <em>Cristians de la Marina <\/em>de <strong>Victor Vall\u00e9s<\/strong>, la marcha <em>Alqaryya <\/em><strong>del murero Jos\u00e9 Rafael Pascual Vilaplana<\/strong> y el paso masero <em>Cavall\u00f3 <\/em>del compositor contestano <strong>I\u00f1aki Lecumberri Camps<\/strong>. En la recta final sonaron las notas de la marcha mora <em>Solstici <\/em>de <strong>Xus Gandia<\/strong> y el ballet moro <em>Aldebaran <\/em>de <strong>Sa\u00fcl G\u00f3mez i Soler<\/strong>.<\/p>\n<p style=\"text-align: justify;\">Tras un breve receso <strong>arranc\u00f3 la segunda parte del concierto<\/strong> de este a\u00f1o con la marcha cristiana <em>Creu Daur\u00e0<\/em> de <strong>Francisco Valor Llor\u00e9ns,<\/strong> una pieza que recibi\u00f3 el segundo premio del II Concurs de Composici\u00f3 per a Dol\u00e7aines i Percussi\u00f3 Vila de Muro del a\u00f1o 2003. A continuaci\u00f3n los componentes del Mal Passet interpretaron el ballet moro <em>Dr\u00e4gons <\/em>de <strong>Vicent G. Casanova<\/strong>, el estreno de la marcha mora <em>Clara <\/em> de <strong>Sa\u00fcl G\u00f3mez i Soler<\/strong> o la marcha cristiana <em>Cavallers de Mariola <\/em>de <strong>Jos\u00e9 Francisco Molina P\u00e9rez<\/strong>. Finalmente lleg\u00f3 el turno de la marcha mora <em>JJ Cervino<\/em> de tambi\u00e9n el mencionado <strong>Sa\u00fcl G\u00f3mez i Soler<\/strong> y el ballet cristiano <em>Inmortal <\/em>de <strong>Francisco Valor<\/strong>.<\/p>\n<p style=\"text-align: justify;\">En la recta final del concierto tomaron la palabra el presidente de la Colla Mal Passet, <strong>Gabri Franc\u00e9s<\/strong>, as\u00ed como el Presidente de la Junta de Fiestas, <strong>Hip\u00f2lit Borr\u00e0s<\/strong>, y la alcaldesa de Cocentaina, <strong>Mireia Estepa<\/strong>. En sus intervenciones felicitaron a los m\u00fasicos por el trabajo realizado y animaron al p\u00fablico <strong>a disfrutar de las inminentes fiestas de moros y cristianos en honor a San Hip\u00f3lito M\u00e1rtir<\/strong>. El Himno de Fiestas, con <strong>letra de Gerard Mur y m\u00fasica de Jos\u00e9 Insa Mart\u00ednez<\/strong>, cerr\u00f3 este brillante comienzo musical de la Semana Festera contestana.<\/p>\n","protected":false},"excerpt":{"rendered":"<p>La Colla de Dol\u00e7aines i Tabals Mal Passet ha iniciado este domingo la Semana Festera de Cocentaina y lo ha&#8230;<\/p>\n","protected":false},"author":1,"featured_media":34188,"comment_status":"open","ping_status":"open","sticky":false,"template":"","format":"standard","meta":{"footnotes":""},"categories":[98,75],"tags":[132,237,701,794,609,1293],"class_list":["post-34160","post","type-post","status-publish","format-standard","has-post-thumbnail","hentry","category-comarcas","category-noticias","tag-cocentaina","tag-comtat","tag-concierto","tag-mal-passet","tag-moros-y-cristianos","tag-semana-festera"],"yoast_head":"<!-- This site is optimized with the Yoast SEO plugin v27.3 - https:\/\/yoast.com\/product\/yoast-seo-wordpress\/ -->\n<title>El Mal Passet marca el inicio de la Semana Festera en Cocentaina - COPE Alcoy<\/title>\n<meta name=\"robots\" content=\"index, follow, max-snippet:-1, max-image-preview:large, max-video-preview:-1\" \/>\n<link rel=\"canonical\" href=\"https:\/\/www.copealcoy.es\/es\/mal-passet-marca-inicio-la-semana-festera-cocentaina\/\" \/>\n<meta property=\"og:locale\" content=\"es_ES\" \/>\n<meta property=\"og:type\" content=\"article\" \/>\n<meta property=\"og:title\" content=\"El Mal Passet marca el inicio de la Semana Festera en Cocentaina - COPE Alcoy\" \/>\n<meta property=\"og:description\" content=\"La Colla de Dol\u00e7aines i Tabals Mal Passet ha iniciado este domingo la Semana Festera de Cocentaina y lo ha...\" \/>\n<meta property=\"og:url\" content=\"https:\/\/www.copealcoy.es\/es\/mal-passet-marca-inicio-la-semana-festera-cocentaina\/\" \/>\n<meta property=\"og:site_name\" content=\"COPE Alcoy\" \/>\n<meta property=\"article:published_time\" content=\"2017-08-06T22:28:45+00:00\" \/>\n<meta property=\"article:modified_time\" content=\"2017-08-09T18:34:51+00:00\" \/>\n<meta property=\"og:image\" content=\"https:\/\/www.copealcoy.es\/wp-content\/uploads\/2017\/08\/IMG_0404.jpg\" \/>\n\t<meta property=\"og:image:width\" content=\"1803\" \/>\n\t<meta property=\"og:image:height\" content=\"1040\" \/>\n\t<meta property=\"og:image:type\" content=\"image\/jpeg\" \/>\n<meta name=\"author\" content=\"Cope Alcoy\" \/>\n<meta name=\"twitter:label1\" content=\"Escrito por\" \/>\n\t<meta name=\"twitter:data1\" content=\"Cope Alcoy\" \/>\n\t<meta name=\"twitter:label2\" content=\"Tiempo de lectura\" \/>\n\t<meta name=\"twitter:data2\" content=\"2 minutos\" \/>\n<script type=\"application\/ld+json\" class=\"yoast-schema-graph\">{\"@context\":\"https:\\\/\\\/schema.org\",\"@graph\":[{\"@type\":\"Article\",\"@id\":\"https:\\\/\\\/www.copealcoy.es\\\/es\\\/mal-passet-marca-inicio-la-semana-festera-cocentaina\\\/#article\",\"isPartOf\":{\"@id\":\"https:\\\/\\\/www.copealcoy.es\\\/es\\\/mal-passet-marca-inicio-la-semana-festera-cocentaina\\\/\"},\"author\":{\"name\":\"Cope Alcoy\",\"@id\":\"https:\\\/\\\/www.copealcoy.es\\\/es\\\/#\\\/schema\\\/person\\\/e777c87fa024e57d40170af9df39882c\"},\"headline\":\"El Mal Passet marca el inicio de la Semana Festera en Cocentaina\",\"datePublished\":\"2017-08-06T22:28:45+00:00\",\"dateModified\":\"2017-08-09T18:34:51+00:00\",\"mainEntityOfPage\":{\"@id\":\"https:\\\/\\\/www.copealcoy.es\\\/es\\\/mal-passet-marca-inicio-la-semana-festera-cocentaina\\\/\"},\"wordCount\":490,\"commentCount\":0,\"image\":{\"@id\":\"https:\\\/\\\/www.copealcoy.es\\\/es\\\/mal-passet-marca-inicio-la-semana-festera-cocentaina\\\/#primaryimage\"},\"thumbnailUrl\":\"https:\\\/\\\/www.copealcoy.es\\\/wp-content\\\/uploads\\\/2017\\\/08\\\/IMG_0404.jpg\",\"keywords\":[\"Cocentaina\",\"Comtat\",\"Concierto\",\"Mal Passet\",\"Moros Y Cristianos\",\"Semana Festera\"],\"articleSection\":[\"Comarcas\",\"Noticias\"],\"inLanguage\":\"es\"},{\"@type\":\"WebPage\",\"@id\":\"https:\\\/\\\/www.copealcoy.es\\\/es\\\/mal-passet-marca-inicio-la-semana-festera-cocentaina\\\/\",\"url\":\"https:\\\/\\\/www.copealcoy.es\\\/es\\\/mal-passet-marca-inicio-la-semana-festera-cocentaina\\\/\",\"name\":\"El Mal Passet marca el inicio de la Semana Festera en Cocentaina - COPE Alcoy\",\"isPartOf\":{\"@id\":\"https:\\\/\\\/www.copealcoy.es\\\/es\\\/#website\"},\"primaryImageOfPage\":{\"@id\":\"https:\\\/\\\/www.copealcoy.es\\\/es\\\/mal-passet-marca-inicio-la-semana-festera-cocentaina\\\/#primaryimage\"},\"image\":{\"@id\":\"https:\\\/\\\/www.copealcoy.es\\\/es\\\/mal-passet-marca-inicio-la-semana-festera-cocentaina\\\/#primaryimage\"},\"thumbnailUrl\":\"https:\\\/\\\/www.copealcoy.es\\\/wp-content\\\/uploads\\\/2017\\\/08\\\/IMG_0404.jpg\",\"datePublished\":\"2017-08-06T22:28:45+00:00\",\"dateModified\":\"2017-08-09T18:34:51+00:00\",\"author\":{\"@id\":\"https:\\\/\\\/www.copealcoy.es\\\/es\\\/#\\\/schema\\\/person\\\/e777c87fa024e57d40170af9df39882c\"},\"breadcrumb\":{\"@id\":\"https:\\\/\\\/www.copealcoy.es\\\/es\\\/mal-passet-marca-inicio-la-semana-festera-cocentaina\\\/#breadcrumb\"},\"inLanguage\":\"es\",\"potentialAction\":[{\"@type\":\"ReadAction\",\"target\":[\"https:\\\/\\\/www.copealcoy.es\\\/es\\\/mal-passet-marca-inicio-la-semana-festera-cocentaina\\\/\"]}]},{\"@type\":\"ImageObject\",\"inLanguage\":\"es\",\"@id\":\"https:\\\/\\\/www.copealcoy.es\\\/es\\\/mal-passet-marca-inicio-la-semana-festera-cocentaina\\\/#primaryimage\",\"url\":\"https:\\\/\\\/www.copealcoy.es\\\/wp-content\\\/uploads\\\/2017\\\/08\\\/IMG_0404.jpg\",\"contentUrl\":\"https:\\\/\\\/www.copealcoy.es\\\/wp-content\\\/uploads\\\/2017\\\/08\\\/IMG_0404.jpg\",\"width\":1803,\"height\":1040,\"caption\":\"El Mal Passet ha vuelto a abrir la Semana Festera en Cocentaina \\\/ Foto: G. Pascual\"},{\"@type\":\"BreadcrumbList\",\"@id\":\"https:\\\/\\\/www.copealcoy.es\\\/es\\\/mal-passet-marca-inicio-la-semana-festera-cocentaina\\\/#breadcrumb\",\"itemListElement\":[{\"@type\":\"ListItem\",\"position\":1,\"name\":\"Portada\",\"item\":\"https:\\\/\\\/www.copealcoy.es\\\/es\\\/\"},{\"@type\":\"ListItem\",\"position\":2,\"name\":\"El Mal Passet marca el inicio de la Semana Festera en Cocentaina\"}]},{\"@type\":\"WebSite\",\"@id\":\"https:\\\/\\\/www.copealcoy.es\\\/es\\\/#website\",\"url\":\"https:\\\/\\\/www.copealcoy.es\\\/es\\\/\",\"name\":\"COPE Alcoy\",\"description\":\"Emisora COPE de radio local con emisi\u00f3n online. Pont de Sant Jordi 8-10 03803 Alcoy\",\"potentialAction\":[{\"@type\":\"SearchAction\",\"target\":{\"@type\":\"EntryPoint\",\"urlTemplate\":\"https:\\\/\\\/www.copealcoy.es\\\/es\\\/?s={search_term_string}\"},\"query-input\":{\"@type\":\"PropertyValueSpecification\",\"valueRequired\":true,\"valueName\":\"search_term_string\"}}],\"inLanguage\":\"es\"},{\"@type\":\"Person\",\"@id\":\"https:\\\/\\\/www.copealcoy.es\\\/es\\\/#\\\/schema\\\/person\\\/e777c87fa024e57d40170af9df39882c\",\"name\":\"Cope Alcoy\",\"image\":{\"@type\":\"ImageObject\",\"inLanguage\":\"es\",\"@id\":\"https:\\\/\\\/secure.gravatar.com\\\/avatar\\\/bb65d0283347e303893ba14f0692005417c1e0e690a325a4c5d8bb2b3943ee14?s=96&d=mm&r=g\",\"url\":\"https:\\\/\\\/secure.gravatar.com\\\/avatar\\\/bb65d0283347e303893ba14f0692005417c1e0e690a325a4c5d8bb2b3943ee14?s=96&d=mm&r=g\",\"contentUrl\":\"https:\\\/\\\/secure.gravatar.com\\\/avatar\\\/bb65d0283347e303893ba14f0692005417c1e0e690a325a4c5d8bb2b3943ee14?s=96&d=mm&r=g\",\"caption\":\"Cope Alcoy\"}}]}<\/script>\n<!-- \/ Yoast SEO plugin. -->","yoast_head_json":{"title":"El Mal Passet marca el inicio de la Semana Festera en Cocentaina - COPE Alcoy","robots":{"index":"index","follow":"follow","max-snippet":"max-snippet:-1","max-image-preview":"max-image-preview:large","max-video-preview":"max-video-preview:-1"},"canonical":"https:\/\/www.copealcoy.es\/es\/mal-passet-marca-inicio-la-semana-festera-cocentaina\/","og_locale":"es_ES","og_type":"article","og_title":"El Mal Passet marca el inicio de la Semana Festera en Cocentaina - COPE Alcoy","og_description":"La Colla de Dol\u00e7aines i Tabals Mal Passet ha iniciado este domingo la Semana Festera de Cocentaina y lo ha...","og_url":"https:\/\/www.copealcoy.es\/es\/mal-passet-marca-inicio-la-semana-festera-cocentaina\/","og_site_name":"COPE Alcoy","article_published_time":"2017-08-06T22:28:45+00:00","article_modified_time":"2017-08-09T18:34:51+00:00","og_image":[{"width":1803,"height":1040,"url":"https:\/\/www.copealcoy.es\/wp-content\/uploads\/2017\/08\/IMG_0404.jpg","type":"image\/jpeg"}],"author":"Cope Alcoy","twitter_misc":{"Escrito por":"Cope Alcoy","Tiempo de lectura":"2 minutos"},"schema":{"@context":"https:\/\/schema.org","@graph":[{"@type":"Article","@id":"https:\/\/www.copealcoy.es\/es\/mal-passet-marca-inicio-la-semana-festera-cocentaina\/#article","isPartOf":{"@id":"https:\/\/www.copealcoy.es\/es\/mal-passet-marca-inicio-la-semana-festera-cocentaina\/"},"author":{"name":"Cope Alcoy","@id":"https:\/\/www.copealcoy.es\/es\/#\/schema\/person\/e777c87fa024e57d40170af9df39882c"},"headline":"El Mal Passet marca el inicio de la Semana Festera en Cocentaina","datePublished":"2017-08-06T22:28:45+00:00","dateModified":"2017-08-09T18:34:51+00:00","mainEntityOfPage":{"@id":"https:\/\/www.copealcoy.es\/es\/mal-passet-marca-inicio-la-semana-festera-cocentaina\/"},"wordCount":490,"commentCount":0,"image":{"@id":"https:\/\/www.copealcoy.es\/es\/mal-passet-marca-inicio-la-semana-festera-cocentaina\/#primaryimage"},"thumbnailUrl":"https:\/\/www.copealcoy.es\/wp-content\/uploads\/2017\/08\/IMG_0404.jpg","keywords":["Cocentaina","Comtat","Concierto","Mal Passet","Moros Y Cristianos","Semana Festera"],"articleSection":["Comarcas","Noticias"],"inLanguage":"es"},{"@type":"WebPage","@id":"https:\/\/www.copealcoy.es\/es\/mal-passet-marca-inicio-la-semana-festera-cocentaina\/","url":"https:\/\/www.copealcoy.es\/es\/mal-passet-marca-inicio-la-semana-festera-cocentaina\/","name":"El Mal Passet marca el inicio de la Semana Festera en Cocentaina - COPE Alcoy","isPartOf":{"@id":"https:\/\/www.copealcoy.es\/es\/#website"},"primaryImageOfPage":{"@id":"https:\/\/www.copealcoy.es\/es\/mal-passet-marca-inicio-la-semana-festera-cocentaina\/#primaryimage"},"image":{"@id":"https:\/\/www.copealcoy.es\/es\/mal-passet-marca-inicio-la-semana-festera-cocentaina\/#primaryimage"},"thumbnailUrl":"https:\/\/www.copealcoy.es\/wp-content\/uploads\/2017\/08\/IMG_0404.jpg","datePublished":"2017-08-06T22:28:45+00:00","dateModified":"2017-08-09T18:34:51+00:00","author":{"@id":"https:\/\/www.copealcoy.es\/es\/#\/schema\/person\/e777c87fa024e57d40170af9df39882c"},"breadcrumb":{"@id":"https:\/\/www.copealcoy.es\/es\/mal-passet-marca-inicio-la-semana-festera-cocentaina\/#breadcrumb"},"inLanguage":"es","potentialAction":[{"@type":"ReadAction","target":["https:\/\/www.copealcoy.es\/es\/mal-passet-marca-inicio-la-semana-festera-cocentaina\/"]}]},{"@type":"ImageObject","inLanguage":"es","@id":"https:\/\/www.copealcoy.es\/es\/mal-passet-marca-inicio-la-semana-festera-cocentaina\/#primaryimage","url":"https:\/\/www.copealcoy.es\/wp-content\/uploads\/2017\/08\/IMG_0404.jpg","contentUrl":"https:\/\/www.copealcoy.es\/wp-content\/uploads\/2017\/08\/IMG_0404.jpg","width":1803,"height":1040,"caption":"El Mal Passet ha vuelto a abrir la Semana Festera en Cocentaina \/ Foto: G. Pascual"},{"@type":"BreadcrumbList","@id":"https:\/\/www.copealcoy.es\/es\/mal-passet-marca-inicio-la-semana-festera-cocentaina\/#breadcrumb","itemListElement":[{"@type":"ListItem","position":1,"name":"Portada","item":"https:\/\/www.copealcoy.es\/es\/"},{"@type":"ListItem","position":2,"name":"El Mal Passet marca el inicio de la Semana Festera en Cocentaina"}]},{"@type":"WebSite","@id":"https:\/\/www.copealcoy.es\/es\/#website","url":"https:\/\/www.copealcoy.es\/es\/","name":"COPE Alcoy","description":"Emisora COPE de radio local con emisi\u00f3n online. Pont de Sant Jordi 8-10 03803 Alcoy","potentialAction":[{"@type":"SearchAction","target":{"@type":"EntryPoint","urlTemplate":"https:\/\/www.copealcoy.es\/es\/?s={search_term_string}"},"query-input":{"@type":"PropertyValueSpecification","valueRequired":true,"valueName":"search_term_string"}}],"inLanguage":"es"},{"@type":"Person","@id":"https:\/\/www.copealcoy.es\/es\/#\/schema\/person\/e777c87fa024e57d40170af9df39882c","name":"Cope Alcoy","image":{"@type":"ImageObject","inLanguage":"es","@id":"https:\/\/secure.gravatar.com\/avatar\/bb65d0283347e303893ba14f0692005417c1e0e690a325a4c5d8bb2b3943ee14?s=96&d=mm&r=g","url":"https:\/\/secure.gravatar.com\/avatar\/bb65d0283347e303893ba14f0692005417c1e0e690a325a4c5d8bb2b3943ee14?s=96&d=mm&r=g","contentUrl":"https:\/\/secure.gravatar.com\/avatar\/bb65d0283347e303893ba14f0692005417c1e0e690a325a4c5d8bb2b3943ee14?s=96&d=mm&r=g","caption":"Cope Alcoy"}}]}},"_links":{"self":[{"href":"https:\/\/www.copealcoy.es\/es\/wp-json\/wp\/v2\/posts\/34160","targetHints":{"allow":["GET"]}}],"collection":[{"href":"https:\/\/www.copealcoy.es\/es\/wp-json\/wp\/v2\/posts"}],"about":[{"href":"https:\/\/www.copealcoy.es\/es\/wp-json\/wp\/v2\/types\/post"}],"author":[{"embeddable":true,"href":"https:\/\/www.copealcoy.es\/es\/wp-json\/wp\/v2\/users\/1"}],"replies":[{"embeddable":true,"href":"https:\/\/www.copealcoy.es\/es\/wp-json\/wp\/v2\/comments?post=34160"}],"version-history":[{"count":0,"href":"https:\/\/www.copealcoy.es\/es\/wp-json\/wp\/v2\/posts\/34160\/revisions"}],"wp:featuredmedia":[{"embeddable":true,"href":"https:\/\/www.copealcoy.es\/es\/wp-json\/wp\/v2\/media\/34188"}],"wp:attachment":[{"href":"https:\/\/www.copealcoy.es\/es\/wp-json\/wp\/v2\/media?parent=34160"}],"wp:term":[{"taxonomy":"category","embeddable":true,"href":"https:\/\/www.copealcoy.es\/es\/wp-json\/wp\/v2\/categories?post=34160"},{"taxonomy":"post_tag","embeddable":true,"href":"https:\/\/www.copealcoy.es\/es\/wp-json\/wp\/v2\/tags?post=34160"}],"curies":[{"name":"wp","href":"https:\/\/api.w.org\/{rel}","templated":true}]}}