{"id":34082,"date":"2017-08-04T12:00:14","date_gmt":"2017-08-04T12:00:14","guid":{"rendered":"http:\/\/copealcoi.es\/new\/?p=34082"},"modified":"2017-08-04T21:56:19","modified_gmt":"2017-08-04T21:56:19","slug":"el-bus-registra-mas-de-27-000-pasajeros-en-el-primer-semestre-del-ano","status":"publish","type":"post","link":"https:\/\/www.copealcoy.es\/es\/el-bus-registra-mas-de-27-000-pasajeros-en-el-primer-semestre-del-ano\/","title":{"rendered":"El bus registra m\u00e1s de 27.000 pasajeros en el primer semestre del a\u00f1o"},"content":{"rendered":"<p style=\"text-align: justify;\">El autob\u00fas urbano de Alcoy <strong>registr\u00f3 un incremento de m\u00e1s de 27.000 pasajeros en el primer semestre de 2017<\/strong>.\u00a0En total, <strong>fueron 817.761<\/strong> las personas que utilizaron este servicio, lo que supone <strong>un 3,48% m\u00e1s<\/strong> que en el mismo periodo de 2016. Por meses <strong>junio, marzo y mayo fueron los que tuvieron un mayor incremento<\/strong> de pasajeros. En el primero aument\u00f3 el servicio en <strong>4.524 pasajeros m\u00e1s<\/strong>, mientras que en el segundo creci\u00f3 el n\u00famero de usuarios en <strong>un 8.31% m\u00e1s<\/strong> que en 2016 y el \u00faltimo fue el mes que m\u00e1s viajeros acogi\u00f3, <strong>142.858<\/strong>, y un 6,77% por encima de los datos recogidos en el mismo periodo del a\u00f1o pasado.<\/p>\n<p style=\"text-align: justify;\">Jordi Mart\u00ednez, <strong>concejal de Movilidad en el Ayuntamiento de Alcoy<\/strong>, destaca que tras la bajada de pasajeros que empez\u00f3 a registrase a partir de 2011, <strong>este a\u00f1o ser\u00eda el tercero consecutivo en el que el volumen de usuarios\u00a0se incrementa<\/strong>. Adem\u00e1s atribuye este crecimiento a <strong>la modificaci\u00f3n de los trayectos y a la bajada del coste de los abonos<\/strong> &#8220;<em>el cambio de contrato que se produjo en 2014 marc\u00f3 un cambio y que se volviera a\u00a0experimentar una tendencia al alza. Las modificaciones en los trayectos urbanos y el cambio hacia una pol\u00edtica de bonos m\u00e1s asequibles econ\u00f3micamente, son los motivos de este progresivo incremento<\/em>&#8220;, destaca el edil.<\/p>\n<p style=\"text-align: justify;\">Apuntar que <strong>el bus sufri\u00f3 entre 2011 y 2014 una notable bajada de usuarios<\/strong> llegando en esta \u00faltima anualidad hasta los\u00a01.311.537, la cifra m\u00e1s baja en los \u00faltimos 11 a\u00f1os.<\/p>\n","protected":false},"excerpt":{"rendered":"<p>El autob\u00fas urbano de Alcoy registr\u00f3 un incremento de m\u00e1s de 27.000 pasajeros en el primer semestre de 2017.\u00a0En total,&#8230;<\/p>\n","protected":false},"author":1,"featured_media":27681,"comment_status":"open","ping_status":"open","sticky":false,"template":"","format":"standard","meta":{"footnotes":""},"categories":[97,75,79,125],"tags":[1494,203,4507,2657,1086],"class_list":["post-34082","post","type-post","status-publish","format-standard","has-post-thumbnail","hentry","category-alcoy","category-noticias","category-politicayeconomia","category-portada","tag-alcoy","tag-autobus","tag-pasajeros","tag-primer-semestre","tag-usuarios"],"yoast_head":"<!-- This site is optimized with the Yoast SEO plugin v27.3 - https:\/\/yoast.com\/product\/yoast-seo-wordpress\/ -->\n<title>El bus registra m\u00e1s de 27.000 pasajeros en el primer semestre del a\u00f1o - COPE Alcoy<\/title>\n<meta name=\"robots\" content=\"index, follow, max-snippet:-1, max-image-preview:large, max-video-preview:-1\" \/>\n<link rel=\"canonical\" href=\"https:\/\/www.copealcoy.es\/es\/el-bus-registra-mas-de-27-000-pasajeros-en-el-primer-semestre-del-ano\/\" \/>\n<meta property=\"og:locale\" content=\"es_ES\" \/>\n<meta property=\"og:type\" content=\"article\" \/>\n<meta property=\"og:title\" content=\"El bus registra m\u00e1s de 27.000 pasajeros en el primer semestre del a\u00f1o - COPE Alcoy\" \/>\n<meta property=\"og:description\" content=\"El autob\u00fas urbano de Alcoy registr\u00f3 un incremento de m\u00e1s de 27.000 pasajeros en el primer semestre de 2017.\u00a0En total,...\" \/>\n<meta property=\"og:url\" content=\"https:\/\/www.copealcoy.es\/es\/el-bus-registra-mas-de-27-000-pasajeros-en-el-primer-semestre-del-ano\/\" \/>\n<meta property=\"og:site_name\" content=\"COPE Alcoy\" \/>\n<meta property=\"article:published_time\" content=\"2017-08-04T12:00:14+00:00\" \/>\n<meta property=\"article:modified_time\" content=\"2017-08-04T21:56:19+00:00\" \/>\n<meta property=\"og:image\" content=\"https:\/\/www.copealcoy.es\/wp-content\/uploads\/2017\/01\/6e4f575976eee12b8661cbb0bc6082cb.jpg\" \/>\n\t<meta property=\"og:image:width\" content=\"640\" \/>\n\t<meta property=\"og:image:height\" content=\"357\" \/>\n\t<meta property=\"og:image:type\" content=\"image\/jpeg\" \/>\n<meta name=\"author\" content=\"Cope Alcoy\" \/>\n<meta name=\"twitter:label1\" content=\"Escrito por\" \/>\n\t<meta name=\"twitter:data1\" content=\"Cope Alcoy\" \/>\n\t<meta name=\"twitter:label2\" content=\"Tiempo de lectura\" \/>\n\t<meta name=\"twitter:data2\" content=\"1 minuto\" \/>\n<script type=\"application\/ld+json\" class=\"yoast-schema-graph\">{\"@context\":\"https:\\\/\\\/schema.org\",\"@graph\":[{\"@type\":\"Article\",\"@id\":\"https:\\\/\\\/www.copealcoy.es\\\/es\\\/el-bus-registra-mas-de-27-000-pasajeros-en-el-primer-semestre-del-ano\\\/#article\",\"isPartOf\":{\"@id\":\"https:\\\/\\\/www.copealcoy.es\\\/es\\\/el-bus-registra-mas-de-27-000-pasajeros-en-el-primer-semestre-del-ano\\\/\"},\"author\":{\"name\":\"Cope Alcoy\",\"@id\":\"https:\\\/\\\/www.copealcoy.es\\\/es\\\/#\\\/schema\\\/person\\\/e777c87fa024e57d40170af9df39882c\"},\"headline\":\"El bus registra m\u00e1s de 27.000 pasajeros en el primer semestre del a\u00f1o\",\"datePublished\":\"2017-08-04T12:00:14+00:00\",\"dateModified\":\"2017-08-04T21:56:19+00:00\",\"mainEntityOfPage\":{\"@id\":\"https:\\\/\\\/www.copealcoy.es\\\/es\\\/el-bus-registra-mas-de-27-000-pasajeros-en-el-primer-semestre-del-ano\\\/\"},\"wordCount\":266,\"commentCount\":0,\"image\":{\"@id\":\"https:\\\/\\\/www.copealcoy.es\\\/es\\\/el-bus-registra-mas-de-27-000-pasajeros-en-el-primer-semestre-del-ano\\\/#primaryimage\"},\"thumbnailUrl\":\"https:\\\/\\\/www.copealcoy.es\\\/wp-content\\\/uploads\\\/2017\\\/01\\\/6e4f575976eee12b8661cbb0bc6082cb.jpg\",\"keywords\":[\"Alcoy\",\"Autob\u00fas\",\"pasajeros\",\"primer semestre\",\"usuarios\"],\"articleSection\":[\"Alcoy\",\"Noticias\",\"Pol\u00edtica y Econom\u00eda\",\"Portada\"],\"inLanguage\":\"es\"},{\"@type\":\"WebPage\",\"@id\":\"https:\\\/\\\/www.copealcoy.es\\\/es\\\/el-bus-registra-mas-de-27-000-pasajeros-en-el-primer-semestre-del-ano\\\/\",\"url\":\"https:\\\/\\\/www.copealcoy.es\\\/es\\\/el-bus-registra-mas-de-27-000-pasajeros-en-el-primer-semestre-del-ano\\\/\",\"name\":\"El bus registra m\u00e1s de 27.000 pasajeros en el primer semestre del a\u00f1o - COPE Alcoy\",\"isPartOf\":{\"@id\":\"https:\\\/\\\/www.copealcoy.es\\\/es\\\/#website\"},\"primaryImageOfPage\":{\"@id\":\"https:\\\/\\\/www.copealcoy.es\\\/es\\\/el-bus-registra-mas-de-27-000-pasajeros-en-el-primer-semestre-del-ano\\\/#primaryimage\"},\"image\":{\"@id\":\"https:\\\/\\\/www.copealcoy.es\\\/es\\\/el-bus-registra-mas-de-27-000-pasajeros-en-el-primer-semestre-del-ano\\\/#primaryimage\"},\"thumbnailUrl\":\"https:\\\/\\\/www.copealcoy.es\\\/wp-content\\\/uploads\\\/2017\\\/01\\\/6e4f575976eee12b8661cbb0bc6082cb.jpg\",\"datePublished\":\"2017-08-04T12:00:14+00:00\",\"dateModified\":\"2017-08-04T21:56:19+00:00\",\"author\":{\"@id\":\"https:\\\/\\\/www.copealcoy.es\\\/es\\\/#\\\/schema\\\/person\\\/e777c87fa024e57d40170af9df39882c\"},\"breadcrumb\":{\"@id\":\"https:\\\/\\\/www.copealcoy.es\\\/es\\\/el-bus-registra-mas-de-27-000-pasajeros-en-el-primer-semestre-del-ano\\\/#breadcrumb\"},\"inLanguage\":\"es\",\"potentialAction\":[{\"@type\":\"ReadAction\",\"target\":[\"https:\\\/\\\/www.copealcoy.es\\\/es\\\/el-bus-registra-mas-de-27-000-pasajeros-en-el-primer-semestre-del-ano\\\/\"]}]},{\"@type\":\"ImageObject\",\"inLanguage\":\"es\",\"@id\":\"https:\\\/\\\/www.copealcoy.es\\\/es\\\/el-bus-registra-mas-de-27-000-pasajeros-en-el-primer-semestre-del-ano\\\/#primaryimage\",\"url\":\"https:\\\/\\\/www.copealcoy.es\\\/wp-content\\\/uploads\\\/2017\\\/01\\\/6e4f575976eee12b8661cbb0bc6082cb.jpg\",\"contentUrl\":\"https:\\\/\\\/www.copealcoy.es\\\/wp-content\\\/uploads\\\/2017\\\/01\\\/6e4f575976eee12b8661cbb0bc6082cb.jpg\",\"width\":640,\"height\":357},{\"@type\":\"BreadcrumbList\",\"@id\":\"https:\\\/\\\/www.copealcoy.es\\\/es\\\/el-bus-registra-mas-de-27-000-pasajeros-en-el-primer-semestre-del-ano\\\/#breadcrumb\",\"itemListElement\":[{\"@type\":\"ListItem\",\"position\":1,\"name\":\"Portada\",\"item\":\"https:\\\/\\\/www.copealcoy.es\\\/es\\\/\"},{\"@type\":\"ListItem\",\"position\":2,\"name\":\"El bus registra m\u00e1s de 27.000 pasajeros en el primer semestre del a\u00f1o\"}]},{\"@type\":\"WebSite\",\"@id\":\"https:\\\/\\\/www.copealcoy.es\\\/es\\\/#website\",\"url\":\"https:\\\/\\\/www.copealcoy.es\\\/es\\\/\",\"name\":\"COPE Alcoy\",\"description\":\"Emisora COPE de radio local con emisi\u00f3n online. Pont de Sant Jordi 8-10 03803 Alcoy\",\"potentialAction\":[{\"@type\":\"SearchAction\",\"target\":{\"@type\":\"EntryPoint\",\"urlTemplate\":\"https:\\\/\\\/www.copealcoy.es\\\/es\\\/?s={search_term_string}\"},\"query-input\":{\"@type\":\"PropertyValueSpecification\",\"valueRequired\":true,\"valueName\":\"search_term_string\"}}],\"inLanguage\":\"es\"},{\"@type\":\"Person\",\"@id\":\"https:\\\/\\\/www.copealcoy.es\\\/es\\\/#\\\/schema\\\/person\\\/e777c87fa024e57d40170af9df39882c\",\"name\":\"Cope Alcoy\",\"image\":{\"@type\":\"ImageObject\",\"inLanguage\":\"es\",\"@id\":\"https:\\\/\\\/secure.gravatar.com\\\/avatar\\\/bb65d0283347e303893ba14f0692005417c1e0e690a325a4c5d8bb2b3943ee14?s=96&d=mm&r=g\",\"url\":\"https:\\\/\\\/secure.gravatar.com\\\/avatar\\\/bb65d0283347e303893ba14f0692005417c1e0e690a325a4c5d8bb2b3943ee14?s=96&d=mm&r=g\",\"contentUrl\":\"https:\\\/\\\/secure.gravatar.com\\\/avatar\\\/bb65d0283347e303893ba14f0692005417c1e0e690a325a4c5d8bb2b3943ee14?s=96&d=mm&r=g\",\"caption\":\"Cope Alcoy\"}}]}<\/script>\n<!-- \/ Yoast SEO plugin. -->","yoast_head_json":{"title":"El bus registra m\u00e1s de 27.000 pasajeros en el primer semestre del a\u00f1o - COPE Alcoy","robots":{"index":"index","follow":"follow","max-snippet":"max-snippet:-1","max-image-preview":"max-image-preview:large","max-video-preview":"max-video-preview:-1"},"canonical":"https:\/\/www.copealcoy.es\/es\/el-bus-registra-mas-de-27-000-pasajeros-en-el-primer-semestre-del-ano\/","og_locale":"es_ES","og_type":"article","og_title":"El bus registra m\u00e1s de 27.000 pasajeros en el primer semestre del a\u00f1o - COPE Alcoy","og_description":"El autob\u00fas urbano de Alcoy registr\u00f3 un incremento de m\u00e1s de 27.000 pasajeros en el primer semestre de 2017.\u00a0En total,...","og_url":"https:\/\/www.copealcoy.es\/es\/el-bus-registra-mas-de-27-000-pasajeros-en-el-primer-semestre-del-ano\/","og_site_name":"COPE Alcoy","article_published_time":"2017-08-04T12:00:14+00:00","article_modified_time":"2017-08-04T21:56:19+00:00","og_image":[{"width":640,"height":357,"url":"https:\/\/www.copealcoy.es\/wp-content\/uploads\/2017\/01\/6e4f575976eee12b8661cbb0bc6082cb.jpg","type":"image\/jpeg"}],"author":"Cope Alcoy","twitter_misc":{"Escrito por":"Cope Alcoy","Tiempo de lectura":"1 minuto"},"schema":{"@context":"https:\/\/schema.org","@graph":[{"@type":"Article","@id":"https:\/\/www.copealcoy.es\/es\/el-bus-registra-mas-de-27-000-pasajeros-en-el-primer-semestre-del-ano\/#article","isPartOf":{"@id":"https:\/\/www.copealcoy.es\/es\/el-bus-registra-mas-de-27-000-pasajeros-en-el-primer-semestre-del-ano\/"},"author":{"name":"Cope Alcoy","@id":"https:\/\/www.copealcoy.es\/es\/#\/schema\/person\/e777c87fa024e57d40170af9df39882c"},"headline":"El bus registra m\u00e1s de 27.000 pasajeros en el primer semestre del a\u00f1o","datePublished":"2017-08-04T12:00:14+00:00","dateModified":"2017-08-04T21:56:19+00:00","mainEntityOfPage":{"@id":"https:\/\/www.copealcoy.es\/es\/el-bus-registra-mas-de-27-000-pasajeros-en-el-primer-semestre-del-ano\/"},"wordCount":266,"commentCount":0,"image":{"@id":"https:\/\/www.copealcoy.es\/es\/el-bus-registra-mas-de-27-000-pasajeros-en-el-primer-semestre-del-ano\/#primaryimage"},"thumbnailUrl":"https:\/\/www.copealcoy.es\/wp-content\/uploads\/2017\/01\/6e4f575976eee12b8661cbb0bc6082cb.jpg","keywords":["Alcoy","Autob\u00fas","pasajeros","primer semestre","usuarios"],"articleSection":["Alcoy","Noticias","Pol\u00edtica y Econom\u00eda","Portada"],"inLanguage":"es"},{"@type":"WebPage","@id":"https:\/\/www.copealcoy.es\/es\/el-bus-registra-mas-de-27-000-pasajeros-en-el-primer-semestre-del-ano\/","url":"https:\/\/www.copealcoy.es\/es\/el-bus-registra-mas-de-27-000-pasajeros-en-el-primer-semestre-del-ano\/","name":"El bus registra m\u00e1s de 27.000 pasajeros en el primer semestre del a\u00f1o - COPE Alcoy","isPartOf":{"@id":"https:\/\/www.copealcoy.es\/es\/#website"},"primaryImageOfPage":{"@id":"https:\/\/www.copealcoy.es\/es\/el-bus-registra-mas-de-27-000-pasajeros-en-el-primer-semestre-del-ano\/#primaryimage"},"image":{"@id":"https:\/\/www.copealcoy.es\/es\/el-bus-registra-mas-de-27-000-pasajeros-en-el-primer-semestre-del-ano\/#primaryimage"},"thumbnailUrl":"https:\/\/www.copealcoy.es\/wp-content\/uploads\/2017\/01\/6e4f575976eee12b8661cbb0bc6082cb.jpg","datePublished":"2017-08-04T12:00:14+00:00","dateModified":"2017-08-04T21:56:19+00:00","author":{"@id":"https:\/\/www.copealcoy.es\/es\/#\/schema\/person\/e777c87fa024e57d40170af9df39882c"},"breadcrumb":{"@id":"https:\/\/www.copealcoy.es\/es\/el-bus-registra-mas-de-27-000-pasajeros-en-el-primer-semestre-del-ano\/#breadcrumb"},"inLanguage":"es","potentialAction":[{"@type":"ReadAction","target":["https:\/\/www.copealcoy.es\/es\/el-bus-registra-mas-de-27-000-pasajeros-en-el-primer-semestre-del-ano\/"]}]},{"@type":"ImageObject","inLanguage":"es","@id":"https:\/\/www.copealcoy.es\/es\/el-bus-registra-mas-de-27-000-pasajeros-en-el-primer-semestre-del-ano\/#primaryimage","url":"https:\/\/www.copealcoy.es\/wp-content\/uploads\/2017\/01\/6e4f575976eee12b8661cbb0bc6082cb.jpg","contentUrl":"https:\/\/www.copealcoy.es\/wp-content\/uploads\/2017\/01\/6e4f575976eee12b8661cbb0bc6082cb.jpg","width":640,"height":357},{"@type":"BreadcrumbList","@id":"https:\/\/www.copealcoy.es\/es\/el-bus-registra-mas-de-27-000-pasajeros-en-el-primer-semestre-del-ano\/#breadcrumb","itemListElement":[{"@type":"ListItem","position":1,"name":"Portada","item":"https:\/\/www.copealcoy.es\/es\/"},{"@type":"ListItem","position":2,"name":"El bus registra m\u00e1s de 27.000 pasajeros en el primer semestre del a\u00f1o"}]},{"@type":"WebSite","@id":"https:\/\/www.copealcoy.es\/es\/#website","url":"https:\/\/www.copealcoy.es\/es\/","name":"COPE Alcoy","description":"Emisora COPE de radio local con emisi\u00f3n online. Pont de Sant Jordi 8-10 03803 Alcoy","potentialAction":[{"@type":"SearchAction","target":{"@type":"EntryPoint","urlTemplate":"https:\/\/www.copealcoy.es\/es\/?s={search_term_string}"},"query-input":{"@type":"PropertyValueSpecification","valueRequired":true,"valueName":"search_term_string"}}],"inLanguage":"es"},{"@type":"Person","@id":"https:\/\/www.copealcoy.es\/es\/#\/schema\/person\/e777c87fa024e57d40170af9df39882c","name":"Cope Alcoy","image":{"@type":"ImageObject","inLanguage":"es","@id":"https:\/\/secure.gravatar.com\/avatar\/bb65d0283347e303893ba14f0692005417c1e0e690a325a4c5d8bb2b3943ee14?s=96&d=mm&r=g","url":"https:\/\/secure.gravatar.com\/avatar\/bb65d0283347e303893ba14f0692005417c1e0e690a325a4c5d8bb2b3943ee14?s=96&d=mm&r=g","contentUrl":"https:\/\/secure.gravatar.com\/avatar\/bb65d0283347e303893ba14f0692005417c1e0e690a325a4c5d8bb2b3943ee14?s=96&d=mm&r=g","caption":"Cope Alcoy"}}]}},"_links":{"self":[{"href":"https:\/\/www.copealcoy.es\/es\/wp-json\/wp\/v2\/posts\/34082","targetHints":{"allow":["GET"]}}],"collection":[{"href":"https:\/\/www.copealcoy.es\/es\/wp-json\/wp\/v2\/posts"}],"about":[{"href":"https:\/\/www.copealcoy.es\/es\/wp-json\/wp\/v2\/types\/post"}],"author":[{"embeddable":true,"href":"https:\/\/www.copealcoy.es\/es\/wp-json\/wp\/v2\/users\/1"}],"replies":[{"embeddable":true,"href":"https:\/\/www.copealcoy.es\/es\/wp-json\/wp\/v2\/comments?post=34082"}],"version-history":[{"count":0,"href":"https:\/\/www.copealcoy.es\/es\/wp-json\/wp\/v2\/posts\/34082\/revisions"}],"wp:featuredmedia":[{"embeddable":true,"href":"https:\/\/www.copealcoy.es\/es\/wp-json\/wp\/v2\/media\/27681"}],"wp:attachment":[{"href":"https:\/\/www.copealcoy.es\/es\/wp-json\/wp\/v2\/media?parent=34082"}],"wp:term":[{"taxonomy":"category","embeddable":true,"href":"https:\/\/www.copealcoy.es\/es\/wp-json\/wp\/v2\/categories?post=34082"},{"taxonomy":"post_tag","embeddable":true,"href":"https:\/\/www.copealcoy.es\/es\/wp-json\/wp\/v2\/tags?post=34082"}],"curies":[{"name":"wp","href":"https:\/\/api.w.org\/{rel}","templated":true}]}}